{"id":7153,"date":"2023-04-24T11:34:53","date_gmt":"2023-04-24T09:34:53","guid":{"rendered":"https:\/\/viacarpatia.eu\/16-zasadnutie-valnej-hromady-europskeho-zoskupenia-uzemnej-spoluprace-via-carpatia\/"},"modified":"2023-05-18T14:15:11","modified_gmt":"2023-05-18T12:15:11","slug":"16-zasadnutie-valnej-hromady-europskeho-zoskupenia-uzemnej-spoluprace-via-carpatia","status":"publish","type":"post","link":"https:\/\/viacarpatia.eu\/en\/16-zasadnutie-valnej-hromady-europskeho-zoskupenia-uzemnej-spoluprace-via-carpatia\/","title":{"rendered":"EGTC Via Carpatia held 16th General Assembly"},"content":{"rendered":"<p>On April 29, European Grouping of Territorial Cooperation Via Carpatia was held on the premises of the Office of the Ko\u0161ice Self-governing Region 16th General Assembly.<\/p>\n<p>The meeting was attended by the chairwoman of the Borsod-Aba\u00faj-Zempl\u00e9n Country B\u00e1nn\u00e9 dr. G\u00e1l Bogl\u00e1rka, Consul General of Hungary in Ko\u0161ice dr. Hetey \u00c1gota, director of the Borsod-Aba\u00faj-Zempl\u00e9n Country Lupkovics Be\u00e1ta, and the chairman of the Ko\u0161ice Self-governing Region Rastislav Trnka.<\/p>\n<p>Julianna Orb\u00e1n M\u00e1t\u00e9, Director of EGTC Via Carpatia, presented, among other things, the organization&#8217;s annual report for 2020, a summary of approved projects for 2020-2021, and the direction strategy of EGTC Via Carpatia after 2020.<\/p>\n","protected":false},"excerpt":{"rendered":"<p>On April 29, European Grouping of Territorial Cooperation Via Carpatia was held on the premises of the Office of the Ko\u0161ice Self-governing Region 16th General Assembly. The meeting was attended by the chairwoman of the Borsod-Aba\u00faj-Zempl\u00e9n Country B\u00e1nn\u00e9 dr. G\u00e1l Bogl\u00e1rka, Consul General of Hungary in Ko\u0161ice dr. Hetey \u00c1gota, director of the Borsod-Aba\u00faj-Zempl\u00e9n Country [&hellip;]<\/p>\n","protected":false},"author":1,"featured_media":4164,"comment_status":"closed","ping_status":"open","sticky":false,"template":"","format":"standard","meta":{"inline_featured_image":false,"footnotes":""},"categories":[4],"tags":[],"class_list":["post-7153","post","type-post","status-publish","format-standard","has-post-thumbnail","hentry","category-uncategorized"],"acf":[],"yoast_head":"<!-- This site is optimized with the Yoast SEO plugin v27.5 - https:\/\/yoast.com\/product\/yoast-seo-wordpress\/ -->\n<title>EGTC Via Carpatia held 16th General Assembly - ViaCarpatia<\/title>\n<meta name=\"robots\" content=\"index, follow, max-snippet:-1, max-image-preview:large, max-video-preview:-1\" \/>\n<link rel=\"canonical\" href=\"https:\/\/viacarpatia.eu\/en\/16-zasadnutie-valnej-hromady-europskeho-zoskupenia-uzemnej-spoluprace-via-carpatia\/\" \/>\n<meta property=\"og:locale\" content=\"en_US\" \/>\n<meta property=\"og:type\" content=\"article\" \/>\n<meta property=\"og:title\" content=\"EGTC Via Carpatia held 16th General Assembly - ViaCarpatia\" \/>\n<meta property=\"og:description\" content=\"On April 29, European Grouping of Territorial Cooperation Via Carpatia was held on the premises of the Office of the Ko\u0161ice Self-governing Region 16th General Assembly. The meeting was attended by the chairwoman of the Borsod-Aba\u00faj-Zempl\u00e9n Country B\u00e1nn\u00e9 dr. G\u00e1l Bogl\u00e1rka, Consul General of Hungary in Ko\u0161ice dr. Hetey \u00c1gota, director of the Borsod-Aba\u00faj-Zempl\u00e9n Country [&hellip;]\" \/>\n<meta property=\"og:url\" content=\"https:\/\/viacarpatia.eu\/en\/16-zasadnutie-valnej-hromady-europskeho-zoskupenia-uzemnej-spoluprace-via-carpatia\/\" \/>\n<meta property=\"og:site_name\" content=\"ViaCarpatia\" \/>\n<meta property=\"article:published_time\" content=\"2023-04-24T09:34:53+00:00\" \/>\n<meta property=\"article:modified_time\" content=\"2023-05-18T12:15:11+00:00\" \/>\n<meta property=\"og:image\" content=\"https:\/\/viacarpatia.eu\/wp-content\/uploads\/2023\/04\/EZUS-Via-Carpatia_252.jpg\" \/>\n\t<meta property=\"og:image:width\" content=\"1600\" \/>\n\t<meta property=\"og:image:height\" content=\"1049\" \/>\n\t<meta property=\"og:image:type\" content=\"image\/jpeg\" \/>\n<meta name=\"author\" content=\"promiseo\" \/>\n<meta name=\"twitter:card\" content=\"summary_large_image\" \/>\n<meta name=\"twitter:label1\" content=\"Written by\" \/>\n\t<meta name=\"twitter:data1\" content=\"promiseo\" \/>\n<script type=\"application\/ld+json\" class=\"yoast-schema-graph\">{\"@context\":\"https:\\\/\\\/schema.org\",\"@graph\":[{\"@type\":\"Article\",\"@id\":\"https:\\\/\\\/viacarpatia.eu\\\/en\\\/16-zasadnutie-valnej-hromady-europskeho-zoskupenia-uzemnej-spoluprace-via-carpatia\\\/#article\",\"isPartOf\":{\"@id\":\"https:\\\/\\\/viacarpatia.eu\\\/en\\\/16-zasadnutie-valnej-hromady-europskeho-zoskupenia-uzemnej-spoluprace-via-carpatia\\\/\"},\"author\":{\"name\":\"promiseo\",\"@id\":\"https:\\\/\\\/viacarpatia.eu\\\/#\\\/schema\\\/person\\\/ad78fca7d58f189d57a6e54af785b1af\"},\"headline\":\"EGTC Via Carpatia held 16th General Assembly\",\"datePublished\":\"2023-04-24T09:34:53+00:00\",\"dateModified\":\"2023-05-18T12:15:11+00:00\",\"mainEntityOfPage\":{\"@id\":\"https:\\\/\\\/viacarpatia.eu\\\/en\\\/16-zasadnutie-valnej-hromady-europskeho-zoskupenia-uzemnej-spoluprace-via-carpatia\\\/\"},\"wordCount\":120,\"image\":{\"@id\":\"https:\\\/\\\/viacarpatia.eu\\\/en\\\/16-zasadnutie-valnej-hromady-europskeho-zoskupenia-uzemnej-spoluprace-via-carpatia\\\/#primaryimage\"},\"thumbnailUrl\":\"https:\\\/\\\/viacarpatia.eu\\\/wp-content\\\/uploads\\\/2023\\\/04\\\/EZUS-Via-Carpatia_252.jpg\",\"inLanguage\":\"en-US\"},{\"@type\":\"WebPage\",\"@id\":\"https:\\\/\\\/viacarpatia.eu\\\/en\\\/16-zasadnutie-valnej-hromady-europskeho-zoskupenia-uzemnej-spoluprace-via-carpatia\\\/\",\"url\":\"https:\\\/\\\/viacarpatia.eu\\\/en\\\/16-zasadnutie-valnej-hromady-europskeho-zoskupenia-uzemnej-spoluprace-via-carpatia\\\/\",\"name\":\"EGTC Via Carpatia held 16th General Assembly - ViaCarpatia\",\"isPartOf\":{\"@id\":\"https:\\\/\\\/viacarpatia.eu\\\/#website\"},\"primaryImageOfPage\":{\"@id\":\"https:\\\/\\\/viacarpatia.eu\\\/en\\\/16-zasadnutie-valnej-hromady-europskeho-zoskupenia-uzemnej-spoluprace-via-carpatia\\\/#primaryimage\"},\"image\":{\"@id\":\"https:\\\/\\\/viacarpatia.eu\\\/en\\\/16-zasadnutie-valnej-hromady-europskeho-zoskupenia-uzemnej-spoluprace-via-carpatia\\\/#primaryimage\"},\"thumbnailUrl\":\"https:\\\/\\\/viacarpatia.eu\\\/wp-content\\\/uploads\\\/2023\\\/04\\\/EZUS-Via-Carpatia_252.jpg\",\"datePublished\":\"2023-04-24T09:34:53+00:00\",\"dateModified\":\"2023-05-18T12:15:11+00:00\",\"author\":{\"@id\":\"https:\\\/\\\/viacarpatia.eu\\\/#\\\/schema\\\/person\\\/ad78fca7d58f189d57a6e54af785b1af\"},\"breadcrumb\":{\"@id\":\"https:\\\/\\\/viacarpatia.eu\\\/en\\\/16-zasadnutie-valnej-hromady-europskeho-zoskupenia-uzemnej-spoluprace-via-carpatia\\\/#breadcrumb\"},\"inLanguage\":\"en-US\",\"potentialAction\":[{\"@type\":\"ReadAction\",\"target\":[\"https:\\\/\\\/viacarpatia.eu\\\/en\\\/16-zasadnutie-valnej-hromady-europskeho-zoskupenia-uzemnej-spoluprace-via-carpatia\\\/\"]}]},{\"@type\":\"ImageObject\",\"inLanguage\":\"en-US\",\"@id\":\"https:\\\/\\\/viacarpatia.eu\\\/en\\\/16-zasadnutie-valnej-hromady-europskeho-zoskupenia-uzemnej-spoluprace-via-carpatia\\\/#primaryimage\",\"url\":\"https:\\\/\\\/viacarpatia.eu\\\/wp-content\\\/uploads\\\/2023\\\/04\\\/EZUS-Via-Carpatia_252.jpg\",\"contentUrl\":\"https:\\\/\\\/viacarpatia.eu\\\/wp-content\\\/uploads\\\/2023\\\/04\\\/EZUS-Via-Carpatia_252.jpg\",\"width\":1600,\"height\":1049},{\"@type\":\"BreadcrumbList\",\"@id\":\"https:\\\/\\\/viacarpatia.eu\\\/en\\\/16-zasadnutie-valnej-hromady-europskeho-zoskupenia-uzemnej-spoluprace-via-carpatia\\\/#breadcrumb\",\"itemListElement\":[{\"@type\":\"ListItem\",\"position\":1,\"name\":\"Home\",\"item\":\"https:\\\/\\\/viacarpatia.eu\\\/\"},{\"@type\":\"ListItem\",\"position\":2,\"name\":\"EGTC Via Carpatia held 16th General Assembly\"}]},{\"@type\":\"WebSite\",\"@id\":\"https:\\\/\\\/viacarpatia.eu\\\/#website\",\"url\":\"https:\\\/\\\/viacarpatia.eu\\\/\",\"name\":\"ViaCarpatia\",\"description\":\"Sp\u00e1jame historick\u00e9 a kult\u00farno-jazykov\u00e9 trad\u00edcie\",\"alternateName\":\"ViaCarpatia\",\"potentialAction\":[{\"@type\":\"SearchAction\",\"target\":{\"@type\":\"EntryPoint\",\"urlTemplate\":\"https:\\\/\\\/viacarpatia.eu\\\/?s={search_term_string}\"},\"query-input\":{\"@type\":\"PropertyValueSpecification\",\"valueRequired\":true,\"valueName\":\"search_term_string\"}}],\"inLanguage\":\"en-US\"},{\"@type\":\"Person\",\"@id\":\"https:\\\/\\\/viacarpatia.eu\\\/#\\\/schema\\\/person\\\/ad78fca7d58f189d57a6e54af785b1af\",\"name\":\"promiseo\",\"image\":{\"@type\":\"ImageObject\",\"inLanguage\":\"en-US\",\"@id\":\"https:\\\/\\\/secure.gravatar.com\\\/avatar\\\/e836a21cdda7d1a602c49880145b7a9b7a76ee1acdc3df5fb44089ead12fd2b1?s=96&d=mm&r=g\",\"url\":\"https:\\\/\\\/secure.gravatar.com\\\/avatar\\\/e836a21cdda7d1a602c49880145b7a9b7a76ee1acdc3df5fb44089ead12fd2b1?s=96&d=mm&r=g\",\"contentUrl\":\"https:\\\/\\\/secure.gravatar.com\\\/avatar\\\/e836a21cdda7d1a602c49880145b7a9b7a76ee1acdc3df5fb44089ead12fd2b1?s=96&d=mm&r=g\",\"caption\":\"promiseo\"},\"sameAs\":[\"https:\\\/\\\/viacarpatia.eu\"],\"url\":\"https:\\\/\\\/viacarpatia.eu\\\/en\\\/author\\\/promiseo\\\/\"}]}<\/script>\n<!-- \/ Yoast SEO plugin. -->","yoast_head_json":{"title":"EGTC Via Carpatia held 16th General Assembly - ViaCarpatia","robots":{"index":"index","follow":"follow","max-snippet":"max-snippet:-1","max-image-preview":"max-image-preview:large","max-video-preview":"max-video-preview:-1"},"canonical":"https:\/\/viacarpatia.eu\/en\/16-zasadnutie-valnej-hromady-europskeho-zoskupenia-uzemnej-spoluprace-via-carpatia\/","og_locale":"en_US","og_type":"article","og_title":"EGTC Via Carpatia held 16th General Assembly - ViaCarpatia","og_description":"On April 29, European Grouping of Territorial Cooperation Via Carpatia was held on the premises of the Office of the Ko\u0161ice Self-governing Region 16th General Assembly. The meeting was attended by the chairwoman of the Borsod-Aba\u00faj-Zempl\u00e9n Country B\u00e1nn\u00e9 dr. G\u00e1l Bogl\u00e1rka, Consul General of Hungary in Ko\u0161ice dr. Hetey \u00c1gota, director of the Borsod-Aba\u00faj-Zempl\u00e9n Country [&hellip;]","og_url":"https:\/\/viacarpatia.eu\/en\/16-zasadnutie-valnej-hromady-europskeho-zoskupenia-uzemnej-spoluprace-via-carpatia\/","og_site_name":"ViaCarpatia","article_published_time":"2023-04-24T09:34:53+00:00","article_modified_time":"2023-05-18T12:15:11+00:00","og_image":[{"width":1600,"height":1049,"url":"https:\/\/viacarpatia.eu\/wp-content\/uploads\/2023\/04\/EZUS-Via-Carpatia_252.jpg","type":"image\/jpeg"}],"author":"promiseo","twitter_card":"summary_large_image","twitter_misc":{"Written by":"promiseo"},"schema":{"@context":"https:\/\/schema.org","@graph":[{"@type":"Article","@id":"https:\/\/viacarpatia.eu\/en\/16-zasadnutie-valnej-hromady-europskeho-zoskupenia-uzemnej-spoluprace-via-carpatia\/#article","isPartOf":{"@id":"https:\/\/viacarpatia.eu\/en\/16-zasadnutie-valnej-hromady-europskeho-zoskupenia-uzemnej-spoluprace-via-carpatia\/"},"author":{"name":"promiseo","@id":"https:\/\/viacarpatia.eu\/#\/schema\/person\/ad78fca7d58f189d57a6e54af785b1af"},"headline":"EGTC Via Carpatia held 16th General Assembly","datePublished":"2023-04-24T09:34:53+00:00","dateModified":"2023-05-18T12:15:11+00:00","mainEntityOfPage":{"@id":"https:\/\/viacarpatia.eu\/en\/16-zasadnutie-valnej-hromady-europskeho-zoskupenia-uzemnej-spoluprace-via-carpatia\/"},"wordCount":120,"image":{"@id":"https:\/\/viacarpatia.eu\/en\/16-zasadnutie-valnej-hromady-europskeho-zoskupenia-uzemnej-spoluprace-via-carpatia\/#primaryimage"},"thumbnailUrl":"https:\/\/viacarpatia.eu\/wp-content\/uploads\/2023\/04\/EZUS-Via-Carpatia_252.jpg","inLanguage":"en-US"},{"@type":"WebPage","@id":"https:\/\/viacarpatia.eu\/en\/16-zasadnutie-valnej-hromady-europskeho-zoskupenia-uzemnej-spoluprace-via-carpatia\/","url":"https:\/\/viacarpatia.eu\/en\/16-zasadnutie-valnej-hromady-europskeho-zoskupenia-uzemnej-spoluprace-via-carpatia\/","name":"EGTC Via Carpatia held 16th General Assembly - ViaCarpatia","isPartOf":{"@id":"https:\/\/viacarpatia.eu\/#website"},"primaryImageOfPage":{"@id":"https:\/\/viacarpatia.eu\/en\/16-zasadnutie-valnej-hromady-europskeho-zoskupenia-uzemnej-spoluprace-via-carpatia\/#primaryimage"},"image":{"@id":"https:\/\/viacarpatia.eu\/en\/16-zasadnutie-valnej-hromady-europskeho-zoskupenia-uzemnej-spoluprace-via-carpatia\/#primaryimage"},"thumbnailUrl":"https:\/\/viacarpatia.eu\/wp-content\/uploads\/2023\/04\/EZUS-Via-Carpatia_252.jpg","datePublished":"2023-04-24T09:34:53+00:00","dateModified":"2023-05-18T12:15:11+00:00","author":{"@id":"https:\/\/viacarpatia.eu\/#\/schema\/person\/ad78fca7d58f189d57a6e54af785b1af"},"breadcrumb":{"@id":"https:\/\/viacarpatia.eu\/en\/16-zasadnutie-valnej-hromady-europskeho-zoskupenia-uzemnej-spoluprace-via-carpatia\/#breadcrumb"},"inLanguage":"en-US","potentialAction":[{"@type":"ReadAction","target":["https:\/\/viacarpatia.eu\/en\/16-zasadnutie-valnej-hromady-europskeho-zoskupenia-uzemnej-spoluprace-via-carpatia\/"]}]},{"@type":"ImageObject","inLanguage":"en-US","@id":"https:\/\/viacarpatia.eu\/en\/16-zasadnutie-valnej-hromady-europskeho-zoskupenia-uzemnej-spoluprace-via-carpatia\/#primaryimage","url":"https:\/\/viacarpatia.eu\/wp-content\/uploads\/2023\/04\/EZUS-Via-Carpatia_252.jpg","contentUrl":"https:\/\/viacarpatia.eu\/wp-content\/uploads\/2023\/04\/EZUS-Via-Carpatia_252.jpg","width":1600,"height":1049},{"@type":"BreadcrumbList","@id":"https:\/\/viacarpatia.eu\/en\/16-zasadnutie-valnej-hromady-europskeho-zoskupenia-uzemnej-spoluprace-via-carpatia\/#breadcrumb","itemListElement":[{"@type":"ListItem","position":1,"name":"Home","item":"https:\/\/viacarpatia.eu\/"},{"@type":"ListItem","position":2,"name":"EGTC Via Carpatia held 16th General Assembly"}]},{"@type":"WebSite","@id":"https:\/\/viacarpatia.eu\/#website","url":"https:\/\/viacarpatia.eu\/","name":"ViaCarpatia","description":"Sp\u00e1jame historick\u00e9 a kult\u00farno-jazykov\u00e9 trad\u00edcie","alternateName":"ViaCarpatia","potentialAction":[{"@type":"SearchAction","target":{"@type":"EntryPoint","urlTemplate":"https:\/\/viacarpatia.eu\/?s={search_term_string}"},"query-input":{"@type":"PropertyValueSpecification","valueRequired":true,"valueName":"search_term_string"}}],"inLanguage":"en-US"},{"@type":"Person","@id":"https:\/\/viacarpatia.eu\/#\/schema\/person\/ad78fca7d58f189d57a6e54af785b1af","name":"promiseo","image":{"@type":"ImageObject","inLanguage":"en-US","@id":"https:\/\/secure.gravatar.com\/avatar\/e836a21cdda7d1a602c49880145b7a9b7a76ee1acdc3df5fb44089ead12fd2b1?s=96&d=mm&r=g","url":"https:\/\/secure.gravatar.com\/avatar\/e836a21cdda7d1a602c49880145b7a9b7a76ee1acdc3df5fb44089ead12fd2b1?s=96&d=mm&r=g","contentUrl":"https:\/\/secure.gravatar.com\/avatar\/e836a21cdda7d1a602c49880145b7a9b7a76ee1acdc3df5fb44089ead12fd2b1?s=96&d=mm&r=g","caption":"promiseo"},"sameAs":["https:\/\/viacarpatia.eu"],"url":"https:\/\/viacarpatia.eu\/en\/author\/promiseo\/"}]}},"_links":{"self":[{"href":"https:\/\/viacarpatia.eu\/en\/wp-json\/wp\/v2\/posts\/7153","targetHints":{"allow":["GET"]}}],"collection":[{"href":"https:\/\/viacarpatia.eu\/en\/wp-json\/wp\/v2\/posts"}],"about":[{"href":"https:\/\/viacarpatia.eu\/en\/wp-json\/wp\/v2\/types\/post"}],"author":[{"embeddable":true,"href":"https:\/\/viacarpatia.eu\/en\/wp-json\/wp\/v2\/users\/1"}],"replies":[{"embeddable":true,"href":"https:\/\/viacarpatia.eu\/en\/wp-json\/wp\/v2\/comments?post=7153"}],"version-history":[{"count":1,"href":"https:\/\/viacarpatia.eu\/en\/wp-json\/wp\/v2\/posts\/7153\/revisions"}],"predecessor-version":[{"id":7154,"href":"https:\/\/viacarpatia.eu\/en\/wp-json\/wp\/v2\/posts\/7153\/revisions\/7154"}],"wp:featuredmedia":[{"embeddable":true,"href":"https:\/\/viacarpatia.eu\/en\/wp-json\/wp\/v2\/media\/4164"}],"wp:attachment":[{"href":"https:\/\/viacarpatia.eu\/en\/wp-json\/wp\/v2\/media?parent=7153"}],"wp:term":[{"taxonomy":"category","embeddable":true,"href":"https:\/\/viacarpatia.eu\/en\/wp-json\/wp\/v2\/categories?post=7153"},{"taxonomy":"post_tag","embeddable":true,"href":"https:\/\/viacarpatia.eu\/en\/wp-json\/wp\/v2\/tags?post=7153"}],"curies":[{"name":"wp","href":"https:\/\/api.w.org\/{rel}","templated":true}]}}