{"id":7175,"date":"2023-04-24T12:16:12","date_gmt":"2023-04-24T10:16:12","guid":{"rendered":"https:\/\/viacarpatia.eu\/agro-festival-v-encsi\/"},"modified":"2023-05-18T14:19:23","modified_gmt":"2023-05-18T12:19:23","slug":"agro-festival-v-encsi","status":"publish","type":"post","link":"https:\/\/viacarpatia.eu\/en\/agro-festival-v-encsi\/","title":{"rendered":"Agro festival in Encs"},"content":{"rendered":"<p>On August 14, at the Agro Festival in Encsi, in addition to the farm and craft markets, the program was enriched by an accompaniment of old and new agricultural machines and giant puppets. <\/p>\n<p>A good atmosphere was provided by the music group Agyagbanda and acrobats on stilts from Vaga Banda.<\/p>\n<p>This Saturday we look forward to seeing you at the next agro festival in Moldava nad Bodvou.<\/p>\n","protected":false},"excerpt":{"rendered":"<p>On August 14, at the Agro Festival in Encsi, in addition to the farm and craft markets, the program was enriched by an accompaniment of old and new agricultural machines and giant puppets. A good atmosphere was provided by the music group Agyagbanda and acrobats on stilts from Vaga Banda. This Saturday we look forward [&hellip;]<\/p>\n","protected":false},"author":1,"featured_media":4394,"comment_status":"closed","ping_status":"open","sticky":false,"template":"","format":"standard","meta":{"inline_featured_image":false,"footnotes":""},"categories":[4],"tags":[],"class_list":["post-7175","post","type-post","status-publish","format-standard","has-post-thumbnail","hentry","category-uncategorized"],"acf":[],"yoast_head":"<!-- This site is optimized with the Yoast SEO plugin v27.5 - https:\/\/yoast.com\/product\/yoast-seo-wordpress\/ -->\n<title>Agro festival in Encs - ViaCarpatia<\/title>\n<meta name=\"robots\" content=\"index, follow, max-snippet:-1, max-image-preview:large, max-video-preview:-1\" \/>\n<link rel=\"canonical\" href=\"https:\/\/viacarpatia.eu\/en\/agro-festival-v-encsi\/\" \/>\n<meta property=\"og:locale\" content=\"en_US\" \/>\n<meta property=\"og:type\" content=\"article\" \/>\n<meta property=\"og:title\" content=\"Agro festival in Encs - ViaCarpatia\" \/>\n<meta property=\"og:description\" content=\"On August 14, at the Agro Festival in Encsi, in addition to the farm and craft markets, the program was enriched by an accompaniment of old and new agricultural machines and giant puppets. A good atmosphere was provided by the music group Agyagbanda and acrobats on stilts from Vaga Banda. This Saturday we look forward [&hellip;]\" \/>\n<meta property=\"og:url\" content=\"https:\/\/viacarpatia.eu\/en\/agro-festival-v-encsi\/\" \/>\n<meta property=\"og:site_name\" content=\"ViaCarpatia\" \/>\n<meta property=\"article:published_time\" content=\"2023-04-24T10:16:12+00:00\" \/>\n<meta property=\"article:modified_time\" content=\"2023-05-18T12:19:23+00:00\" \/>\n<meta property=\"og:image\" content=\"https:\/\/viacarpatia.eu\/wp-content\/uploads\/2023\/04\/238585593_1751192525072989_5029612736043539334_n1.jpg\" \/>\n\t<meta property=\"og:image:width\" content=\"1600\" \/>\n\t<meta property=\"og:image:height\" content=\"1063\" \/>\n\t<meta property=\"og:image:type\" content=\"image\/jpeg\" \/>\n<meta name=\"author\" content=\"promiseo\" \/>\n<meta name=\"twitter:card\" content=\"summary_large_image\" \/>\n<meta name=\"twitter:label1\" content=\"Written by\" \/>\n\t<meta name=\"twitter:data1\" content=\"promiseo\" \/>\n<script type=\"application\/ld+json\" class=\"yoast-schema-graph\">{\"@context\":\"https:\\\/\\\/schema.org\",\"@graph\":[{\"@type\":\"Article\",\"@id\":\"https:\\\/\\\/viacarpatia.eu\\\/en\\\/agro-festival-v-encsi\\\/#article\",\"isPartOf\":{\"@id\":\"https:\\\/\\\/viacarpatia.eu\\\/en\\\/agro-festival-v-encsi\\\/\"},\"author\":{\"name\":\"promiseo\",\"@id\":\"https:\\\/\\\/viacarpatia.eu\\\/#\\\/schema\\\/person\\\/ad78fca7d58f189d57a6e54af785b1af\"},\"headline\":\"Agro festival in Encs\",\"datePublished\":\"2023-04-24T10:16:12+00:00\",\"dateModified\":\"2023-05-18T12:19:23+00:00\",\"mainEntityOfPage\":{\"@id\":\"https:\\\/\\\/viacarpatia.eu\\\/en\\\/agro-festival-v-encsi\\\/\"},\"wordCount\":70,\"image\":{\"@id\":\"https:\\\/\\\/viacarpatia.eu\\\/en\\\/agro-festival-v-encsi\\\/#primaryimage\"},\"thumbnailUrl\":\"https:\\\/\\\/viacarpatia.eu\\\/wp-content\\\/uploads\\\/2023\\\/04\\\/238585593_1751192525072989_5029612736043539334_n1.jpg\",\"inLanguage\":\"en-US\"},{\"@type\":\"WebPage\",\"@id\":\"https:\\\/\\\/viacarpatia.eu\\\/en\\\/agro-festival-v-encsi\\\/\",\"url\":\"https:\\\/\\\/viacarpatia.eu\\\/en\\\/agro-festival-v-encsi\\\/\",\"name\":\"Agro festival in Encs - ViaCarpatia\",\"isPartOf\":{\"@id\":\"https:\\\/\\\/viacarpatia.eu\\\/#website\"},\"primaryImageOfPage\":{\"@id\":\"https:\\\/\\\/viacarpatia.eu\\\/en\\\/agro-festival-v-encsi\\\/#primaryimage\"},\"image\":{\"@id\":\"https:\\\/\\\/viacarpatia.eu\\\/en\\\/agro-festival-v-encsi\\\/#primaryimage\"},\"thumbnailUrl\":\"https:\\\/\\\/viacarpatia.eu\\\/wp-content\\\/uploads\\\/2023\\\/04\\\/238585593_1751192525072989_5029612736043539334_n1.jpg\",\"datePublished\":\"2023-04-24T10:16:12+00:00\",\"dateModified\":\"2023-05-18T12:19:23+00:00\",\"author\":{\"@id\":\"https:\\\/\\\/viacarpatia.eu\\\/#\\\/schema\\\/person\\\/ad78fca7d58f189d57a6e54af785b1af\"},\"breadcrumb\":{\"@id\":\"https:\\\/\\\/viacarpatia.eu\\\/en\\\/agro-festival-v-encsi\\\/#breadcrumb\"},\"inLanguage\":\"en-US\",\"potentialAction\":[{\"@type\":\"ReadAction\",\"target\":[\"https:\\\/\\\/viacarpatia.eu\\\/en\\\/agro-festival-v-encsi\\\/\"]}]},{\"@type\":\"ImageObject\",\"inLanguage\":\"en-US\",\"@id\":\"https:\\\/\\\/viacarpatia.eu\\\/en\\\/agro-festival-v-encsi\\\/#primaryimage\",\"url\":\"https:\\\/\\\/viacarpatia.eu\\\/wp-content\\\/uploads\\\/2023\\\/04\\\/238585593_1751192525072989_5029612736043539334_n1.jpg\",\"contentUrl\":\"https:\\\/\\\/viacarpatia.eu\\\/wp-content\\\/uploads\\\/2023\\\/04\\\/238585593_1751192525072989_5029612736043539334_n1.jpg\",\"width\":1600,\"height\":1063},{\"@type\":\"BreadcrumbList\",\"@id\":\"https:\\\/\\\/viacarpatia.eu\\\/en\\\/agro-festival-v-encsi\\\/#breadcrumb\",\"itemListElement\":[{\"@type\":\"ListItem\",\"position\":1,\"name\":\"Home\",\"item\":\"https:\\\/\\\/viacarpatia.eu\\\/\"},{\"@type\":\"ListItem\",\"position\":2,\"name\":\"Agro festival in Encs\"}]},{\"@type\":\"WebSite\",\"@id\":\"https:\\\/\\\/viacarpatia.eu\\\/#website\",\"url\":\"https:\\\/\\\/viacarpatia.eu\\\/\",\"name\":\"ViaCarpatia\",\"description\":\"Sp\u00e1jame historick\u00e9 a kult\u00farno-jazykov\u00e9 trad\u00edcie\",\"alternateName\":\"ViaCarpatia\",\"potentialAction\":[{\"@type\":\"SearchAction\",\"target\":{\"@type\":\"EntryPoint\",\"urlTemplate\":\"https:\\\/\\\/viacarpatia.eu\\\/?s={search_term_string}\"},\"query-input\":{\"@type\":\"PropertyValueSpecification\",\"valueRequired\":true,\"valueName\":\"search_term_string\"}}],\"inLanguage\":\"en-US\"},{\"@type\":\"Person\",\"@id\":\"https:\\\/\\\/viacarpatia.eu\\\/#\\\/schema\\\/person\\\/ad78fca7d58f189d57a6e54af785b1af\",\"name\":\"promiseo\",\"image\":{\"@type\":\"ImageObject\",\"inLanguage\":\"en-US\",\"@id\":\"https:\\\/\\\/secure.gravatar.com\\\/avatar\\\/e836a21cdda7d1a602c49880145b7a9b7a76ee1acdc3df5fb44089ead12fd2b1?s=96&d=mm&r=g\",\"url\":\"https:\\\/\\\/secure.gravatar.com\\\/avatar\\\/e836a21cdda7d1a602c49880145b7a9b7a76ee1acdc3df5fb44089ead12fd2b1?s=96&d=mm&r=g\",\"contentUrl\":\"https:\\\/\\\/secure.gravatar.com\\\/avatar\\\/e836a21cdda7d1a602c49880145b7a9b7a76ee1acdc3df5fb44089ead12fd2b1?s=96&d=mm&r=g\",\"caption\":\"promiseo\"},\"sameAs\":[\"https:\\\/\\\/viacarpatia.eu\"],\"url\":\"https:\\\/\\\/viacarpatia.eu\\\/en\\\/author\\\/promiseo\\\/\"}]}<\/script>\n<!-- \/ Yoast SEO plugin. -->","yoast_head_json":{"title":"Agro festival in Encs - ViaCarpatia","robots":{"index":"index","follow":"follow","max-snippet":"max-snippet:-1","max-image-preview":"max-image-preview:large","max-video-preview":"max-video-preview:-1"},"canonical":"https:\/\/viacarpatia.eu\/en\/agro-festival-v-encsi\/","og_locale":"en_US","og_type":"article","og_title":"Agro festival in Encs - ViaCarpatia","og_description":"On August 14, at the Agro Festival in Encsi, in addition to the farm and craft markets, the program was enriched by an accompaniment of old and new agricultural machines and giant puppets. A good atmosphere was provided by the music group Agyagbanda and acrobats on stilts from Vaga Banda. This Saturday we look forward [&hellip;]","og_url":"https:\/\/viacarpatia.eu\/en\/agro-festival-v-encsi\/","og_site_name":"ViaCarpatia","article_published_time":"2023-04-24T10:16:12+00:00","article_modified_time":"2023-05-18T12:19:23+00:00","og_image":[{"width":1600,"height":1063,"url":"https:\/\/viacarpatia.eu\/wp-content\/uploads\/2023\/04\/238585593_1751192525072989_5029612736043539334_n1.jpg","type":"image\/jpeg"}],"author":"promiseo","twitter_card":"summary_large_image","twitter_misc":{"Written by":"promiseo"},"schema":{"@context":"https:\/\/schema.org","@graph":[{"@type":"Article","@id":"https:\/\/viacarpatia.eu\/en\/agro-festival-v-encsi\/#article","isPartOf":{"@id":"https:\/\/viacarpatia.eu\/en\/agro-festival-v-encsi\/"},"author":{"name":"promiseo","@id":"https:\/\/viacarpatia.eu\/#\/schema\/person\/ad78fca7d58f189d57a6e54af785b1af"},"headline":"Agro festival in Encs","datePublished":"2023-04-24T10:16:12+00:00","dateModified":"2023-05-18T12:19:23+00:00","mainEntityOfPage":{"@id":"https:\/\/viacarpatia.eu\/en\/agro-festival-v-encsi\/"},"wordCount":70,"image":{"@id":"https:\/\/viacarpatia.eu\/en\/agro-festival-v-encsi\/#primaryimage"},"thumbnailUrl":"https:\/\/viacarpatia.eu\/wp-content\/uploads\/2023\/04\/238585593_1751192525072989_5029612736043539334_n1.jpg","inLanguage":"en-US"},{"@type":"WebPage","@id":"https:\/\/viacarpatia.eu\/en\/agro-festival-v-encsi\/","url":"https:\/\/viacarpatia.eu\/en\/agro-festival-v-encsi\/","name":"Agro festival in Encs - ViaCarpatia","isPartOf":{"@id":"https:\/\/viacarpatia.eu\/#website"},"primaryImageOfPage":{"@id":"https:\/\/viacarpatia.eu\/en\/agro-festival-v-encsi\/#primaryimage"},"image":{"@id":"https:\/\/viacarpatia.eu\/en\/agro-festival-v-encsi\/#primaryimage"},"thumbnailUrl":"https:\/\/viacarpatia.eu\/wp-content\/uploads\/2023\/04\/238585593_1751192525072989_5029612736043539334_n1.jpg","datePublished":"2023-04-24T10:16:12+00:00","dateModified":"2023-05-18T12:19:23+00:00","author":{"@id":"https:\/\/viacarpatia.eu\/#\/schema\/person\/ad78fca7d58f189d57a6e54af785b1af"},"breadcrumb":{"@id":"https:\/\/viacarpatia.eu\/en\/agro-festival-v-encsi\/#breadcrumb"},"inLanguage":"en-US","potentialAction":[{"@type":"ReadAction","target":["https:\/\/viacarpatia.eu\/en\/agro-festival-v-encsi\/"]}]},{"@type":"ImageObject","inLanguage":"en-US","@id":"https:\/\/viacarpatia.eu\/en\/agro-festival-v-encsi\/#primaryimage","url":"https:\/\/viacarpatia.eu\/wp-content\/uploads\/2023\/04\/238585593_1751192525072989_5029612736043539334_n1.jpg","contentUrl":"https:\/\/viacarpatia.eu\/wp-content\/uploads\/2023\/04\/238585593_1751192525072989_5029612736043539334_n1.jpg","width":1600,"height":1063},{"@type":"BreadcrumbList","@id":"https:\/\/viacarpatia.eu\/en\/agro-festival-v-encsi\/#breadcrumb","itemListElement":[{"@type":"ListItem","position":1,"name":"Home","item":"https:\/\/viacarpatia.eu\/"},{"@type":"ListItem","position":2,"name":"Agro festival in Encs"}]},{"@type":"WebSite","@id":"https:\/\/viacarpatia.eu\/#website","url":"https:\/\/viacarpatia.eu\/","name":"ViaCarpatia","description":"Sp\u00e1jame historick\u00e9 a kult\u00farno-jazykov\u00e9 trad\u00edcie","alternateName":"ViaCarpatia","potentialAction":[{"@type":"SearchAction","target":{"@type":"EntryPoint","urlTemplate":"https:\/\/viacarpatia.eu\/?s={search_term_string}"},"query-input":{"@type":"PropertyValueSpecification","valueRequired":true,"valueName":"search_term_string"}}],"inLanguage":"en-US"},{"@type":"Person","@id":"https:\/\/viacarpatia.eu\/#\/schema\/person\/ad78fca7d58f189d57a6e54af785b1af","name":"promiseo","image":{"@type":"ImageObject","inLanguage":"en-US","@id":"https:\/\/secure.gravatar.com\/avatar\/e836a21cdda7d1a602c49880145b7a9b7a76ee1acdc3df5fb44089ead12fd2b1?s=96&d=mm&r=g","url":"https:\/\/secure.gravatar.com\/avatar\/e836a21cdda7d1a602c49880145b7a9b7a76ee1acdc3df5fb44089ead12fd2b1?s=96&d=mm&r=g","contentUrl":"https:\/\/secure.gravatar.com\/avatar\/e836a21cdda7d1a602c49880145b7a9b7a76ee1acdc3df5fb44089ead12fd2b1?s=96&d=mm&r=g","caption":"promiseo"},"sameAs":["https:\/\/viacarpatia.eu"],"url":"https:\/\/viacarpatia.eu\/en\/author\/promiseo\/"}]}},"_links":{"self":[{"href":"https:\/\/viacarpatia.eu\/en\/wp-json\/wp\/v2\/posts\/7175","targetHints":{"allow":["GET"]}}],"collection":[{"href":"https:\/\/viacarpatia.eu\/en\/wp-json\/wp\/v2\/posts"}],"about":[{"href":"https:\/\/viacarpatia.eu\/en\/wp-json\/wp\/v2\/types\/post"}],"author":[{"embeddable":true,"href":"https:\/\/viacarpatia.eu\/en\/wp-json\/wp\/v2\/users\/1"}],"replies":[{"embeddable":true,"href":"https:\/\/viacarpatia.eu\/en\/wp-json\/wp\/v2\/comments?post=7175"}],"version-history":[{"count":1,"href":"https:\/\/viacarpatia.eu\/en\/wp-json\/wp\/v2\/posts\/7175\/revisions"}],"predecessor-version":[{"id":7176,"href":"https:\/\/viacarpatia.eu\/en\/wp-json\/wp\/v2\/posts\/7175\/revisions\/7176"}],"wp:featuredmedia":[{"embeddable":true,"href":"https:\/\/viacarpatia.eu\/en\/wp-json\/wp\/v2\/media\/4394"}],"wp:attachment":[{"href":"https:\/\/viacarpatia.eu\/en\/wp-json\/wp\/v2\/media?parent=7175"}],"wp:term":[{"taxonomy":"category","embeddable":true,"href":"https:\/\/viacarpatia.eu\/en\/wp-json\/wp\/v2\/categories?post=7175"},{"taxonomy":"post_tag","embeddable":true,"href":"https:\/\/viacarpatia.eu\/en\/wp-json\/wp\/v2\/tags?post=7175"}],"curies":[{"name":"wp","href":"https:\/\/api.w.org\/{rel}","templated":true}]}}