{"id":7276,"date":"2023-04-24T14:20:13","date_gmt":"2023-04-24T12:20:13","guid":{"rendered":"https:\/\/viacarpatia.eu\/hostili-sme-dalsiu-medzinarodnu-konferenciu\/"},"modified":"2023-05-18T14:27:07","modified_gmt":"2023-05-18T12:27:07","slug":"hostili-sme-dalsiu-medzinarodnu-konferenciu","status":"publish","type":"post","link":"https:\/\/viacarpatia.eu\/en\/hostili-sme-dalsiu-medzinarodnu-konferenciu\/","title":{"rendered":"We hosted another international conference"},"content":{"rendered":"<p>The WE are EuROPE project within the Europe for Citizens program aims to support the development of more effective measures to tackle the poverty that affects some European countries. This problem affects many young people and is the result of the economic crisis and the lack of solidarity between countries. The aim of the conference, which we organized from 30.4.2022 to 04.05.2022 in Ko\u0161ice was to draw attention to this problem and create an environment that will allow the creation and adoption of appropriate ideas and recommendations for this issue. The project&#8217;s activities focused on disseminating know-how in strategies to promote solidarity, volunteering, and the creation of associations and organizations. The conference was attended by delegations from Slovakia, Hungary, Estonia, Italy, Poland, the Czech Republic, and Malta.<\/p>\n<p><a href=\"https:\/\/viacarpatia.eu\/wp-content\/uploads\/2023\/04\/EfC_TT2020R2_BeneficiarySpace_2020_-InfoTemplateEN.pdf\">Info Template 2<\/a><\/p>\n","protected":false},"excerpt":{"rendered":"<p>The WE are EuROPE project within the Europe for Citizens program aims to support the development of more effective measures to tackle the poverty that affects some European countries. This problem affects many young people and is the result of the economic crisis and the lack of solidarity between countries. The aim of the conference, [&hellip;]<\/p>\n","protected":false},"author":1,"featured_media":4808,"comment_status":"closed","ping_status":"open","sticky":false,"template":"","format":"standard","meta":{"inline_featured_image":false,"footnotes":""},"categories":[4],"tags":[],"class_list":["post-7276","post","type-post","status-publish","format-standard","has-post-thumbnail","hentry","category-uncategorized"],"acf":[],"yoast_head":"<!-- This site is optimized with the Yoast SEO plugin v27.5 - https:\/\/yoast.com\/product\/yoast-seo-wordpress\/ -->\n<title>We hosted another international conference - ViaCarpatia<\/title>\n<meta name=\"robots\" content=\"index, follow, max-snippet:-1, max-image-preview:large, max-video-preview:-1\" \/>\n<link rel=\"canonical\" href=\"https:\/\/viacarpatia.eu\/en\/hostili-sme-dalsiu-medzinarodnu-konferenciu\/\" \/>\n<meta property=\"og:locale\" content=\"en_US\" \/>\n<meta property=\"og:type\" content=\"article\" \/>\n<meta property=\"og:title\" content=\"We hosted another international conference - ViaCarpatia\" \/>\n<meta property=\"og:description\" content=\"The WE are EuROPE project within the Europe for Citizens program aims to support the development of more effective measures to tackle the poverty that affects some European countries. This problem affects many young people and is the result of the economic crisis and the lack of solidarity between countries. The aim of the conference, [&hellip;]\" \/>\n<meta property=\"og:url\" content=\"https:\/\/viacarpatia.eu\/en\/hostili-sme-dalsiu-medzinarodnu-konferenciu\/\" \/>\n<meta property=\"og:site_name\" content=\"ViaCarpatia\" \/>\n<meta property=\"article:published_time\" content=\"2023-04-24T12:20:13+00:00\" \/>\n<meta property=\"article:modified_time\" content=\"2023-05-18T12:27:07+00:00\" \/>\n<meta property=\"og:image\" content=\"https:\/\/viacarpatia.eu\/wp-content\/uploads\/2023\/04\/627521ba5c1510ed4b8b4567.jpg\" \/>\n\t<meta property=\"og:image:width\" content=\"766\" \/>\n\t<meta property=\"og:image:height\" content=\"480\" \/>\n\t<meta property=\"og:image:type\" content=\"image\/jpeg\" \/>\n<meta name=\"author\" content=\"promiseo\" \/>\n<meta name=\"twitter:card\" content=\"summary_large_image\" \/>\n<meta name=\"twitter:label1\" content=\"Written by\" \/>\n\t<meta name=\"twitter:data1\" content=\"promiseo\" \/>\n<script type=\"application\/ld+json\" class=\"yoast-schema-graph\">{\"@context\":\"https:\\\/\\\/schema.org\",\"@graph\":[{\"@type\":\"Article\",\"@id\":\"https:\\\/\\\/viacarpatia.eu\\\/en\\\/hostili-sme-dalsiu-medzinarodnu-konferenciu\\\/#article\",\"isPartOf\":{\"@id\":\"https:\\\/\\\/viacarpatia.eu\\\/en\\\/hostili-sme-dalsiu-medzinarodnu-konferenciu\\\/\"},\"author\":{\"name\":\"promiseo\",\"@id\":\"https:\\\/\\\/viacarpatia.eu\\\/#\\\/schema\\\/person\\\/ad78fca7d58f189d57a6e54af785b1af\"},\"headline\":\"We hosted another international conference\",\"datePublished\":\"2023-04-24T12:20:13+00:00\",\"dateModified\":\"2023-05-18T12:27:07+00:00\",\"mainEntityOfPage\":{\"@id\":\"https:\\\/\\\/viacarpatia.eu\\\/en\\\/hostili-sme-dalsiu-medzinarodnu-konferenciu\\\/\"},\"wordCount\":134,\"image\":{\"@id\":\"https:\\\/\\\/viacarpatia.eu\\\/en\\\/hostili-sme-dalsiu-medzinarodnu-konferenciu\\\/#primaryimage\"},\"thumbnailUrl\":\"https:\\\/\\\/viacarpatia.eu\\\/wp-content\\\/uploads\\\/2023\\\/04\\\/627521ba5c1510ed4b8b4567.jpg\",\"inLanguage\":\"en-US\"},{\"@type\":\"WebPage\",\"@id\":\"https:\\\/\\\/viacarpatia.eu\\\/en\\\/hostili-sme-dalsiu-medzinarodnu-konferenciu\\\/\",\"url\":\"https:\\\/\\\/viacarpatia.eu\\\/en\\\/hostili-sme-dalsiu-medzinarodnu-konferenciu\\\/\",\"name\":\"We hosted another international conference - ViaCarpatia\",\"isPartOf\":{\"@id\":\"https:\\\/\\\/viacarpatia.eu\\\/#website\"},\"primaryImageOfPage\":{\"@id\":\"https:\\\/\\\/viacarpatia.eu\\\/en\\\/hostili-sme-dalsiu-medzinarodnu-konferenciu\\\/#primaryimage\"},\"image\":{\"@id\":\"https:\\\/\\\/viacarpatia.eu\\\/en\\\/hostili-sme-dalsiu-medzinarodnu-konferenciu\\\/#primaryimage\"},\"thumbnailUrl\":\"https:\\\/\\\/viacarpatia.eu\\\/wp-content\\\/uploads\\\/2023\\\/04\\\/627521ba5c1510ed4b8b4567.jpg\",\"datePublished\":\"2023-04-24T12:20:13+00:00\",\"dateModified\":\"2023-05-18T12:27:07+00:00\",\"author\":{\"@id\":\"https:\\\/\\\/viacarpatia.eu\\\/#\\\/schema\\\/person\\\/ad78fca7d58f189d57a6e54af785b1af\"},\"breadcrumb\":{\"@id\":\"https:\\\/\\\/viacarpatia.eu\\\/en\\\/hostili-sme-dalsiu-medzinarodnu-konferenciu\\\/#breadcrumb\"},\"inLanguage\":\"en-US\",\"potentialAction\":[{\"@type\":\"ReadAction\",\"target\":[\"https:\\\/\\\/viacarpatia.eu\\\/en\\\/hostili-sme-dalsiu-medzinarodnu-konferenciu\\\/\"]}]},{\"@type\":\"ImageObject\",\"inLanguage\":\"en-US\",\"@id\":\"https:\\\/\\\/viacarpatia.eu\\\/en\\\/hostili-sme-dalsiu-medzinarodnu-konferenciu\\\/#primaryimage\",\"url\":\"https:\\\/\\\/viacarpatia.eu\\\/wp-content\\\/uploads\\\/2023\\\/04\\\/627521ba5c1510ed4b8b4567.jpg\",\"contentUrl\":\"https:\\\/\\\/viacarpatia.eu\\\/wp-content\\\/uploads\\\/2023\\\/04\\\/627521ba5c1510ed4b8b4567.jpg\",\"width\":766,\"height\":480},{\"@type\":\"BreadcrumbList\",\"@id\":\"https:\\\/\\\/viacarpatia.eu\\\/en\\\/hostili-sme-dalsiu-medzinarodnu-konferenciu\\\/#breadcrumb\",\"itemListElement\":[{\"@type\":\"ListItem\",\"position\":1,\"name\":\"Home\",\"item\":\"https:\\\/\\\/viacarpatia.eu\\\/\"},{\"@type\":\"ListItem\",\"position\":2,\"name\":\"We hosted another international conference\"}]},{\"@type\":\"WebSite\",\"@id\":\"https:\\\/\\\/viacarpatia.eu\\\/#website\",\"url\":\"https:\\\/\\\/viacarpatia.eu\\\/\",\"name\":\"ViaCarpatia\",\"description\":\"Sp\u00e1jame historick\u00e9 a kult\u00farno-jazykov\u00e9 trad\u00edcie\",\"alternateName\":\"ViaCarpatia\",\"potentialAction\":[{\"@type\":\"SearchAction\",\"target\":{\"@type\":\"EntryPoint\",\"urlTemplate\":\"https:\\\/\\\/viacarpatia.eu\\\/?s={search_term_string}\"},\"query-input\":{\"@type\":\"PropertyValueSpecification\",\"valueRequired\":true,\"valueName\":\"search_term_string\"}}],\"inLanguage\":\"en-US\"},{\"@type\":\"Person\",\"@id\":\"https:\\\/\\\/viacarpatia.eu\\\/#\\\/schema\\\/person\\\/ad78fca7d58f189d57a6e54af785b1af\",\"name\":\"promiseo\",\"image\":{\"@type\":\"ImageObject\",\"inLanguage\":\"en-US\",\"@id\":\"https:\\\/\\\/secure.gravatar.com\\\/avatar\\\/e836a21cdda7d1a602c49880145b7a9b7a76ee1acdc3df5fb44089ead12fd2b1?s=96&d=mm&r=g\",\"url\":\"https:\\\/\\\/secure.gravatar.com\\\/avatar\\\/e836a21cdda7d1a602c49880145b7a9b7a76ee1acdc3df5fb44089ead12fd2b1?s=96&d=mm&r=g\",\"contentUrl\":\"https:\\\/\\\/secure.gravatar.com\\\/avatar\\\/e836a21cdda7d1a602c49880145b7a9b7a76ee1acdc3df5fb44089ead12fd2b1?s=96&d=mm&r=g\",\"caption\":\"promiseo\"},\"sameAs\":[\"https:\\\/\\\/viacarpatia.eu\"],\"url\":\"https:\\\/\\\/viacarpatia.eu\\\/en\\\/author\\\/promiseo\\\/\"}]}<\/script>\n<!-- \/ Yoast SEO plugin. -->","yoast_head_json":{"title":"We hosted another international conference - ViaCarpatia","robots":{"index":"index","follow":"follow","max-snippet":"max-snippet:-1","max-image-preview":"max-image-preview:large","max-video-preview":"max-video-preview:-1"},"canonical":"https:\/\/viacarpatia.eu\/en\/hostili-sme-dalsiu-medzinarodnu-konferenciu\/","og_locale":"en_US","og_type":"article","og_title":"We hosted another international conference - ViaCarpatia","og_description":"The WE are EuROPE project within the Europe for Citizens program aims to support the development of more effective measures to tackle the poverty that affects some European countries. This problem affects many young people and is the result of the economic crisis and the lack of solidarity between countries. The aim of the conference, [&hellip;]","og_url":"https:\/\/viacarpatia.eu\/en\/hostili-sme-dalsiu-medzinarodnu-konferenciu\/","og_site_name":"ViaCarpatia","article_published_time":"2023-04-24T12:20:13+00:00","article_modified_time":"2023-05-18T12:27:07+00:00","og_image":[{"width":766,"height":480,"url":"https:\/\/viacarpatia.eu\/wp-content\/uploads\/2023\/04\/627521ba5c1510ed4b8b4567.jpg","type":"image\/jpeg"}],"author":"promiseo","twitter_card":"summary_large_image","twitter_misc":{"Written by":"promiseo"},"schema":{"@context":"https:\/\/schema.org","@graph":[{"@type":"Article","@id":"https:\/\/viacarpatia.eu\/en\/hostili-sme-dalsiu-medzinarodnu-konferenciu\/#article","isPartOf":{"@id":"https:\/\/viacarpatia.eu\/en\/hostili-sme-dalsiu-medzinarodnu-konferenciu\/"},"author":{"name":"promiseo","@id":"https:\/\/viacarpatia.eu\/#\/schema\/person\/ad78fca7d58f189d57a6e54af785b1af"},"headline":"We hosted another international conference","datePublished":"2023-04-24T12:20:13+00:00","dateModified":"2023-05-18T12:27:07+00:00","mainEntityOfPage":{"@id":"https:\/\/viacarpatia.eu\/en\/hostili-sme-dalsiu-medzinarodnu-konferenciu\/"},"wordCount":134,"image":{"@id":"https:\/\/viacarpatia.eu\/en\/hostili-sme-dalsiu-medzinarodnu-konferenciu\/#primaryimage"},"thumbnailUrl":"https:\/\/viacarpatia.eu\/wp-content\/uploads\/2023\/04\/627521ba5c1510ed4b8b4567.jpg","inLanguage":"en-US"},{"@type":"WebPage","@id":"https:\/\/viacarpatia.eu\/en\/hostili-sme-dalsiu-medzinarodnu-konferenciu\/","url":"https:\/\/viacarpatia.eu\/en\/hostili-sme-dalsiu-medzinarodnu-konferenciu\/","name":"We hosted another international conference - ViaCarpatia","isPartOf":{"@id":"https:\/\/viacarpatia.eu\/#website"},"primaryImageOfPage":{"@id":"https:\/\/viacarpatia.eu\/en\/hostili-sme-dalsiu-medzinarodnu-konferenciu\/#primaryimage"},"image":{"@id":"https:\/\/viacarpatia.eu\/en\/hostili-sme-dalsiu-medzinarodnu-konferenciu\/#primaryimage"},"thumbnailUrl":"https:\/\/viacarpatia.eu\/wp-content\/uploads\/2023\/04\/627521ba5c1510ed4b8b4567.jpg","datePublished":"2023-04-24T12:20:13+00:00","dateModified":"2023-05-18T12:27:07+00:00","author":{"@id":"https:\/\/viacarpatia.eu\/#\/schema\/person\/ad78fca7d58f189d57a6e54af785b1af"},"breadcrumb":{"@id":"https:\/\/viacarpatia.eu\/en\/hostili-sme-dalsiu-medzinarodnu-konferenciu\/#breadcrumb"},"inLanguage":"en-US","potentialAction":[{"@type":"ReadAction","target":["https:\/\/viacarpatia.eu\/en\/hostili-sme-dalsiu-medzinarodnu-konferenciu\/"]}]},{"@type":"ImageObject","inLanguage":"en-US","@id":"https:\/\/viacarpatia.eu\/en\/hostili-sme-dalsiu-medzinarodnu-konferenciu\/#primaryimage","url":"https:\/\/viacarpatia.eu\/wp-content\/uploads\/2023\/04\/627521ba5c1510ed4b8b4567.jpg","contentUrl":"https:\/\/viacarpatia.eu\/wp-content\/uploads\/2023\/04\/627521ba5c1510ed4b8b4567.jpg","width":766,"height":480},{"@type":"BreadcrumbList","@id":"https:\/\/viacarpatia.eu\/en\/hostili-sme-dalsiu-medzinarodnu-konferenciu\/#breadcrumb","itemListElement":[{"@type":"ListItem","position":1,"name":"Home","item":"https:\/\/viacarpatia.eu\/"},{"@type":"ListItem","position":2,"name":"We hosted another international conference"}]},{"@type":"WebSite","@id":"https:\/\/viacarpatia.eu\/#website","url":"https:\/\/viacarpatia.eu\/","name":"ViaCarpatia","description":"Sp\u00e1jame historick\u00e9 a kult\u00farno-jazykov\u00e9 trad\u00edcie","alternateName":"ViaCarpatia","potentialAction":[{"@type":"SearchAction","target":{"@type":"EntryPoint","urlTemplate":"https:\/\/viacarpatia.eu\/?s={search_term_string}"},"query-input":{"@type":"PropertyValueSpecification","valueRequired":true,"valueName":"search_term_string"}}],"inLanguage":"en-US"},{"@type":"Person","@id":"https:\/\/viacarpatia.eu\/#\/schema\/person\/ad78fca7d58f189d57a6e54af785b1af","name":"promiseo","image":{"@type":"ImageObject","inLanguage":"en-US","@id":"https:\/\/secure.gravatar.com\/avatar\/e836a21cdda7d1a602c49880145b7a9b7a76ee1acdc3df5fb44089ead12fd2b1?s=96&d=mm&r=g","url":"https:\/\/secure.gravatar.com\/avatar\/e836a21cdda7d1a602c49880145b7a9b7a76ee1acdc3df5fb44089ead12fd2b1?s=96&d=mm&r=g","contentUrl":"https:\/\/secure.gravatar.com\/avatar\/e836a21cdda7d1a602c49880145b7a9b7a76ee1acdc3df5fb44089ead12fd2b1?s=96&d=mm&r=g","caption":"promiseo"},"sameAs":["https:\/\/viacarpatia.eu"],"url":"https:\/\/viacarpatia.eu\/en\/author\/promiseo\/"}]}},"_links":{"self":[{"href":"https:\/\/viacarpatia.eu\/en\/wp-json\/wp\/v2\/posts\/7276","targetHints":{"allow":["GET"]}}],"collection":[{"href":"https:\/\/viacarpatia.eu\/en\/wp-json\/wp\/v2\/posts"}],"about":[{"href":"https:\/\/viacarpatia.eu\/en\/wp-json\/wp\/v2\/types\/post"}],"author":[{"embeddable":true,"href":"https:\/\/viacarpatia.eu\/en\/wp-json\/wp\/v2\/users\/1"}],"replies":[{"embeddable":true,"href":"https:\/\/viacarpatia.eu\/en\/wp-json\/wp\/v2\/comments?post=7276"}],"version-history":[{"count":1,"href":"https:\/\/viacarpatia.eu\/en\/wp-json\/wp\/v2\/posts\/7276\/revisions"}],"predecessor-version":[{"id":7277,"href":"https:\/\/viacarpatia.eu\/en\/wp-json\/wp\/v2\/posts\/7276\/revisions\/7277"}],"wp:featuredmedia":[{"embeddable":true,"href":"https:\/\/viacarpatia.eu\/en\/wp-json\/wp\/v2\/media\/4808"}],"wp:attachment":[{"href":"https:\/\/viacarpatia.eu\/en\/wp-json\/wp\/v2\/media?parent=7276"}],"wp:term":[{"taxonomy":"category","embeddable":true,"href":"https:\/\/viacarpatia.eu\/en\/wp-json\/wp\/v2\/categories?post=7276"},{"taxonomy":"post_tag","embeddable":true,"href":"https:\/\/viacarpatia.eu\/en\/wp-json\/wp\/v2\/tags?post=7276"}],"curies":[{"name":"wp","href":"https:\/\/api.w.org\/{rel}","templated":true}]}}