{"id":7910,"date":"2023-10-20T14:31:47","date_gmt":"2023-10-20T12:31:47","guid":{"rendered":"https:\/\/viacarpatia.eu\/?p=7910"},"modified":"2023-11-02T14:46:48","modified_gmt":"2023-11-02T13:46:48","slug":"info-dni-fondu-malych-projektov-v-ramci-programu-interreg-vi-a-husk","status":"publish","type":"post","link":"https:\/\/viacarpatia.eu\/en\/info-dni-fondu-malych-projektov-v-ramci-programu-interreg-vi-a-husk\/","title":{"rendered":"INFO days of the Small Projects Fund under the Interreg VI-A HUSK 2021-2027 Programme"},"content":{"rendered":"<p>In the light of the launch of the Call for proposals for small projects under the Interreg VI-A HUSK 2021-2027 Programme, we would like to inform you about the dates of the INFO DAYS for applicants. The INFO DAYS will take place both in person and online.<br \/>\nFor the INFO DAYS (both in person and online) it is <strong>necessary to register via the <a href=\"https:\/\/docs.google.com\/forms\/d\/e\/1FAIpQLSf6_n4cIAwPAIbadVDFtD1vkchghB_o3NBpMUx0Zazm6G7t9g\/viewform\">form.<\/a><\/strong><\/p>\n<p>IN PERSON: you will receive precise information based on your registration<br \/>\nONLINE: upon registration you will receive a link to register for the selected online INFO DAY.<\/p>\n<p>Online INFO DAYS are provided on Tuesdays and Thursdays at the following times:<\/p>\n<ul>\n<li>10:00 in Slovak language<\/li>\n<li>13:00 in Hungarian language<\/li>\n<\/ul>\n<p>We wish applicants every success in their applications!<\/p>\n","protected":false},"excerpt":{"rendered":"<p>In the light of the launch of the Call for proposals for small projects under the Interreg VI-A HUSK 2021-2027 Programme, we would like to inform you about the dates of the INFO DAYS for applicants. The INFO DAYS will take place both in person and online. For the INFO DAYS (both in person and [&hellip;]<\/p>\n","protected":false},"author":2,"featured_media":7895,"comment_status":"closed","ping_status":"open","sticky":false,"template":"","format":"standard","meta":{"inline_featured_image":false,"footnotes":""},"categories":[4],"tags":[],"class_list":["post-7910","post","type-post","status-publish","format-standard","has-post-thumbnail","hentry","category-uncategorized"],"acf":[],"yoast_head":"<!-- This site is optimized with the Yoast SEO plugin v27.5 - https:\/\/yoast.com\/product\/yoast-seo-wordpress\/ -->\n<title>INFO days of the Small Projects Fund under the Interreg VI-A HUSK 2021-2027 Programme - ViaCarpatia<\/title>\n<meta name=\"robots\" content=\"index, follow, max-snippet:-1, max-image-preview:large, max-video-preview:-1\" \/>\n<link rel=\"canonical\" href=\"https:\/\/viacarpatia.eu\/en\/info-dni-fondu-malych-projektov-v-ramci-programu-interreg-vi-a-husk\/\" \/>\n<meta property=\"og:locale\" content=\"en_US\" \/>\n<meta property=\"og:type\" content=\"article\" \/>\n<meta property=\"og:title\" content=\"INFO days of the Small Projects Fund under the Interreg VI-A HUSK 2021-2027 Programme - ViaCarpatia\" \/>\n<meta property=\"og:description\" content=\"In the light of the launch of the Call for proposals for small projects under the Interreg VI-A HUSK 2021-2027 Programme, we would like to inform you about the dates of the INFO DAYS for applicants. The INFO DAYS will take place both in person and online. For the INFO DAYS (both in person and [&hellip;]\" \/>\n<meta property=\"og:url\" content=\"https:\/\/viacarpatia.eu\/en\/info-dni-fondu-malych-projektov-v-ramci-programu-interreg-vi-a-husk\/\" \/>\n<meta property=\"og:site_name\" content=\"ViaCarpatia\" \/>\n<meta property=\"article:published_time\" content=\"2023-10-20T12:31:47+00:00\" \/>\n<meta property=\"article:modified_time\" content=\"2023-11-02T13:46:48+00:00\" \/>\n<meta property=\"og:image\" content=\"https:\/\/viacarpatia.eu\/wp-content\/uploads\/2023\/10\/1-1.png\" \/>\n\t<meta property=\"og:image:width\" content=\"940\" \/>\n\t<meta property=\"og:image:height\" content=\"788\" \/>\n\t<meta property=\"og:image:type\" content=\"image\/png\" \/>\n<meta name=\"author\" content=\"viacarpatia\" \/>\n<meta name=\"twitter:card\" content=\"summary_large_image\" \/>\n<meta name=\"twitter:label1\" content=\"Written by\" \/>\n\t<meta name=\"twitter:data1\" content=\"viacarpatia\" \/>\n\t<meta name=\"twitter:label2\" content=\"Est. reading time\" \/>\n\t<meta name=\"twitter:data2\" content=\"1 minute\" \/>\n<script type=\"application\/ld+json\" class=\"yoast-schema-graph\">{\"@context\":\"https:\\\/\\\/schema.org\",\"@graph\":[{\"@type\":\"Article\",\"@id\":\"https:\\\/\\\/viacarpatia.eu\\\/en\\\/info-dni-fondu-malych-projektov-v-ramci-programu-interreg-vi-a-husk\\\/#article\",\"isPartOf\":{\"@id\":\"https:\\\/\\\/viacarpatia.eu\\\/en\\\/info-dni-fondu-malych-projektov-v-ramci-programu-interreg-vi-a-husk\\\/\"},\"author\":{\"name\":\"viacarpatia\",\"@id\":\"https:\\\/\\\/viacarpatia.eu\\\/#\\\/schema\\\/person\\\/277ebb22abd307244031b67cd127739f\"},\"headline\":\"INFO days of the Small Projects Fund under the Interreg VI-A HUSK 2021-2027 Programme\",\"datePublished\":\"2023-10-20T12:31:47+00:00\",\"dateModified\":\"2023-11-02T13:46:48+00:00\",\"mainEntityOfPage\":{\"@id\":\"https:\\\/\\\/viacarpatia.eu\\\/en\\\/info-dni-fondu-malych-projektov-v-ramci-programu-interreg-vi-a-husk\\\/\"},\"wordCount\":132,\"image\":{\"@id\":\"https:\\\/\\\/viacarpatia.eu\\\/en\\\/info-dni-fondu-malych-projektov-v-ramci-programu-interreg-vi-a-husk\\\/#primaryimage\"},\"thumbnailUrl\":\"https:\\\/\\\/viacarpatia.eu\\\/wp-content\\\/uploads\\\/2023\\\/10\\\/1-1.png\",\"inLanguage\":\"en-US\"},{\"@type\":\"WebPage\",\"@id\":\"https:\\\/\\\/viacarpatia.eu\\\/en\\\/info-dni-fondu-malych-projektov-v-ramci-programu-interreg-vi-a-husk\\\/\",\"url\":\"https:\\\/\\\/viacarpatia.eu\\\/en\\\/info-dni-fondu-malych-projektov-v-ramci-programu-interreg-vi-a-husk\\\/\",\"name\":\"INFO days of the Small Projects Fund under the Interreg VI-A HUSK 2021-2027 Programme - ViaCarpatia\",\"isPartOf\":{\"@id\":\"https:\\\/\\\/viacarpatia.eu\\\/#website\"},\"primaryImageOfPage\":{\"@id\":\"https:\\\/\\\/viacarpatia.eu\\\/en\\\/info-dni-fondu-malych-projektov-v-ramci-programu-interreg-vi-a-husk\\\/#primaryimage\"},\"image\":{\"@id\":\"https:\\\/\\\/viacarpatia.eu\\\/en\\\/info-dni-fondu-malych-projektov-v-ramci-programu-interreg-vi-a-husk\\\/#primaryimage\"},\"thumbnailUrl\":\"https:\\\/\\\/viacarpatia.eu\\\/wp-content\\\/uploads\\\/2023\\\/10\\\/1-1.png\",\"datePublished\":\"2023-10-20T12:31:47+00:00\",\"dateModified\":\"2023-11-02T13:46:48+00:00\",\"author\":{\"@id\":\"https:\\\/\\\/viacarpatia.eu\\\/#\\\/schema\\\/person\\\/277ebb22abd307244031b67cd127739f\"},\"breadcrumb\":{\"@id\":\"https:\\\/\\\/viacarpatia.eu\\\/en\\\/info-dni-fondu-malych-projektov-v-ramci-programu-interreg-vi-a-husk\\\/#breadcrumb\"},\"inLanguage\":\"en-US\",\"potentialAction\":[{\"@type\":\"ReadAction\",\"target\":[\"https:\\\/\\\/viacarpatia.eu\\\/en\\\/info-dni-fondu-malych-projektov-v-ramci-programu-interreg-vi-a-husk\\\/\"]}]},{\"@type\":\"ImageObject\",\"inLanguage\":\"en-US\",\"@id\":\"https:\\\/\\\/viacarpatia.eu\\\/en\\\/info-dni-fondu-malych-projektov-v-ramci-programu-interreg-vi-a-husk\\\/#primaryimage\",\"url\":\"https:\\\/\\\/viacarpatia.eu\\\/wp-content\\\/uploads\\\/2023\\\/10\\\/1-1.png\",\"contentUrl\":\"https:\\\/\\\/viacarpatia.eu\\\/wp-content\\\/uploads\\\/2023\\\/10\\\/1-1.png\",\"width\":940,\"height\":788},{\"@type\":\"BreadcrumbList\",\"@id\":\"https:\\\/\\\/viacarpatia.eu\\\/en\\\/info-dni-fondu-malych-projektov-v-ramci-programu-interreg-vi-a-husk\\\/#breadcrumb\",\"itemListElement\":[{\"@type\":\"ListItem\",\"position\":1,\"name\":\"Home\",\"item\":\"https:\\\/\\\/viacarpatia.eu\\\/\"},{\"@type\":\"ListItem\",\"position\":2,\"name\":\"INFO days of the Small Projects Fund under the Interreg VI-A HUSK 2021-2027 Programme\"}]},{\"@type\":\"WebSite\",\"@id\":\"https:\\\/\\\/viacarpatia.eu\\\/#website\",\"url\":\"https:\\\/\\\/viacarpatia.eu\\\/\",\"name\":\"ViaCarpatia\",\"description\":\"Sp\u00e1jame historick\u00e9 a kult\u00farno-jazykov\u00e9 trad\u00edcie\",\"alternateName\":\"ViaCarpatia\",\"potentialAction\":[{\"@type\":\"SearchAction\",\"target\":{\"@type\":\"EntryPoint\",\"urlTemplate\":\"https:\\\/\\\/viacarpatia.eu\\\/?s={search_term_string}\"},\"query-input\":{\"@type\":\"PropertyValueSpecification\",\"valueRequired\":true,\"valueName\":\"search_term_string\"}}],\"inLanguage\":\"en-US\"},{\"@type\":\"Person\",\"@id\":\"https:\\\/\\\/viacarpatia.eu\\\/#\\\/schema\\\/person\\\/277ebb22abd307244031b67cd127739f\",\"name\":\"viacarpatia\",\"image\":{\"@type\":\"ImageObject\",\"inLanguage\":\"en-US\",\"@id\":\"https:\\\/\\\/secure.gravatar.com\\\/avatar\\\/bba74006701163acde19f8e575cb017e72fee5f1d026e5409c03c3812cd5ffd0?s=96&d=mm&r=g\",\"url\":\"https:\\\/\\\/secure.gravatar.com\\\/avatar\\\/bba74006701163acde19f8e575cb017e72fee5f1d026e5409c03c3812cd5ffd0?s=96&d=mm&r=g\",\"contentUrl\":\"https:\\\/\\\/secure.gravatar.com\\\/avatar\\\/bba74006701163acde19f8e575cb017e72fee5f1d026e5409c03c3812cd5ffd0?s=96&d=mm&r=g\",\"caption\":\"viacarpatia\"},\"url\":\"https:\\\/\\\/viacarpatia.eu\\\/en\\\/author\\\/viacarpatia\\\/\"}]}<\/script>\n<!-- \/ Yoast SEO plugin. -->","yoast_head_json":{"title":"INFO days of the Small Projects Fund under the Interreg VI-A HUSK 2021-2027 Programme - ViaCarpatia","robots":{"index":"index","follow":"follow","max-snippet":"max-snippet:-1","max-image-preview":"max-image-preview:large","max-video-preview":"max-video-preview:-1"},"canonical":"https:\/\/viacarpatia.eu\/en\/info-dni-fondu-malych-projektov-v-ramci-programu-interreg-vi-a-husk\/","og_locale":"en_US","og_type":"article","og_title":"INFO days of the Small Projects Fund under the Interreg VI-A HUSK 2021-2027 Programme - ViaCarpatia","og_description":"In the light of the launch of the Call for proposals for small projects under the Interreg VI-A HUSK 2021-2027 Programme, we would like to inform you about the dates of the INFO DAYS for applicants. The INFO DAYS will take place both in person and online. For the INFO DAYS (both in person and [&hellip;]","og_url":"https:\/\/viacarpatia.eu\/en\/info-dni-fondu-malych-projektov-v-ramci-programu-interreg-vi-a-husk\/","og_site_name":"ViaCarpatia","article_published_time":"2023-10-20T12:31:47+00:00","article_modified_time":"2023-11-02T13:46:48+00:00","og_image":[{"width":940,"height":788,"url":"https:\/\/viacarpatia.eu\/wp-content\/uploads\/2023\/10\/1-1.png","type":"image\/png"}],"author":"viacarpatia","twitter_card":"summary_large_image","twitter_misc":{"Written by":"viacarpatia","Est. reading time":"1 minute"},"schema":{"@context":"https:\/\/schema.org","@graph":[{"@type":"Article","@id":"https:\/\/viacarpatia.eu\/en\/info-dni-fondu-malych-projektov-v-ramci-programu-interreg-vi-a-husk\/#article","isPartOf":{"@id":"https:\/\/viacarpatia.eu\/en\/info-dni-fondu-malych-projektov-v-ramci-programu-interreg-vi-a-husk\/"},"author":{"name":"viacarpatia","@id":"https:\/\/viacarpatia.eu\/#\/schema\/person\/277ebb22abd307244031b67cd127739f"},"headline":"INFO days of the Small Projects Fund under the Interreg VI-A HUSK 2021-2027 Programme","datePublished":"2023-10-20T12:31:47+00:00","dateModified":"2023-11-02T13:46:48+00:00","mainEntityOfPage":{"@id":"https:\/\/viacarpatia.eu\/en\/info-dni-fondu-malych-projektov-v-ramci-programu-interreg-vi-a-husk\/"},"wordCount":132,"image":{"@id":"https:\/\/viacarpatia.eu\/en\/info-dni-fondu-malych-projektov-v-ramci-programu-interreg-vi-a-husk\/#primaryimage"},"thumbnailUrl":"https:\/\/viacarpatia.eu\/wp-content\/uploads\/2023\/10\/1-1.png","inLanguage":"en-US"},{"@type":"WebPage","@id":"https:\/\/viacarpatia.eu\/en\/info-dni-fondu-malych-projektov-v-ramci-programu-interreg-vi-a-husk\/","url":"https:\/\/viacarpatia.eu\/en\/info-dni-fondu-malych-projektov-v-ramci-programu-interreg-vi-a-husk\/","name":"INFO days of the Small Projects Fund under the Interreg VI-A HUSK 2021-2027 Programme - ViaCarpatia","isPartOf":{"@id":"https:\/\/viacarpatia.eu\/#website"},"primaryImageOfPage":{"@id":"https:\/\/viacarpatia.eu\/en\/info-dni-fondu-malych-projektov-v-ramci-programu-interreg-vi-a-husk\/#primaryimage"},"image":{"@id":"https:\/\/viacarpatia.eu\/en\/info-dni-fondu-malych-projektov-v-ramci-programu-interreg-vi-a-husk\/#primaryimage"},"thumbnailUrl":"https:\/\/viacarpatia.eu\/wp-content\/uploads\/2023\/10\/1-1.png","datePublished":"2023-10-20T12:31:47+00:00","dateModified":"2023-11-02T13:46:48+00:00","author":{"@id":"https:\/\/viacarpatia.eu\/#\/schema\/person\/277ebb22abd307244031b67cd127739f"},"breadcrumb":{"@id":"https:\/\/viacarpatia.eu\/en\/info-dni-fondu-malych-projektov-v-ramci-programu-interreg-vi-a-husk\/#breadcrumb"},"inLanguage":"en-US","potentialAction":[{"@type":"ReadAction","target":["https:\/\/viacarpatia.eu\/en\/info-dni-fondu-malych-projektov-v-ramci-programu-interreg-vi-a-husk\/"]}]},{"@type":"ImageObject","inLanguage":"en-US","@id":"https:\/\/viacarpatia.eu\/en\/info-dni-fondu-malych-projektov-v-ramci-programu-interreg-vi-a-husk\/#primaryimage","url":"https:\/\/viacarpatia.eu\/wp-content\/uploads\/2023\/10\/1-1.png","contentUrl":"https:\/\/viacarpatia.eu\/wp-content\/uploads\/2023\/10\/1-1.png","width":940,"height":788},{"@type":"BreadcrumbList","@id":"https:\/\/viacarpatia.eu\/en\/info-dni-fondu-malych-projektov-v-ramci-programu-interreg-vi-a-husk\/#breadcrumb","itemListElement":[{"@type":"ListItem","position":1,"name":"Home","item":"https:\/\/viacarpatia.eu\/"},{"@type":"ListItem","position":2,"name":"INFO days of the Small Projects Fund under the Interreg VI-A HUSK 2021-2027 Programme"}]},{"@type":"WebSite","@id":"https:\/\/viacarpatia.eu\/#website","url":"https:\/\/viacarpatia.eu\/","name":"ViaCarpatia","description":"Sp\u00e1jame historick\u00e9 a kult\u00farno-jazykov\u00e9 trad\u00edcie","alternateName":"ViaCarpatia","potentialAction":[{"@type":"SearchAction","target":{"@type":"EntryPoint","urlTemplate":"https:\/\/viacarpatia.eu\/?s={search_term_string}"},"query-input":{"@type":"PropertyValueSpecification","valueRequired":true,"valueName":"search_term_string"}}],"inLanguage":"en-US"},{"@type":"Person","@id":"https:\/\/viacarpatia.eu\/#\/schema\/person\/277ebb22abd307244031b67cd127739f","name":"viacarpatia","image":{"@type":"ImageObject","inLanguage":"en-US","@id":"https:\/\/secure.gravatar.com\/avatar\/bba74006701163acde19f8e575cb017e72fee5f1d026e5409c03c3812cd5ffd0?s=96&d=mm&r=g","url":"https:\/\/secure.gravatar.com\/avatar\/bba74006701163acde19f8e575cb017e72fee5f1d026e5409c03c3812cd5ffd0?s=96&d=mm&r=g","contentUrl":"https:\/\/secure.gravatar.com\/avatar\/bba74006701163acde19f8e575cb017e72fee5f1d026e5409c03c3812cd5ffd0?s=96&d=mm&r=g","caption":"viacarpatia"},"url":"https:\/\/viacarpatia.eu\/en\/author\/viacarpatia\/"}]}},"_links":{"self":[{"href":"https:\/\/viacarpatia.eu\/en\/wp-json\/wp\/v2\/posts\/7910","targetHints":{"allow":["GET"]}}],"collection":[{"href":"https:\/\/viacarpatia.eu\/en\/wp-json\/wp\/v2\/posts"}],"about":[{"href":"https:\/\/viacarpatia.eu\/en\/wp-json\/wp\/v2\/types\/post"}],"author":[{"embeddable":true,"href":"https:\/\/viacarpatia.eu\/en\/wp-json\/wp\/v2\/users\/2"}],"replies":[{"embeddable":true,"href":"https:\/\/viacarpatia.eu\/en\/wp-json\/wp\/v2\/comments?post=7910"}],"version-history":[{"count":3,"href":"https:\/\/viacarpatia.eu\/en\/wp-json\/wp\/v2\/posts\/7910\/revisions"}],"predecessor-version":[{"id":7932,"href":"https:\/\/viacarpatia.eu\/en\/wp-json\/wp\/v2\/posts\/7910\/revisions\/7932"}],"wp:featuredmedia":[{"embeddable":true,"href":"https:\/\/viacarpatia.eu\/en\/wp-json\/wp\/v2\/media\/7895"}],"wp:attachment":[{"href":"https:\/\/viacarpatia.eu\/en\/wp-json\/wp\/v2\/media?parent=7910"}],"wp:term":[{"taxonomy":"category","embeddable":true,"href":"https:\/\/viacarpatia.eu\/en\/wp-json\/wp\/v2\/categories?post=7910"},{"taxonomy":"post_tag","embeddable":true,"href":"https:\/\/viacarpatia.eu\/en\/wp-json\/wp\/v2\/tags?post=7910"}],"curies":[{"name":"wp","href":"https:\/\/api.w.org\/{rel}","templated":true}]}}