{"id":8025,"date":"2023-12-21T15:29:11","date_gmt":"2023-12-21T14:29:11","guid":{"rendered":"https:\/\/viacarpatia.eu\/?p=8025"},"modified":"2023-12-21T15:29:11","modified_gmt":"2023-12-21T14:29:11","slug":"the-general-assembly-of-borsod-abauj-zemplen-county","status":"publish","type":"post","link":"https:\/\/viacarpatia.eu\/en\/the-general-assembly-of-borsod-abauj-zemplen-county\/","title":{"rendered":"The General Assembly of Borsod-Aba\u00faj-Zempl\u00e9n County"},"content":{"rendered":"<p>At the General Assembly of Borsod-Aba\u00faj-Zempl\u00e9n County we presented our achievements and plans for the next period!<br \/>\nWe are proud of what we have achieved in the past year and look forward to more interesting challenges and projects.<\/p>\n<p>Thank you to everyone who supports us in our work!<\/p>\n","protected":false},"excerpt":{"rendered":"<p>At the General Assembly of Borsod-Aba\u00faj-Zempl\u00e9n County we presented our achievements and plans for the next period! We are proud of what we have achieved in the past year and look forward to more interesting challenges and projects. Thank you to everyone who supports us in our work!<\/p>\n","protected":false},"author":2,"featured_media":8019,"comment_status":"closed","ping_status":"open","sticky":false,"template":"","format":"standard","meta":{"inline_featured_image":false,"footnotes":""},"categories":[4],"tags":[],"class_list":["post-8025","post","type-post","status-publish","format-standard","has-post-thumbnail","hentry","category-uncategorized"],"acf":[],"yoast_head":"<!-- This site is optimized with the Yoast SEO plugin v27.5 - https:\/\/yoast.com\/product\/yoast-seo-wordpress\/ -->\n<title>The General Assembly of Borsod-Aba\u00faj-Zempl\u00e9n County - ViaCarpatia<\/title>\n<meta name=\"robots\" content=\"index, follow, max-snippet:-1, max-image-preview:large, max-video-preview:-1\" \/>\n<link rel=\"canonical\" href=\"https:\/\/viacarpatia.eu\/en\/the-general-assembly-of-borsod-abauj-zemplen-county\/\" \/>\n<meta property=\"og:locale\" content=\"en_US\" \/>\n<meta property=\"og:type\" content=\"article\" \/>\n<meta property=\"og:title\" content=\"The General Assembly of Borsod-Aba\u00faj-Zempl\u00e9n County - ViaCarpatia\" \/>\n<meta property=\"og:description\" content=\"At the General Assembly of Borsod-Aba\u00faj-Zempl\u00e9n County we presented our achievements and plans for the next period! We are proud of what we have achieved in the past year and look forward to more interesting challenges and projects. Thank you to everyone who supports us in our work!\" \/>\n<meta property=\"og:url\" content=\"https:\/\/viacarpatia.eu\/en\/the-general-assembly-of-borsod-abauj-zemplen-county\/\" \/>\n<meta property=\"og:site_name\" content=\"ViaCarpatia\" \/>\n<meta property=\"article:published_time\" content=\"2023-12-21T14:29:11+00:00\" \/>\n<meta property=\"og:image\" content=\"https:\/\/viacarpatia.eu\/wp-content\/uploads\/2023\/12\/valne-baz.jpg\" \/>\n\t<meta property=\"og:image:width\" content=\"2048\" \/>\n\t<meta property=\"og:image:height\" content=\"1365\" \/>\n\t<meta property=\"og:image:type\" content=\"image\/jpeg\" \/>\n<meta name=\"author\" content=\"viacarpatia\" \/>\n<meta name=\"twitter:card\" content=\"summary_large_image\" \/>\n<meta name=\"twitter:label1\" content=\"Written by\" \/>\n\t<meta name=\"twitter:data1\" content=\"viacarpatia\" \/>\n\t<meta name=\"twitter:label2\" content=\"Est. reading time\" \/>\n\t<meta name=\"twitter:data2\" content=\"1 minute\" \/>\n<script type=\"application\/ld+json\" class=\"yoast-schema-graph\">{\"@context\":\"https:\\\/\\\/schema.org\",\"@graph\":[{\"@type\":\"Article\",\"@id\":\"https:\\\/\\\/viacarpatia.eu\\\/en\\\/the-general-assembly-of-borsod-abauj-zemplen-county\\\/#article\",\"isPartOf\":{\"@id\":\"https:\\\/\\\/viacarpatia.eu\\\/en\\\/the-general-assembly-of-borsod-abauj-zemplen-county\\\/\"},\"author\":{\"name\":\"viacarpatia\",\"@id\":\"https:\\\/\\\/viacarpatia.eu\\\/#\\\/schema\\\/person\\\/277ebb22abd307244031b67cd127739f\"},\"headline\":\"The General Assembly of Borsod-Aba\u00faj-Zempl\u00e9n County\",\"datePublished\":\"2023-12-21T14:29:11+00:00\",\"mainEntityOfPage\":{\"@id\":\"https:\\\/\\\/viacarpatia.eu\\\/en\\\/the-general-assembly-of-borsod-abauj-zemplen-county\\\/\"},\"wordCount\":58,\"image\":{\"@id\":\"https:\\\/\\\/viacarpatia.eu\\\/en\\\/the-general-assembly-of-borsod-abauj-zemplen-county\\\/#primaryimage\"},\"thumbnailUrl\":\"https:\\\/\\\/viacarpatia.eu\\\/wp-content\\\/uploads\\\/2023\\\/12\\\/valne-baz.jpg\",\"inLanguage\":\"en-US\"},{\"@type\":\"WebPage\",\"@id\":\"https:\\\/\\\/viacarpatia.eu\\\/en\\\/the-general-assembly-of-borsod-abauj-zemplen-county\\\/\",\"url\":\"https:\\\/\\\/viacarpatia.eu\\\/en\\\/the-general-assembly-of-borsod-abauj-zemplen-county\\\/\",\"name\":\"The General Assembly of Borsod-Aba\u00faj-Zempl\u00e9n County - ViaCarpatia\",\"isPartOf\":{\"@id\":\"https:\\\/\\\/viacarpatia.eu\\\/#website\"},\"primaryImageOfPage\":{\"@id\":\"https:\\\/\\\/viacarpatia.eu\\\/en\\\/the-general-assembly-of-borsod-abauj-zemplen-county\\\/#primaryimage\"},\"image\":{\"@id\":\"https:\\\/\\\/viacarpatia.eu\\\/en\\\/the-general-assembly-of-borsod-abauj-zemplen-county\\\/#primaryimage\"},\"thumbnailUrl\":\"https:\\\/\\\/viacarpatia.eu\\\/wp-content\\\/uploads\\\/2023\\\/12\\\/valne-baz.jpg\",\"datePublished\":\"2023-12-21T14:29:11+00:00\",\"author\":{\"@id\":\"https:\\\/\\\/viacarpatia.eu\\\/#\\\/schema\\\/person\\\/277ebb22abd307244031b67cd127739f\"},\"breadcrumb\":{\"@id\":\"https:\\\/\\\/viacarpatia.eu\\\/en\\\/the-general-assembly-of-borsod-abauj-zemplen-county\\\/#breadcrumb\"},\"inLanguage\":\"en-US\",\"potentialAction\":[{\"@type\":\"ReadAction\",\"target\":[\"https:\\\/\\\/viacarpatia.eu\\\/en\\\/the-general-assembly-of-borsod-abauj-zemplen-county\\\/\"]}]},{\"@type\":\"ImageObject\",\"inLanguage\":\"en-US\",\"@id\":\"https:\\\/\\\/viacarpatia.eu\\\/en\\\/the-general-assembly-of-borsod-abauj-zemplen-county\\\/#primaryimage\",\"url\":\"https:\\\/\\\/viacarpatia.eu\\\/wp-content\\\/uploads\\\/2023\\\/12\\\/valne-baz.jpg\",\"contentUrl\":\"https:\\\/\\\/viacarpatia.eu\\\/wp-content\\\/uploads\\\/2023\\\/12\\\/valne-baz.jpg\",\"width\":2048,\"height\":1365},{\"@type\":\"BreadcrumbList\",\"@id\":\"https:\\\/\\\/viacarpatia.eu\\\/en\\\/the-general-assembly-of-borsod-abauj-zemplen-county\\\/#breadcrumb\",\"itemListElement\":[{\"@type\":\"ListItem\",\"position\":1,\"name\":\"Home\",\"item\":\"https:\\\/\\\/viacarpatia.eu\\\/\"},{\"@type\":\"ListItem\",\"position\":2,\"name\":\"The General Assembly of Borsod-Aba\u00faj-Zempl\u00e9n County\"}]},{\"@type\":\"WebSite\",\"@id\":\"https:\\\/\\\/viacarpatia.eu\\\/#website\",\"url\":\"https:\\\/\\\/viacarpatia.eu\\\/\",\"name\":\"ViaCarpatia\",\"description\":\"Sp\u00e1jame historick\u00e9 a kult\u00farno-jazykov\u00e9 trad\u00edcie\",\"alternateName\":\"ViaCarpatia\",\"potentialAction\":[{\"@type\":\"SearchAction\",\"target\":{\"@type\":\"EntryPoint\",\"urlTemplate\":\"https:\\\/\\\/viacarpatia.eu\\\/?s={search_term_string}\"},\"query-input\":{\"@type\":\"PropertyValueSpecification\",\"valueRequired\":true,\"valueName\":\"search_term_string\"}}],\"inLanguage\":\"en-US\"},{\"@type\":\"Person\",\"@id\":\"https:\\\/\\\/viacarpatia.eu\\\/#\\\/schema\\\/person\\\/277ebb22abd307244031b67cd127739f\",\"name\":\"viacarpatia\",\"image\":{\"@type\":\"ImageObject\",\"inLanguage\":\"en-US\",\"@id\":\"https:\\\/\\\/secure.gravatar.com\\\/avatar\\\/bba74006701163acde19f8e575cb017e72fee5f1d026e5409c03c3812cd5ffd0?s=96&d=mm&r=g\",\"url\":\"https:\\\/\\\/secure.gravatar.com\\\/avatar\\\/bba74006701163acde19f8e575cb017e72fee5f1d026e5409c03c3812cd5ffd0?s=96&d=mm&r=g\",\"contentUrl\":\"https:\\\/\\\/secure.gravatar.com\\\/avatar\\\/bba74006701163acde19f8e575cb017e72fee5f1d026e5409c03c3812cd5ffd0?s=96&d=mm&r=g\",\"caption\":\"viacarpatia\"},\"url\":\"https:\\\/\\\/viacarpatia.eu\\\/en\\\/author\\\/viacarpatia\\\/\"}]}<\/script>\n<!-- \/ Yoast SEO plugin. -->","yoast_head_json":{"title":"The General Assembly of Borsod-Aba\u00faj-Zempl\u00e9n County - ViaCarpatia","robots":{"index":"index","follow":"follow","max-snippet":"max-snippet:-1","max-image-preview":"max-image-preview:large","max-video-preview":"max-video-preview:-1"},"canonical":"https:\/\/viacarpatia.eu\/en\/the-general-assembly-of-borsod-abauj-zemplen-county\/","og_locale":"en_US","og_type":"article","og_title":"The General Assembly of Borsod-Aba\u00faj-Zempl\u00e9n County - ViaCarpatia","og_description":"At the General Assembly of Borsod-Aba\u00faj-Zempl\u00e9n County we presented our achievements and plans for the next period! We are proud of what we have achieved in the past year and look forward to more interesting challenges and projects. Thank you to everyone who supports us in our work!","og_url":"https:\/\/viacarpatia.eu\/en\/the-general-assembly-of-borsod-abauj-zemplen-county\/","og_site_name":"ViaCarpatia","article_published_time":"2023-12-21T14:29:11+00:00","og_image":[{"width":2048,"height":1365,"url":"https:\/\/viacarpatia.eu\/wp-content\/uploads\/2023\/12\/valne-baz.jpg","type":"image\/jpeg"}],"author":"viacarpatia","twitter_card":"summary_large_image","twitter_misc":{"Written by":"viacarpatia","Est. reading time":"1 minute"},"schema":{"@context":"https:\/\/schema.org","@graph":[{"@type":"Article","@id":"https:\/\/viacarpatia.eu\/en\/the-general-assembly-of-borsod-abauj-zemplen-county\/#article","isPartOf":{"@id":"https:\/\/viacarpatia.eu\/en\/the-general-assembly-of-borsod-abauj-zemplen-county\/"},"author":{"name":"viacarpatia","@id":"https:\/\/viacarpatia.eu\/#\/schema\/person\/277ebb22abd307244031b67cd127739f"},"headline":"The General Assembly of Borsod-Aba\u00faj-Zempl\u00e9n County","datePublished":"2023-12-21T14:29:11+00:00","mainEntityOfPage":{"@id":"https:\/\/viacarpatia.eu\/en\/the-general-assembly-of-borsod-abauj-zemplen-county\/"},"wordCount":58,"image":{"@id":"https:\/\/viacarpatia.eu\/en\/the-general-assembly-of-borsod-abauj-zemplen-county\/#primaryimage"},"thumbnailUrl":"https:\/\/viacarpatia.eu\/wp-content\/uploads\/2023\/12\/valne-baz.jpg","inLanguage":"en-US"},{"@type":"WebPage","@id":"https:\/\/viacarpatia.eu\/en\/the-general-assembly-of-borsod-abauj-zemplen-county\/","url":"https:\/\/viacarpatia.eu\/en\/the-general-assembly-of-borsod-abauj-zemplen-county\/","name":"The General Assembly of Borsod-Aba\u00faj-Zempl\u00e9n County - ViaCarpatia","isPartOf":{"@id":"https:\/\/viacarpatia.eu\/#website"},"primaryImageOfPage":{"@id":"https:\/\/viacarpatia.eu\/en\/the-general-assembly-of-borsod-abauj-zemplen-county\/#primaryimage"},"image":{"@id":"https:\/\/viacarpatia.eu\/en\/the-general-assembly-of-borsod-abauj-zemplen-county\/#primaryimage"},"thumbnailUrl":"https:\/\/viacarpatia.eu\/wp-content\/uploads\/2023\/12\/valne-baz.jpg","datePublished":"2023-12-21T14:29:11+00:00","author":{"@id":"https:\/\/viacarpatia.eu\/#\/schema\/person\/277ebb22abd307244031b67cd127739f"},"breadcrumb":{"@id":"https:\/\/viacarpatia.eu\/en\/the-general-assembly-of-borsod-abauj-zemplen-county\/#breadcrumb"},"inLanguage":"en-US","potentialAction":[{"@type":"ReadAction","target":["https:\/\/viacarpatia.eu\/en\/the-general-assembly-of-borsod-abauj-zemplen-county\/"]}]},{"@type":"ImageObject","inLanguage":"en-US","@id":"https:\/\/viacarpatia.eu\/en\/the-general-assembly-of-borsod-abauj-zemplen-county\/#primaryimage","url":"https:\/\/viacarpatia.eu\/wp-content\/uploads\/2023\/12\/valne-baz.jpg","contentUrl":"https:\/\/viacarpatia.eu\/wp-content\/uploads\/2023\/12\/valne-baz.jpg","width":2048,"height":1365},{"@type":"BreadcrumbList","@id":"https:\/\/viacarpatia.eu\/en\/the-general-assembly-of-borsod-abauj-zemplen-county\/#breadcrumb","itemListElement":[{"@type":"ListItem","position":1,"name":"Home","item":"https:\/\/viacarpatia.eu\/"},{"@type":"ListItem","position":2,"name":"The General Assembly of Borsod-Aba\u00faj-Zempl\u00e9n County"}]},{"@type":"WebSite","@id":"https:\/\/viacarpatia.eu\/#website","url":"https:\/\/viacarpatia.eu\/","name":"ViaCarpatia","description":"Sp\u00e1jame historick\u00e9 a kult\u00farno-jazykov\u00e9 trad\u00edcie","alternateName":"ViaCarpatia","potentialAction":[{"@type":"SearchAction","target":{"@type":"EntryPoint","urlTemplate":"https:\/\/viacarpatia.eu\/?s={search_term_string}"},"query-input":{"@type":"PropertyValueSpecification","valueRequired":true,"valueName":"search_term_string"}}],"inLanguage":"en-US"},{"@type":"Person","@id":"https:\/\/viacarpatia.eu\/#\/schema\/person\/277ebb22abd307244031b67cd127739f","name":"viacarpatia","image":{"@type":"ImageObject","inLanguage":"en-US","@id":"https:\/\/secure.gravatar.com\/avatar\/bba74006701163acde19f8e575cb017e72fee5f1d026e5409c03c3812cd5ffd0?s=96&d=mm&r=g","url":"https:\/\/secure.gravatar.com\/avatar\/bba74006701163acde19f8e575cb017e72fee5f1d026e5409c03c3812cd5ffd0?s=96&d=mm&r=g","contentUrl":"https:\/\/secure.gravatar.com\/avatar\/bba74006701163acde19f8e575cb017e72fee5f1d026e5409c03c3812cd5ffd0?s=96&d=mm&r=g","caption":"viacarpatia"},"url":"https:\/\/viacarpatia.eu\/en\/author\/viacarpatia\/"}]}},"_links":{"self":[{"href":"https:\/\/viacarpatia.eu\/en\/wp-json\/wp\/v2\/posts\/8025","targetHints":{"allow":["GET"]}}],"collection":[{"href":"https:\/\/viacarpatia.eu\/en\/wp-json\/wp\/v2\/posts"}],"about":[{"href":"https:\/\/viacarpatia.eu\/en\/wp-json\/wp\/v2\/types\/post"}],"author":[{"embeddable":true,"href":"https:\/\/viacarpatia.eu\/en\/wp-json\/wp\/v2\/users\/2"}],"replies":[{"embeddable":true,"href":"https:\/\/viacarpatia.eu\/en\/wp-json\/wp\/v2\/comments?post=8025"}],"version-history":[{"count":1,"href":"https:\/\/viacarpatia.eu\/en\/wp-json\/wp\/v2\/posts\/8025\/revisions"}],"predecessor-version":[{"id":8026,"href":"https:\/\/viacarpatia.eu\/en\/wp-json\/wp\/v2\/posts\/8025\/revisions\/8026"}],"wp:featuredmedia":[{"embeddable":true,"href":"https:\/\/viacarpatia.eu\/en\/wp-json\/wp\/v2\/media\/8019"}],"wp:attachment":[{"href":"https:\/\/viacarpatia.eu\/en\/wp-json\/wp\/v2\/media?parent=8025"}],"wp:term":[{"taxonomy":"category","embeddable":true,"href":"https:\/\/viacarpatia.eu\/en\/wp-json\/wp\/v2\/categories?post=8025"},{"taxonomy":"post_tag","embeddable":true,"href":"https:\/\/viacarpatia.eu\/en\/wp-json\/wp\/v2\/tags?post=8025"}],"curies":[{"name":"wp","href":"https:\/\/api.w.org\/{rel}","templated":true}]}}