{"id":8819,"date":"2024-06-25T22:23:47","date_gmt":"2024-06-25T20:23:47","guid":{"rendered":"https:\/\/viacarpatia.eu\/?p=8819"},"modified":"2024-06-25T22:23:47","modified_gmt":"2024-06-25T20:23:47","slug":"opening-the-terrace-for-our-centre-for-active-ageing","status":"publish","type":"post","link":"https:\/\/viacarpatia.eu\/en\/opening-the-terrace-for-our-centre-for-active-ageing\/","title":{"rendered":"Opening the terrace for our Centre for Active Ageing"},"content":{"rendered":"<p>With the start of construction on March 4, 2024, the process of building modifications and the construction of the terrace of the Center for Active Aging on the unused space near the building on Ba\u010d\u00edkov\u00e1 Street No. 7, in which the Center for Active Aging operates, was launched. On June 6, it will celebrate 2 years of active operation. The center presents an innovative approach aimed primarily at improving the quality of life of seniors by supporting their health, physical activity and socialization. There are currently over 400 active seniors in the database, almost half<br \/>\nof them attends activities at the center regularly.<\/p>\n<p>Seniors spend their free time on educational activities during language courses, engage in physical activities such as strengthening, yoga and dancing, and as part of art therapy, they devote themselves to mastering craft techniques and handicrafts under the guidance of senior lecturers. The healthy food activity shapes their eating habits appropriate to their age, needs and state of health. Socialization and establishing new contacts is also important, for what<br \/>\ntrips, quizzes, lectures and discussions help. During them, they get to know the natural, historical and cultural beauties of the region, but also the personalities and people who live among us. Professional lectures bring them valuable information in the field of health and healthy lifestyle, IT technologies, safety, but also benefits offered by health insurance companies. From June 2024, the space of the terrace will be used for recreational and gardening activities in the cultivation of ornamental and useful plants, but it also creates space for cultural events of various nature.<\/p>\n<p>The terrace was built thanks to a subsidy from the Ko\u0161ice self-governing region in the amount of 60 thousand Euros.<\/p>\n","protected":false},"excerpt":{"rendered":"<p>With the start of construction on March 4, 2024, the process of building modifications and the construction of the terrace of the Center for Active Aging on the unused space near the building on Ba\u010d\u00edkov\u00e1 Street No. 7, in which the Center for Active Aging operates, was launched. On June 6, it will celebrate 2 [&hellip;]<\/p>\n","protected":false},"author":2,"featured_media":8816,"comment_status":"closed","ping_status":"open","sticky":false,"template":"","format":"standard","meta":{"inline_featured_image":false,"footnotes":""},"categories":[4],"tags":[],"class_list":["post-8819","post","type-post","status-publish","format-standard","has-post-thumbnail","hentry","category-uncategorized"],"acf":[],"yoast_head":"<!-- This site is optimized with the Yoast SEO plugin v27.5 - https:\/\/yoast.com\/product\/yoast-seo-wordpress\/ -->\n<title>Opening the terrace for our Centre for Active Ageing - ViaCarpatia<\/title>\n<meta name=\"robots\" content=\"index, follow, max-snippet:-1, max-image-preview:large, max-video-preview:-1\" \/>\n<link rel=\"canonical\" href=\"https:\/\/viacarpatia.eu\/en\/opening-the-terrace-for-our-centre-for-active-ageing\/\" \/>\n<meta property=\"og:locale\" content=\"en_US\" \/>\n<meta property=\"og:type\" content=\"article\" \/>\n<meta property=\"og:title\" content=\"Opening the terrace for our Centre for Active Ageing - ViaCarpatia\" \/>\n<meta property=\"og:description\" content=\"With the start of construction on March 4, 2024, the process of building modifications and the construction of the terrace of the Center for Active Aging on the unused space near the building on Ba\u010d\u00edkov\u00e1 Street No. 7, in which the Center for Active Aging operates, was launched. On June 6, it will celebrate 2 [&hellip;]\" \/>\n<meta property=\"og:url\" content=\"https:\/\/viacarpatia.eu\/en\/opening-the-terrace-for-our-centre-for-active-ageing\/\" \/>\n<meta property=\"og:site_name\" content=\"ViaCarpatia\" \/>\n<meta property=\"article:published_time\" content=\"2024-06-25T20:23:47+00:00\" \/>\n<meta property=\"og:image\" content=\"https:\/\/viacarpatia.eu\/wp-content\/uploads\/2024\/06\/447878674_846674134173526_5515294379466088539_n.jpg\" \/>\n\t<meta property=\"og:image:width\" content=\"1440\" \/>\n\t<meta property=\"og:image:height\" content=\"960\" \/>\n\t<meta property=\"og:image:type\" content=\"image\/jpeg\" \/>\n<meta name=\"author\" content=\"viacarpatia\" \/>\n<meta name=\"twitter:card\" content=\"summary_large_image\" \/>\n<meta name=\"twitter:label1\" content=\"Written by\" \/>\n\t<meta name=\"twitter:data1\" content=\"viacarpatia\" \/>\n\t<meta name=\"twitter:label2\" content=\"Est. reading time\" \/>\n\t<meta name=\"twitter:data2\" content=\"1 minute\" \/>\n<script type=\"application\/ld+json\" class=\"yoast-schema-graph\">{\"@context\":\"https:\\\/\\\/schema.org\",\"@graph\":[{\"@type\":\"Article\",\"@id\":\"https:\\\/\\\/viacarpatia.eu\\\/en\\\/opening-the-terrace-for-our-centre-for-active-ageing\\\/#article\",\"isPartOf\":{\"@id\":\"https:\\\/\\\/viacarpatia.eu\\\/en\\\/opening-the-terrace-for-our-centre-for-active-ageing\\\/\"},\"author\":{\"name\":\"viacarpatia\",\"@id\":\"https:\\\/\\\/viacarpatia.eu\\\/#\\\/schema\\\/person\\\/277ebb22abd307244031b67cd127739f\"},\"headline\":\"Opening the terrace for our Centre for Active Ageing\",\"datePublished\":\"2024-06-25T20:23:47+00:00\",\"mainEntityOfPage\":{\"@id\":\"https:\\\/\\\/viacarpatia.eu\\\/en\\\/opening-the-terrace-for-our-centre-for-active-ageing\\\/\"},\"wordCount\":286,\"image\":{\"@id\":\"https:\\\/\\\/viacarpatia.eu\\\/en\\\/opening-the-terrace-for-our-centre-for-active-ageing\\\/#primaryimage\"},\"thumbnailUrl\":\"https:\\\/\\\/viacarpatia.eu\\\/wp-content\\\/uploads\\\/2024\\\/06\\\/447878674_846674134173526_5515294379466088539_n.jpg\",\"inLanguage\":\"en-US\"},{\"@type\":\"WebPage\",\"@id\":\"https:\\\/\\\/viacarpatia.eu\\\/en\\\/opening-the-terrace-for-our-centre-for-active-ageing\\\/\",\"url\":\"https:\\\/\\\/viacarpatia.eu\\\/en\\\/opening-the-terrace-for-our-centre-for-active-ageing\\\/\",\"name\":\"Opening the terrace for our Centre for Active Ageing - ViaCarpatia\",\"isPartOf\":{\"@id\":\"https:\\\/\\\/viacarpatia.eu\\\/#website\"},\"primaryImageOfPage\":{\"@id\":\"https:\\\/\\\/viacarpatia.eu\\\/en\\\/opening-the-terrace-for-our-centre-for-active-ageing\\\/#primaryimage\"},\"image\":{\"@id\":\"https:\\\/\\\/viacarpatia.eu\\\/en\\\/opening-the-terrace-for-our-centre-for-active-ageing\\\/#primaryimage\"},\"thumbnailUrl\":\"https:\\\/\\\/viacarpatia.eu\\\/wp-content\\\/uploads\\\/2024\\\/06\\\/447878674_846674134173526_5515294379466088539_n.jpg\",\"datePublished\":\"2024-06-25T20:23:47+00:00\",\"author\":{\"@id\":\"https:\\\/\\\/viacarpatia.eu\\\/#\\\/schema\\\/person\\\/277ebb22abd307244031b67cd127739f\"},\"breadcrumb\":{\"@id\":\"https:\\\/\\\/viacarpatia.eu\\\/en\\\/opening-the-terrace-for-our-centre-for-active-ageing\\\/#breadcrumb\"},\"inLanguage\":\"en-US\",\"potentialAction\":[{\"@type\":\"ReadAction\",\"target\":[\"https:\\\/\\\/viacarpatia.eu\\\/en\\\/opening-the-terrace-for-our-centre-for-active-ageing\\\/\"]}]},{\"@type\":\"ImageObject\",\"inLanguage\":\"en-US\",\"@id\":\"https:\\\/\\\/viacarpatia.eu\\\/en\\\/opening-the-terrace-for-our-centre-for-active-ageing\\\/#primaryimage\",\"url\":\"https:\\\/\\\/viacarpatia.eu\\\/wp-content\\\/uploads\\\/2024\\\/06\\\/447878674_846674134173526_5515294379466088539_n.jpg\",\"contentUrl\":\"https:\\\/\\\/viacarpatia.eu\\\/wp-content\\\/uploads\\\/2024\\\/06\\\/447878674_846674134173526_5515294379466088539_n.jpg\",\"width\":1440,\"height\":960},{\"@type\":\"BreadcrumbList\",\"@id\":\"https:\\\/\\\/viacarpatia.eu\\\/en\\\/opening-the-terrace-for-our-centre-for-active-ageing\\\/#breadcrumb\",\"itemListElement\":[{\"@type\":\"ListItem\",\"position\":1,\"name\":\"Home\",\"item\":\"https:\\\/\\\/viacarpatia.eu\\\/\"},{\"@type\":\"ListItem\",\"position\":2,\"name\":\"Opening the terrace for our Centre for Active Ageing\"}]},{\"@type\":\"WebSite\",\"@id\":\"https:\\\/\\\/viacarpatia.eu\\\/#website\",\"url\":\"https:\\\/\\\/viacarpatia.eu\\\/\",\"name\":\"ViaCarpatia\",\"description\":\"Sp\u00e1jame historick\u00e9 a kult\u00farno-jazykov\u00e9 trad\u00edcie\",\"alternateName\":\"ViaCarpatia\",\"potentialAction\":[{\"@type\":\"SearchAction\",\"target\":{\"@type\":\"EntryPoint\",\"urlTemplate\":\"https:\\\/\\\/viacarpatia.eu\\\/?s={search_term_string}\"},\"query-input\":{\"@type\":\"PropertyValueSpecification\",\"valueRequired\":true,\"valueName\":\"search_term_string\"}}],\"inLanguage\":\"en-US\"},{\"@type\":\"Person\",\"@id\":\"https:\\\/\\\/viacarpatia.eu\\\/#\\\/schema\\\/person\\\/277ebb22abd307244031b67cd127739f\",\"name\":\"viacarpatia\",\"image\":{\"@type\":\"ImageObject\",\"inLanguage\":\"en-US\",\"@id\":\"https:\\\/\\\/secure.gravatar.com\\\/avatar\\\/bba74006701163acde19f8e575cb017e72fee5f1d026e5409c03c3812cd5ffd0?s=96&d=mm&r=g\",\"url\":\"https:\\\/\\\/secure.gravatar.com\\\/avatar\\\/bba74006701163acde19f8e575cb017e72fee5f1d026e5409c03c3812cd5ffd0?s=96&d=mm&r=g\",\"contentUrl\":\"https:\\\/\\\/secure.gravatar.com\\\/avatar\\\/bba74006701163acde19f8e575cb017e72fee5f1d026e5409c03c3812cd5ffd0?s=96&d=mm&r=g\",\"caption\":\"viacarpatia\"},\"url\":\"https:\\\/\\\/viacarpatia.eu\\\/en\\\/author\\\/viacarpatia\\\/\"}]}<\/script>\n<!-- \/ Yoast SEO plugin. -->","yoast_head_json":{"title":"Opening the terrace for our Centre for Active Ageing - ViaCarpatia","robots":{"index":"index","follow":"follow","max-snippet":"max-snippet:-1","max-image-preview":"max-image-preview:large","max-video-preview":"max-video-preview:-1"},"canonical":"https:\/\/viacarpatia.eu\/en\/opening-the-terrace-for-our-centre-for-active-ageing\/","og_locale":"en_US","og_type":"article","og_title":"Opening the terrace for our Centre for Active Ageing - ViaCarpatia","og_description":"With the start of construction on March 4, 2024, the process of building modifications and the construction of the terrace of the Center for Active Aging on the unused space near the building on Ba\u010d\u00edkov\u00e1 Street No. 7, in which the Center for Active Aging operates, was launched. On June 6, it will celebrate 2 [&hellip;]","og_url":"https:\/\/viacarpatia.eu\/en\/opening-the-terrace-for-our-centre-for-active-ageing\/","og_site_name":"ViaCarpatia","article_published_time":"2024-06-25T20:23:47+00:00","og_image":[{"width":1440,"height":960,"url":"https:\/\/viacarpatia.eu\/wp-content\/uploads\/2024\/06\/447878674_846674134173526_5515294379466088539_n.jpg","type":"image\/jpeg"}],"author":"viacarpatia","twitter_card":"summary_large_image","twitter_misc":{"Written by":"viacarpatia","Est. reading time":"1 minute"},"schema":{"@context":"https:\/\/schema.org","@graph":[{"@type":"Article","@id":"https:\/\/viacarpatia.eu\/en\/opening-the-terrace-for-our-centre-for-active-ageing\/#article","isPartOf":{"@id":"https:\/\/viacarpatia.eu\/en\/opening-the-terrace-for-our-centre-for-active-ageing\/"},"author":{"name":"viacarpatia","@id":"https:\/\/viacarpatia.eu\/#\/schema\/person\/277ebb22abd307244031b67cd127739f"},"headline":"Opening the terrace for our Centre for Active Ageing","datePublished":"2024-06-25T20:23:47+00:00","mainEntityOfPage":{"@id":"https:\/\/viacarpatia.eu\/en\/opening-the-terrace-for-our-centre-for-active-ageing\/"},"wordCount":286,"image":{"@id":"https:\/\/viacarpatia.eu\/en\/opening-the-terrace-for-our-centre-for-active-ageing\/#primaryimage"},"thumbnailUrl":"https:\/\/viacarpatia.eu\/wp-content\/uploads\/2024\/06\/447878674_846674134173526_5515294379466088539_n.jpg","inLanguage":"en-US"},{"@type":"WebPage","@id":"https:\/\/viacarpatia.eu\/en\/opening-the-terrace-for-our-centre-for-active-ageing\/","url":"https:\/\/viacarpatia.eu\/en\/opening-the-terrace-for-our-centre-for-active-ageing\/","name":"Opening the terrace for our Centre for Active Ageing - ViaCarpatia","isPartOf":{"@id":"https:\/\/viacarpatia.eu\/#website"},"primaryImageOfPage":{"@id":"https:\/\/viacarpatia.eu\/en\/opening-the-terrace-for-our-centre-for-active-ageing\/#primaryimage"},"image":{"@id":"https:\/\/viacarpatia.eu\/en\/opening-the-terrace-for-our-centre-for-active-ageing\/#primaryimage"},"thumbnailUrl":"https:\/\/viacarpatia.eu\/wp-content\/uploads\/2024\/06\/447878674_846674134173526_5515294379466088539_n.jpg","datePublished":"2024-06-25T20:23:47+00:00","author":{"@id":"https:\/\/viacarpatia.eu\/#\/schema\/person\/277ebb22abd307244031b67cd127739f"},"breadcrumb":{"@id":"https:\/\/viacarpatia.eu\/en\/opening-the-terrace-for-our-centre-for-active-ageing\/#breadcrumb"},"inLanguage":"en-US","potentialAction":[{"@type":"ReadAction","target":["https:\/\/viacarpatia.eu\/en\/opening-the-terrace-for-our-centre-for-active-ageing\/"]}]},{"@type":"ImageObject","inLanguage":"en-US","@id":"https:\/\/viacarpatia.eu\/en\/opening-the-terrace-for-our-centre-for-active-ageing\/#primaryimage","url":"https:\/\/viacarpatia.eu\/wp-content\/uploads\/2024\/06\/447878674_846674134173526_5515294379466088539_n.jpg","contentUrl":"https:\/\/viacarpatia.eu\/wp-content\/uploads\/2024\/06\/447878674_846674134173526_5515294379466088539_n.jpg","width":1440,"height":960},{"@type":"BreadcrumbList","@id":"https:\/\/viacarpatia.eu\/en\/opening-the-terrace-for-our-centre-for-active-ageing\/#breadcrumb","itemListElement":[{"@type":"ListItem","position":1,"name":"Home","item":"https:\/\/viacarpatia.eu\/"},{"@type":"ListItem","position":2,"name":"Opening the terrace for our Centre for Active Ageing"}]},{"@type":"WebSite","@id":"https:\/\/viacarpatia.eu\/#website","url":"https:\/\/viacarpatia.eu\/","name":"ViaCarpatia","description":"Sp\u00e1jame historick\u00e9 a kult\u00farno-jazykov\u00e9 trad\u00edcie","alternateName":"ViaCarpatia","potentialAction":[{"@type":"SearchAction","target":{"@type":"EntryPoint","urlTemplate":"https:\/\/viacarpatia.eu\/?s={search_term_string}"},"query-input":{"@type":"PropertyValueSpecification","valueRequired":true,"valueName":"search_term_string"}}],"inLanguage":"en-US"},{"@type":"Person","@id":"https:\/\/viacarpatia.eu\/#\/schema\/person\/277ebb22abd307244031b67cd127739f","name":"viacarpatia","image":{"@type":"ImageObject","inLanguage":"en-US","@id":"https:\/\/secure.gravatar.com\/avatar\/bba74006701163acde19f8e575cb017e72fee5f1d026e5409c03c3812cd5ffd0?s=96&d=mm&r=g","url":"https:\/\/secure.gravatar.com\/avatar\/bba74006701163acde19f8e575cb017e72fee5f1d026e5409c03c3812cd5ffd0?s=96&d=mm&r=g","contentUrl":"https:\/\/secure.gravatar.com\/avatar\/bba74006701163acde19f8e575cb017e72fee5f1d026e5409c03c3812cd5ffd0?s=96&d=mm&r=g","caption":"viacarpatia"},"url":"https:\/\/viacarpatia.eu\/en\/author\/viacarpatia\/"}]}},"_links":{"self":[{"href":"https:\/\/viacarpatia.eu\/en\/wp-json\/wp\/v2\/posts\/8819","targetHints":{"allow":["GET"]}}],"collection":[{"href":"https:\/\/viacarpatia.eu\/en\/wp-json\/wp\/v2\/posts"}],"about":[{"href":"https:\/\/viacarpatia.eu\/en\/wp-json\/wp\/v2\/types\/post"}],"author":[{"embeddable":true,"href":"https:\/\/viacarpatia.eu\/en\/wp-json\/wp\/v2\/users\/2"}],"replies":[{"embeddable":true,"href":"https:\/\/viacarpatia.eu\/en\/wp-json\/wp\/v2\/comments?post=8819"}],"version-history":[{"count":1,"href":"https:\/\/viacarpatia.eu\/en\/wp-json\/wp\/v2\/posts\/8819\/revisions"}],"predecessor-version":[{"id":8820,"href":"https:\/\/viacarpatia.eu\/en\/wp-json\/wp\/v2\/posts\/8819\/revisions\/8820"}],"wp:featuredmedia":[{"embeddable":true,"href":"https:\/\/viacarpatia.eu\/en\/wp-json\/wp\/v2\/media\/8816"}],"wp:attachment":[{"href":"https:\/\/viacarpatia.eu\/en\/wp-json\/wp\/v2\/media?parent=8819"}],"wp:term":[{"taxonomy":"category","embeddable":true,"href":"https:\/\/viacarpatia.eu\/en\/wp-json\/wp\/v2\/categories?post=8819"},{"taxonomy":"post_tag","embeddable":true,"href":"https:\/\/viacarpatia.eu\/en\/wp-json\/wp\/v2\/tags?post=8819"}],"curies":[{"name":"wp","href":"https:\/\/api.w.org\/{rel}","templated":true}]}}