{"id":9495,"date":"2025-01-24T11:59:33","date_gmt":"2025-01-24T10:59:33","guid":{"rendered":"https:\/\/viacarpatia.eu\/?p=9495"},"modified":"2025-01-24T16:10:28","modified_gmt":"2025-01-24T15:10:28","slug":"24th-general-assembly-of-the-via-carpatia-egtc","status":"publish","type":"post","link":"https:\/\/viacarpatia.eu\/en\/24th-general-assembly-of-the-via-carpatia-egtc\/","title":{"rendered":"24th General Assembly of the Via Carpatia EGTC in Encs"},"content":{"rendered":"<p>The 24th General Assembly of the Via Carpatia EGTC was held on January 22, 2025 in Encs.\u00a0The President, B\u00e1nn\u00e9 Dr. G\u00e1l Bogl\u00e1rka and the Vice President Rastislav Trnka held a meeting in a pleasant environment and friendly atmosphere regarding the financial vision of the grouping.<\/p>\n<p>In the current, constantly changing world, it is important to talk about the challenges and problems, which do not bypass the Via Carpatia EGTC either. The members clearly expressed that they will continue to look for solutions and support the Via Carpatia EGTC, the Slovak-Hungarian cooperation. In addition to financial issues, the election of the grouping&#8217;s director for a four-year term was voted on. Both expressed their trust and satisfaction with the work of the current director, and therefore Julianna M\u00e1t\u00e9 can continue her work in the coming period.<\/p>\n<p>Thank you, we look forward to future cooperation and joint projects.<\/p>\n","protected":false},"excerpt":{"rendered":"<p>The 24th General Assembly of the Via Carpatia EGTC was held on January 22, 2025 in Encs.\u00a0The President, B\u00e1nn\u00e9 Dr. G\u00e1l Bogl\u00e1rka and the Vice President Rastislav Trnka held a meeting in a pleasant environment and friendly atmosphere regarding the financial vision of the grouping. In the current, constantly changing world, it is important to [&hellip;]<\/p>\n","protected":false},"author":2,"featured_media":9489,"comment_status":"closed","ping_status":"open","sticky":false,"template":"","format":"standard","meta":{"inline_featured_image":false,"footnotes":""},"categories":[4],"tags":[],"class_list":["post-9495","post","type-post","status-publish","format-standard","has-post-thumbnail","hentry","category-uncategorized"],"acf":[],"yoast_head":"<!-- This site is optimized with the Yoast SEO plugin v27.5 - https:\/\/yoast.com\/product\/yoast-seo-wordpress\/ -->\n<title>24th General Assembly of the Via Carpatia EGTC in Encs - ViaCarpatia<\/title>\n<meta name=\"robots\" content=\"index, follow, max-snippet:-1, max-image-preview:large, max-video-preview:-1\" \/>\n<link rel=\"canonical\" href=\"https:\/\/viacarpatia.eu\/en\/24th-general-assembly-of-the-via-carpatia-egtc\/\" \/>\n<meta property=\"og:locale\" content=\"en_US\" \/>\n<meta property=\"og:type\" content=\"article\" \/>\n<meta property=\"og:title\" content=\"24th General Assembly of the Via Carpatia EGTC in Encs - ViaCarpatia\" \/>\n<meta property=\"og:description\" content=\"The 24th General Assembly of the Via Carpatia EGTC was held on January 22, 2025 in Encs.\u00a0The President, B\u00e1nn\u00e9 Dr. G\u00e1l Bogl\u00e1rka and the Vice President Rastislav Trnka held a meeting in a pleasant environment and friendly atmosphere regarding the financial vision of the grouping. In the current, constantly changing world, it is important to [&hellip;]\" \/>\n<meta property=\"og:url\" content=\"https:\/\/viacarpatia.eu\/en\/24th-general-assembly-of-the-via-carpatia-egtc\/\" \/>\n<meta property=\"og:site_name\" content=\"ViaCarpatia\" \/>\n<meta property=\"article:published_time\" content=\"2025-01-24T10:59:33+00:00\" \/>\n<meta property=\"article:modified_time\" content=\"2025-01-24T15:10:28+00:00\" \/>\n<meta property=\"og:image\" content=\"https:\/\/viacarpatia.eu\/wp-content\/uploads\/2025\/01\/IMG_9179-2-scaled.jpeg\" \/>\n\t<meta property=\"og:image:width\" content=\"1920\" \/>\n\t<meta property=\"og:image:height\" content=\"2560\" \/>\n\t<meta property=\"og:image:type\" content=\"image\/jpeg\" \/>\n<meta name=\"author\" content=\"viacarpatia\" \/>\n<meta name=\"twitter:card\" content=\"summary_large_image\" \/>\n<meta name=\"twitter:label1\" content=\"Written by\" \/>\n\t<meta name=\"twitter:data1\" content=\"viacarpatia\" \/>\n\t<meta name=\"twitter:label2\" content=\"Est. reading time\" \/>\n\t<meta name=\"twitter:data2\" content=\"1 minute\" \/>\n<script type=\"application\/ld+json\" class=\"yoast-schema-graph\">{\"@context\":\"https:\\\/\\\/schema.org\",\"@graph\":[{\"@type\":\"Article\",\"@id\":\"https:\\\/\\\/viacarpatia.eu\\\/en\\\/24th-general-assembly-of-the-via-carpatia-egtc\\\/#article\",\"isPartOf\":{\"@id\":\"https:\\\/\\\/viacarpatia.eu\\\/en\\\/24th-general-assembly-of-the-via-carpatia-egtc\\\/\"},\"author\":{\"name\":\"viacarpatia\",\"@id\":\"https:\\\/\\\/viacarpatia.eu\\\/#\\\/schema\\\/person\\\/277ebb22abd307244031b67cd127739f\"},\"headline\":\"24th General Assembly of the Via Carpatia EGTC in Encs\",\"datePublished\":\"2025-01-24T10:59:33+00:00\",\"dateModified\":\"2025-01-24T15:10:28+00:00\",\"mainEntityOfPage\":{\"@id\":\"https:\\\/\\\/viacarpatia.eu\\\/en\\\/24th-general-assembly-of-the-via-carpatia-egtc\\\/\"},\"wordCount\":159,\"image\":{\"@id\":\"https:\\\/\\\/viacarpatia.eu\\\/en\\\/24th-general-assembly-of-the-via-carpatia-egtc\\\/#primaryimage\"},\"thumbnailUrl\":\"https:\\\/\\\/viacarpatia.eu\\\/wp-content\\\/uploads\\\/2025\\\/01\\\/IMG_9179-2-scaled.jpeg\",\"inLanguage\":\"en-US\"},{\"@type\":\"WebPage\",\"@id\":\"https:\\\/\\\/viacarpatia.eu\\\/en\\\/24th-general-assembly-of-the-via-carpatia-egtc\\\/\",\"url\":\"https:\\\/\\\/viacarpatia.eu\\\/en\\\/24th-general-assembly-of-the-via-carpatia-egtc\\\/\",\"name\":\"24th General Assembly of the Via Carpatia EGTC in Encs - ViaCarpatia\",\"isPartOf\":{\"@id\":\"https:\\\/\\\/viacarpatia.eu\\\/#website\"},\"primaryImageOfPage\":{\"@id\":\"https:\\\/\\\/viacarpatia.eu\\\/en\\\/24th-general-assembly-of-the-via-carpatia-egtc\\\/#primaryimage\"},\"image\":{\"@id\":\"https:\\\/\\\/viacarpatia.eu\\\/en\\\/24th-general-assembly-of-the-via-carpatia-egtc\\\/#primaryimage\"},\"thumbnailUrl\":\"https:\\\/\\\/viacarpatia.eu\\\/wp-content\\\/uploads\\\/2025\\\/01\\\/IMG_9179-2-scaled.jpeg\",\"datePublished\":\"2025-01-24T10:59:33+00:00\",\"dateModified\":\"2025-01-24T15:10:28+00:00\",\"author\":{\"@id\":\"https:\\\/\\\/viacarpatia.eu\\\/#\\\/schema\\\/person\\\/277ebb22abd307244031b67cd127739f\"},\"breadcrumb\":{\"@id\":\"https:\\\/\\\/viacarpatia.eu\\\/en\\\/24th-general-assembly-of-the-via-carpatia-egtc\\\/#breadcrumb\"},\"inLanguage\":\"en-US\",\"potentialAction\":[{\"@type\":\"ReadAction\",\"target\":[\"https:\\\/\\\/viacarpatia.eu\\\/en\\\/24th-general-assembly-of-the-via-carpatia-egtc\\\/\"]}]},{\"@type\":\"ImageObject\",\"inLanguage\":\"en-US\",\"@id\":\"https:\\\/\\\/viacarpatia.eu\\\/en\\\/24th-general-assembly-of-the-via-carpatia-egtc\\\/#primaryimage\",\"url\":\"https:\\\/\\\/viacarpatia.eu\\\/wp-content\\\/uploads\\\/2025\\\/01\\\/IMG_9179-2-scaled.jpeg\",\"contentUrl\":\"https:\\\/\\\/viacarpatia.eu\\\/wp-content\\\/uploads\\\/2025\\\/01\\\/IMG_9179-2-scaled.jpeg\",\"width\":1920,\"height\":2560},{\"@type\":\"BreadcrumbList\",\"@id\":\"https:\\\/\\\/viacarpatia.eu\\\/en\\\/24th-general-assembly-of-the-via-carpatia-egtc\\\/#breadcrumb\",\"itemListElement\":[{\"@type\":\"ListItem\",\"position\":1,\"name\":\"Home\",\"item\":\"https:\\\/\\\/viacarpatia.eu\\\/\"},{\"@type\":\"ListItem\",\"position\":2,\"name\":\"24th General Assembly of the Via Carpatia EGTC in Encs\"}]},{\"@type\":\"WebSite\",\"@id\":\"https:\\\/\\\/viacarpatia.eu\\\/#website\",\"url\":\"https:\\\/\\\/viacarpatia.eu\\\/\",\"name\":\"ViaCarpatia\",\"description\":\"Sp\u00e1jame historick\u00e9 a kult\u00farno-jazykov\u00e9 trad\u00edcie\",\"alternateName\":\"ViaCarpatia\",\"potentialAction\":[{\"@type\":\"SearchAction\",\"target\":{\"@type\":\"EntryPoint\",\"urlTemplate\":\"https:\\\/\\\/viacarpatia.eu\\\/?s={search_term_string}\"},\"query-input\":{\"@type\":\"PropertyValueSpecification\",\"valueRequired\":true,\"valueName\":\"search_term_string\"}}],\"inLanguage\":\"en-US\"},{\"@type\":\"Person\",\"@id\":\"https:\\\/\\\/viacarpatia.eu\\\/#\\\/schema\\\/person\\\/277ebb22abd307244031b67cd127739f\",\"name\":\"viacarpatia\",\"image\":{\"@type\":\"ImageObject\",\"inLanguage\":\"en-US\",\"@id\":\"https:\\\/\\\/secure.gravatar.com\\\/avatar\\\/bba74006701163acde19f8e575cb017e72fee5f1d026e5409c03c3812cd5ffd0?s=96&d=mm&r=g\",\"url\":\"https:\\\/\\\/secure.gravatar.com\\\/avatar\\\/bba74006701163acde19f8e575cb017e72fee5f1d026e5409c03c3812cd5ffd0?s=96&d=mm&r=g\",\"contentUrl\":\"https:\\\/\\\/secure.gravatar.com\\\/avatar\\\/bba74006701163acde19f8e575cb017e72fee5f1d026e5409c03c3812cd5ffd0?s=96&d=mm&r=g\",\"caption\":\"viacarpatia\"},\"url\":\"https:\\\/\\\/viacarpatia.eu\\\/en\\\/author\\\/viacarpatia\\\/\"}]}<\/script>\n<!-- \/ Yoast SEO plugin. -->","yoast_head_json":{"title":"24th General Assembly of the Via Carpatia EGTC in Encs - ViaCarpatia","robots":{"index":"index","follow":"follow","max-snippet":"max-snippet:-1","max-image-preview":"max-image-preview:large","max-video-preview":"max-video-preview:-1"},"canonical":"https:\/\/viacarpatia.eu\/en\/24th-general-assembly-of-the-via-carpatia-egtc\/","og_locale":"en_US","og_type":"article","og_title":"24th General Assembly of the Via Carpatia EGTC in Encs - ViaCarpatia","og_description":"The 24th General Assembly of the Via Carpatia EGTC was held on January 22, 2025 in Encs.\u00a0The President, B\u00e1nn\u00e9 Dr. G\u00e1l Bogl\u00e1rka and the Vice President Rastislav Trnka held a meeting in a pleasant environment and friendly atmosphere regarding the financial vision of the grouping. In the current, constantly changing world, it is important to [&hellip;]","og_url":"https:\/\/viacarpatia.eu\/en\/24th-general-assembly-of-the-via-carpatia-egtc\/","og_site_name":"ViaCarpatia","article_published_time":"2025-01-24T10:59:33+00:00","article_modified_time":"2025-01-24T15:10:28+00:00","og_image":[{"width":1920,"height":2560,"url":"https:\/\/viacarpatia.eu\/wp-content\/uploads\/2025\/01\/IMG_9179-2-scaled.jpeg","type":"image\/jpeg"}],"author":"viacarpatia","twitter_card":"summary_large_image","twitter_misc":{"Written by":"viacarpatia","Est. reading time":"1 minute"},"schema":{"@context":"https:\/\/schema.org","@graph":[{"@type":"Article","@id":"https:\/\/viacarpatia.eu\/en\/24th-general-assembly-of-the-via-carpatia-egtc\/#article","isPartOf":{"@id":"https:\/\/viacarpatia.eu\/en\/24th-general-assembly-of-the-via-carpatia-egtc\/"},"author":{"name":"viacarpatia","@id":"https:\/\/viacarpatia.eu\/#\/schema\/person\/277ebb22abd307244031b67cd127739f"},"headline":"24th General Assembly of the Via Carpatia EGTC in Encs","datePublished":"2025-01-24T10:59:33+00:00","dateModified":"2025-01-24T15:10:28+00:00","mainEntityOfPage":{"@id":"https:\/\/viacarpatia.eu\/en\/24th-general-assembly-of-the-via-carpatia-egtc\/"},"wordCount":159,"image":{"@id":"https:\/\/viacarpatia.eu\/en\/24th-general-assembly-of-the-via-carpatia-egtc\/#primaryimage"},"thumbnailUrl":"https:\/\/viacarpatia.eu\/wp-content\/uploads\/2025\/01\/IMG_9179-2-scaled.jpeg","inLanguage":"en-US"},{"@type":"WebPage","@id":"https:\/\/viacarpatia.eu\/en\/24th-general-assembly-of-the-via-carpatia-egtc\/","url":"https:\/\/viacarpatia.eu\/en\/24th-general-assembly-of-the-via-carpatia-egtc\/","name":"24th General Assembly of the Via Carpatia EGTC in Encs - ViaCarpatia","isPartOf":{"@id":"https:\/\/viacarpatia.eu\/#website"},"primaryImageOfPage":{"@id":"https:\/\/viacarpatia.eu\/en\/24th-general-assembly-of-the-via-carpatia-egtc\/#primaryimage"},"image":{"@id":"https:\/\/viacarpatia.eu\/en\/24th-general-assembly-of-the-via-carpatia-egtc\/#primaryimage"},"thumbnailUrl":"https:\/\/viacarpatia.eu\/wp-content\/uploads\/2025\/01\/IMG_9179-2-scaled.jpeg","datePublished":"2025-01-24T10:59:33+00:00","dateModified":"2025-01-24T15:10:28+00:00","author":{"@id":"https:\/\/viacarpatia.eu\/#\/schema\/person\/277ebb22abd307244031b67cd127739f"},"breadcrumb":{"@id":"https:\/\/viacarpatia.eu\/en\/24th-general-assembly-of-the-via-carpatia-egtc\/#breadcrumb"},"inLanguage":"en-US","potentialAction":[{"@type":"ReadAction","target":["https:\/\/viacarpatia.eu\/en\/24th-general-assembly-of-the-via-carpatia-egtc\/"]}]},{"@type":"ImageObject","inLanguage":"en-US","@id":"https:\/\/viacarpatia.eu\/en\/24th-general-assembly-of-the-via-carpatia-egtc\/#primaryimage","url":"https:\/\/viacarpatia.eu\/wp-content\/uploads\/2025\/01\/IMG_9179-2-scaled.jpeg","contentUrl":"https:\/\/viacarpatia.eu\/wp-content\/uploads\/2025\/01\/IMG_9179-2-scaled.jpeg","width":1920,"height":2560},{"@type":"BreadcrumbList","@id":"https:\/\/viacarpatia.eu\/en\/24th-general-assembly-of-the-via-carpatia-egtc\/#breadcrumb","itemListElement":[{"@type":"ListItem","position":1,"name":"Home","item":"https:\/\/viacarpatia.eu\/"},{"@type":"ListItem","position":2,"name":"24th General Assembly of the Via Carpatia EGTC in Encs"}]},{"@type":"WebSite","@id":"https:\/\/viacarpatia.eu\/#website","url":"https:\/\/viacarpatia.eu\/","name":"ViaCarpatia","description":"Sp\u00e1jame historick\u00e9 a kult\u00farno-jazykov\u00e9 trad\u00edcie","alternateName":"ViaCarpatia","potentialAction":[{"@type":"SearchAction","target":{"@type":"EntryPoint","urlTemplate":"https:\/\/viacarpatia.eu\/?s={search_term_string}"},"query-input":{"@type":"PropertyValueSpecification","valueRequired":true,"valueName":"search_term_string"}}],"inLanguage":"en-US"},{"@type":"Person","@id":"https:\/\/viacarpatia.eu\/#\/schema\/person\/277ebb22abd307244031b67cd127739f","name":"viacarpatia","image":{"@type":"ImageObject","inLanguage":"en-US","@id":"https:\/\/secure.gravatar.com\/avatar\/bba74006701163acde19f8e575cb017e72fee5f1d026e5409c03c3812cd5ffd0?s=96&d=mm&r=g","url":"https:\/\/secure.gravatar.com\/avatar\/bba74006701163acde19f8e575cb017e72fee5f1d026e5409c03c3812cd5ffd0?s=96&d=mm&r=g","contentUrl":"https:\/\/secure.gravatar.com\/avatar\/bba74006701163acde19f8e575cb017e72fee5f1d026e5409c03c3812cd5ffd0?s=96&d=mm&r=g","caption":"viacarpatia"},"url":"https:\/\/viacarpatia.eu\/en\/author\/viacarpatia\/"}]}},"_links":{"self":[{"href":"https:\/\/viacarpatia.eu\/en\/wp-json\/wp\/v2\/posts\/9495","targetHints":{"allow":["GET"]}}],"collection":[{"href":"https:\/\/viacarpatia.eu\/en\/wp-json\/wp\/v2\/posts"}],"about":[{"href":"https:\/\/viacarpatia.eu\/en\/wp-json\/wp\/v2\/types\/post"}],"author":[{"embeddable":true,"href":"https:\/\/viacarpatia.eu\/en\/wp-json\/wp\/v2\/users\/2"}],"replies":[{"embeddable":true,"href":"https:\/\/viacarpatia.eu\/en\/wp-json\/wp\/v2\/comments?post=9495"}],"version-history":[{"count":3,"href":"https:\/\/viacarpatia.eu\/en\/wp-json\/wp\/v2\/posts\/9495\/revisions"}],"predecessor-version":[{"id":9499,"href":"https:\/\/viacarpatia.eu\/en\/wp-json\/wp\/v2\/posts\/9495\/revisions\/9499"}],"wp:featuredmedia":[{"embeddable":true,"href":"https:\/\/viacarpatia.eu\/en\/wp-json\/wp\/v2\/media\/9489"}],"wp:attachment":[{"href":"https:\/\/viacarpatia.eu\/en\/wp-json\/wp\/v2\/media?parent=9495"}],"wp:term":[{"taxonomy":"category","embeddable":true,"href":"https:\/\/viacarpatia.eu\/en\/wp-json\/wp\/v2\/categories?post=9495"},{"taxonomy":"post_tag","embeddable":true,"href":"https:\/\/viacarpatia.eu\/en\/wp-json\/wp\/v2\/tags?post=9495"}],"curies":[{"name":"wp","href":"https:\/\/api.w.org\/{rel}","templated":true}]}}