{"id":9929,"date":"2025-06-24T11:18:26","date_gmt":"2025-06-24T09:18:26","guid":{"rendered":"https:\/\/viacarpatia.eu\/?p=9929"},"modified":"2025-06-24T11:18:45","modified_gmt":"2025-06-24T09:18:45","slug":"meeting-with-partners-within-the-mount-greenfra-project","status":"publish","type":"post","link":"https:\/\/viacarpatia.eu\/en\/meeting-with-partners-within-the-mount-greenfra-project\/","title":{"rendered":"Meeting with Partners within the MOUNT GREENFRA Project"},"content":{"rendered":"<p>Partners of the MOUNT GREENFRA project, implemented within the Interreg Hungary &#8211; Slovakia programme, gathered for a professional meeting focused on the planning and coordination of investments in green and blue infrastructure.<\/p>\n<p>The aim was to share experiences in the field of green and blue infrastructure and to discuss concrete steps for implementing solutions related to sustainable rainwater management, ecological revitalization, and climate resilience in the participating Slovak and Hungarian regions. Partners presented their approaches, inspirations from previous projects, and upcoming activities to be implemented under the MOUNT GREENFRA project.<\/p>\n<p>The meeting program was enriched by joint field visits, during which practical examples of green and blue infrastructure solutions in both urban and rural environments were explored. These included green walls, systems for collecting and using rainwater directly on buildings, as well as local measures focused on the retention and drainage of stormwater.<\/p>\n<p>The meeting contributed to the shared efforts of the partners to develop blue-green infrastructure and to the exchange of experiences across regions.<\/p>\n","protected":false},"excerpt":{"rendered":"<p>Partners of the MOUNT GREENFRA project, implemented within the Interreg Hungary &#8211; Slovakia programme, gathered for a professional meeting focused on the planning and coordination of investments in green and blue infrastructure. The aim was to share experiences in the field of green and blue infrastructure and to discuss concrete steps for implementing solutions related [&hellip;]<\/p>\n","protected":false},"author":2,"featured_media":9920,"comment_status":"closed","ping_status":"open","sticky":false,"template":"","format":"standard","meta":{"inline_featured_image":false,"footnotes":""},"categories":[4],"tags":[],"class_list":["post-9929","post","type-post","status-publish","format-standard","has-post-thumbnail","hentry","category-uncategorized"],"acf":[],"yoast_head":"<!-- This site is optimized with the Yoast SEO plugin v27.5 - https:\/\/yoast.com\/product\/yoast-seo-wordpress\/ -->\n<title>Meeting with Partners within the MOUNT GREENFRA Project - ViaCarpatia<\/title>\n<meta name=\"robots\" content=\"index, follow, max-snippet:-1, max-image-preview:large, max-video-preview:-1\" \/>\n<link rel=\"canonical\" href=\"https:\/\/viacarpatia.eu\/en\/meeting-with-partners-within-the-mount-greenfra-project\/\" \/>\n<meta property=\"og:locale\" content=\"en_US\" \/>\n<meta property=\"og:type\" content=\"article\" \/>\n<meta property=\"og:title\" content=\"Meeting with Partners within the MOUNT GREENFRA Project - ViaCarpatia\" \/>\n<meta property=\"og:description\" content=\"Partners of the MOUNT GREENFRA project, implemented within the Interreg Hungary &#8211; Slovakia programme, gathered for a professional meeting focused on the planning and coordination of investments in green and blue infrastructure. The aim was to share experiences in the field of green and blue infrastructure and to discuss concrete steps for implementing solutions related [&hellip;]\" \/>\n<meta property=\"og:url\" content=\"https:\/\/viacarpatia.eu\/en\/meeting-with-partners-within-the-mount-greenfra-project\/\" \/>\n<meta property=\"og:site_name\" content=\"ViaCarpatia\" \/>\n<meta property=\"article:published_time\" content=\"2025-06-24T09:18:26+00:00\" \/>\n<meta property=\"article:modified_time\" content=\"2025-06-24T09:18:45+00:00\" \/>\n<meta property=\"og:image\" content=\"https:\/\/viacarpatia.eu\/wp-content\/uploads\/2025\/06\/IMG_0836-1-scaled.jpg\" \/>\n\t<meta property=\"og:image:width\" content=\"2560\" \/>\n\t<meta property=\"og:image:height\" content=\"1920\" \/>\n\t<meta property=\"og:image:type\" content=\"image\/jpeg\" \/>\n<meta name=\"author\" content=\"viacarpatia\" \/>\n<meta name=\"twitter:card\" content=\"summary_large_image\" \/>\n<meta name=\"twitter:label1\" content=\"Written by\" \/>\n\t<meta name=\"twitter:data1\" content=\"viacarpatia\" \/>\n\t<meta name=\"twitter:label2\" content=\"Est. reading time\" \/>\n\t<meta name=\"twitter:data2\" content=\"2 minutes\" \/>\n<script type=\"application\/ld+json\" class=\"yoast-schema-graph\">{\"@context\":\"https:\\\/\\\/schema.org\",\"@graph\":[{\"@type\":\"Article\",\"@id\":\"https:\\\/\\\/viacarpatia.eu\\\/en\\\/meeting-with-partners-within-the-mount-greenfra-project\\\/#article\",\"isPartOf\":{\"@id\":\"https:\\\/\\\/viacarpatia.eu\\\/en\\\/meeting-with-partners-within-the-mount-greenfra-project\\\/\"},\"author\":{\"name\":\"viacarpatia\",\"@id\":\"https:\\\/\\\/viacarpatia.eu\\\/#\\\/schema\\\/person\\\/277ebb22abd307244031b67cd127739f\"},\"headline\":\"Meeting with Partners within the MOUNT GREENFRA Project\",\"datePublished\":\"2025-06-24T09:18:26+00:00\",\"dateModified\":\"2025-06-24T09:18:45+00:00\",\"mainEntityOfPage\":{\"@id\":\"https:\\\/\\\/viacarpatia.eu\\\/en\\\/meeting-with-partners-within-the-mount-greenfra-project\\\/\"},\"wordCount\":173,\"image\":{\"@id\":\"https:\\\/\\\/viacarpatia.eu\\\/en\\\/meeting-with-partners-within-the-mount-greenfra-project\\\/#primaryimage\"},\"thumbnailUrl\":\"https:\\\/\\\/viacarpatia.eu\\\/wp-content\\\/uploads\\\/2025\\\/06\\\/IMG_0836-1-scaled.jpg\",\"inLanguage\":\"en-US\"},{\"@type\":\"WebPage\",\"@id\":\"https:\\\/\\\/viacarpatia.eu\\\/en\\\/meeting-with-partners-within-the-mount-greenfra-project\\\/\",\"url\":\"https:\\\/\\\/viacarpatia.eu\\\/en\\\/meeting-with-partners-within-the-mount-greenfra-project\\\/\",\"name\":\"Meeting with Partners within the MOUNT GREENFRA Project - ViaCarpatia\",\"isPartOf\":{\"@id\":\"https:\\\/\\\/viacarpatia.eu\\\/#website\"},\"primaryImageOfPage\":{\"@id\":\"https:\\\/\\\/viacarpatia.eu\\\/en\\\/meeting-with-partners-within-the-mount-greenfra-project\\\/#primaryimage\"},\"image\":{\"@id\":\"https:\\\/\\\/viacarpatia.eu\\\/en\\\/meeting-with-partners-within-the-mount-greenfra-project\\\/#primaryimage\"},\"thumbnailUrl\":\"https:\\\/\\\/viacarpatia.eu\\\/wp-content\\\/uploads\\\/2025\\\/06\\\/IMG_0836-1-scaled.jpg\",\"datePublished\":\"2025-06-24T09:18:26+00:00\",\"dateModified\":\"2025-06-24T09:18:45+00:00\",\"author\":{\"@id\":\"https:\\\/\\\/viacarpatia.eu\\\/#\\\/schema\\\/person\\\/277ebb22abd307244031b67cd127739f\"},\"breadcrumb\":{\"@id\":\"https:\\\/\\\/viacarpatia.eu\\\/en\\\/meeting-with-partners-within-the-mount-greenfra-project\\\/#breadcrumb\"},\"inLanguage\":\"en-US\",\"potentialAction\":[{\"@type\":\"ReadAction\",\"target\":[\"https:\\\/\\\/viacarpatia.eu\\\/en\\\/meeting-with-partners-within-the-mount-greenfra-project\\\/\"]}]},{\"@type\":\"ImageObject\",\"inLanguage\":\"en-US\",\"@id\":\"https:\\\/\\\/viacarpatia.eu\\\/en\\\/meeting-with-partners-within-the-mount-greenfra-project\\\/#primaryimage\",\"url\":\"https:\\\/\\\/viacarpatia.eu\\\/wp-content\\\/uploads\\\/2025\\\/06\\\/IMG_0836-1-scaled.jpg\",\"contentUrl\":\"https:\\\/\\\/viacarpatia.eu\\\/wp-content\\\/uploads\\\/2025\\\/06\\\/IMG_0836-1-scaled.jpg\",\"width\":2560,\"height\":1920},{\"@type\":\"BreadcrumbList\",\"@id\":\"https:\\\/\\\/viacarpatia.eu\\\/en\\\/meeting-with-partners-within-the-mount-greenfra-project\\\/#breadcrumb\",\"itemListElement\":[{\"@type\":\"ListItem\",\"position\":1,\"name\":\"Home\",\"item\":\"https:\\\/\\\/viacarpatia.eu\\\/\"},{\"@type\":\"ListItem\",\"position\":2,\"name\":\"Meeting with Partners within the MOUNT GREENFRA Project\"}]},{\"@type\":\"WebSite\",\"@id\":\"https:\\\/\\\/viacarpatia.eu\\\/#website\",\"url\":\"https:\\\/\\\/viacarpatia.eu\\\/\",\"name\":\"ViaCarpatia\",\"description\":\"Sp\u00e1jame historick\u00e9 a kult\u00farno-jazykov\u00e9 trad\u00edcie\",\"alternateName\":\"ViaCarpatia\",\"potentialAction\":[{\"@type\":\"SearchAction\",\"target\":{\"@type\":\"EntryPoint\",\"urlTemplate\":\"https:\\\/\\\/viacarpatia.eu\\\/?s={search_term_string}\"},\"query-input\":{\"@type\":\"PropertyValueSpecification\",\"valueRequired\":true,\"valueName\":\"search_term_string\"}}],\"inLanguage\":\"en-US\"},{\"@type\":\"Person\",\"@id\":\"https:\\\/\\\/viacarpatia.eu\\\/#\\\/schema\\\/person\\\/277ebb22abd307244031b67cd127739f\",\"name\":\"viacarpatia\",\"image\":{\"@type\":\"ImageObject\",\"inLanguage\":\"en-US\",\"@id\":\"https:\\\/\\\/secure.gravatar.com\\\/avatar\\\/bba74006701163acde19f8e575cb017e72fee5f1d026e5409c03c3812cd5ffd0?s=96&d=mm&r=g\",\"url\":\"https:\\\/\\\/secure.gravatar.com\\\/avatar\\\/bba74006701163acde19f8e575cb017e72fee5f1d026e5409c03c3812cd5ffd0?s=96&d=mm&r=g\",\"contentUrl\":\"https:\\\/\\\/secure.gravatar.com\\\/avatar\\\/bba74006701163acde19f8e575cb017e72fee5f1d026e5409c03c3812cd5ffd0?s=96&d=mm&r=g\",\"caption\":\"viacarpatia\"},\"url\":\"https:\\\/\\\/viacarpatia.eu\\\/en\\\/author\\\/viacarpatia\\\/\"}]}<\/script>\n<!-- \/ Yoast SEO plugin. -->","yoast_head_json":{"title":"Meeting with Partners within the MOUNT GREENFRA Project - ViaCarpatia","robots":{"index":"index","follow":"follow","max-snippet":"max-snippet:-1","max-image-preview":"max-image-preview:large","max-video-preview":"max-video-preview:-1"},"canonical":"https:\/\/viacarpatia.eu\/en\/meeting-with-partners-within-the-mount-greenfra-project\/","og_locale":"en_US","og_type":"article","og_title":"Meeting with Partners within the MOUNT GREENFRA Project - ViaCarpatia","og_description":"Partners of the MOUNT GREENFRA project, implemented within the Interreg Hungary &#8211; Slovakia programme, gathered for a professional meeting focused on the planning and coordination of investments in green and blue infrastructure. The aim was to share experiences in the field of green and blue infrastructure and to discuss concrete steps for implementing solutions related [&hellip;]","og_url":"https:\/\/viacarpatia.eu\/en\/meeting-with-partners-within-the-mount-greenfra-project\/","og_site_name":"ViaCarpatia","article_published_time":"2025-06-24T09:18:26+00:00","article_modified_time":"2025-06-24T09:18:45+00:00","og_image":[{"width":2560,"height":1920,"url":"https:\/\/viacarpatia.eu\/wp-content\/uploads\/2025\/06\/IMG_0836-1-scaled.jpg","type":"image\/jpeg"}],"author":"viacarpatia","twitter_card":"summary_large_image","twitter_misc":{"Written by":"viacarpatia","Est. reading time":"2 minutes"},"schema":{"@context":"https:\/\/schema.org","@graph":[{"@type":"Article","@id":"https:\/\/viacarpatia.eu\/en\/meeting-with-partners-within-the-mount-greenfra-project\/#article","isPartOf":{"@id":"https:\/\/viacarpatia.eu\/en\/meeting-with-partners-within-the-mount-greenfra-project\/"},"author":{"name":"viacarpatia","@id":"https:\/\/viacarpatia.eu\/#\/schema\/person\/277ebb22abd307244031b67cd127739f"},"headline":"Meeting with Partners within the MOUNT GREENFRA Project","datePublished":"2025-06-24T09:18:26+00:00","dateModified":"2025-06-24T09:18:45+00:00","mainEntityOfPage":{"@id":"https:\/\/viacarpatia.eu\/en\/meeting-with-partners-within-the-mount-greenfra-project\/"},"wordCount":173,"image":{"@id":"https:\/\/viacarpatia.eu\/en\/meeting-with-partners-within-the-mount-greenfra-project\/#primaryimage"},"thumbnailUrl":"https:\/\/viacarpatia.eu\/wp-content\/uploads\/2025\/06\/IMG_0836-1-scaled.jpg","inLanguage":"en-US"},{"@type":"WebPage","@id":"https:\/\/viacarpatia.eu\/en\/meeting-with-partners-within-the-mount-greenfra-project\/","url":"https:\/\/viacarpatia.eu\/en\/meeting-with-partners-within-the-mount-greenfra-project\/","name":"Meeting with Partners within the MOUNT GREENFRA Project - ViaCarpatia","isPartOf":{"@id":"https:\/\/viacarpatia.eu\/#website"},"primaryImageOfPage":{"@id":"https:\/\/viacarpatia.eu\/en\/meeting-with-partners-within-the-mount-greenfra-project\/#primaryimage"},"image":{"@id":"https:\/\/viacarpatia.eu\/en\/meeting-with-partners-within-the-mount-greenfra-project\/#primaryimage"},"thumbnailUrl":"https:\/\/viacarpatia.eu\/wp-content\/uploads\/2025\/06\/IMG_0836-1-scaled.jpg","datePublished":"2025-06-24T09:18:26+00:00","dateModified":"2025-06-24T09:18:45+00:00","author":{"@id":"https:\/\/viacarpatia.eu\/#\/schema\/person\/277ebb22abd307244031b67cd127739f"},"breadcrumb":{"@id":"https:\/\/viacarpatia.eu\/en\/meeting-with-partners-within-the-mount-greenfra-project\/#breadcrumb"},"inLanguage":"en-US","potentialAction":[{"@type":"ReadAction","target":["https:\/\/viacarpatia.eu\/en\/meeting-with-partners-within-the-mount-greenfra-project\/"]}]},{"@type":"ImageObject","inLanguage":"en-US","@id":"https:\/\/viacarpatia.eu\/en\/meeting-with-partners-within-the-mount-greenfra-project\/#primaryimage","url":"https:\/\/viacarpatia.eu\/wp-content\/uploads\/2025\/06\/IMG_0836-1-scaled.jpg","contentUrl":"https:\/\/viacarpatia.eu\/wp-content\/uploads\/2025\/06\/IMG_0836-1-scaled.jpg","width":2560,"height":1920},{"@type":"BreadcrumbList","@id":"https:\/\/viacarpatia.eu\/en\/meeting-with-partners-within-the-mount-greenfra-project\/#breadcrumb","itemListElement":[{"@type":"ListItem","position":1,"name":"Home","item":"https:\/\/viacarpatia.eu\/"},{"@type":"ListItem","position":2,"name":"Meeting with Partners within the MOUNT GREENFRA Project"}]},{"@type":"WebSite","@id":"https:\/\/viacarpatia.eu\/#website","url":"https:\/\/viacarpatia.eu\/","name":"ViaCarpatia","description":"Sp\u00e1jame historick\u00e9 a kult\u00farno-jazykov\u00e9 trad\u00edcie","alternateName":"ViaCarpatia","potentialAction":[{"@type":"SearchAction","target":{"@type":"EntryPoint","urlTemplate":"https:\/\/viacarpatia.eu\/?s={search_term_string}"},"query-input":{"@type":"PropertyValueSpecification","valueRequired":true,"valueName":"search_term_string"}}],"inLanguage":"en-US"},{"@type":"Person","@id":"https:\/\/viacarpatia.eu\/#\/schema\/person\/277ebb22abd307244031b67cd127739f","name":"viacarpatia","image":{"@type":"ImageObject","inLanguage":"en-US","@id":"https:\/\/secure.gravatar.com\/avatar\/bba74006701163acde19f8e575cb017e72fee5f1d026e5409c03c3812cd5ffd0?s=96&d=mm&r=g","url":"https:\/\/secure.gravatar.com\/avatar\/bba74006701163acde19f8e575cb017e72fee5f1d026e5409c03c3812cd5ffd0?s=96&d=mm&r=g","contentUrl":"https:\/\/secure.gravatar.com\/avatar\/bba74006701163acde19f8e575cb017e72fee5f1d026e5409c03c3812cd5ffd0?s=96&d=mm&r=g","caption":"viacarpatia"},"url":"https:\/\/viacarpatia.eu\/en\/author\/viacarpatia\/"}]}},"_links":{"self":[{"href":"https:\/\/viacarpatia.eu\/en\/wp-json\/wp\/v2\/posts\/9929","targetHints":{"allow":["GET"]}}],"collection":[{"href":"https:\/\/viacarpatia.eu\/en\/wp-json\/wp\/v2\/posts"}],"about":[{"href":"https:\/\/viacarpatia.eu\/en\/wp-json\/wp\/v2\/types\/post"}],"author":[{"embeddable":true,"href":"https:\/\/viacarpatia.eu\/en\/wp-json\/wp\/v2\/users\/2"}],"replies":[{"embeddable":true,"href":"https:\/\/viacarpatia.eu\/en\/wp-json\/wp\/v2\/comments?post=9929"}],"version-history":[{"count":1,"href":"https:\/\/viacarpatia.eu\/en\/wp-json\/wp\/v2\/posts\/9929\/revisions"}],"predecessor-version":[{"id":9930,"href":"https:\/\/viacarpatia.eu\/en\/wp-json\/wp\/v2\/posts\/9929\/revisions\/9930"}],"wp:featuredmedia":[{"embeddable":true,"href":"https:\/\/viacarpatia.eu\/en\/wp-json\/wp\/v2\/media\/9920"}],"wp:attachment":[{"href":"https:\/\/viacarpatia.eu\/en\/wp-json\/wp\/v2\/media?parent=9929"}],"wp:term":[{"taxonomy":"category","embeddable":true,"href":"https:\/\/viacarpatia.eu\/en\/wp-json\/wp\/v2\/categories?post=9929"},{"taxonomy":"post_tag","embeddable":true,"href":"https:\/\/viacarpatia.eu\/en\/wp-json\/wp\/v2\/tags?post=9929"}],"curies":[{"name":"wp","href":"https:\/\/api.w.org\/{rel}","templated":true}]}}