{"id":10338,"date":"2025-11-21T14:30:32","date_gmt":"2025-11-21T13:30:32","guid":{"rendered":"https:\/\/viacarpatia.eu\/?p=10338"},"modified":"2025-11-21T14:32:20","modified_gmt":"2025-11-21T13:32:20","slug":"slovakia2025-safety4tmf","status":"publish","type":"post","link":"https:\/\/viacarpatia.eu\/hu\/slovakia2025-safety4tmf\/","title":{"rendered":"Slovakia2025- Safety4TMF"},"content":{"rendered":"<p>Megh\u00edvtuk a nyilv\u00e1noss\u00e1got, hogy betekintsen a SAFETY4TMF projektbe, \u00e9s megnyitottunk egy fontos t\u00e9m\u00e1t : az iszaplerak\u00f3k biztons\u00e1g\u00e1nak k\u00e9rd\u00e9s\u00e9t, amely nemcsak Szlov\u00e1ki\u00e1t, hanem az eg\u00e9sz Duna-r\u00e9gi\u00f3t \u00e9rinti.<\/p>\n<p>A SlovakiaTech 2025 rendezv\u00e9nyen, a Raw Materials Days keret\u00e9ben bemutattuk a r\u00e9sztvev\u0151knek \u2013 a szak\u00e9rt\u0151kt\u0151l a sz\u00e9les k\u00f6z\u00f6ns\u00e9gig \u2013 mir\u0151l is sz\u00f3l a projekt\u00fcnk, ahogy azt is elmagyar\u00e1ztuk, mi\u00e9rt kulcsfontoss\u00e1g\u00fa a balesetek megel\u0151z\u00e9se, s ez milyen el\u0151ny\u00f6kkel j\u00e1rhat a telep\u00fcl\u00e9sek, r\u00e9gi\u00f3k \u00e9s a k\u00f6rnyezet sz\u00e1m\u00e1ra.<\/p>\n<p>Az esem\u00e9ny k\u00f6zelebb hozta az iszaplerak\u00f3k k\u00e9rd\u00e9sk\u00f6r\u00e9t az emberekhez, valamint r\u00e1vil\u00e1g\u00edtott arra, hogy a megel\u0151z\u00e9s a biztons\u00e1gos \u00e9s fenntarthat\u00f3 j\u00f6v\u0151 fel\u00e9 vezet\u0151 \u00fat.<\/p>\n","protected":false},"excerpt":{"rendered":"<p>Megh\u00edvtuk a nyilv\u00e1noss\u00e1got, hogy betekintsen a SAFETY4TMF projektbe, \u00e9s megnyitottunk egy fontos t\u00e9m\u00e1t : az iszaplerak\u00f3k biztons\u00e1g\u00e1nak k\u00e9rd\u00e9s\u00e9t, amely nemcsak Szlov\u00e1ki\u00e1t, hanem az eg\u00e9sz Duna-r\u00e9gi\u00f3t \u00e9rinti. A SlovakiaTech 2025 rendezv\u00e9nyen, a Raw Materials Days keret\u00e9ben bemutattuk a r\u00e9sztvev\u0151knek \u2013 a szak\u00e9rt\u0151kt\u0151l a sz\u00e9les k\u00f6z\u00f6ns\u00e9gig \u2013 mir\u0151l is sz\u00f3l a projekt\u00fcnk, ahogy azt is elmagyar\u00e1ztuk, mi\u00e9rt [&hellip;]<\/p>\n","protected":false},"author":2,"featured_media":10332,"comment_status":"closed","ping_status":"open","sticky":false,"template":"","format":"standard","meta":{"inline_featured_image":false,"footnotes":""},"categories":[3],"tags":[],"class_list":["post-10338","post","type-post","status-publish","format-standard","has-post-thumbnail","hentry","category-uncategorized-hu"],"acf":[],"yoast_head":"<!-- This site is optimized with the Yoast SEO plugin v27.5 - https:\/\/yoast.com\/product\/yoast-seo-wordpress\/ -->\n<title>Slovakia2025- Safety4TMF - ViaCarpatia<\/title>\n<meta name=\"robots\" content=\"index, follow, max-snippet:-1, max-image-preview:large, max-video-preview:-1\" \/>\n<link rel=\"canonical\" href=\"https:\/\/viacarpatia.eu\/hu\/slovakia2025-safety4tmf\/\" \/>\n<meta property=\"og:locale\" content=\"hu_HU\" \/>\n<meta property=\"og:type\" content=\"article\" \/>\n<meta property=\"og:title\" content=\"Slovakia2025- Safety4TMF - ViaCarpatia\" \/>\n<meta property=\"og:description\" content=\"Megh\u00edvtuk a nyilv\u00e1noss\u00e1got, hogy betekintsen a SAFETY4TMF projektbe, \u00e9s megnyitottunk egy fontos t\u00e9m\u00e1t : az iszaplerak\u00f3k biztons\u00e1g\u00e1nak k\u00e9rd\u00e9s\u00e9t, amely nemcsak Szlov\u00e1ki\u00e1t, hanem az eg\u00e9sz Duna-r\u00e9gi\u00f3t \u00e9rinti. A SlovakiaTech 2025 rendezv\u00e9nyen, a Raw Materials Days keret\u00e9ben bemutattuk a r\u00e9sztvev\u0151knek \u2013 a szak\u00e9rt\u0151kt\u0151l a sz\u00e9les k\u00f6z\u00f6ns\u00e9gig \u2013 mir\u0151l is sz\u00f3l a projekt\u00fcnk, ahogy azt is elmagyar\u00e1ztuk, mi\u00e9rt [&hellip;]\" \/>\n<meta property=\"og:url\" content=\"https:\/\/viacarpatia.eu\/hu\/slovakia2025-safety4tmf\/\" \/>\n<meta property=\"og:site_name\" content=\"ViaCarpatia\" \/>\n<meta property=\"article:published_time\" content=\"2025-11-21T13:30:32+00:00\" \/>\n<meta property=\"article:modified_time\" content=\"2025-11-21T13:32:20+00:00\" \/>\n<meta property=\"og:image\" content=\"https:\/\/viacarpatia.eu\/wp-content\/uploads\/2025\/11\/IMG_2052-scaled.jpg\" \/>\n\t<meta property=\"og:image:width\" content=\"2560\" \/>\n\t<meta property=\"og:image:height\" content=\"1920\" \/>\n\t<meta property=\"og:image:type\" content=\"image\/jpeg\" \/>\n<meta name=\"author\" content=\"viacarpatia\" \/>\n<meta name=\"twitter:card\" content=\"summary_large_image\" \/>\n<meta name=\"twitter:label1\" content=\"Szerz\u0151:\" \/>\n\t<meta name=\"twitter:data1\" content=\"viacarpatia\" \/>\n\t<meta name=\"twitter:label2\" content=\"Becs\u00fclt olvas\u00e1si id\u0151\" \/>\n\t<meta name=\"twitter:data2\" content=\"1 perc\" \/>\n<script type=\"application\/ld+json\" class=\"yoast-schema-graph\">{\"@context\":\"https:\\\/\\\/schema.org\",\"@graph\":[{\"@type\":\"Article\",\"@id\":\"https:\\\/\\\/viacarpatia.eu\\\/hu\\\/slovakia2025-safety4tmf\\\/#article\",\"isPartOf\":{\"@id\":\"https:\\\/\\\/viacarpatia.eu\\\/hu\\\/slovakia2025-safety4tmf\\\/\"},\"author\":{\"name\":\"viacarpatia\",\"@id\":\"https:\\\/\\\/viacarpatia.eu\\\/#\\\/schema\\\/person\\\/277ebb22abd307244031b67cd127739f\"},\"headline\":\"Slovakia2025- Safety4TMF\",\"datePublished\":\"2025-11-21T13:30:32+00:00\",\"dateModified\":\"2025-11-21T13:32:20+00:00\",\"mainEntityOfPage\":{\"@id\":\"https:\\\/\\\/viacarpatia.eu\\\/hu\\\/slovakia2025-safety4tmf\\\/\"},\"wordCount\":154,\"image\":{\"@id\":\"https:\\\/\\\/viacarpatia.eu\\\/hu\\\/slovakia2025-safety4tmf\\\/#primaryimage\"},\"thumbnailUrl\":\"https:\\\/\\\/viacarpatia.eu\\\/wp-content\\\/uploads\\\/2025\\\/11\\\/IMG_2052-scaled.jpg\",\"articleSection\":[\"Uncategorized\"],\"inLanguage\":\"hu\"},{\"@type\":\"WebPage\",\"@id\":\"https:\\\/\\\/viacarpatia.eu\\\/hu\\\/slovakia2025-safety4tmf\\\/\",\"url\":\"https:\\\/\\\/viacarpatia.eu\\\/hu\\\/slovakia2025-safety4tmf\\\/\",\"name\":\"Slovakia2025- Safety4TMF - ViaCarpatia\",\"isPartOf\":{\"@id\":\"https:\\\/\\\/viacarpatia.eu\\\/#website\"},\"primaryImageOfPage\":{\"@id\":\"https:\\\/\\\/viacarpatia.eu\\\/hu\\\/slovakia2025-safety4tmf\\\/#primaryimage\"},\"image\":{\"@id\":\"https:\\\/\\\/viacarpatia.eu\\\/hu\\\/slovakia2025-safety4tmf\\\/#primaryimage\"},\"thumbnailUrl\":\"https:\\\/\\\/viacarpatia.eu\\\/wp-content\\\/uploads\\\/2025\\\/11\\\/IMG_2052-scaled.jpg\",\"datePublished\":\"2025-11-21T13:30:32+00:00\",\"dateModified\":\"2025-11-21T13:32:20+00:00\",\"author\":{\"@id\":\"https:\\\/\\\/viacarpatia.eu\\\/#\\\/schema\\\/person\\\/277ebb22abd307244031b67cd127739f\"},\"breadcrumb\":{\"@id\":\"https:\\\/\\\/viacarpatia.eu\\\/hu\\\/slovakia2025-safety4tmf\\\/#breadcrumb\"},\"inLanguage\":\"hu\",\"potentialAction\":[{\"@type\":\"ReadAction\",\"target\":[\"https:\\\/\\\/viacarpatia.eu\\\/hu\\\/slovakia2025-safety4tmf\\\/\"]}]},{\"@type\":\"ImageObject\",\"inLanguage\":\"hu\",\"@id\":\"https:\\\/\\\/viacarpatia.eu\\\/hu\\\/slovakia2025-safety4tmf\\\/#primaryimage\",\"url\":\"https:\\\/\\\/viacarpatia.eu\\\/wp-content\\\/uploads\\\/2025\\\/11\\\/IMG_2052-scaled.jpg\",\"contentUrl\":\"https:\\\/\\\/viacarpatia.eu\\\/wp-content\\\/uploads\\\/2025\\\/11\\\/IMG_2052-scaled.jpg\",\"width\":2560,\"height\":1920},{\"@type\":\"BreadcrumbList\",\"@id\":\"https:\\\/\\\/viacarpatia.eu\\\/hu\\\/slovakia2025-safety4tmf\\\/#breadcrumb\",\"itemListElement\":[{\"@type\":\"ListItem\",\"position\":1,\"name\":\"Home\",\"item\":\"https:\\\/\\\/viacarpatia.eu\\\/\"},{\"@type\":\"ListItem\",\"position\":2,\"name\":\"Slovakia2025- Safety4TMF\"}]},{\"@type\":\"WebSite\",\"@id\":\"https:\\\/\\\/viacarpatia.eu\\\/#website\",\"url\":\"https:\\\/\\\/viacarpatia.eu\\\/\",\"name\":\"ViaCarpatia\",\"description\":\"Sp\u00e1jame historick\u00e9 a kult\u00farno-jazykov\u00e9 trad\u00edcie\",\"alternateName\":\"ViaCarpatia\",\"potentialAction\":[{\"@type\":\"SearchAction\",\"target\":{\"@type\":\"EntryPoint\",\"urlTemplate\":\"https:\\\/\\\/viacarpatia.eu\\\/?s={search_term_string}\"},\"query-input\":{\"@type\":\"PropertyValueSpecification\",\"valueRequired\":true,\"valueName\":\"search_term_string\"}}],\"inLanguage\":\"hu\"},{\"@type\":\"Person\",\"@id\":\"https:\\\/\\\/viacarpatia.eu\\\/#\\\/schema\\\/person\\\/277ebb22abd307244031b67cd127739f\",\"name\":\"viacarpatia\",\"image\":{\"@type\":\"ImageObject\",\"inLanguage\":\"hu\",\"@id\":\"https:\\\/\\\/secure.gravatar.com\\\/avatar\\\/bba74006701163acde19f8e575cb017e72fee5f1d026e5409c03c3812cd5ffd0?s=96&d=mm&r=g\",\"url\":\"https:\\\/\\\/secure.gravatar.com\\\/avatar\\\/bba74006701163acde19f8e575cb017e72fee5f1d026e5409c03c3812cd5ffd0?s=96&d=mm&r=g\",\"contentUrl\":\"https:\\\/\\\/secure.gravatar.com\\\/avatar\\\/bba74006701163acde19f8e575cb017e72fee5f1d026e5409c03c3812cd5ffd0?s=96&d=mm&r=g\",\"caption\":\"viacarpatia\"},\"url\":\"https:\\\/\\\/viacarpatia.eu\\\/hu\\\/author\\\/viacarpatia\\\/\"}]}<\/script>\n<!-- \/ Yoast SEO plugin. -->","yoast_head_json":{"title":"Slovakia2025- Safety4TMF - ViaCarpatia","robots":{"index":"index","follow":"follow","max-snippet":"max-snippet:-1","max-image-preview":"max-image-preview:large","max-video-preview":"max-video-preview:-1"},"canonical":"https:\/\/viacarpatia.eu\/hu\/slovakia2025-safety4tmf\/","og_locale":"hu_HU","og_type":"article","og_title":"Slovakia2025- Safety4TMF - ViaCarpatia","og_description":"Megh\u00edvtuk a nyilv\u00e1noss\u00e1got, hogy betekintsen a SAFETY4TMF projektbe, \u00e9s megnyitottunk egy fontos t\u00e9m\u00e1t : az iszaplerak\u00f3k biztons\u00e1g\u00e1nak k\u00e9rd\u00e9s\u00e9t, amely nemcsak Szlov\u00e1ki\u00e1t, hanem az eg\u00e9sz Duna-r\u00e9gi\u00f3t \u00e9rinti. A SlovakiaTech 2025 rendezv\u00e9nyen, a Raw Materials Days keret\u00e9ben bemutattuk a r\u00e9sztvev\u0151knek \u2013 a szak\u00e9rt\u0151kt\u0151l a sz\u00e9les k\u00f6z\u00f6ns\u00e9gig \u2013 mir\u0151l is sz\u00f3l a projekt\u00fcnk, ahogy azt is elmagyar\u00e1ztuk, mi\u00e9rt [&hellip;]","og_url":"https:\/\/viacarpatia.eu\/hu\/slovakia2025-safety4tmf\/","og_site_name":"ViaCarpatia","article_published_time":"2025-11-21T13:30:32+00:00","article_modified_time":"2025-11-21T13:32:20+00:00","og_image":[{"width":2560,"height":1920,"url":"https:\/\/viacarpatia.eu\/wp-content\/uploads\/2025\/11\/IMG_2052-scaled.jpg","type":"image\/jpeg"}],"author":"viacarpatia","twitter_card":"summary_large_image","twitter_misc":{"Szerz\u0151:":"viacarpatia","Becs\u00fclt olvas\u00e1si id\u0151":"1 perc"},"schema":{"@context":"https:\/\/schema.org","@graph":[{"@type":"Article","@id":"https:\/\/viacarpatia.eu\/hu\/slovakia2025-safety4tmf\/#article","isPartOf":{"@id":"https:\/\/viacarpatia.eu\/hu\/slovakia2025-safety4tmf\/"},"author":{"name":"viacarpatia","@id":"https:\/\/viacarpatia.eu\/#\/schema\/person\/277ebb22abd307244031b67cd127739f"},"headline":"Slovakia2025- Safety4TMF","datePublished":"2025-11-21T13:30:32+00:00","dateModified":"2025-11-21T13:32:20+00:00","mainEntityOfPage":{"@id":"https:\/\/viacarpatia.eu\/hu\/slovakia2025-safety4tmf\/"},"wordCount":154,"image":{"@id":"https:\/\/viacarpatia.eu\/hu\/slovakia2025-safety4tmf\/#primaryimage"},"thumbnailUrl":"https:\/\/viacarpatia.eu\/wp-content\/uploads\/2025\/11\/IMG_2052-scaled.jpg","articleSection":["Uncategorized"],"inLanguage":"hu"},{"@type":"WebPage","@id":"https:\/\/viacarpatia.eu\/hu\/slovakia2025-safety4tmf\/","url":"https:\/\/viacarpatia.eu\/hu\/slovakia2025-safety4tmf\/","name":"Slovakia2025- Safety4TMF - ViaCarpatia","isPartOf":{"@id":"https:\/\/viacarpatia.eu\/#website"},"primaryImageOfPage":{"@id":"https:\/\/viacarpatia.eu\/hu\/slovakia2025-safety4tmf\/#primaryimage"},"image":{"@id":"https:\/\/viacarpatia.eu\/hu\/slovakia2025-safety4tmf\/#primaryimage"},"thumbnailUrl":"https:\/\/viacarpatia.eu\/wp-content\/uploads\/2025\/11\/IMG_2052-scaled.jpg","datePublished":"2025-11-21T13:30:32+00:00","dateModified":"2025-11-21T13:32:20+00:00","author":{"@id":"https:\/\/viacarpatia.eu\/#\/schema\/person\/277ebb22abd307244031b67cd127739f"},"breadcrumb":{"@id":"https:\/\/viacarpatia.eu\/hu\/slovakia2025-safety4tmf\/#breadcrumb"},"inLanguage":"hu","potentialAction":[{"@type":"ReadAction","target":["https:\/\/viacarpatia.eu\/hu\/slovakia2025-safety4tmf\/"]}]},{"@type":"ImageObject","inLanguage":"hu","@id":"https:\/\/viacarpatia.eu\/hu\/slovakia2025-safety4tmf\/#primaryimage","url":"https:\/\/viacarpatia.eu\/wp-content\/uploads\/2025\/11\/IMG_2052-scaled.jpg","contentUrl":"https:\/\/viacarpatia.eu\/wp-content\/uploads\/2025\/11\/IMG_2052-scaled.jpg","width":2560,"height":1920},{"@type":"BreadcrumbList","@id":"https:\/\/viacarpatia.eu\/hu\/slovakia2025-safety4tmf\/#breadcrumb","itemListElement":[{"@type":"ListItem","position":1,"name":"Home","item":"https:\/\/viacarpatia.eu\/"},{"@type":"ListItem","position":2,"name":"Slovakia2025- Safety4TMF"}]},{"@type":"WebSite","@id":"https:\/\/viacarpatia.eu\/#website","url":"https:\/\/viacarpatia.eu\/","name":"ViaCarpatia","description":"Sp\u00e1jame historick\u00e9 a kult\u00farno-jazykov\u00e9 trad\u00edcie","alternateName":"ViaCarpatia","potentialAction":[{"@type":"SearchAction","target":{"@type":"EntryPoint","urlTemplate":"https:\/\/viacarpatia.eu\/?s={search_term_string}"},"query-input":{"@type":"PropertyValueSpecification","valueRequired":true,"valueName":"search_term_string"}}],"inLanguage":"hu"},{"@type":"Person","@id":"https:\/\/viacarpatia.eu\/#\/schema\/person\/277ebb22abd307244031b67cd127739f","name":"viacarpatia","image":{"@type":"ImageObject","inLanguage":"hu","@id":"https:\/\/secure.gravatar.com\/avatar\/bba74006701163acde19f8e575cb017e72fee5f1d026e5409c03c3812cd5ffd0?s=96&d=mm&r=g","url":"https:\/\/secure.gravatar.com\/avatar\/bba74006701163acde19f8e575cb017e72fee5f1d026e5409c03c3812cd5ffd0?s=96&d=mm&r=g","contentUrl":"https:\/\/secure.gravatar.com\/avatar\/bba74006701163acde19f8e575cb017e72fee5f1d026e5409c03c3812cd5ffd0?s=96&d=mm&r=g","caption":"viacarpatia"},"url":"https:\/\/viacarpatia.eu\/hu\/author\/viacarpatia\/"}]}},"_links":{"self":[{"href":"https:\/\/viacarpatia.eu\/hu\/wp-json\/wp\/v2\/posts\/10338","targetHints":{"allow":["GET"]}}],"collection":[{"href":"https:\/\/viacarpatia.eu\/hu\/wp-json\/wp\/v2\/posts"}],"about":[{"href":"https:\/\/viacarpatia.eu\/hu\/wp-json\/wp\/v2\/types\/post"}],"author":[{"embeddable":true,"href":"https:\/\/viacarpatia.eu\/hu\/wp-json\/wp\/v2\/users\/2"}],"replies":[{"embeddable":true,"href":"https:\/\/viacarpatia.eu\/hu\/wp-json\/wp\/v2\/comments?post=10338"}],"version-history":[{"count":1,"href":"https:\/\/viacarpatia.eu\/hu\/wp-json\/wp\/v2\/posts\/10338\/revisions"}],"predecessor-version":[{"id":10339,"href":"https:\/\/viacarpatia.eu\/hu\/wp-json\/wp\/v2\/posts\/10338\/revisions\/10339"}],"wp:featuredmedia":[{"embeddable":true,"href":"https:\/\/viacarpatia.eu\/hu\/wp-json\/wp\/v2\/media\/10332"}],"wp:attachment":[{"href":"https:\/\/viacarpatia.eu\/hu\/wp-json\/wp\/v2\/media?parent=10338"}],"wp:term":[{"taxonomy":"category","embeddable":true,"href":"https:\/\/viacarpatia.eu\/hu\/wp-json\/wp\/v2\/categories?post=10338"},{"taxonomy":"post_tag","embeddable":true,"href":"https:\/\/viacarpatia.eu\/hu\/wp-json\/wp\/v2\/tags?post=10338"}],"curies":[{"name":"wp","href":"https:\/\/api.w.org\/{rel}","templated":true}]}}