{"id":10407,"date":"2025-11-27T09:18:51","date_gmt":"2025-11-27T08:18:51","guid":{"rendered":"https:\/\/viacarpatia.eu\/?p=10407"},"modified":"2025-11-27T09:18:51","modified_gmt":"2025-11-27T08:18:51","slug":"bemutattuk-a-via-carpatia-t-es-a-projektmenedzser-munkajat","status":"publish","type":"post","link":"https:\/\/viacarpatia.eu\/hu\/bemutattuk-a-via-carpatia-t-es-a-projektmenedzser-munkajat\/","title":{"rendered":"Bemutattuk a Via Carpatia-t \u00e9s a projektmenedzser munk\u00e1j\u00e1t."},"content":{"rendered":"<p>A Kassai M\u0171szaki Egyetem K\u00f6zgazdas\u00e1gtudom\u00e1nyi Kar\u00e1n a Helyi \u00d6nkorm\u00e1nyzati P\u00e9nz\u00fcgyek c\u00edm\u0171 tant\u00e1rgy keret\u00e9ben bemutattuk a hallgat\u00f3knak a Via Carpatia EGTC, \u00e9s betekint\u00e9st adtunk a projektmenedzseri munka velej\u00e1r\u00f3iba.Sz\u00f3 esett m\u00e9g az Akt\u00edv Id\u0151skor K\u00f6zpontr\u00f3l  \u00e9s azokr\u00f3l a tev\u00e9kenys\u00e9gekr\u0151l is, amelyeket a sz\u00e9pkor\u00faak sz\u00e1m\u00e1ra k\u00edn\u00e1lunk.<\/p>\n<p>K\u00f6sz\u00f6nj\u00fck, hogy lehet\u0151s\u00e9get kaptunk a projektjeink bemutat\u00e1s\u00e1ra \u00e9s gyakorlati tapasztalataink megoszt\u00e1s\u00e1ra a hallgat\u00f3kkal.<\/p>\n","protected":false},"excerpt":{"rendered":"<p>A Kassai M\u0171szaki Egyetem K\u00f6zgazdas\u00e1gtudom\u00e1nyi Kar\u00e1n a Helyi \u00d6nkorm\u00e1nyzati P\u00e9nz\u00fcgyek c\u00edm\u0171 tant\u00e1rgy keret\u00e9ben bemutattuk a hallgat\u00f3knak a Via Carpatia EGTC, \u00e9s betekint\u00e9st adtunk a projektmenedzseri munka velej\u00e1r\u00f3iba.Sz\u00f3 esett m\u00e9g az Akt\u00edv Id\u0151skor K\u00f6zpontr\u00f3l \u00e9s azokr\u00f3l a tev\u00e9kenys\u00e9gekr\u0151l is, amelyeket a sz\u00e9pkor\u00faak sz\u00e1m\u00e1ra k\u00edn\u00e1lunk. K\u00f6sz\u00f6nj\u00fck, hogy lehet\u0151s\u00e9get kaptunk a projektjeink bemutat\u00e1s\u00e1ra \u00e9s gyakorlati tapasztalataink megoszt\u00e1s\u00e1ra a [&hellip;]<\/p>\n","protected":false},"author":2,"featured_media":10393,"comment_status":"closed","ping_status":"open","sticky":false,"template":"","format":"standard","meta":{"inline_featured_image":false,"footnotes":""},"categories":[3],"tags":[],"class_list":["post-10407","post","type-post","status-publish","format-standard","has-post-thumbnail","hentry","category-uncategorized-hu"],"acf":[],"yoast_head":"<!-- This site is optimized with the Yoast SEO plugin v27.5 - https:\/\/yoast.com\/product\/yoast-seo-wordpress\/ -->\n<title>Bemutattuk a Via Carpatia-t \u00e9s a projektmenedzser munk\u00e1j\u00e1t. - ViaCarpatia<\/title>\n<meta name=\"robots\" content=\"index, follow, max-snippet:-1, max-image-preview:large, max-video-preview:-1\" \/>\n<link rel=\"canonical\" href=\"https:\/\/viacarpatia.eu\/hu\/bemutattuk-a-via-carpatia-t-es-a-projektmenedzser-munkajat\/\" \/>\n<meta property=\"og:locale\" content=\"hu_HU\" \/>\n<meta property=\"og:type\" content=\"article\" \/>\n<meta property=\"og:title\" content=\"Bemutattuk a Via Carpatia-t \u00e9s a projektmenedzser munk\u00e1j\u00e1t. - ViaCarpatia\" \/>\n<meta property=\"og:description\" content=\"A Kassai M\u0171szaki Egyetem K\u00f6zgazdas\u00e1gtudom\u00e1nyi Kar\u00e1n a Helyi \u00d6nkorm\u00e1nyzati P\u00e9nz\u00fcgyek c\u00edm\u0171 tant\u00e1rgy keret\u00e9ben bemutattuk a hallgat\u00f3knak a Via Carpatia EGTC, \u00e9s betekint\u00e9st adtunk a projektmenedzseri munka velej\u00e1r\u00f3iba.Sz\u00f3 esett m\u00e9g az Akt\u00edv Id\u0151skor K\u00f6zpontr\u00f3l \u00e9s azokr\u00f3l a tev\u00e9kenys\u00e9gekr\u0151l is, amelyeket a sz\u00e9pkor\u00faak sz\u00e1m\u00e1ra k\u00edn\u00e1lunk. K\u00f6sz\u00f6nj\u00fck, hogy lehet\u0151s\u00e9get kaptunk a projektjeink bemutat\u00e1s\u00e1ra \u00e9s gyakorlati tapasztalataink megoszt\u00e1s\u00e1ra a [&hellip;]\" \/>\n<meta property=\"og:url\" content=\"https:\/\/viacarpatia.eu\/hu\/bemutattuk-a-via-carpatia-t-es-a-projektmenedzser-munkajat\/\" \/>\n<meta property=\"og:site_name\" content=\"ViaCarpatia\" \/>\n<meta property=\"article:published_time\" content=\"2025-11-27T08:18:51+00:00\" \/>\n<meta property=\"og:image\" content=\"https:\/\/viacarpatia.eu\/wp-content\/uploads\/2025\/11\/IMG_3091-scaled.jpg\" \/>\n\t<meta property=\"og:image:width\" content=\"1920\" \/>\n\t<meta property=\"og:image:height\" content=\"2560\" \/>\n\t<meta property=\"og:image:type\" content=\"image\/jpeg\" \/>\n<meta name=\"author\" content=\"viacarpatia\" \/>\n<meta name=\"twitter:card\" content=\"summary_large_image\" \/>\n<meta name=\"twitter:label1\" content=\"Szerz\u0151:\" \/>\n\t<meta name=\"twitter:data1\" content=\"viacarpatia\" \/>\n\t<meta name=\"twitter:label2\" content=\"Becs\u00fclt olvas\u00e1si id\u0151\" \/>\n\t<meta name=\"twitter:data2\" content=\"1 perc\" \/>\n<script type=\"application\/ld+json\" class=\"yoast-schema-graph\">{\"@context\":\"https:\\\/\\\/schema.org\",\"@graph\":[{\"@type\":\"Article\",\"@id\":\"https:\\\/\\\/viacarpatia.eu\\\/hu\\\/bemutattuk-a-via-carpatia-t-es-a-projektmenedzser-munkajat\\\/#article\",\"isPartOf\":{\"@id\":\"https:\\\/\\\/viacarpatia.eu\\\/hu\\\/bemutattuk-a-via-carpatia-t-es-a-projektmenedzser-munkajat\\\/\"},\"author\":{\"name\":\"viacarpatia\",\"@id\":\"https:\\\/\\\/viacarpatia.eu\\\/#\\\/schema\\\/person\\\/277ebb22abd307244031b67cd127739f\"},\"headline\":\"Bemutattuk a Via Carpatia-t \u00e9s a projektmenedzser munk\u00e1j\u00e1t.\",\"datePublished\":\"2025-11-27T08:18:51+00:00\",\"mainEntityOfPage\":{\"@id\":\"https:\\\/\\\/viacarpatia.eu\\\/hu\\\/bemutattuk-a-via-carpatia-t-es-a-projektmenedzser-munkajat\\\/\"},\"wordCount\":107,\"image\":{\"@id\":\"https:\\\/\\\/viacarpatia.eu\\\/hu\\\/bemutattuk-a-via-carpatia-t-es-a-projektmenedzser-munkajat\\\/#primaryimage\"},\"thumbnailUrl\":\"https:\\\/\\\/viacarpatia.eu\\\/wp-content\\\/uploads\\\/2025\\\/11\\\/IMG_3091-scaled.jpg\",\"articleSection\":[\"Uncategorized\"],\"inLanguage\":\"hu\"},{\"@type\":\"WebPage\",\"@id\":\"https:\\\/\\\/viacarpatia.eu\\\/hu\\\/bemutattuk-a-via-carpatia-t-es-a-projektmenedzser-munkajat\\\/\",\"url\":\"https:\\\/\\\/viacarpatia.eu\\\/hu\\\/bemutattuk-a-via-carpatia-t-es-a-projektmenedzser-munkajat\\\/\",\"name\":\"Bemutattuk a Via Carpatia-t \u00e9s a projektmenedzser munk\u00e1j\u00e1t. - ViaCarpatia\",\"isPartOf\":{\"@id\":\"https:\\\/\\\/viacarpatia.eu\\\/#website\"},\"primaryImageOfPage\":{\"@id\":\"https:\\\/\\\/viacarpatia.eu\\\/hu\\\/bemutattuk-a-via-carpatia-t-es-a-projektmenedzser-munkajat\\\/#primaryimage\"},\"image\":{\"@id\":\"https:\\\/\\\/viacarpatia.eu\\\/hu\\\/bemutattuk-a-via-carpatia-t-es-a-projektmenedzser-munkajat\\\/#primaryimage\"},\"thumbnailUrl\":\"https:\\\/\\\/viacarpatia.eu\\\/wp-content\\\/uploads\\\/2025\\\/11\\\/IMG_3091-scaled.jpg\",\"datePublished\":\"2025-11-27T08:18:51+00:00\",\"author\":{\"@id\":\"https:\\\/\\\/viacarpatia.eu\\\/#\\\/schema\\\/person\\\/277ebb22abd307244031b67cd127739f\"},\"breadcrumb\":{\"@id\":\"https:\\\/\\\/viacarpatia.eu\\\/hu\\\/bemutattuk-a-via-carpatia-t-es-a-projektmenedzser-munkajat\\\/#breadcrumb\"},\"inLanguage\":\"hu\",\"potentialAction\":[{\"@type\":\"ReadAction\",\"target\":[\"https:\\\/\\\/viacarpatia.eu\\\/hu\\\/bemutattuk-a-via-carpatia-t-es-a-projektmenedzser-munkajat\\\/\"]}]},{\"@type\":\"ImageObject\",\"inLanguage\":\"hu\",\"@id\":\"https:\\\/\\\/viacarpatia.eu\\\/hu\\\/bemutattuk-a-via-carpatia-t-es-a-projektmenedzser-munkajat\\\/#primaryimage\",\"url\":\"https:\\\/\\\/viacarpatia.eu\\\/wp-content\\\/uploads\\\/2025\\\/11\\\/IMG_3091-scaled.jpg\",\"contentUrl\":\"https:\\\/\\\/viacarpatia.eu\\\/wp-content\\\/uploads\\\/2025\\\/11\\\/IMG_3091-scaled.jpg\",\"width\":1920,\"height\":2560},{\"@type\":\"BreadcrumbList\",\"@id\":\"https:\\\/\\\/viacarpatia.eu\\\/hu\\\/bemutattuk-a-via-carpatia-t-es-a-projektmenedzser-munkajat\\\/#breadcrumb\",\"itemListElement\":[{\"@type\":\"ListItem\",\"position\":1,\"name\":\"Home\",\"item\":\"https:\\\/\\\/viacarpatia.eu\\\/\"},{\"@type\":\"ListItem\",\"position\":2,\"name\":\"Bemutattuk a Via Carpatia-t \u00e9s a projektmenedzser munk\u00e1j\u00e1t.\"}]},{\"@type\":\"WebSite\",\"@id\":\"https:\\\/\\\/viacarpatia.eu\\\/#website\",\"url\":\"https:\\\/\\\/viacarpatia.eu\\\/\",\"name\":\"ViaCarpatia\",\"description\":\"Sp\u00e1jame historick\u00e9 a kult\u00farno-jazykov\u00e9 trad\u00edcie\",\"alternateName\":\"ViaCarpatia\",\"potentialAction\":[{\"@type\":\"SearchAction\",\"target\":{\"@type\":\"EntryPoint\",\"urlTemplate\":\"https:\\\/\\\/viacarpatia.eu\\\/?s={search_term_string}\"},\"query-input\":{\"@type\":\"PropertyValueSpecification\",\"valueRequired\":true,\"valueName\":\"search_term_string\"}}],\"inLanguage\":\"hu\"},{\"@type\":\"Person\",\"@id\":\"https:\\\/\\\/viacarpatia.eu\\\/#\\\/schema\\\/person\\\/277ebb22abd307244031b67cd127739f\",\"name\":\"viacarpatia\",\"image\":{\"@type\":\"ImageObject\",\"inLanguage\":\"hu\",\"@id\":\"https:\\\/\\\/secure.gravatar.com\\\/avatar\\\/bba74006701163acde19f8e575cb017e72fee5f1d026e5409c03c3812cd5ffd0?s=96&d=mm&r=g\",\"url\":\"https:\\\/\\\/secure.gravatar.com\\\/avatar\\\/bba74006701163acde19f8e575cb017e72fee5f1d026e5409c03c3812cd5ffd0?s=96&d=mm&r=g\",\"contentUrl\":\"https:\\\/\\\/secure.gravatar.com\\\/avatar\\\/bba74006701163acde19f8e575cb017e72fee5f1d026e5409c03c3812cd5ffd0?s=96&d=mm&r=g\",\"caption\":\"viacarpatia\"},\"url\":\"https:\\\/\\\/viacarpatia.eu\\\/hu\\\/author\\\/viacarpatia\\\/\"}]}<\/script>\n<!-- \/ Yoast SEO plugin. -->","yoast_head_json":{"title":"Bemutattuk a Via Carpatia-t \u00e9s a projektmenedzser munk\u00e1j\u00e1t. - ViaCarpatia","robots":{"index":"index","follow":"follow","max-snippet":"max-snippet:-1","max-image-preview":"max-image-preview:large","max-video-preview":"max-video-preview:-1"},"canonical":"https:\/\/viacarpatia.eu\/hu\/bemutattuk-a-via-carpatia-t-es-a-projektmenedzser-munkajat\/","og_locale":"hu_HU","og_type":"article","og_title":"Bemutattuk a Via Carpatia-t \u00e9s a projektmenedzser munk\u00e1j\u00e1t. - ViaCarpatia","og_description":"A Kassai M\u0171szaki Egyetem K\u00f6zgazdas\u00e1gtudom\u00e1nyi Kar\u00e1n a Helyi \u00d6nkorm\u00e1nyzati P\u00e9nz\u00fcgyek c\u00edm\u0171 tant\u00e1rgy keret\u00e9ben bemutattuk a hallgat\u00f3knak a Via Carpatia EGTC, \u00e9s betekint\u00e9st adtunk a projektmenedzseri munka velej\u00e1r\u00f3iba.Sz\u00f3 esett m\u00e9g az Akt\u00edv Id\u0151skor K\u00f6zpontr\u00f3l \u00e9s azokr\u00f3l a tev\u00e9kenys\u00e9gekr\u0151l is, amelyeket a sz\u00e9pkor\u00faak sz\u00e1m\u00e1ra k\u00edn\u00e1lunk. K\u00f6sz\u00f6nj\u00fck, hogy lehet\u0151s\u00e9get kaptunk a projektjeink bemutat\u00e1s\u00e1ra \u00e9s gyakorlati tapasztalataink megoszt\u00e1s\u00e1ra a [&hellip;]","og_url":"https:\/\/viacarpatia.eu\/hu\/bemutattuk-a-via-carpatia-t-es-a-projektmenedzser-munkajat\/","og_site_name":"ViaCarpatia","article_published_time":"2025-11-27T08:18:51+00:00","og_image":[{"width":1920,"height":2560,"url":"https:\/\/viacarpatia.eu\/wp-content\/uploads\/2025\/11\/IMG_3091-scaled.jpg","type":"image\/jpeg"}],"author":"viacarpatia","twitter_card":"summary_large_image","twitter_misc":{"Szerz\u0151:":"viacarpatia","Becs\u00fclt olvas\u00e1si id\u0151":"1 perc"},"schema":{"@context":"https:\/\/schema.org","@graph":[{"@type":"Article","@id":"https:\/\/viacarpatia.eu\/hu\/bemutattuk-a-via-carpatia-t-es-a-projektmenedzser-munkajat\/#article","isPartOf":{"@id":"https:\/\/viacarpatia.eu\/hu\/bemutattuk-a-via-carpatia-t-es-a-projektmenedzser-munkajat\/"},"author":{"name":"viacarpatia","@id":"https:\/\/viacarpatia.eu\/#\/schema\/person\/277ebb22abd307244031b67cd127739f"},"headline":"Bemutattuk a Via Carpatia-t \u00e9s a projektmenedzser munk\u00e1j\u00e1t.","datePublished":"2025-11-27T08:18:51+00:00","mainEntityOfPage":{"@id":"https:\/\/viacarpatia.eu\/hu\/bemutattuk-a-via-carpatia-t-es-a-projektmenedzser-munkajat\/"},"wordCount":107,"image":{"@id":"https:\/\/viacarpatia.eu\/hu\/bemutattuk-a-via-carpatia-t-es-a-projektmenedzser-munkajat\/#primaryimage"},"thumbnailUrl":"https:\/\/viacarpatia.eu\/wp-content\/uploads\/2025\/11\/IMG_3091-scaled.jpg","articleSection":["Uncategorized"],"inLanguage":"hu"},{"@type":"WebPage","@id":"https:\/\/viacarpatia.eu\/hu\/bemutattuk-a-via-carpatia-t-es-a-projektmenedzser-munkajat\/","url":"https:\/\/viacarpatia.eu\/hu\/bemutattuk-a-via-carpatia-t-es-a-projektmenedzser-munkajat\/","name":"Bemutattuk a Via Carpatia-t \u00e9s a projektmenedzser munk\u00e1j\u00e1t. - ViaCarpatia","isPartOf":{"@id":"https:\/\/viacarpatia.eu\/#website"},"primaryImageOfPage":{"@id":"https:\/\/viacarpatia.eu\/hu\/bemutattuk-a-via-carpatia-t-es-a-projektmenedzser-munkajat\/#primaryimage"},"image":{"@id":"https:\/\/viacarpatia.eu\/hu\/bemutattuk-a-via-carpatia-t-es-a-projektmenedzser-munkajat\/#primaryimage"},"thumbnailUrl":"https:\/\/viacarpatia.eu\/wp-content\/uploads\/2025\/11\/IMG_3091-scaled.jpg","datePublished":"2025-11-27T08:18:51+00:00","author":{"@id":"https:\/\/viacarpatia.eu\/#\/schema\/person\/277ebb22abd307244031b67cd127739f"},"breadcrumb":{"@id":"https:\/\/viacarpatia.eu\/hu\/bemutattuk-a-via-carpatia-t-es-a-projektmenedzser-munkajat\/#breadcrumb"},"inLanguage":"hu","potentialAction":[{"@type":"ReadAction","target":["https:\/\/viacarpatia.eu\/hu\/bemutattuk-a-via-carpatia-t-es-a-projektmenedzser-munkajat\/"]}]},{"@type":"ImageObject","inLanguage":"hu","@id":"https:\/\/viacarpatia.eu\/hu\/bemutattuk-a-via-carpatia-t-es-a-projektmenedzser-munkajat\/#primaryimage","url":"https:\/\/viacarpatia.eu\/wp-content\/uploads\/2025\/11\/IMG_3091-scaled.jpg","contentUrl":"https:\/\/viacarpatia.eu\/wp-content\/uploads\/2025\/11\/IMG_3091-scaled.jpg","width":1920,"height":2560},{"@type":"BreadcrumbList","@id":"https:\/\/viacarpatia.eu\/hu\/bemutattuk-a-via-carpatia-t-es-a-projektmenedzser-munkajat\/#breadcrumb","itemListElement":[{"@type":"ListItem","position":1,"name":"Home","item":"https:\/\/viacarpatia.eu\/"},{"@type":"ListItem","position":2,"name":"Bemutattuk a Via Carpatia-t \u00e9s a projektmenedzser munk\u00e1j\u00e1t."}]},{"@type":"WebSite","@id":"https:\/\/viacarpatia.eu\/#website","url":"https:\/\/viacarpatia.eu\/","name":"ViaCarpatia","description":"Sp\u00e1jame historick\u00e9 a kult\u00farno-jazykov\u00e9 trad\u00edcie","alternateName":"ViaCarpatia","potentialAction":[{"@type":"SearchAction","target":{"@type":"EntryPoint","urlTemplate":"https:\/\/viacarpatia.eu\/?s={search_term_string}"},"query-input":{"@type":"PropertyValueSpecification","valueRequired":true,"valueName":"search_term_string"}}],"inLanguage":"hu"},{"@type":"Person","@id":"https:\/\/viacarpatia.eu\/#\/schema\/person\/277ebb22abd307244031b67cd127739f","name":"viacarpatia","image":{"@type":"ImageObject","inLanguage":"hu","@id":"https:\/\/secure.gravatar.com\/avatar\/bba74006701163acde19f8e575cb017e72fee5f1d026e5409c03c3812cd5ffd0?s=96&d=mm&r=g","url":"https:\/\/secure.gravatar.com\/avatar\/bba74006701163acde19f8e575cb017e72fee5f1d026e5409c03c3812cd5ffd0?s=96&d=mm&r=g","contentUrl":"https:\/\/secure.gravatar.com\/avatar\/bba74006701163acde19f8e575cb017e72fee5f1d026e5409c03c3812cd5ffd0?s=96&d=mm&r=g","caption":"viacarpatia"},"url":"https:\/\/viacarpatia.eu\/hu\/author\/viacarpatia\/"}]}},"_links":{"self":[{"href":"https:\/\/viacarpatia.eu\/hu\/wp-json\/wp\/v2\/posts\/10407","targetHints":{"allow":["GET"]}}],"collection":[{"href":"https:\/\/viacarpatia.eu\/hu\/wp-json\/wp\/v2\/posts"}],"about":[{"href":"https:\/\/viacarpatia.eu\/hu\/wp-json\/wp\/v2\/types\/post"}],"author":[{"embeddable":true,"href":"https:\/\/viacarpatia.eu\/hu\/wp-json\/wp\/v2\/users\/2"}],"replies":[{"embeddable":true,"href":"https:\/\/viacarpatia.eu\/hu\/wp-json\/wp\/v2\/comments?post=10407"}],"version-history":[{"count":1,"href":"https:\/\/viacarpatia.eu\/hu\/wp-json\/wp\/v2\/posts\/10407\/revisions"}],"predecessor-version":[{"id":10408,"href":"https:\/\/viacarpatia.eu\/hu\/wp-json\/wp\/v2\/posts\/10407\/revisions\/10408"}],"wp:featuredmedia":[{"embeddable":true,"href":"https:\/\/viacarpatia.eu\/hu\/wp-json\/wp\/v2\/media\/10393"}],"wp:attachment":[{"href":"https:\/\/viacarpatia.eu\/hu\/wp-json\/wp\/v2\/media?parent=10407"}],"wp:term":[{"taxonomy":"category","embeddable":true,"href":"https:\/\/viacarpatia.eu\/hu\/wp-json\/wp\/v2\/categories?post=10407"},{"taxonomy":"post_tag","embeddable":true,"href":"https:\/\/viacarpatia.eu\/hu\/wp-json\/wp\/v2\/tags?post=10407"}],"curies":[{"name":"wp","href":"https:\/\/api.w.org\/{rel}","templated":true}]}}