{"id":6885,"date":"2023-04-19T11:13:47","date_gmt":"2023-04-19T09:13:47","guid":{"rendered":"https:\/\/viacarpatia.eu\/priprava-fondu-malych-projektov-pokracuje\/"},"modified":"2023-05-18T14:05:43","modified_gmt":"2023-05-18T12:05:43","slug":"priprava-fondu-malych-projektov-pokracuje","status":"publish","type":"post","link":"https:\/\/viacarpatia.eu\/hu\/priprava-fondu-malych-projektov-pokracuje\/","title":{"rendered":"K\u00f6vetkez\u0151 l\u00e9p\u00e9sek a Kisprojekt Alap ind\u00edt\u00e1s\u00e1hoz"},"content":{"rendered":"<p>A Kisprojekt Alap v\u00e9grehajt\u00e1s\u00e1n bel\u00fcl a Via Carpatia EGTC \u00e9rtekezleteket tartott az \u00e9rintett megy\u00e9k eln\u00f6keivel az okt\u00f3beri \u00e9s novemberi h\u00f3napokban, melyeknek f\u0151 c\u00e9lja a Kisprojekt Alap jelenlegi felk\u00e9sz\u00fclts\u00e9gi \u00e1llapot\u00e1r\u00f3l val\u00f3 \u00e9rtes\u00edt\u00e9s volt.<\/p>\n<p>Tov\u00e1bb\u00e1, az egyes megyei eln\u00f6k\u00f6k fel lettek sz\u00f3l\u00edtva, hogy jel\u00f6lj\u00e9k meg a Monitoring Albizotts\u00e1g egy tagj\u00e1t \u00e9s egy helyettes tagj\u00e1t. Az \u00e9rtekezletek a Kassa Megyei \u00d6nkorm\u00e1nyzat, a N\u00f3gr\u00e1d Megyei \u00d6nkorm\u00e1nyzat, Szabolcs-Szatm\u00e1r-Bereg Megyei \u00d6nkorm\u00e1nyzat \u00e9s Heves Megyei \u00d6nkorm\u00e1nyzat hivatalaiban t\u00f6rt\u00e9ntek.  Az eml\u00edtett Megyei \u00d6nkorm\u00e1nyzatok m\u00e1r megjel\u00f6lt\u00e9k k\u00e9pvisel\u0151iket a Monitoring Albizotts\u00e1gba, akik r\u00e9sz\u00e9re a Via Carpatia EGTC kinevez\u00e9si okm\u00e1nyokat k\u00fcld majd.<\/p>\n<p>Jelenleg t\u00e1rgyal\u00e1sok folynak a Beszterceb\u00e1nyai \u00d6nkorm\u00e1nyzattal a Monitoring Albizotts\u00e1g k\u00e9pvisel\u0151i kinevez\u00e9s\u00e9r\u0151l.<\/p>\n<p>A Monitoring Albizotts\u00e1g valamennyi tagj\u00e1nak \u00e9s k\u00e9pvisel\u0151inek kijel\u00f6l\u00e9s\u00e9t k\u00f6vet\u0151en, a Monitoring Albizotts\u00e1g megtartja els\u0151 \u00fcl\u00e9s\u00e9t. A tervek szerint erre 2018. janu\u00e1rj\u00e1ban ker\u00fcl sor.  <\/p>\n","protected":false},"excerpt":{"rendered":"<p>A Kisprojekt Alap v\u00e9grehajt\u00e1s\u00e1n bel\u00fcl a Via Carpatia EGTC \u00e9rtekezleteket tartott az \u00e9rintett megy\u00e9k eln\u00f6keivel az okt\u00f3beri \u00e9s novemberi h\u00f3napokban, melyeknek f\u0151 c\u00e9lja a Kisprojekt Alap jelenlegi felk\u00e9sz\u00fclts\u00e9gi \u00e1llapot\u00e1r\u00f3l val\u00f3 \u00e9rtes\u00edt\u00e9s volt. Tov\u00e1bb\u00e1, az egyes megyei eln\u00f6k\u00f6k fel lettek sz\u00f3l\u00edtva, hogy jel\u00f6lj\u00e9k meg a Monitoring Albizotts\u00e1g egy tagj\u00e1t \u00e9s egy helyettes tagj\u00e1t. Az \u00e9rtekezletek a [&hellip;]<\/p>\n","protected":false},"author":1,"featured_media":3457,"comment_status":"closed","ping_status":"open","sticky":false,"template":"","format":"standard","meta":{"inline_featured_image":false,"footnotes":""},"categories":[3],"tags":[],"class_list":["post-6885","post","type-post","status-publish","format-standard","has-post-thumbnail","hentry","category-uncategorized-hu"],"acf":[],"yoast_head":"<!-- This site is optimized with the Yoast SEO plugin v27.5 - https:\/\/yoast.com\/product\/yoast-seo-wordpress\/ -->\n<title>K\u00f6vetkez\u0151 l\u00e9p\u00e9sek a Kisprojekt Alap ind\u00edt\u00e1s\u00e1hoz - ViaCarpatia<\/title>\n<meta name=\"robots\" content=\"index, follow, max-snippet:-1, max-image-preview:large, max-video-preview:-1\" \/>\n<link rel=\"canonical\" href=\"https:\/\/viacarpatia.eu\/hu\/priprava-fondu-malych-projektov-pokracuje\/\" \/>\n<meta property=\"og:locale\" content=\"hu_HU\" \/>\n<meta property=\"og:type\" content=\"article\" \/>\n<meta property=\"og:title\" content=\"K\u00f6vetkez\u0151 l\u00e9p\u00e9sek a Kisprojekt Alap ind\u00edt\u00e1s\u00e1hoz - ViaCarpatia\" \/>\n<meta property=\"og:description\" content=\"A Kisprojekt Alap v\u00e9grehajt\u00e1s\u00e1n bel\u00fcl a Via Carpatia EGTC \u00e9rtekezleteket tartott az \u00e9rintett megy\u00e9k eln\u00f6keivel az okt\u00f3beri \u00e9s novemberi h\u00f3napokban, melyeknek f\u0151 c\u00e9lja a Kisprojekt Alap jelenlegi felk\u00e9sz\u00fclts\u00e9gi \u00e1llapot\u00e1r\u00f3l val\u00f3 \u00e9rtes\u00edt\u00e9s volt. Tov\u00e1bb\u00e1, az egyes megyei eln\u00f6k\u00f6k fel lettek sz\u00f3l\u00edtva, hogy jel\u00f6lj\u00e9k meg a Monitoring Albizotts\u00e1g egy tagj\u00e1t \u00e9s egy helyettes tagj\u00e1t. Az \u00e9rtekezletek a [&hellip;]\" \/>\n<meta property=\"og:url\" content=\"https:\/\/viacarpatia.eu\/hu\/priprava-fondu-malych-projektov-pokracuje\/\" \/>\n<meta property=\"og:site_name\" content=\"ViaCarpatia\" \/>\n<meta property=\"article:published_time\" content=\"2023-04-19T09:13:47+00:00\" \/>\n<meta property=\"article:modified_time\" content=\"2023-05-18T12:05:43+00:00\" \/>\n<meta property=\"og:image\" content=\"https:\/\/viacarpatia.eu\/wp-content\/uploads\/2023\/04\/5efae06b5c1510f54834652c.jpg\" \/>\n\t<meta property=\"og:image:width\" content=\"766\" \/>\n\t<meta property=\"og:image:height\" content=\"480\" \/>\n\t<meta property=\"og:image:type\" content=\"image\/jpeg\" \/>\n<meta name=\"author\" content=\"promiseo\" \/>\n<meta name=\"twitter:card\" content=\"summary_large_image\" \/>\n<meta name=\"twitter:label1\" content=\"Szerz\u0151:\" \/>\n\t<meta name=\"twitter:data1\" content=\"promiseo\" \/>\n\t<meta name=\"twitter:label2\" content=\"Becs\u00fclt olvas\u00e1si id\u0151\" \/>\n\t<meta name=\"twitter:data2\" content=\"1 perc\" \/>\n<script type=\"application\/ld+json\" class=\"yoast-schema-graph\">{\"@context\":\"https:\\\/\\\/schema.org\",\"@graph\":[{\"@type\":\"Article\",\"@id\":\"https:\\\/\\\/viacarpatia.eu\\\/hu\\\/priprava-fondu-malych-projektov-pokracuje\\\/#article\",\"isPartOf\":{\"@id\":\"https:\\\/\\\/viacarpatia.eu\\\/hu\\\/priprava-fondu-malych-projektov-pokracuje\\\/\"},\"author\":{\"name\":\"promiseo\",\"@id\":\"https:\\\/\\\/viacarpatia.eu\\\/#\\\/schema\\\/person\\\/ad78fca7d58f189d57a6e54af785b1af\"},\"headline\":\"K\u00f6vetkez\u0151 l\u00e9p\u00e9sek a Kisprojekt Alap ind\u00edt\u00e1s\u00e1hoz\",\"datePublished\":\"2023-04-19T09:13:47+00:00\",\"dateModified\":\"2023-05-18T12:05:43+00:00\",\"mainEntityOfPage\":{\"@id\":\"https:\\\/\\\/viacarpatia.eu\\\/hu\\\/priprava-fondu-malych-projektov-pokracuje\\\/\"},\"wordCount\":209,\"image\":{\"@id\":\"https:\\\/\\\/viacarpatia.eu\\\/hu\\\/priprava-fondu-malych-projektov-pokracuje\\\/#primaryimage\"},\"thumbnailUrl\":\"https:\\\/\\\/viacarpatia.eu\\\/wp-content\\\/uploads\\\/2023\\\/04\\\/5efae06b5c1510f54834652c.jpg\",\"articleSection\":[\"Uncategorized\"],\"inLanguage\":\"hu\"},{\"@type\":\"WebPage\",\"@id\":\"https:\\\/\\\/viacarpatia.eu\\\/hu\\\/priprava-fondu-malych-projektov-pokracuje\\\/\",\"url\":\"https:\\\/\\\/viacarpatia.eu\\\/hu\\\/priprava-fondu-malych-projektov-pokracuje\\\/\",\"name\":\"K\u00f6vetkez\u0151 l\u00e9p\u00e9sek a Kisprojekt Alap ind\u00edt\u00e1s\u00e1hoz - ViaCarpatia\",\"isPartOf\":{\"@id\":\"https:\\\/\\\/viacarpatia.eu\\\/#website\"},\"primaryImageOfPage\":{\"@id\":\"https:\\\/\\\/viacarpatia.eu\\\/hu\\\/priprava-fondu-malych-projektov-pokracuje\\\/#primaryimage\"},\"image\":{\"@id\":\"https:\\\/\\\/viacarpatia.eu\\\/hu\\\/priprava-fondu-malych-projektov-pokracuje\\\/#primaryimage\"},\"thumbnailUrl\":\"https:\\\/\\\/viacarpatia.eu\\\/wp-content\\\/uploads\\\/2023\\\/04\\\/5efae06b5c1510f54834652c.jpg\",\"datePublished\":\"2023-04-19T09:13:47+00:00\",\"dateModified\":\"2023-05-18T12:05:43+00:00\",\"author\":{\"@id\":\"https:\\\/\\\/viacarpatia.eu\\\/#\\\/schema\\\/person\\\/ad78fca7d58f189d57a6e54af785b1af\"},\"breadcrumb\":{\"@id\":\"https:\\\/\\\/viacarpatia.eu\\\/hu\\\/priprava-fondu-malych-projektov-pokracuje\\\/#breadcrumb\"},\"inLanguage\":\"hu\",\"potentialAction\":[{\"@type\":\"ReadAction\",\"target\":[\"https:\\\/\\\/viacarpatia.eu\\\/hu\\\/priprava-fondu-malych-projektov-pokracuje\\\/\"]}]},{\"@type\":\"ImageObject\",\"inLanguage\":\"hu\",\"@id\":\"https:\\\/\\\/viacarpatia.eu\\\/hu\\\/priprava-fondu-malych-projektov-pokracuje\\\/#primaryimage\",\"url\":\"https:\\\/\\\/viacarpatia.eu\\\/wp-content\\\/uploads\\\/2023\\\/04\\\/5efae06b5c1510f54834652c.jpg\",\"contentUrl\":\"https:\\\/\\\/viacarpatia.eu\\\/wp-content\\\/uploads\\\/2023\\\/04\\\/5efae06b5c1510f54834652c.jpg\",\"width\":766,\"height\":480},{\"@type\":\"BreadcrumbList\",\"@id\":\"https:\\\/\\\/viacarpatia.eu\\\/hu\\\/priprava-fondu-malych-projektov-pokracuje\\\/#breadcrumb\",\"itemListElement\":[{\"@type\":\"ListItem\",\"position\":1,\"name\":\"Home\",\"item\":\"https:\\\/\\\/viacarpatia.eu\\\/\"},{\"@type\":\"ListItem\",\"position\":2,\"name\":\"K\u00f6vetkez\u0151 l\u00e9p\u00e9sek a Kisprojekt Alap ind\u00edt\u00e1s\u00e1hoz\"}]},{\"@type\":\"WebSite\",\"@id\":\"https:\\\/\\\/viacarpatia.eu\\\/#website\",\"url\":\"https:\\\/\\\/viacarpatia.eu\\\/\",\"name\":\"ViaCarpatia\",\"description\":\"Sp\u00e1jame historick\u00e9 a kult\u00farno-jazykov\u00e9 trad\u00edcie\",\"alternateName\":\"ViaCarpatia\",\"potentialAction\":[{\"@type\":\"SearchAction\",\"target\":{\"@type\":\"EntryPoint\",\"urlTemplate\":\"https:\\\/\\\/viacarpatia.eu\\\/?s={search_term_string}\"},\"query-input\":{\"@type\":\"PropertyValueSpecification\",\"valueRequired\":true,\"valueName\":\"search_term_string\"}}],\"inLanguage\":\"hu\"},{\"@type\":\"Person\",\"@id\":\"https:\\\/\\\/viacarpatia.eu\\\/#\\\/schema\\\/person\\\/ad78fca7d58f189d57a6e54af785b1af\",\"name\":\"promiseo\",\"image\":{\"@type\":\"ImageObject\",\"inLanguage\":\"hu\",\"@id\":\"https:\\\/\\\/secure.gravatar.com\\\/avatar\\\/e836a21cdda7d1a602c49880145b7a9b7a76ee1acdc3df5fb44089ead12fd2b1?s=96&d=mm&r=g\",\"url\":\"https:\\\/\\\/secure.gravatar.com\\\/avatar\\\/e836a21cdda7d1a602c49880145b7a9b7a76ee1acdc3df5fb44089ead12fd2b1?s=96&d=mm&r=g\",\"contentUrl\":\"https:\\\/\\\/secure.gravatar.com\\\/avatar\\\/e836a21cdda7d1a602c49880145b7a9b7a76ee1acdc3df5fb44089ead12fd2b1?s=96&d=mm&r=g\",\"caption\":\"promiseo\"},\"sameAs\":[\"https:\\\/\\\/viacarpatia.eu\"],\"url\":\"https:\\\/\\\/viacarpatia.eu\\\/hu\\\/author\\\/promiseo\\\/\"}]}<\/script>\n<!-- \/ Yoast SEO plugin. -->","yoast_head_json":{"title":"K\u00f6vetkez\u0151 l\u00e9p\u00e9sek a Kisprojekt Alap ind\u00edt\u00e1s\u00e1hoz - ViaCarpatia","robots":{"index":"index","follow":"follow","max-snippet":"max-snippet:-1","max-image-preview":"max-image-preview:large","max-video-preview":"max-video-preview:-1"},"canonical":"https:\/\/viacarpatia.eu\/hu\/priprava-fondu-malych-projektov-pokracuje\/","og_locale":"hu_HU","og_type":"article","og_title":"K\u00f6vetkez\u0151 l\u00e9p\u00e9sek a Kisprojekt Alap ind\u00edt\u00e1s\u00e1hoz - ViaCarpatia","og_description":"A Kisprojekt Alap v\u00e9grehajt\u00e1s\u00e1n bel\u00fcl a Via Carpatia EGTC \u00e9rtekezleteket tartott az \u00e9rintett megy\u00e9k eln\u00f6keivel az okt\u00f3beri \u00e9s novemberi h\u00f3napokban, melyeknek f\u0151 c\u00e9lja a Kisprojekt Alap jelenlegi felk\u00e9sz\u00fclts\u00e9gi \u00e1llapot\u00e1r\u00f3l val\u00f3 \u00e9rtes\u00edt\u00e9s volt. Tov\u00e1bb\u00e1, az egyes megyei eln\u00f6k\u00f6k fel lettek sz\u00f3l\u00edtva, hogy jel\u00f6lj\u00e9k meg a Monitoring Albizotts\u00e1g egy tagj\u00e1t \u00e9s egy helyettes tagj\u00e1t. Az \u00e9rtekezletek a [&hellip;]","og_url":"https:\/\/viacarpatia.eu\/hu\/priprava-fondu-malych-projektov-pokracuje\/","og_site_name":"ViaCarpatia","article_published_time":"2023-04-19T09:13:47+00:00","article_modified_time":"2023-05-18T12:05:43+00:00","og_image":[{"width":766,"height":480,"url":"https:\/\/viacarpatia.eu\/wp-content\/uploads\/2023\/04\/5efae06b5c1510f54834652c.jpg","type":"image\/jpeg"}],"author":"promiseo","twitter_card":"summary_large_image","twitter_misc":{"Szerz\u0151:":"promiseo","Becs\u00fclt olvas\u00e1si id\u0151":"1 perc"},"schema":{"@context":"https:\/\/schema.org","@graph":[{"@type":"Article","@id":"https:\/\/viacarpatia.eu\/hu\/priprava-fondu-malych-projektov-pokracuje\/#article","isPartOf":{"@id":"https:\/\/viacarpatia.eu\/hu\/priprava-fondu-malych-projektov-pokracuje\/"},"author":{"name":"promiseo","@id":"https:\/\/viacarpatia.eu\/#\/schema\/person\/ad78fca7d58f189d57a6e54af785b1af"},"headline":"K\u00f6vetkez\u0151 l\u00e9p\u00e9sek a Kisprojekt Alap ind\u00edt\u00e1s\u00e1hoz","datePublished":"2023-04-19T09:13:47+00:00","dateModified":"2023-05-18T12:05:43+00:00","mainEntityOfPage":{"@id":"https:\/\/viacarpatia.eu\/hu\/priprava-fondu-malych-projektov-pokracuje\/"},"wordCount":209,"image":{"@id":"https:\/\/viacarpatia.eu\/hu\/priprava-fondu-malych-projektov-pokracuje\/#primaryimage"},"thumbnailUrl":"https:\/\/viacarpatia.eu\/wp-content\/uploads\/2023\/04\/5efae06b5c1510f54834652c.jpg","articleSection":["Uncategorized"],"inLanguage":"hu"},{"@type":"WebPage","@id":"https:\/\/viacarpatia.eu\/hu\/priprava-fondu-malych-projektov-pokracuje\/","url":"https:\/\/viacarpatia.eu\/hu\/priprava-fondu-malych-projektov-pokracuje\/","name":"K\u00f6vetkez\u0151 l\u00e9p\u00e9sek a Kisprojekt Alap ind\u00edt\u00e1s\u00e1hoz - ViaCarpatia","isPartOf":{"@id":"https:\/\/viacarpatia.eu\/#website"},"primaryImageOfPage":{"@id":"https:\/\/viacarpatia.eu\/hu\/priprava-fondu-malych-projektov-pokracuje\/#primaryimage"},"image":{"@id":"https:\/\/viacarpatia.eu\/hu\/priprava-fondu-malych-projektov-pokracuje\/#primaryimage"},"thumbnailUrl":"https:\/\/viacarpatia.eu\/wp-content\/uploads\/2023\/04\/5efae06b5c1510f54834652c.jpg","datePublished":"2023-04-19T09:13:47+00:00","dateModified":"2023-05-18T12:05:43+00:00","author":{"@id":"https:\/\/viacarpatia.eu\/#\/schema\/person\/ad78fca7d58f189d57a6e54af785b1af"},"breadcrumb":{"@id":"https:\/\/viacarpatia.eu\/hu\/priprava-fondu-malych-projektov-pokracuje\/#breadcrumb"},"inLanguage":"hu","potentialAction":[{"@type":"ReadAction","target":["https:\/\/viacarpatia.eu\/hu\/priprava-fondu-malych-projektov-pokracuje\/"]}]},{"@type":"ImageObject","inLanguage":"hu","@id":"https:\/\/viacarpatia.eu\/hu\/priprava-fondu-malych-projektov-pokracuje\/#primaryimage","url":"https:\/\/viacarpatia.eu\/wp-content\/uploads\/2023\/04\/5efae06b5c1510f54834652c.jpg","contentUrl":"https:\/\/viacarpatia.eu\/wp-content\/uploads\/2023\/04\/5efae06b5c1510f54834652c.jpg","width":766,"height":480},{"@type":"BreadcrumbList","@id":"https:\/\/viacarpatia.eu\/hu\/priprava-fondu-malych-projektov-pokracuje\/#breadcrumb","itemListElement":[{"@type":"ListItem","position":1,"name":"Home","item":"https:\/\/viacarpatia.eu\/"},{"@type":"ListItem","position":2,"name":"K\u00f6vetkez\u0151 l\u00e9p\u00e9sek a Kisprojekt Alap ind\u00edt\u00e1s\u00e1hoz"}]},{"@type":"WebSite","@id":"https:\/\/viacarpatia.eu\/#website","url":"https:\/\/viacarpatia.eu\/","name":"ViaCarpatia","description":"Sp\u00e1jame historick\u00e9 a kult\u00farno-jazykov\u00e9 trad\u00edcie","alternateName":"ViaCarpatia","potentialAction":[{"@type":"SearchAction","target":{"@type":"EntryPoint","urlTemplate":"https:\/\/viacarpatia.eu\/?s={search_term_string}"},"query-input":{"@type":"PropertyValueSpecification","valueRequired":true,"valueName":"search_term_string"}}],"inLanguage":"hu"},{"@type":"Person","@id":"https:\/\/viacarpatia.eu\/#\/schema\/person\/ad78fca7d58f189d57a6e54af785b1af","name":"promiseo","image":{"@type":"ImageObject","inLanguage":"hu","@id":"https:\/\/secure.gravatar.com\/avatar\/e836a21cdda7d1a602c49880145b7a9b7a76ee1acdc3df5fb44089ead12fd2b1?s=96&d=mm&r=g","url":"https:\/\/secure.gravatar.com\/avatar\/e836a21cdda7d1a602c49880145b7a9b7a76ee1acdc3df5fb44089ead12fd2b1?s=96&d=mm&r=g","contentUrl":"https:\/\/secure.gravatar.com\/avatar\/e836a21cdda7d1a602c49880145b7a9b7a76ee1acdc3df5fb44089ead12fd2b1?s=96&d=mm&r=g","caption":"promiseo"},"sameAs":["https:\/\/viacarpatia.eu"],"url":"https:\/\/viacarpatia.eu\/hu\/author\/promiseo\/"}]}},"_links":{"self":[{"href":"https:\/\/viacarpatia.eu\/hu\/wp-json\/wp\/v2\/posts\/6885","targetHints":{"allow":["GET"]}}],"collection":[{"href":"https:\/\/viacarpatia.eu\/hu\/wp-json\/wp\/v2\/posts"}],"about":[{"href":"https:\/\/viacarpatia.eu\/hu\/wp-json\/wp\/v2\/types\/post"}],"author":[{"embeddable":true,"href":"https:\/\/viacarpatia.eu\/hu\/wp-json\/wp\/v2\/users\/1"}],"replies":[{"embeddable":true,"href":"https:\/\/viacarpatia.eu\/hu\/wp-json\/wp\/v2\/comments?post=6885"}],"version-history":[{"count":1,"href":"https:\/\/viacarpatia.eu\/hu\/wp-json\/wp\/v2\/posts\/6885\/revisions"}],"predecessor-version":[{"id":7394,"href":"https:\/\/viacarpatia.eu\/hu\/wp-json\/wp\/v2\/posts\/6885\/revisions\/7394"}],"wp:featuredmedia":[{"embeddable":true,"href":"https:\/\/viacarpatia.eu\/hu\/wp-json\/wp\/v2\/media\/3457"}],"wp:attachment":[{"href":"https:\/\/viacarpatia.eu\/hu\/wp-json\/wp\/v2\/media?parent=6885"}],"wp:term":[{"taxonomy":"category","embeddable":true,"href":"https:\/\/viacarpatia.eu\/hu\/wp-json\/wp\/v2\/categories?post=6885"},{"taxonomy":"post_tag","embeddable":true,"href":"https:\/\/viacarpatia.eu\/hu\/wp-json\/wp\/v2\/tags?post=6885"}],"curies":[{"name":"wp","href":"https:\/\/api.w.org\/{rel}","templated":true}]}}