{"id":6887,"date":"2023-04-19T11:24:59","date_gmt":"2023-04-19T09:24:59","guid":{"rendered":"https:\/\/viacarpatia.eu\/ii-vymena-skusenosti-pomocou-lega-v-buzici\/"},"modified":"2023-05-18T14:06:51","modified_gmt":"2023-05-18T12:06:51","slug":"ii-vymena-skusenosti-pomocou-lega-v-buzici","status":"publish","type":"post","link":"https:\/\/viacarpatia.eu\/hu\/ii-vymena-skusenosti-pomocou-lega-v-buzici\/","title":{"rendered":"II. LEGO tapasztalatcsere, Buzit\u00e1n"},"content":{"rendered":"<div class=\"row\">\n<div class=\"col-xs-12 zobrazenie_aktuality\">\n<p>Az ETT-16-0001 p\u00e1ly\u00e1zatnak k\u00f6sz\u00f6nhet\u0151en, 2017. m\u00e1rcius 29-\u00e9n megrendez\u00e9sre ker\u00fclt imm\u00e1r a II. LEGO tapasztalatcsere.<\/p>\n<p>A K\u00fclgazdas\u00e1gi \u00e9s K\u00fcl\u00fcgyminiszt\u00e9rium \u00e1ltal meghirdetett p\u00e1ly\u00e1zatnak k\u00f6sz\u00f6nhet\u0151en, 2016 szeptembere \u00f3ta 3 \u00e1ltal\u00e1nos iskola (Buzitai Magyar Tan\u00edt\u00e1si Nyelv\u0171 Alapiskola, kassai M\u00e1ra S\u00e1ndor Gimn\u00e1zium \u00e9s Alapiskola valamint az edel\u00e9nyi G\u00f6r\u00f6gkatolikus \u00c1ltal\u00e1nos Iskola, \u00d3voda \u00e9s Alapfok\u00fa M\u0171v\u00e9szeti Iskola) alkalmazza a\u00a0LEGO k\u00e9szleteket \u00e9s robotokat az oktat\u00e1sban. Err\u0151l tan\u00faskodott a\u00a0Buzitai MTNy Alapiskol\u00e1ban, 2017 m\u00e1rcius 29-\u00e9n, megrendez\u00e9sre ker\u00fcl\u0151 tapasztalatcsere is.<\/p>\n<p>A tal\u00e1lkoz\u00f3n r\u00e9szt vettek a\u00a0kassai M\u00e1rai S\u00e1ndor Gimn\u00e1zium \u00e9s Alapiskola \u00e9s az edel\u00e9nyi G\u00f6r\u00f6gkatolikus \u00c1ltal\u00e1nos Iskola, \u00d3voda \u00e9s Alapfok\u00fa M\u0171v\u00e9szeti Iskola pedag\u00f3gusai, valamint a\u00a0Via Carpatia EGTC munkat\u00e1rsai is.<\/p>\n<p>A tapasztalatcsere egy r\u00f6vid robotos bemutat\u00f3val kezd\u0151d\u00f6tt, Hanesz Angelika tan\u00e1rn\u0151 vezet\u00e9s\u00e9vel. A bemutat\u00f3 ut\u00e1n a\u00a0jelenl\u00e9v\u0151k r\u00e9szesei lehettek egy \u201eLEGO-s matematika \u00f3r\u00e1nak\u201d, melynek vezet\u0151je Pollag Szilvia tan\u00e1rn\u0151 volt.<\/p>\n<p>A matematika \u00f3r\u00e1t k\u00f6vet\u0151en r\u00f6vid szakmai tapasztalatcsere vette kezdet\u00e9t. Az egyes iskol\u00e1k pedag\u00f3gusai \u00e9rt\u00e9kelt\u00e9k a\u00a0matematika \u00f3r\u00e1t, valamint besz\u00e1moltak szem\u00e9lyes tapasztalataikr\u00f3l \u00e9s \u00e9lm\u00e9nyeikr\u0151l, melyeket az \u00faj oktat\u00e1si m\u00f3dszer alkalmaz\u00e1sa sor\u00e1n \u00e9szleltek.<\/p>\n<p>A tapasztalatcsere f\u0151 c\u00e9lja a\u00a0j\u00f3 gyakorlatok megvitat\u00e1sa \u00e9s bemutat\u00e1sa volt, a\u00a0LEGO eszk\u00f6z\u00f6k m\u00e9g hat\u00e9konyabb felhaszn\u00e1l\u00e1sa \u00e9rdek\u00e9ben.<\/p>\n<p>Hasonl\u00f3 tal\u00e1lkoz\u00f3ra legk\u00f6zelebb a kassai M\u00e1rai S\u00e1ndor Gimn\u00e1zium \u00e9s Alapiskol\u00e1ban ker\u00fcl sor, 2017. m\u00e1jus\u00e1ban<\/p>\n<\/div>\n<\/div>\n","protected":false},"excerpt":{"rendered":"<p>Az ETT-16-0001 p\u00e1ly\u00e1zatnak k\u00f6sz\u00f6nhet\u0151en, 2017. m\u00e1rcius 29-\u00e9n megrendez\u00e9sre ker\u00fclt imm\u00e1r a II. LEGO tapasztalatcsere. A K\u00fclgazdas\u00e1gi \u00e9s K\u00fcl\u00fcgyminiszt\u00e9rium \u00e1ltal meghirdetett p\u00e1ly\u00e1zatnak k\u00f6sz\u00f6nhet\u0151en, 2016 szeptembere \u00f3ta 3 \u00e1ltal\u00e1nos iskola (Buzitai Magyar Tan\u00edt\u00e1si Nyelv\u0171 Alapiskola, kassai M\u00e1ra S\u00e1ndor Gimn\u00e1zium \u00e9s Alapiskola valamint az edel\u00e9nyi G\u00f6r\u00f6gkatolikus \u00c1ltal\u00e1nos Iskola, \u00d3voda \u00e9s Alapfok\u00fa M\u0171v\u00e9szeti Iskola) alkalmazza a\u00a0LEGO k\u00e9szleteket \u00e9s robotokat [&hellip;]<\/p>\n","protected":false},"author":1,"featured_media":3457,"comment_status":"closed","ping_status":"open","sticky":false,"template":"","format":"standard","meta":{"inline_featured_image":false,"footnotes":""},"categories":[3],"tags":[],"class_list":["post-6887","post","type-post","status-publish","format-standard","has-post-thumbnail","hentry","category-uncategorized-hu"],"acf":[],"yoast_head":"<!-- This site is optimized with the Yoast SEO plugin v27.5 - https:\/\/yoast.com\/product\/yoast-seo-wordpress\/ -->\n<title>II. LEGO tapasztalatcsere, Buzit\u00e1n - ViaCarpatia<\/title>\n<meta name=\"robots\" content=\"index, follow, max-snippet:-1, max-image-preview:large, max-video-preview:-1\" \/>\n<link rel=\"canonical\" href=\"https:\/\/viacarpatia.eu\/hu\/ii-vymena-skusenosti-pomocou-lega-v-buzici\/\" \/>\n<meta property=\"og:locale\" content=\"hu_HU\" \/>\n<meta property=\"og:type\" content=\"article\" \/>\n<meta property=\"og:title\" content=\"II. LEGO tapasztalatcsere, Buzit\u00e1n - ViaCarpatia\" \/>\n<meta property=\"og:description\" content=\"Az ETT-16-0001 p\u00e1ly\u00e1zatnak k\u00f6sz\u00f6nhet\u0151en, 2017. m\u00e1rcius 29-\u00e9n megrendez\u00e9sre ker\u00fclt imm\u00e1r a II. LEGO tapasztalatcsere. A K\u00fclgazdas\u00e1gi \u00e9s K\u00fcl\u00fcgyminiszt\u00e9rium \u00e1ltal meghirdetett p\u00e1ly\u00e1zatnak k\u00f6sz\u00f6nhet\u0151en, 2016 szeptembere \u00f3ta 3 \u00e1ltal\u00e1nos iskola (Buzitai Magyar Tan\u00edt\u00e1si Nyelv\u0171 Alapiskola, kassai M\u00e1ra S\u00e1ndor Gimn\u00e1zium \u00e9s Alapiskola valamint az edel\u00e9nyi G\u00f6r\u00f6gkatolikus \u00c1ltal\u00e1nos Iskola, \u00d3voda \u00e9s Alapfok\u00fa M\u0171v\u00e9szeti Iskola) alkalmazza a\u00a0LEGO k\u00e9szleteket \u00e9s robotokat [&hellip;]\" \/>\n<meta property=\"og:url\" content=\"https:\/\/viacarpatia.eu\/hu\/ii-vymena-skusenosti-pomocou-lega-v-buzici\/\" \/>\n<meta property=\"og:site_name\" content=\"ViaCarpatia\" \/>\n<meta property=\"article:published_time\" content=\"2023-04-19T09:24:59+00:00\" \/>\n<meta property=\"article:modified_time\" content=\"2023-05-18T12:06:51+00:00\" \/>\n<meta property=\"og:image\" content=\"https:\/\/viacarpatia.eu\/wp-content\/uploads\/2023\/04\/5efae06b5c1510f54834652c.jpg\" \/>\n\t<meta property=\"og:image:width\" content=\"766\" \/>\n\t<meta property=\"og:image:height\" content=\"480\" \/>\n\t<meta property=\"og:image:type\" content=\"image\/jpeg\" \/>\n<meta name=\"author\" content=\"promiseo\" \/>\n<meta name=\"twitter:card\" content=\"summary_large_image\" \/>\n<meta name=\"twitter:label1\" content=\"Szerz\u0151:\" \/>\n\t<meta name=\"twitter:data1\" content=\"promiseo\" \/>\n\t<meta name=\"twitter:label2\" content=\"Becs\u00fclt olvas\u00e1si id\u0151\" \/>\n\t<meta name=\"twitter:data2\" content=\"1 perc\" \/>\n<script type=\"application\/ld+json\" class=\"yoast-schema-graph\">{\"@context\":\"https:\\\/\\\/schema.org\",\"@graph\":[{\"@type\":\"Article\",\"@id\":\"https:\\\/\\\/viacarpatia.eu\\\/hu\\\/ii-vymena-skusenosti-pomocou-lega-v-buzici\\\/#article\",\"isPartOf\":{\"@id\":\"https:\\\/\\\/viacarpatia.eu\\\/hu\\\/ii-vymena-skusenosti-pomocou-lega-v-buzici\\\/\"},\"author\":{\"name\":\"promiseo\",\"@id\":\"https:\\\/\\\/viacarpatia.eu\\\/#\\\/schema\\\/person\\\/ad78fca7d58f189d57a6e54af785b1af\"},\"headline\":\"II. LEGO tapasztalatcsere, Buzit\u00e1n\",\"datePublished\":\"2023-04-19T09:24:59+00:00\",\"dateModified\":\"2023-05-18T12:06:51+00:00\",\"mainEntityOfPage\":{\"@id\":\"https:\\\/\\\/viacarpatia.eu\\\/hu\\\/ii-vymena-skusenosti-pomocou-lega-v-buzici\\\/\"},\"wordCount\":301,\"image\":{\"@id\":\"https:\\\/\\\/viacarpatia.eu\\\/hu\\\/ii-vymena-skusenosti-pomocou-lega-v-buzici\\\/#primaryimage\"},\"thumbnailUrl\":\"https:\\\/\\\/viacarpatia.eu\\\/wp-content\\\/uploads\\\/2023\\\/04\\\/5efae06b5c1510f54834652c.jpg\",\"articleSection\":[\"Uncategorized\"],\"inLanguage\":\"hu\"},{\"@type\":\"WebPage\",\"@id\":\"https:\\\/\\\/viacarpatia.eu\\\/hu\\\/ii-vymena-skusenosti-pomocou-lega-v-buzici\\\/\",\"url\":\"https:\\\/\\\/viacarpatia.eu\\\/hu\\\/ii-vymena-skusenosti-pomocou-lega-v-buzici\\\/\",\"name\":\"II. LEGO tapasztalatcsere, Buzit\u00e1n - ViaCarpatia\",\"isPartOf\":{\"@id\":\"https:\\\/\\\/viacarpatia.eu\\\/#website\"},\"primaryImageOfPage\":{\"@id\":\"https:\\\/\\\/viacarpatia.eu\\\/hu\\\/ii-vymena-skusenosti-pomocou-lega-v-buzici\\\/#primaryimage\"},\"image\":{\"@id\":\"https:\\\/\\\/viacarpatia.eu\\\/hu\\\/ii-vymena-skusenosti-pomocou-lega-v-buzici\\\/#primaryimage\"},\"thumbnailUrl\":\"https:\\\/\\\/viacarpatia.eu\\\/wp-content\\\/uploads\\\/2023\\\/04\\\/5efae06b5c1510f54834652c.jpg\",\"datePublished\":\"2023-04-19T09:24:59+00:00\",\"dateModified\":\"2023-05-18T12:06:51+00:00\",\"author\":{\"@id\":\"https:\\\/\\\/viacarpatia.eu\\\/#\\\/schema\\\/person\\\/ad78fca7d58f189d57a6e54af785b1af\"},\"breadcrumb\":{\"@id\":\"https:\\\/\\\/viacarpatia.eu\\\/hu\\\/ii-vymena-skusenosti-pomocou-lega-v-buzici\\\/#breadcrumb\"},\"inLanguage\":\"hu\",\"potentialAction\":[{\"@type\":\"ReadAction\",\"target\":[\"https:\\\/\\\/viacarpatia.eu\\\/hu\\\/ii-vymena-skusenosti-pomocou-lega-v-buzici\\\/\"]}]},{\"@type\":\"ImageObject\",\"inLanguage\":\"hu\",\"@id\":\"https:\\\/\\\/viacarpatia.eu\\\/hu\\\/ii-vymena-skusenosti-pomocou-lega-v-buzici\\\/#primaryimage\",\"url\":\"https:\\\/\\\/viacarpatia.eu\\\/wp-content\\\/uploads\\\/2023\\\/04\\\/5efae06b5c1510f54834652c.jpg\",\"contentUrl\":\"https:\\\/\\\/viacarpatia.eu\\\/wp-content\\\/uploads\\\/2023\\\/04\\\/5efae06b5c1510f54834652c.jpg\",\"width\":766,\"height\":480},{\"@type\":\"BreadcrumbList\",\"@id\":\"https:\\\/\\\/viacarpatia.eu\\\/hu\\\/ii-vymena-skusenosti-pomocou-lega-v-buzici\\\/#breadcrumb\",\"itemListElement\":[{\"@type\":\"ListItem\",\"position\":1,\"name\":\"Home\",\"item\":\"https:\\\/\\\/viacarpatia.eu\\\/\"},{\"@type\":\"ListItem\",\"position\":2,\"name\":\"II. LEGO tapasztalatcsere, Buzit\u00e1n\"}]},{\"@type\":\"WebSite\",\"@id\":\"https:\\\/\\\/viacarpatia.eu\\\/#website\",\"url\":\"https:\\\/\\\/viacarpatia.eu\\\/\",\"name\":\"ViaCarpatia\",\"description\":\"Sp\u00e1jame historick\u00e9 a kult\u00farno-jazykov\u00e9 trad\u00edcie\",\"alternateName\":\"ViaCarpatia\",\"potentialAction\":[{\"@type\":\"SearchAction\",\"target\":{\"@type\":\"EntryPoint\",\"urlTemplate\":\"https:\\\/\\\/viacarpatia.eu\\\/?s={search_term_string}\"},\"query-input\":{\"@type\":\"PropertyValueSpecification\",\"valueRequired\":true,\"valueName\":\"search_term_string\"}}],\"inLanguage\":\"hu\"},{\"@type\":\"Person\",\"@id\":\"https:\\\/\\\/viacarpatia.eu\\\/#\\\/schema\\\/person\\\/ad78fca7d58f189d57a6e54af785b1af\",\"name\":\"promiseo\",\"image\":{\"@type\":\"ImageObject\",\"inLanguage\":\"hu\",\"@id\":\"https:\\\/\\\/secure.gravatar.com\\\/avatar\\\/e836a21cdda7d1a602c49880145b7a9b7a76ee1acdc3df5fb44089ead12fd2b1?s=96&d=mm&r=g\",\"url\":\"https:\\\/\\\/secure.gravatar.com\\\/avatar\\\/e836a21cdda7d1a602c49880145b7a9b7a76ee1acdc3df5fb44089ead12fd2b1?s=96&d=mm&r=g\",\"contentUrl\":\"https:\\\/\\\/secure.gravatar.com\\\/avatar\\\/e836a21cdda7d1a602c49880145b7a9b7a76ee1acdc3df5fb44089ead12fd2b1?s=96&d=mm&r=g\",\"caption\":\"promiseo\"},\"sameAs\":[\"https:\\\/\\\/viacarpatia.eu\"],\"url\":\"https:\\\/\\\/viacarpatia.eu\\\/hu\\\/author\\\/promiseo\\\/\"}]}<\/script>\n<!-- \/ Yoast SEO plugin. -->","yoast_head_json":{"title":"II. LEGO tapasztalatcsere, Buzit\u00e1n - ViaCarpatia","robots":{"index":"index","follow":"follow","max-snippet":"max-snippet:-1","max-image-preview":"max-image-preview:large","max-video-preview":"max-video-preview:-1"},"canonical":"https:\/\/viacarpatia.eu\/hu\/ii-vymena-skusenosti-pomocou-lega-v-buzici\/","og_locale":"hu_HU","og_type":"article","og_title":"II. LEGO tapasztalatcsere, Buzit\u00e1n - ViaCarpatia","og_description":"Az ETT-16-0001 p\u00e1ly\u00e1zatnak k\u00f6sz\u00f6nhet\u0151en, 2017. m\u00e1rcius 29-\u00e9n megrendez\u00e9sre ker\u00fclt imm\u00e1r a II. LEGO tapasztalatcsere. A K\u00fclgazdas\u00e1gi \u00e9s K\u00fcl\u00fcgyminiszt\u00e9rium \u00e1ltal meghirdetett p\u00e1ly\u00e1zatnak k\u00f6sz\u00f6nhet\u0151en, 2016 szeptembere \u00f3ta 3 \u00e1ltal\u00e1nos iskola (Buzitai Magyar Tan\u00edt\u00e1si Nyelv\u0171 Alapiskola, kassai M\u00e1ra S\u00e1ndor Gimn\u00e1zium \u00e9s Alapiskola valamint az edel\u00e9nyi G\u00f6r\u00f6gkatolikus \u00c1ltal\u00e1nos Iskola, \u00d3voda \u00e9s Alapfok\u00fa M\u0171v\u00e9szeti Iskola) alkalmazza a\u00a0LEGO k\u00e9szleteket \u00e9s robotokat [&hellip;]","og_url":"https:\/\/viacarpatia.eu\/hu\/ii-vymena-skusenosti-pomocou-lega-v-buzici\/","og_site_name":"ViaCarpatia","article_published_time":"2023-04-19T09:24:59+00:00","article_modified_time":"2023-05-18T12:06:51+00:00","og_image":[{"width":766,"height":480,"url":"https:\/\/viacarpatia.eu\/wp-content\/uploads\/2023\/04\/5efae06b5c1510f54834652c.jpg","type":"image\/jpeg"}],"author":"promiseo","twitter_card":"summary_large_image","twitter_misc":{"Szerz\u0151:":"promiseo","Becs\u00fclt olvas\u00e1si id\u0151":"1 perc"},"schema":{"@context":"https:\/\/schema.org","@graph":[{"@type":"Article","@id":"https:\/\/viacarpatia.eu\/hu\/ii-vymena-skusenosti-pomocou-lega-v-buzici\/#article","isPartOf":{"@id":"https:\/\/viacarpatia.eu\/hu\/ii-vymena-skusenosti-pomocou-lega-v-buzici\/"},"author":{"name":"promiseo","@id":"https:\/\/viacarpatia.eu\/#\/schema\/person\/ad78fca7d58f189d57a6e54af785b1af"},"headline":"II. LEGO tapasztalatcsere, Buzit\u00e1n","datePublished":"2023-04-19T09:24:59+00:00","dateModified":"2023-05-18T12:06:51+00:00","mainEntityOfPage":{"@id":"https:\/\/viacarpatia.eu\/hu\/ii-vymena-skusenosti-pomocou-lega-v-buzici\/"},"wordCount":301,"image":{"@id":"https:\/\/viacarpatia.eu\/hu\/ii-vymena-skusenosti-pomocou-lega-v-buzici\/#primaryimage"},"thumbnailUrl":"https:\/\/viacarpatia.eu\/wp-content\/uploads\/2023\/04\/5efae06b5c1510f54834652c.jpg","articleSection":["Uncategorized"],"inLanguage":"hu"},{"@type":"WebPage","@id":"https:\/\/viacarpatia.eu\/hu\/ii-vymena-skusenosti-pomocou-lega-v-buzici\/","url":"https:\/\/viacarpatia.eu\/hu\/ii-vymena-skusenosti-pomocou-lega-v-buzici\/","name":"II. LEGO tapasztalatcsere, Buzit\u00e1n - ViaCarpatia","isPartOf":{"@id":"https:\/\/viacarpatia.eu\/#website"},"primaryImageOfPage":{"@id":"https:\/\/viacarpatia.eu\/hu\/ii-vymena-skusenosti-pomocou-lega-v-buzici\/#primaryimage"},"image":{"@id":"https:\/\/viacarpatia.eu\/hu\/ii-vymena-skusenosti-pomocou-lega-v-buzici\/#primaryimage"},"thumbnailUrl":"https:\/\/viacarpatia.eu\/wp-content\/uploads\/2023\/04\/5efae06b5c1510f54834652c.jpg","datePublished":"2023-04-19T09:24:59+00:00","dateModified":"2023-05-18T12:06:51+00:00","author":{"@id":"https:\/\/viacarpatia.eu\/#\/schema\/person\/ad78fca7d58f189d57a6e54af785b1af"},"breadcrumb":{"@id":"https:\/\/viacarpatia.eu\/hu\/ii-vymena-skusenosti-pomocou-lega-v-buzici\/#breadcrumb"},"inLanguage":"hu","potentialAction":[{"@type":"ReadAction","target":["https:\/\/viacarpatia.eu\/hu\/ii-vymena-skusenosti-pomocou-lega-v-buzici\/"]}]},{"@type":"ImageObject","inLanguage":"hu","@id":"https:\/\/viacarpatia.eu\/hu\/ii-vymena-skusenosti-pomocou-lega-v-buzici\/#primaryimage","url":"https:\/\/viacarpatia.eu\/wp-content\/uploads\/2023\/04\/5efae06b5c1510f54834652c.jpg","contentUrl":"https:\/\/viacarpatia.eu\/wp-content\/uploads\/2023\/04\/5efae06b5c1510f54834652c.jpg","width":766,"height":480},{"@type":"BreadcrumbList","@id":"https:\/\/viacarpatia.eu\/hu\/ii-vymena-skusenosti-pomocou-lega-v-buzici\/#breadcrumb","itemListElement":[{"@type":"ListItem","position":1,"name":"Home","item":"https:\/\/viacarpatia.eu\/"},{"@type":"ListItem","position":2,"name":"II. LEGO tapasztalatcsere, Buzit\u00e1n"}]},{"@type":"WebSite","@id":"https:\/\/viacarpatia.eu\/#website","url":"https:\/\/viacarpatia.eu\/","name":"ViaCarpatia","description":"Sp\u00e1jame historick\u00e9 a kult\u00farno-jazykov\u00e9 trad\u00edcie","alternateName":"ViaCarpatia","potentialAction":[{"@type":"SearchAction","target":{"@type":"EntryPoint","urlTemplate":"https:\/\/viacarpatia.eu\/?s={search_term_string}"},"query-input":{"@type":"PropertyValueSpecification","valueRequired":true,"valueName":"search_term_string"}}],"inLanguage":"hu"},{"@type":"Person","@id":"https:\/\/viacarpatia.eu\/#\/schema\/person\/ad78fca7d58f189d57a6e54af785b1af","name":"promiseo","image":{"@type":"ImageObject","inLanguage":"hu","@id":"https:\/\/secure.gravatar.com\/avatar\/e836a21cdda7d1a602c49880145b7a9b7a76ee1acdc3df5fb44089ead12fd2b1?s=96&d=mm&r=g","url":"https:\/\/secure.gravatar.com\/avatar\/e836a21cdda7d1a602c49880145b7a9b7a76ee1acdc3df5fb44089ead12fd2b1?s=96&d=mm&r=g","contentUrl":"https:\/\/secure.gravatar.com\/avatar\/e836a21cdda7d1a602c49880145b7a9b7a76ee1acdc3df5fb44089ead12fd2b1?s=96&d=mm&r=g","caption":"promiseo"},"sameAs":["https:\/\/viacarpatia.eu"],"url":"https:\/\/viacarpatia.eu\/hu\/author\/promiseo\/"}]}},"_links":{"self":[{"href":"https:\/\/viacarpatia.eu\/hu\/wp-json\/wp\/v2\/posts\/6887","targetHints":{"allow":["GET"]}}],"collection":[{"href":"https:\/\/viacarpatia.eu\/hu\/wp-json\/wp\/v2\/posts"}],"about":[{"href":"https:\/\/viacarpatia.eu\/hu\/wp-json\/wp\/v2\/types\/post"}],"author":[{"embeddable":true,"href":"https:\/\/viacarpatia.eu\/hu\/wp-json\/wp\/v2\/users\/1"}],"replies":[{"embeddable":true,"href":"https:\/\/viacarpatia.eu\/hu\/wp-json\/wp\/v2\/comments?post=6887"}],"version-history":[{"count":1,"href":"https:\/\/viacarpatia.eu\/hu\/wp-json\/wp\/v2\/posts\/6887\/revisions"}],"predecessor-version":[{"id":6888,"href":"https:\/\/viacarpatia.eu\/hu\/wp-json\/wp\/v2\/posts\/6887\/revisions\/6888"}],"wp:featuredmedia":[{"embeddable":true,"href":"https:\/\/viacarpatia.eu\/hu\/wp-json\/wp\/v2\/media\/3457"}],"wp:attachment":[{"href":"https:\/\/viacarpatia.eu\/hu\/wp-json\/wp\/v2\/media?parent=6887"}],"wp:term":[{"taxonomy":"category","embeddable":true,"href":"https:\/\/viacarpatia.eu\/hu\/wp-json\/wp\/v2\/categories?post=6887"},{"taxonomy":"post_tag","embeddable":true,"href":"https:\/\/viacarpatia.eu\/hu\/wp-json\/wp\/v2\/tags?post=6887"}],"curies":[{"name":"wp","href":"https:\/\/api.w.org\/{rel}","templated":true}]}}