{"id":7405,"date":"2023-04-19T11:47:29","date_gmt":"2023-04-19T09:47:29","guid":{"rendered":"https:\/\/viacarpatia.eu\/konferencia-vo-washingtone\/"},"modified":"2023-05-18T14:10:46","modified_gmt":"2023-05-18T12:10:46","slug":"konferencia-vo-washingtone","status":"publish","type":"post","link":"https:\/\/viacarpatia.eu\/hu\/konferencia-vo-washingtone\/","title":{"rendered":"Vars\u00f3t\u00f3l Bukarestig \u2013 A H\u00e1rom Tenger Kezdem\u00e9nyez\u00e9shez vezet\u0151 \u00fat"},"content":{"rendered":"<p>2018. j\u00fanius 5-\u00e9n, Washingtonban ker\u00fclt megrendez\u00e9sre a Vars\u00f3t\u00f3l Bukarestig \u2013 A H\u00e1rom Tenger Kezdem\u00e9nyez\u00e9shez vezet\u0151 \u00fat c\u00edmet visel\u0151 konferencia, melyen a Via Carpatia EGTC is k\u00e9pviseltette mag\u00e1t, a Polish Institute for International Affairs j\u00f3volt\u00e1b\u00f3l. A Via Carpatia igazgat\u00f3ja, Dr. Orb\u00e1n M\u00e1t\u00e9 Julianna a Via Carpatia korridor lehet\u0151s\u00e9geir\u0151l \u00e9s ki\u00e9p\u00edt\u00e9s\u00e9nek fontoss\u00e1g\u00e1r\u00f3l adott el\u0151, amely az EGTC priorit\u00e1sai k\u00f6z\u00e9 tartozik.<\/p>\n<p>A H\u00e1rom Tenger Kezdem\u00e9nyez\u00e9s (Three Seas Initiative) egy nemzetk\u00f6zi projekt, melynek legf\u0151bb c\u00e9lja az egy\u00fcttm\u0171k\u00f6d\u00e9s er\u0151s\u00edt\u00e9se K\u00f6z\u00e9p \u00e9s Kelet Eur\u00f3p\u00e1ban, az energetika, k\u00f6zleked\u00e9s \u00e9s telekommunik\u00e1ci\u00f3 ter\u00fcletein. A kezdem\u00e9nyez\u00e9s f\u00f3kusz\u00e1ban az \u00e1gazati egy\u00fcttm\u0171k\u00f6d\u00e9s \u00e1ll, valamint az integr\u00e1ci\u00f3 elm\u00e9ly\u00edt\u00e9se az EU egys\u00e9ges piac\u00e1n. A kezdem\u00e9nyez\u00e9sben r\u00e9szt vesz Ausztria, Bulg\u00e1ria, Horv\u00e1torsz\u00e1g, Csehorsz\u00e1g, \u00c9sztorsz\u00e1g, Magyarorsz\u00e1g, Lettorsz\u00e1g, Litv\u00e1nia, Lengyelorsz\u00e1g, Rom\u00e1nia, Szlov\u00e1kia \u00e9s Szlov\u00e9nia.<\/p>\n<p>Az \u00fan. H\u00e1rom Tenger r\u00e9gi\u00f3 az Eur\u00f3pai Uni\u00f3 egyik leggyorsabban fejl\u0151d\u0151 r\u00e9gi\u00f3i k\u00f6z\u00e9 tartozik. Jelenleg a r\u00e9gi\u00f3nak tov\u00e1bbi infrastruktur\u00e1lis fejl\u0151d\u00e9sre van sz\u00fcks\u00e9ge. A H\u00e1rom Tenger Kezdem\u00e9nyez\u00e9s megalak\u00edt\u00e1s\u00e1nak c\u00e9lja, hogy felismerje \u00e9s elt\u00e1vol\u00edtsa azokat az akad\u00e1lyokat, melyek g\u00e1tolj\u00e1k a moderniz\u00e1ci\u00f3t az \u00e9rintett orsz\u00e1gokban. Az akad\u00e1lyok elt\u00e1vol\u00edt\u00e1sa \u00e1ltal gyorsabban el\u00e9rhet\u0151v\u00e9 v\u00e1lik az integr\u00e1ci\u00f3 Eur\u00f3pa \u00e9szak-d\u00e9l tengelye ment\u00e9n. A kezdem\u00e9nyez\u00e9s olyan hat\u00e1ron \u00e1tny\u00fal\u00f3 \u00e9s makr\u00f3 region\u00e1lis p\u00e1ly\u00e1zatok megval\u00f3s\u00edt\u00e1s\u00e1t hivatott t\u00e1mogatni, melyek k\u00f6zponti t\u00e9m\u00e1ja a bels\u0151 koh\u00e9zi\u00f3  \u00e9s a versenyk\u00e9pess\u00e9g n\u00f6vel\u00e9se. A kezdem\u00e9nyez\u00e9s priorit\u00e1sai k\u00f6z\u00e9 t\u00f6bbek k\u00f6z\u00f6tt a Via Carpatia korridor is tartozik.<\/p>\n<p>A H\u00e1rom Tenger Kezdem\u00e9nyez\u00e9shez tartoz\u00f3 orsz\u00e1gok k\u00e9t jelent\u0151sebb konferenci\u00e1n vettek r\u00e9szt:<\/p>\n<ul>\n<li>2016. augusztus 25.-26. \u2013 Dubrovnik, Horv\u00e1torsz\u00e1g<\/li>\n<li>2017. j\u00falius 6.-7. \u2013 Vars\u00f3, Lengyelorsz\u00e1g<\/li>\n<\/ul>\n<p>A k\u00f6vetkez\u0151 konferencia helyszin\u00e9\u00fcl Bukarest szolg\u00e1l majd.<\/p>\n<p>A H\u00e1rom Tenger Kezdem\u00e9nyez\u00e9s nagyon fontos az Amerikai Egyes\u00fclt \u00c1llamok sz\u00e1m\u00e1ra, melynek seg\u00edts\u00e9g\u00e9vel nyitni tud Eur\u00f3pa fel\u00e9. Ezt az is bizony\u00edtja, hogy a lengyelorsz\u00e1gi konferenci\u00e1n maga az Amerikai Egyes\u00fclt \u00c1llamok eln\u00f6ke is r\u00e9szt vett. A kezdem\u00e9nyez\u00e9s egy olyan pozit\u00edv jelens\u00e9g, amely nagyban hozz\u00e1j\u00e1rul a transzatlanti egy\u00fcttm\u0171k\u00f6d\u00e9s er\u0151s\u00edt\u00e9s\u00e9hez.<\/p>\n","protected":false},"excerpt":{"rendered":"<p>2018. j\u00fanius 5-\u00e9n, Washingtonban ker\u00fclt megrendez\u00e9sre a Vars\u00f3t\u00f3l Bukarestig \u2013 A H\u00e1rom Tenger Kezdem\u00e9nyez\u00e9shez vezet\u0151 \u00fat c\u00edmet visel\u0151 konferencia, melyen a Via Carpatia EGTC is k\u00e9pviseltette mag\u00e1t, a Polish Institute for International Affairs j\u00f3volt\u00e1b\u00f3l. A Via Carpatia igazgat\u00f3ja, Dr. Orb\u00e1n M\u00e1t\u00e9 Julianna a Via Carpatia korridor lehet\u0151s\u00e9geir\u0151l \u00e9s ki\u00e9p\u00edt\u00e9s\u00e9nek fontoss\u00e1g\u00e1r\u00f3l adott el\u0151, amely az EGTC [&hellip;]<\/p>\n","protected":false},"author":1,"featured_media":3457,"comment_status":"closed","ping_status":"open","sticky":false,"template":"","format":"standard","meta":{"inline_featured_image":false,"footnotes":""},"categories":[3],"tags":[],"class_list":["post-7405","post","type-post","status-publish","format-standard","has-post-thumbnail","hentry","category-uncategorized-hu"],"acf":[],"yoast_head":"<!-- This site is optimized with the Yoast SEO plugin v27.5 - https:\/\/yoast.com\/product\/yoast-seo-wordpress\/ -->\n<title>Vars\u00f3t\u00f3l Bukarestig \u2013 A H\u00e1rom Tenger Kezdem\u00e9nyez\u00e9shez vezet\u0151 \u00fat - ViaCarpatia<\/title>\n<meta name=\"robots\" content=\"index, follow, max-snippet:-1, max-image-preview:large, max-video-preview:-1\" \/>\n<link rel=\"canonical\" href=\"https:\/\/viacarpatia.eu\/hu\/konferencia-vo-washingtone\/\" \/>\n<meta property=\"og:locale\" content=\"hu_HU\" \/>\n<meta property=\"og:type\" content=\"article\" \/>\n<meta property=\"og:title\" content=\"Vars\u00f3t\u00f3l Bukarestig \u2013 A H\u00e1rom Tenger Kezdem\u00e9nyez\u00e9shez vezet\u0151 \u00fat - ViaCarpatia\" \/>\n<meta property=\"og:description\" content=\"2018. j\u00fanius 5-\u00e9n, Washingtonban ker\u00fclt megrendez\u00e9sre a Vars\u00f3t\u00f3l Bukarestig \u2013 A H\u00e1rom Tenger Kezdem\u00e9nyez\u00e9shez vezet\u0151 \u00fat c\u00edmet visel\u0151 konferencia, melyen a Via Carpatia EGTC is k\u00e9pviseltette mag\u00e1t, a Polish Institute for International Affairs j\u00f3volt\u00e1b\u00f3l. A Via Carpatia igazgat\u00f3ja, Dr. Orb\u00e1n M\u00e1t\u00e9 Julianna a Via Carpatia korridor lehet\u0151s\u00e9geir\u0151l \u00e9s ki\u00e9p\u00edt\u00e9s\u00e9nek fontoss\u00e1g\u00e1r\u00f3l adott el\u0151, amely az EGTC [&hellip;]\" \/>\n<meta property=\"og:url\" content=\"https:\/\/viacarpatia.eu\/hu\/konferencia-vo-washingtone\/\" \/>\n<meta property=\"og:site_name\" content=\"ViaCarpatia\" \/>\n<meta property=\"article:published_time\" content=\"2023-04-19T09:47:29+00:00\" \/>\n<meta property=\"article:modified_time\" content=\"2023-05-18T12:10:46+00:00\" \/>\n<meta property=\"og:image\" content=\"https:\/\/viacarpatia.eu\/wp-content\/uploads\/2023\/04\/5efae06b5c1510f54834652c.jpg\" \/>\n\t<meta property=\"og:image:width\" content=\"766\" \/>\n\t<meta property=\"og:image:height\" content=\"480\" \/>\n\t<meta property=\"og:image:type\" content=\"image\/jpeg\" \/>\n<meta name=\"author\" content=\"promiseo\" \/>\n<meta name=\"twitter:card\" content=\"summary_large_image\" \/>\n<meta name=\"twitter:label1\" content=\"Szerz\u0151:\" \/>\n\t<meta name=\"twitter:data1\" content=\"promiseo\" \/>\n\t<meta name=\"twitter:label2\" content=\"Becs\u00fclt olvas\u00e1si id\u0151\" \/>\n\t<meta name=\"twitter:data2\" content=\"2 perc\" \/>\n<script type=\"application\/ld+json\" class=\"yoast-schema-graph\">{\"@context\":\"https:\\\/\\\/schema.org\",\"@graph\":[{\"@type\":\"Article\",\"@id\":\"https:\\\/\\\/viacarpatia.eu\\\/hu\\\/konferencia-vo-washingtone\\\/#article\",\"isPartOf\":{\"@id\":\"https:\\\/\\\/viacarpatia.eu\\\/hu\\\/konferencia-vo-washingtone\\\/\"},\"author\":{\"name\":\"promiseo\",\"@id\":\"https:\\\/\\\/viacarpatia.eu\\\/#\\\/schema\\\/person\\\/ad78fca7d58f189d57a6e54af785b1af\"},\"headline\":\"Vars\u00f3t\u00f3l Bukarestig \u2013 A H\u00e1rom Tenger Kezdem\u00e9nyez\u00e9shez vezet\u0151 \u00fat\",\"datePublished\":\"2023-04-19T09:47:29+00:00\",\"dateModified\":\"2023-05-18T12:10:46+00:00\",\"mainEntityOfPage\":{\"@id\":\"https:\\\/\\\/viacarpatia.eu\\\/hu\\\/konferencia-vo-washingtone\\\/\"},\"wordCount\":482,\"image\":{\"@id\":\"https:\\\/\\\/viacarpatia.eu\\\/hu\\\/konferencia-vo-washingtone\\\/#primaryimage\"},\"thumbnailUrl\":\"https:\\\/\\\/viacarpatia.eu\\\/wp-content\\\/uploads\\\/2023\\\/04\\\/5efae06b5c1510f54834652c.jpg\",\"articleSection\":[\"Uncategorized\"],\"inLanguage\":\"hu\"},{\"@type\":\"WebPage\",\"@id\":\"https:\\\/\\\/viacarpatia.eu\\\/hu\\\/konferencia-vo-washingtone\\\/\",\"url\":\"https:\\\/\\\/viacarpatia.eu\\\/hu\\\/konferencia-vo-washingtone\\\/\",\"name\":\"Vars\u00f3t\u00f3l Bukarestig \u2013 A H\u00e1rom Tenger Kezdem\u00e9nyez\u00e9shez vezet\u0151 \u00fat - ViaCarpatia\",\"isPartOf\":{\"@id\":\"https:\\\/\\\/viacarpatia.eu\\\/#website\"},\"primaryImageOfPage\":{\"@id\":\"https:\\\/\\\/viacarpatia.eu\\\/hu\\\/konferencia-vo-washingtone\\\/#primaryimage\"},\"image\":{\"@id\":\"https:\\\/\\\/viacarpatia.eu\\\/hu\\\/konferencia-vo-washingtone\\\/#primaryimage\"},\"thumbnailUrl\":\"https:\\\/\\\/viacarpatia.eu\\\/wp-content\\\/uploads\\\/2023\\\/04\\\/5efae06b5c1510f54834652c.jpg\",\"datePublished\":\"2023-04-19T09:47:29+00:00\",\"dateModified\":\"2023-05-18T12:10:46+00:00\",\"author\":{\"@id\":\"https:\\\/\\\/viacarpatia.eu\\\/#\\\/schema\\\/person\\\/ad78fca7d58f189d57a6e54af785b1af\"},\"breadcrumb\":{\"@id\":\"https:\\\/\\\/viacarpatia.eu\\\/hu\\\/konferencia-vo-washingtone\\\/#breadcrumb\"},\"inLanguage\":\"hu\",\"potentialAction\":[{\"@type\":\"ReadAction\",\"target\":[\"https:\\\/\\\/viacarpatia.eu\\\/hu\\\/konferencia-vo-washingtone\\\/\"]}]},{\"@type\":\"ImageObject\",\"inLanguage\":\"hu\",\"@id\":\"https:\\\/\\\/viacarpatia.eu\\\/hu\\\/konferencia-vo-washingtone\\\/#primaryimage\",\"url\":\"https:\\\/\\\/viacarpatia.eu\\\/wp-content\\\/uploads\\\/2023\\\/04\\\/5efae06b5c1510f54834652c.jpg\",\"contentUrl\":\"https:\\\/\\\/viacarpatia.eu\\\/wp-content\\\/uploads\\\/2023\\\/04\\\/5efae06b5c1510f54834652c.jpg\",\"width\":766,\"height\":480},{\"@type\":\"BreadcrumbList\",\"@id\":\"https:\\\/\\\/viacarpatia.eu\\\/hu\\\/konferencia-vo-washingtone\\\/#breadcrumb\",\"itemListElement\":[{\"@type\":\"ListItem\",\"position\":1,\"name\":\"Home\",\"item\":\"https:\\\/\\\/viacarpatia.eu\\\/\"},{\"@type\":\"ListItem\",\"position\":2,\"name\":\"Vars\u00f3t\u00f3l Bukarestig \u2013 A H\u00e1rom Tenger Kezdem\u00e9nyez\u00e9shez vezet\u0151 \u00fat\"}]},{\"@type\":\"WebSite\",\"@id\":\"https:\\\/\\\/viacarpatia.eu\\\/#website\",\"url\":\"https:\\\/\\\/viacarpatia.eu\\\/\",\"name\":\"ViaCarpatia\",\"description\":\"Sp\u00e1jame historick\u00e9 a kult\u00farno-jazykov\u00e9 trad\u00edcie\",\"alternateName\":\"ViaCarpatia\",\"potentialAction\":[{\"@type\":\"SearchAction\",\"target\":{\"@type\":\"EntryPoint\",\"urlTemplate\":\"https:\\\/\\\/viacarpatia.eu\\\/?s={search_term_string}\"},\"query-input\":{\"@type\":\"PropertyValueSpecification\",\"valueRequired\":true,\"valueName\":\"search_term_string\"}}],\"inLanguage\":\"hu\"},{\"@type\":\"Person\",\"@id\":\"https:\\\/\\\/viacarpatia.eu\\\/#\\\/schema\\\/person\\\/ad78fca7d58f189d57a6e54af785b1af\",\"name\":\"promiseo\",\"image\":{\"@type\":\"ImageObject\",\"inLanguage\":\"hu\",\"@id\":\"https:\\\/\\\/secure.gravatar.com\\\/avatar\\\/e836a21cdda7d1a602c49880145b7a9b7a76ee1acdc3df5fb44089ead12fd2b1?s=96&d=mm&r=g\",\"url\":\"https:\\\/\\\/secure.gravatar.com\\\/avatar\\\/e836a21cdda7d1a602c49880145b7a9b7a76ee1acdc3df5fb44089ead12fd2b1?s=96&d=mm&r=g\",\"contentUrl\":\"https:\\\/\\\/secure.gravatar.com\\\/avatar\\\/e836a21cdda7d1a602c49880145b7a9b7a76ee1acdc3df5fb44089ead12fd2b1?s=96&d=mm&r=g\",\"caption\":\"promiseo\"},\"sameAs\":[\"https:\\\/\\\/viacarpatia.eu\"],\"url\":\"https:\\\/\\\/viacarpatia.eu\\\/hu\\\/author\\\/promiseo\\\/\"}]}<\/script>\n<!-- \/ Yoast SEO plugin. -->","yoast_head_json":{"title":"Vars\u00f3t\u00f3l Bukarestig \u2013 A H\u00e1rom Tenger Kezdem\u00e9nyez\u00e9shez vezet\u0151 \u00fat - ViaCarpatia","robots":{"index":"index","follow":"follow","max-snippet":"max-snippet:-1","max-image-preview":"max-image-preview:large","max-video-preview":"max-video-preview:-1"},"canonical":"https:\/\/viacarpatia.eu\/hu\/konferencia-vo-washingtone\/","og_locale":"hu_HU","og_type":"article","og_title":"Vars\u00f3t\u00f3l Bukarestig \u2013 A H\u00e1rom Tenger Kezdem\u00e9nyez\u00e9shez vezet\u0151 \u00fat - ViaCarpatia","og_description":"2018. j\u00fanius 5-\u00e9n, Washingtonban ker\u00fclt megrendez\u00e9sre a Vars\u00f3t\u00f3l Bukarestig \u2013 A H\u00e1rom Tenger Kezdem\u00e9nyez\u00e9shez vezet\u0151 \u00fat c\u00edmet visel\u0151 konferencia, melyen a Via Carpatia EGTC is k\u00e9pviseltette mag\u00e1t, a Polish Institute for International Affairs j\u00f3volt\u00e1b\u00f3l. A Via Carpatia igazgat\u00f3ja, Dr. Orb\u00e1n M\u00e1t\u00e9 Julianna a Via Carpatia korridor lehet\u0151s\u00e9geir\u0151l \u00e9s ki\u00e9p\u00edt\u00e9s\u00e9nek fontoss\u00e1g\u00e1r\u00f3l adott el\u0151, amely az EGTC [&hellip;]","og_url":"https:\/\/viacarpatia.eu\/hu\/konferencia-vo-washingtone\/","og_site_name":"ViaCarpatia","article_published_time":"2023-04-19T09:47:29+00:00","article_modified_time":"2023-05-18T12:10:46+00:00","og_image":[{"width":766,"height":480,"url":"https:\/\/viacarpatia.eu\/wp-content\/uploads\/2023\/04\/5efae06b5c1510f54834652c.jpg","type":"image\/jpeg"}],"author":"promiseo","twitter_card":"summary_large_image","twitter_misc":{"Szerz\u0151:":"promiseo","Becs\u00fclt olvas\u00e1si id\u0151":"2 perc"},"schema":{"@context":"https:\/\/schema.org","@graph":[{"@type":"Article","@id":"https:\/\/viacarpatia.eu\/hu\/konferencia-vo-washingtone\/#article","isPartOf":{"@id":"https:\/\/viacarpatia.eu\/hu\/konferencia-vo-washingtone\/"},"author":{"name":"promiseo","@id":"https:\/\/viacarpatia.eu\/#\/schema\/person\/ad78fca7d58f189d57a6e54af785b1af"},"headline":"Vars\u00f3t\u00f3l Bukarestig \u2013 A H\u00e1rom Tenger Kezdem\u00e9nyez\u00e9shez vezet\u0151 \u00fat","datePublished":"2023-04-19T09:47:29+00:00","dateModified":"2023-05-18T12:10:46+00:00","mainEntityOfPage":{"@id":"https:\/\/viacarpatia.eu\/hu\/konferencia-vo-washingtone\/"},"wordCount":482,"image":{"@id":"https:\/\/viacarpatia.eu\/hu\/konferencia-vo-washingtone\/#primaryimage"},"thumbnailUrl":"https:\/\/viacarpatia.eu\/wp-content\/uploads\/2023\/04\/5efae06b5c1510f54834652c.jpg","articleSection":["Uncategorized"],"inLanguage":"hu"},{"@type":"WebPage","@id":"https:\/\/viacarpatia.eu\/hu\/konferencia-vo-washingtone\/","url":"https:\/\/viacarpatia.eu\/hu\/konferencia-vo-washingtone\/","name":"Vars\u00f3t\u00f3l Bukarestig \u2013 A H\u00e1rom Tenger Kezdem\u00e9nyez\u00e9shez vezet\u0151 \u00fat - ViaCarpatia","isPartOf":{"@id":"https:\/\/viacarpatia.eu\/#website"},"primaryImageOfPage":{"@id":"https:\/\/viacarpatia.eu\/hu\/konferencia-vo-washingtone\/#primaryimage"},"image":{"@id":"https:\/\/viacarpatia.eu\/hu\/konferencia-vo-washingtone\/#primaryimage"},"thumbnailUrl":"https:\/\/viacarpatia.eu\/wp-content\/uploads\/2023\/04\/5efae06b5c1510f54834652c.jpg","datePublished":"2023-04-19T09:47:29+00:00","dateModified":"2023-05-18T12:10:46+00:00","author":{"@id":"https:\/\/viacarpatia.eu\/#\/schema\/person\/ad78fca7d58f189d57a6e54af785b1af"},"breadcrumb":{"@id":"https:\/\/viacarpatia.eu\/hu\/konferencia-vo-washingtone\/#breadcrumb"},"inLanguage":"hu","potentialAction":[{"@type":"ReadAction","target":["https:\/\/viacarpatia.eu\/hu\/konferencia-vo-washingtone\/"]}]},{"@type":"ImageObject","inLanguage":"hu","@id":"https:\/\/viacarpatia.eu\/hu\/konferencia-vo-washingtone\/#primaryimage","url":"https:\/\/viacarpatia.eu\/wp-content\/uploads\/2023\/04\/5efae06b5c1510f54834652c.jpg","contentUrl":"https:\/\/viacarpatia.eu\/wp-content\/uploads\/2023\/04\/5efae06b5c1510f54834652c.jpg","width":766,"height":480},{"@type":"BreadcrumbList","@id":"https:\/\/viacarpatia.eu\/hu\/konferencia-vo-washingtone\/#breadcrumb","itemListElement":[{"@type":"ListItem","position":1,"name":"Home","item":"https:\/\/viacarpatia.eu\/"},{"@type":"ListItem","position":2,"name":"Vars\u00f3t\u00f3l Bukarestig \u2013 A H\u00e1rom Tenger Kezdem\u00e9nyez\u00e9shez vezet\u0151 \u00fat"}]},{"@type":"WebSite","@id":"https:\/\/viacarpatia.eu\/#website","url":"https:\/\/viacarpatia.eu\/","name":"ViaCarpatia","description":"Sp\u00e1jame historick\u00e9 a kult\u00farno-jazykov\u00e9 trad\u00edcie","alternateName":"ViaCarpatia","potentialAction":[{"@type":"SearchAction","target":{"@type":"EntryPoint","urlTemplate":"https:\/\/viacarpatia.eu\/?s={search_term_string}"},"query-input":{"@type":"PropertyValueSpecification","valueRequired":true,"valueName":"search_term_string"}}],"inLanguage":"hu"},{"@type":"Person","@id":"https:\/\/viacarpatia.eu\/#\/schema\/person\/ad78fca7d58f189d57a6e54af785b1af","name":"promiseo","image":{"@type":"ImageObject","inLanguage":"hu","@id":"https:\/\/secure.gravatar.com\/avatar\/e836a21cdda7d1a602c49880145b7a9b7a76ee1acdc3df5fb44089ead12fd2b1?s=96&d=mm&r=g","url":"https:\/\/secure.gravatar.com\/avatar\/e836a21cdda7d1a602c49880145b7a9b7a76ee1acdc3df5fb44089ead12fd2b1?s=96&d=mm&r=g","contentUrl":"https:\/\/secure.gravatar.com\/avatar\/e836a21cdda7d1a602c49880145b7a9b7a76ee1acdc3df5fb44089ead12fd2b1?s=96&d=mm&r=g","caption":"promiseo"},"sameAs":["https:\/\/viacarpatia.eu"],"url":"https:\/\/viacarpatia.eu\/hu\/author\/promiseo\/"}]}},"_links":{"self":[{"href":"https:\/\/viacarpatia.eu\/hu\/wp-json\/wp\/v2\/posts\/7405","targetHints":{"allow":["GET"]}}],"collection":[{"href":"https:\/\/viacarpatia.eu\/hu\/wp-json\/wp\/v2\/posts"}],"about":[{"href":"https:\/\/viacarpatia.eu\/hu\/wp-json\/wp\/v2\/types\/post"}],"author":[{"embeddable":true,"href":"https:\/\/viacarpatia.eu\/hu\/wp-json\/wp\/v2\/users\/1"}],"replies":[{"embeddable":true,"href":"https:\/\/viacarpatia.eu\/hu\/wp-json\/wp\/v2\/comments?post=7405"}],"version-history":[{"count":1,"href":"https:\/\/viacarpatia.eu\/hu\/wp-json\/wp\/v2\/posts\/7405\/revisions"}],"predecessor-version":[{"id":7406,"href":"https:\/\/viacarpatia.eu\/hu\/wp-json\/wp\/v2\/posts\/7405\/revisions\/7406"}],"wp:featuredmedia":[{"embeddable":true,"href":"https:\/\/viacarpatia.eu\/hu\/wp-json\/wp\/v2\/media\/3457"}],"wp:attachment":[{"href":"https:\/\/viacarpatia.eu\/hu\/wp-json\/wp\/v2\/media?parent=7405"}],"wp:term":[{"taxonomy":"category","embeddable":true,"href":"https:\/\/viacarpatia.eu\/hu\/wp-json\/wp\/v2\/categories?post=7405"},{"taxonomy":"post_tag","embeddable":true,"href":"https:\/\/viacarpatia.eu\/hu\/wp-json\/wp\/v2\/tags?post=7405"}],"curies":[{"name":"wp","href":"https:\/\/api.w.org\/{rel}","templated":true}]}}