{"id":7433,"date":"2023-04-24T12:00:49","date_gmt":"2023-04-24T10:00:49","guid":{"rendered":"https:\/\/viacarpatia.eu\/informacne-seminare-projektu-i-care-smart\/"},"modified":"2023-05-18T14:17:51","modified_gmt":"2023-05-18T12:17:51","slug":"informacne-seminare-projektu-i-care-smart","status":"publish","type":"post","link":"https:\/\/viacarpatia.eu\/hu\/informacne-seminare-projektu-i-care-smart\/","title":{"rendered":"Inform\u00e1ci\u00f3s szemin\u00e1riumok I CARE SMART"},"content":{"rendered":"<p>A Via Carpatia Eur\u00f3pai Ter\u00fcleti Egy\u00fcttm\u0171k\u00f6d\u00e9si Csoportosul\u00e1s \u00e9s a Kassai M\u0171szaki Egyetem k\u00f6z\u00f6sen szerveztek t\u00e1j\u00e9koztat\u00f3 szemin\u00e1riumokat \u00e9s tal\u00e1lkoz\u00f3kat az id\u0151sgondoz\u00e1s ter\u00fclet\u00e9n az I-CARE SMART projekt (CE1516) megval\u00f3s\u00edt\u00e1sa keret\u00e9ben. Az esem\u00e9nyeken a Kassa megye k\u00fcl\u00f6nb\u00f6z\u0151 r\u00e9gi\u00f3ib\u00f3l \u00e9rkeztek id\u0151sek \u00e9s az id\u0151sek k\u00e9rd\u00e9s\u00e9vel foglalkoz\u00f3 int\u00e9zm\u00e9nyek k\u00e9pvisel\u0151i.<\/p>\n<p>\u00d6sszesen 4 tal\u00e1lkoz\u00f3 megrendez\u00e9sre ker\u00fclt:<\/p>\n<ul>\n<li>Igl\u00f3n 2021.06.10.<\/li>\n<li>Rozsny\u00f3n 2021.06.10.<\/li>\n<li>Nagymih\u00e1lyban 2021.06.29.<\/li>\n<li>Kir\u00e1lyhelmecen 2021.06.29.<\/li>\n<\/ul>\n<p>A tal\u00e1lkoz\u00f3k c\u00e9lja az volt, hogy t\u00e1j\u00e9koztass\u00e1k a r\u00e9sztvev\u0151ket a projekt megval\u00f3s\u00edt\u00e1s\u00e1nak el\u0151rehalad\u00e1s\u00e1r\u00f3l \u00e9s az el\u00e9rt eredm\u00e9nyekr\u0151l. A r\u00e9sztvev\u0151k megismerkedtek a region\u00e1lis \u201eSilverStar Challenge\u201d felh\u00edv\u00e1ssal is, melynek c\u00e9lja a Kassa megy\u00e9ben kifejlesztett, id\u0151seknek sz\u00f3l\u00f3 innovat\u00edv term\u00e9kek \u00e9s szolg\u00e1ltat\u00e1sok azonos\u00edt\u00e1sa \u00e9s t\u00e1mogat\u00e1sa. A r\u00e9sztvev\u0151k elmondt\u00e1k v\u00e9lem\u00e9ny\u00fcket a felh\u00edv\u00e1sban \u00e9rintett projektekr\u0151l is.<\/p>\n<p>A Via Carpatia Eur\u00f3pai Ter\u00fcleti Egy\u00fcttm\u0171k\u00f6d\u00e9si Csoportosul\u00e1s \u00e9s a Kassai M\u0171szaki Egyetem tov\u00e1bbra is kommunik\u00e1lni fog a tal\u00e1lkoz\u00f3k r\u00e9sztvev\u0151ivel, hogy egy\u00fcttm\u0171k\u00f6djenek az id\u0151sek megseg\u00edt\u00e9s\u00e9ben.<\/p>\n","protected":false},"excerpt":{"rendered":"<p>A Via Carpatia Eur\u00f3pai Ter\u00fcleti Egy\u00fcttm\u0171k\u00f6d\u00e9si Csoportosul\u00e1s \u00e9s a Kassai M\u0171szaki Egyetem k\u00f6z\u00f6sen szerveztek t\u00e1j\u00e9koztat\u00f3 szemin\u00e1riumokat \u00e9s tal\u00e1lkoz\u00f3kat az id\u0151sgondoz\u00e1s ter\u00fclet\u00e9n az I-CARE SMART projekt (CE1516) megval\u00f3s\u00edt\u00e1sa keret\u00e9ben. Az esem\u00e9nyeken a Kassa megye k\u00fcl\u00f6nb\u00f6z\u0151 r\u00e9gi\u00f3ib\u00f3l \u00e9rkeztek id\u0151sek \u00e9s az id\u0151sek k\u00e9rd\u00e9s\u00e9vel foglalkoz\u00f3 int\u00e9zm\u00e9nyek k\u00e9pvisel\u0151i. \u00d6sszesen 4 tal\u00e1lkoz\u00f3 megrendez\u00e9sre ker\u00fclt: Igl\u00f3n 2021.06.10. Rozsny\u00f3n 2021.06.10. Nagymih\u00e1lyban 2021.06.29. [&hellip;]<\/p>\n","protected":false},"author":1,"featured_media":4317,"comment_status":"closed","ping_status":"open","sticky":false,"template":"","format":"standard","meta":{"inline_featured_image":false,"footnotes":""},"categories":[3],"tags":[],"class_list":["post-7433","post","type-post","status-publish","format-standard","has-post-thumbnail","hentry","category-uncategorized-hu"],"acf":[],"yoast_head":"<!-- This site is optimized with the Yoast SEO plugin v27.5 - https:\/\/yoast.com\/product\/yoast-seo-wordpress\/ -->\n<title>Inform\u00e1ci\u00f3s szemin\u00e1riumok I CARE SMART - ViaCarpatia<\/title>\n<meta name=\"robots\" content=\"index, follow, max-snippet:-1, max-image-preview:large, max-video-preview:-1\" \/>\n<link rel=\"canonical\" href=\"https:\/\/viacarpatia.eu\/hu\/informacne-seminare-projektu-i-care-smart\/\" \/>\n<meta property=\"og:locale\" content=\"hu_HU\" \/>\n<meta property=\"og:type\" content=\"article\" \/>\n<meta property=\"og:title\" content=\"Inform\u00e1ci\u00f3s szemin\u00e1riumok I CARE SMART - ViaCarpatia\" \/>\n<meta property=\"og:description\" content=\"A Via Carpatia Eur\u00f3pai Ter\u00fcleti Egy\u00fcttm\u0171k\u00f6d\u00e9si Csoportosul\u00e1s \u00e9s a Kassai M\u0171szaki Egyetem k\u00f6z\u00f6sen szerveztek t\u00e1j\u00e9koztat\u00f3 szemin\u00e1riumokat \u00e9s tal\u00e1lkoz\u00f3kat az id\u0151sgondoz\u00e1s ter\u00fclet\u00e9n az I-CARE SMART projekt (CE1516) megval\u00f3s\u00edt\u00e1sa keret\u00e9ben. Az esem\u00e9nyeken a Kassa megye k\u00fcl\u00f6nb\u00f6z\u0151 r\u00e9gi\u00f3ib\u00f3l \u00e9rkeztek id\u0151sek \u00e9s az id\u0151sek k\u00e9rd\u00e9s\u00e9vel foglalkoz\u00f3 int\u00e9zm\u00e9nyek k\u00e9pvisel\u0151i. \u00d6sszesen 4 tal\u00e1lkoz\u00f3 megrendez\u00e9sre ker\u00fclt: Igl\u00f3n 2021.06.10. Rozsny\u00f3n 2021.06.10. Nagymih\u00e1lyban 2021.06.29. [&hellip;]\" \/>\n<meta property=\"og:url\" content=\"https:\/\/viacarpatia.eu\/hu\/informacne-seminare-projektu-i-care-smart\/\" \/>\n<meta property=\"og:site_name\" content=\"ViaCarpatia\" \/>\n<meta property=\"article:published_time\" content=\"2023-04-24T10:00:49+00:00\" \/>\n<meta property=\"article:modified_time\" content=\"2023-05-18T12:17:51+00:00\" \/>\n<meta property=\"og:image\" content=\"https:\/\/viacarpatia.eu\/wp-content\/uploads\/2023\/04\/Roznava.jpg\" \/>\n\t<meta property=\"og:image:width\" content=\"1600\" \/>\n\t<meta property=\"og:image:height\" content=\"1200\" \/>\n\t<meta property=\"og:image:type\" content=\"image\/jpeg\" \/>\n<meta name=\"author\" content=\"promiseo\" \/>\n<meta name=\"twitter:card\" content=\"summary_large_image\" \/>\n<meta name=\"twitter:label1\" content=\"Szerz\u0151:\" \/>\n\t<meta name=\"twitter:data1\" content=\"promiseo\" \/>\n\t<meta name=\"twitter:label2\" content=\"Becs\u00fclt olvas\u00e1si id\u0151\" \/>\n\t<meta name=\"twitter:data2\" content=\"1 perc\" \/>\n<script type=\"application\/ld+json\" class=\"yoast-schema-graph\">{\"@context\":\"https:\\\/\\\/schema.org\",\"@graph\":[{\"@type\":\"Article\",\"@id\":\"https:\\\/\\\/viacarpatia.eu\\\/hu\\\/informacne-seminare-projektu-i-care-smart\\\/#article\",\"isPartOf\":{\"@id\":\"https:\\\/\\\/viacarpatia.eu\\\/hu\\\/informacne-seminare-projektu-i-care-smart\\\/\"},\"author\":{\"name\":\"promiseo\",\"@id\":\"https:\\\/\\\/viacarpatia.eu\\\/#\\\/schema\\\/person\\\/ad78fca7d58f189d57a6e54af785b1af\"},\"headline\":\"Inform\u00e1ci\u00f3s szemin\u00e1riumok I CARE SMART\",\"datePublished\":\"2023-04-24T10:00:49+00:00\",\"dateModified\":\"2023-05-18T12:17:51+00:00\",\"mainEntityOfPage\":{\"@id\":\"https:\\\/\\\/viacarpatia.eu\\\/hu\\\/informacne-seminare-projektu-i-care-smart\\\/\"},\"wordCount\":246,\"image\":{\"@id\":\"https:\\\/\\\/viacarpatia.eu\\\/hu\\\/informacne-seminare-projektu-i-care-smart\\\/#primaryimage\"},\"thumbnailUrl\":\"https:\\\/\\\/viacarpatia.eu\\\/wp-content\\\/uploads\\\/2023\\\/04\\\/Roznava.jpg\",\"articleSection\":[\"Uncategorized\"],\"inLanguage\":\"hu\"},{\"@type\":\"WebPage\",\"@id\":\"https:\\\/\\\/viacarpatia.eu\\\/hu\\\/informacne-seminare-projektu-i-care-smart\\\/\",\"url\":\"https:\\\/\\\/viacarpatia.eu\\\/hu\\\/informacne-seminare-projektu-i-care-smart\\\/\",\"name\":\"Inform\u00e1ci\u00f3s szemin\u00e1riumok I CARE SMART - ViaCarpatia\",\"isPartOf\":{\"@id\":\"https:\\\/\\\/viacarpatia.eu\\\/#website\"},\"primaryImageOfPage\":{\"@id\":\"https:\\\/\\\/viacarpatia.eu\\\/hu\\\/informacne-seminare-projektu-i-care-smart\\\/#primaryimage\"},\"image\":{\"@id\":\"https:\\\/\\\/viacarpatia.eu\\\/hu\\\/informacne-seminare-projektu-i-care-smart\\\/#primaryimage\"},\"thumbnailUrl\":\"https:\\\/\\\/viacarpatia.eu\\\/wp-content\\\/uploads\\\/2023\\\/04\\\/Roznava.jpg\",\"datePublished\":\"2023-04-24T10:00:49+00:00\",\"dateModified\":\"2023-05-18T12:17:51+00:00\",\"author\":{\"@id\":\"https:\\\/\\\/viacarpatia.eu\\\/#\\\/schema\\\/person\\\/ad78fca7d58f189d57a6e54af785b1af\"},\"breadcrumb\":{\"@id\":\"https:\\\/\\\/viacarpatia.eu\\\/hu\\\/informacne-seminare-projektu-i-care-smart\\\/#breadcrumb\"},\"inLanguage\":\"hu\",\"potentialAction\":[{\"@type\":\"ReadAction\",\"target\":[\"https:\\\/\\\/viacarpatia.eu\\\/hu\\\/informacne-seminare-projektu-i-care-smart\\\/\"]}]},{\"@type\":\"ImageObject\",\"inLanguage\":\"hu\",\"@id\":\"https:\\\/\\\/viacarpatia.eu\\\/hu\\\/informacne-seminare-projektu-i-care-smart\\\/#primaryimage\",\"url\":\"https:\\\/\\\/viacarpatia.eu\\\/wp-content\\\/uploads\\\/2023\\\/04\\\/Roznava.jpg\",\"contentUrl\":\"https:\\\/\\\/viacarpatia.eu\\\/wp-content\\\/uploads\\\/2023\\\/04\\\/Roznava.jpg\",\"width\":1600,\"height\":1200},{\"@type\":\"BreadcrumbList\",\"@id\":\"https:\\\/\\\/viacarpatia.eu\\\/hu\\\/informacne-seminare-projektu-i-care-smart\\\/#breadcrumb\",\"itemListElement\":[{\"@type\":\"ListItem\",\"position\":1,\"name\":\"Home\",\"item\":\"https:\\\/\\\/viacarpatia.eu\\\/\"},{\"@type\":\"ListItem\",\"position\":2,\"name\":\"Inform\u00e1ci\u00f3s szemin\u00e1riumok I CARE SMART\"}]},{\"@type\":\"WebSite\",\"@id\":\"https:\\\/\\\/viacarpatia.eu\\\/#website\",\"url\":\"https:\\\/\\\/viacarpatia.eu\\\/\",\"name\":\"ViaCarpatia\",\"description\":\"Sp\u00e1jame historick\u00e9 a kult\u00farno-jazykov\u00e9 trad\u00edcie\",\"alternateName\":\"ViaCarpatia\",\"potentialAction\":[{\"@type\":\"SearchAction\",\"target\":{\"@type\":\"EntryPoint\",\"urlTemplate\":\"https:\\\/\\\/viacarpatia.eu\\\/?s={search_term_string}\"},\"query-input\":{\"@type\":\"PropertyValueSpecification\",\"valueRequired\":true,\"valueName\":\"search_term_string\"}}],\"inLanguage\":\"hu\"},{\"@type\":\"Person\",\"@id\":\"https:\\\/\\\/viacarpatia.eu\\\/#\\\/schema\\\/person\\\/ad78fca7d58f189d57a6e54af785b1af\",\"name\":\"promiseo\",\"image\":{\"@type\":\"ImageObject\",\"inLanguage\":\"hu\",\"@id\":\"https:\\\/\\\/secure.gravatar.com\\\/avatar\\\/e836a21cdda7d1a602c49880145b7a9b7a76ee1acdc3df5fb44089ead12fd2b1?s=96&d=mm&r=g\",\"url\":\"https:\\\/\\\/secure.gravatar.com\\\/avatar\\\/e836a21cdda7d1a602c49880145b7a9b7a76ee1acdc3df5fb44089ead12fd2b1?s=96&d=mm&r=g\",\"contentUrl\":\"https:\\\/\\\/secure.gravatar.com\\\/avatar\\\/e836a21cdda7d1a602c49880145b7a9b7a76ee1acdc3df5fb44089ead12fd2b1?s=96&d=mm&r=g\",\"caption\":\"promiseo\"},\"sameAs\":[\"https:\\\/\\\/viacarpatia.eu\"],\"url\":\"https:\\\/\\\/viacarpatia.eu\\\/hu\\\/author\\\/promiseo\\\/\"}]}<\/script>\n<!-- \/ Yoast SEO plugin. -->","yoast_head_json":{"title":"Inform\u00e1ci\u00f3s szemin\u00e1riumok I CARE SMART - ViaCarpatia","robots":{"index":"index","follow":"follow","max-snippet":"max-snippet:-1","max-image-preview":"max-image-preview:large","max-video-preview":"max-video-preview:-1"},"canonical":"https:\/\/viacarpatia.eu\/hu\/informacne-seminare-projektu-i-care-smart\/","og_locale":"hu_HU","og_type":"article","og_title":"Inform\u00e1ci\u00f3s szemin\u00e1riumok I CARE SMART - ViaCarpatia","og_description":"A Via Carpatia Eur\u00f3pai Ter\u00fcleti Egy\u00fcttm\u0171k\u00f6d\u00e9si Csoportosul\u00e1s \u00e9s a Kassai M\u0171szaki Egyetem k\u00f6z\u00f6sen szerveztek t\u00e1j\u00e9koztat\u00f3 szemin\u00e1riumokat \u00e9s tal\u00e1lkoz\u00f3kat az id\u0151sgondoz\u00e1s ter\u00fclet\u00e9n az I-CARE SMART projekt (CE1516) megval\u00f3s\u00edt\u00e1sa keret\u00e9ben. Az esem\u00e9nyeken a Kassa megye k\u00fcl\u00f6nb\u00f6z\u0151 r\u00e9gi\u00f3ib\u00f3l \u00e9rkeztek id\u0151sek \u00e9s az id\u0151sek k\u00e9rd\u00e9s\u00e9vel foglalkoz\u00f3 int\u00e9zm\u00e9nyek k\u00e9pvisel\u0151i. \u00d6sszesen 4 tal\u00e1lkoz\u00f3 megrendez\u00e9sre ker\u00fclt: Igl\u00f3n 2021.06.10. Rozsny\u00f3n 2021.06.10. Nagymih\u00e1lyban 2021.06.29. [&hellip;]","og_url":"https:\/\/viacarpatia.eu\/hu\/informacne-seminare-projektu-i-care-smart\/","og_site_name":"ViaCarpatia","article_published_time":"2023-04-24T10:00:49+00:00","article_modified_time":"2023-05-18T12:17:51+00:00","og_image":[{"width":1600,"height":1200,"url":"https:\/\/viacarpatia.eu\/wp-content\/uploads\/2023\/04\/Roznava.jpg","type":"image\/jpeg"}],"author":"promiseo","twitter_card":"summary_large_image","twitter_misc":{"Szerz\u0151:":"promiseo","Becs\u00fclt olvas\u00e1si id\u0151":"1 perc"},"schema":{"@context":"https:\/\/schema.org","@graph":[{"@type":"Article","@id":"https:\/\/viacarpatia.eu\/hu\/informacne-seminare-projektu-i-care-smart\/#article","isPartOf":{"@id":"https:\/\/viacarpatia.eu\/hu\/informacne-seminare-projektu-i-care-smart\/"},"author":{"name":"promiseo","@id":"https:\/\/viacarpatia.eu\/#\/schema\/person\/ad78fca7d58f189d57a6e54af785b1af"},"headline":"Inform\u00e1ci\u00f3s szemin\u00e1riumok I CARE SMART","datePublished":"2023-04-24T10:00:49+00:00","dateModified":"2023-05-18T12:17:51+00:00","mainEntityOfPage":{"@id":"https:\/\/viacarpatia.eu\/hu\/informacne-seminare-projektu-i-care-smart\/"},"wordCount":246,"image":{"@id":"https:\/\/viacarpatia.eu\/hu\/informacne-seminare-projektu-i-care-smart\/#primaryimage"},"thumbnailUrl":"https:\/\/viacarpatia.eu\/wp-content\/uploads\/2023\/04\/Roznava.jpg","articleSection":["Uncategorized"],"inLanguage":"hu"},{"@type":"WebPage","@id":"https:\/\/viacarpatia.eu\/hu\/informacne-seminare-projektu-i-care-smart\/","url":"https:\/\/viacarpatia.eu\/hu\/informacne-seminare-projektu-i-care-smart\/","name":"Inform\u00e1ci\u00f3s szemin\u00e1riumok I CARE SMART - ViaCarpatia","isPartOf":{"@id":"https:\/\/viacarpatia.eu\/#website"},"primaryImageOfPage":{"@id":"https:\/\/viacarpatia.eu\/hu\/informacne-seminare-projektu-i-care-smart\/#primaryimage"},"image":{"@id":"https:\/\/viacarpatia.eu\/hu\/informacne-seminare-projektu-i-care-smart\/#primaryimage"},"thumbnailUrl":"https:\/\/viacarpatia.eu\/wp-content\/uploads\/2023\/04\/Roznava.jpg","datePublished":"2023-04-24T10:00:49+00:00","dateModified":"2023-05-18T12:17:51+00:00","author":{"@id":"https:\/\/viacarpatia.eu\/#\/schema\/person\/ad78fca7d58f189d57a6e54af785b1af"},"breadcrumb":{"@id":"https:\/\/viacarpatia.eu\/hu\/informacne-seminare-projektu-i-care-smart\/#breadcrumb"},"inLanguage":"hu","potentialAction":[{"@type":"ReadAction","target":["https:\/\/viacarpatia.eu\/hu\/informacne-seminare-projektu-i-care-smart\/"]}]},{"@type":"ImageObject","inLanguage":"hu","@id":"https:\/\/viacarpatia.eu\/hu\/informacne-seminare-projektu-i-care-smart\/#primaryimage","url":"https:\/\/viacarpatia.eu\/wp-content\/uploads\/2023\/04\/Roznava.jpg","contentUrl":"https:\/\/viacarpatia.eu\/wp-content\/uploads\/2023\/04\/Roznava.jpg","width":1600,"height":1200},{"@type":"BreadcrumbList","@id":"https:\/\/viacarpatia.eu\/hu\/informacne-seminare-projektu-i-care-smart\/#breadcrumb","itemListElement":[{"@type":"ListItem","position":1,"name":"Home","item":"https:\/\/viacarpatia.eu\/"},{"@type":"ListItem","position":2,"name":"Inform\u00e1ci\u00f3s szemin\u00e1riumok I CARE SMART"}]},{"@type":"WebSite","@id":"https:\/\/viacarpatia.eu\/#website","url":"https:\/\/viacarpatia.eu\/","name":"ViaCarpatia","description":"Sp\u00e1jame historick\u00e9 a kult\u00farno-jazykov\u00e9 trad\u00edcie","alternateName":"ViaCarpatia","potentialAction":[{"@type":"SearchAction","target":{"@type":"EntryPoint","urlTemplate":"https:\/\/viacarpatia.eu\/?s={search_term_string}"},"query-input":{"@type":"PropertyValueSpecification","valueRequired":true,"valueName":"search_term_string"}}],"inLanguage":"hu"},{"@type":"Person","@id":"https:\/\/viacarpatia.eu\/#\/schema\/person\/ad78fca7d58f189d57a6e54af785b1af","name":"promiseo","image":{"@type":"ImageObject","inLanguage":"hu","@id":"https:\/\/secure.gravatar.com\/avatar\/e836a21cdda7d1a602c49880145b7a9b7a76ee1acdc3df5fb44089ead12fd2b1?s=96&d=mm&r=g","url":"https:\/\/secure.gravatar.com\/avatar\/e836a21cdda7d1a602c49880145b7a9b7a76ee1acdc3df5fb44089ead12fd2b1?s=96&d=mm&r=g","contentUrl":"https:\/\/secure.gravatar.com\/avatar\/e836a21cdda7d1a602c49880145b7a9b7a76ee1acdc3df5fb44089ead12fd2b1?s=96&d=mm&r=g","caption":"promiseo"},"sameAs":["https:\/\/viacarpatia.eu"],"url":"https:\/\/viacarpatia.eu\/hu\/author\/promiseo\/"}]}},"_links":{"self":[{"href":"https:\/\/viacarpatia.eu\/hu\/wp-json\/wp\/v2\/posts\/7433","targetHints":{"allow":["GET"]}}],"collection":[{"href":"https:\/\/viacarpatia.eu\/hu\/wp-json\/wp\/v2\/posts"}],"about":[{"href":"https:\/\/viacarpatia.eu\/hu\/wp-json\/wp\/v2\/types\/post"}],"author":[{"embeddable":true,"href":"https:\/\/viacarpatia.eu\/hu\/wp-json\/wp\/v2\/users\/1"}],"replies":[{"embeddable":true,"href":"https:\/\/viacarpatia.eu\/hu\/wp-json\/wp\/v2\/comments?post=7433"}],"version-history":[{"count":1,"href":"https:\/\/viacarpatia.eu\/hu\/wp-json\/wp\/v2\/posts\/7433\/revisions"}],"predecessor-version":[{"id":7434,"href":"https:\/\/viacarpatia.eu\/hu\/wp-json\/wp\/v2\/posts\/7433\/revisions\/7434"}],"wp:featuredmedia":[{"embeddable":true,"href":"https:\/\/viacarpatia.eu\/hu\/wp-json\/wp\/v2\/media\/4317"}],"wp:attachment":[{"href":"https:\/\/viacarpatia.eu\/hu\/wp-json\/wp\/v2\/media?parent=7433"}],"wp:term":[{"taxonomy":"category","embeddable":true,"href":"https:\/\/viacarpatia.eu\/hu\/wp-json\/wp\/v2\/categories?post=7433"},{"taxonomy":"post_tag","embeddable":true,"href":"https:\/\/viacarpatia.eu\/hu\/wp-json\/wp\/v2\/tags?post=7433"}],"curies":[{"name":"wp","href":"https:\/\/api.w.org\/{rel}","templated":true}]}}