{"id":7451,"date":"2023-04-24T13:13:40","date_gmt":"2023-04-24T11:13:40","guid":{"rendered":"https:\/\/viacarpatia.eu\/odovzdavanie-elektrickeho-komposteru-a-kosov-na-separovany-zber-odpadu\/"},"modified":"2023-05-18T14:20:24","modified_gmt":"2023-05-18T12:20:24","slug":"odovzdavanie-elektrickeho-komposteru-a-kosov-na-separovany-zber-odpadu","status":"publish","type":"post","link":"https:\/\/viacarpatia.eu\/hu\/odovzdavanie-elektrickeho-komposteru-a-kosov-na-separovany-zber-odpadu\/","title":{"rendered":"Elektromos komposzt\u00e1l\u00f3 \u00e9s szelekt\u00edv hullad\u00e9kgy\u0171jt\u0151 ed\u00e9nyek \u00e1tad\u00e1sa"},"content":{"rendered":"<p>A Via Carpatia EGTC priorit\u00e1sai k\u00f6z\u00e9 tartozik a k\u00f6rforg\u00e1sos gazdas\u00e1g t\u00e1mogat\u00e1sa, ezzel hozz\u00e1j\u00e1rulva a z\u00f6ldebb r\u00e9gi\u00f3hoz.Ez\u00e9rt a Kassai M\u0171szaki Egyetem K\u00f6zgazdas\u00e1gtudom\u00e1nyi kar\u00e1val egy\u00fcttm\u0171k\u00f6dve 2021. szeptember 20-\u00e1n sor ker\u00fclt egy elektromos komposzt\u00e1l\u00f3 \u00e9s szelekt\u00edv hullad\u00e9kgy\u0171jt\u0151 ed\u00e9nyek \u00fcnnep\u00e9lyes \u00e1tad\u00e1s\u00e1ra k\u00f6z\u00e9piskol\u00e1k r\u00e9sz\u00e9re. Ezek az eszk\u00f6z\u00f6k a CITYCIRCLE p\u00e1ly\u00e1zat keret\u00e9n bel\u00fcl voltak beszerezve. A hullad\u00e9kgy\u0171jt\u0151 ed\u00e9nyek \u00e9s a komposzt\u00e1l\u00f3 az iskol\u00e1kat seg\u00edtik a j\u00f6v\u0151ben a hullad\u00e9k szelekt\u00e1l\u00e1s\u00e1ban \u00e9s a k\u00f6rforg\u00e1sos gazdas\u00e1g alkalmaz\u00e1s\u00e1ban.<\/p>\n<p>A rendezv\u00e9ny Kass\u00e1n a Spojen\u00e1 \u0161kola Opatovsk\u00e1 k\u00f6z\u00e9piskol\u00e1n volt megszervezve.<\/p>\n<p>Az \u00fcnnep\u00e9lyes \u00e1tad\u00e1son r\u00e9szt vett a Kassa Megyei \u00d6nkorm\u00e1nyzat eln\u00f6ke, a Kassai M\u0171szaki Egyetem K\u00f6zgazdas\u00e1gtudom\u00e1nyi kar\u00e1nak d\u00e9k\u00e1nja \u00e9s az \u00e9rintett iskol\u00e1k: Spojen\u00e1 \u0161kola Opatovsk\u00e1 cesta v Ko\u0161iciach (Kassa), Stredn\u00e1 priemyseln\u00e1 \u0161kola technick\u00e1 v Spi\u0161skej Novej Vsi (Igl\u00f3), Gymn\u00e1zium \u0160tefana Moyzesa v Moldave nad Bodvou (Szepsi). Az esem\u00e9ny r\u00e9sze volt az iskola ter\u00fclet\u00e9n kialak\u00edtott kiskert \u00fcnnep\u00e9lyes megnyit\u00f3ja is. A kiskertet a Kassa Megyei \u00d6nkorm\u00e1nyzat eln\u00f6ke, a Kassai M\u0171szaki Egyetem K\u00f6zgazdas\u00e1gtudom\u00e1nyi kar\u00e1nak d\u00e9k\u00e1nja \u00e9s a Spojen\u00e1 \u0161kola Opatovsk\u00e1 cesta iskola igazgat\u00f3ja nyitott\u00e1k meg.A rendezv\u00e9ny hivatalos r\u00e9sz\u00e9vel p\u00e1rhuzamosan a \u201ePriatelia Zeme\u201c (A F\u00f6ld Bar\u00e1tai) szervezet k\u00f6rnyezetv\u00e9delmi oktat\u00e1st biztos\u00edtott a Spojen\u00e1 \u0161kola di\u00e1kjai sz\u00e1m\u00e1ra, amely keret\u00e9n bel\u00fcl a di\u00e1kok elm\u00e9leti \u00e9s gyakorlati el\u0151ad\u00e1sokon vettek r\u00e9szt, dokumentumfilmet n\u00e9ztek meg a kommun\u00e1lis hullad\u00e9k szelekt\u00e1l\u00e1s\u00e1r\u00f3l \u00e9s \u00fajrahasznos\u00edt\u00e1s\u00e1r\u00f3l, ami szint\u00e9n a k\u00f6rforg\u00e1sos gazdas\u00e1g egyik t\u00edpusa. <\/p>\n","protected":false},"excerpt":{"rendered":"<p>A Via Carpatia EGTC priorit\u00e1sai k\u00f6z\u00e9 tartozik a k\u00f6rforg\u00e1sos gazdas\u00e1g t\u00e1mogat\u00e1sa, ezzel hozz\u00e1j\u00e1rulva a z\u00f6ldebb r\u00e9gi\u00f3hoz.Ez\u00e9rt a Kassai M\u0171szaki Egyetem K\u00f6zgazdas\u00e1gtudom\u00e1nyi kar\u00e1val egy\u00fcttm\u0171k\u00f6dve 2021. szeptember 20-\u00e1n sor ker\u00fclt egy elektromos komposzt\u00e1l\u00f3 \u00e9s szelekt\u00edv hullad\u00e9kgy\u0171jt\u0151 ed\u00e9nyek \u00fcnnep\u00e9lyes \u00e1tad\u00e1s\u00e1ra k\u00f6z\u00e9piskol\u00e1k r\u00e9sz\u00e9re. Ezek az eszk\u00f6z\u00f6k a CITYCIRCLE p\u00e1ly\u00e1zat keret\u00e9n bel\u00fcl voltak beszerezve. A hullad\u00e9kgy\u0171jt\u0151 ed\u00e9nyek \u00e9s a komposzt\u00e1l\u00f3 [&hellip;]<\/p>\n","protected":false},"author":1,"featured_media":4479,"comment_status":"closed","ping_status":"open","sticky":false,"template":"","format":"standard","meta":{"inline_featured_image":false,"footnotes":""},"categories":[3],"tags":[],"class_list":["post-7451","post","type-post","status-publish","format-standard","has-post-thumbnail","hentry","category-uncategorized-hu"],"acf":[],"yoast_head":"<!-- This site is optimized with the Yoast SEO plugin v27.5 - https:\/\/yoast.com\/product\/yoast-seo-wordpress\/ -->\n<title>Elektromos komposzt\u00e1l\u00f3 \u00e9s szelekt\u00edv hullad\u00e9kgy\u0171jt\u0151 ed\u00e9nyek \u00e1tad\u00e1sa - ViaCarpatia<\/title>\n<meta name=\"robots\" content=\"index, follow, max-snippet:-1, max-image-preview:large, max-video-preview:-1\" \/>\n<link rel=\"canonical\" href=\"https:\/\/viacarpatia.eu\/hu\/odovzdavanie-elektrickeho-komposteru-a-kosov-na-separovany-zber-odpadu\/\" \/>\n<meta property=\"og:locale\" content=\"hu_HU\" \/>\n<meta property=\"og:type\" content=\"article\" \/>\n<meta property=\"og:title\" content=\"Elektromos komposzt\u00e1l\u00f3 \u00e9s szelekt\u00edv hullad\u00e9kgy\u0171jt\u0151 ed\u00e9nyek \u00e1tad\u00e1sa - ViaCarpatia\" \/>\n<meta property=\"og:description\" content=\"A Via Carpatia EGTC priorit\u00e1sai k\u00f6z\u00e9 tartozik a k\u00f6rforg\u00e1sos gazdas\u00e1g t\u00e1mogat\u00e1sa, ezzel hozz\u00e1j\u00e1rulva a z\u00f6ldebb r\u00e9gi\u00f3hoz.Ez\u00e9rt a Kassai M\u0171szaki Egyetem K\u00f6zgazdas\u00e1gtudom\u00e1nyi kar\u00e1val egy\u00fcttm\u0171k\u00f6dve 2021. szeptember 20-\u00e1n sor ker\u00fclt egy elektromos komposzt\u00e1l\u00f3 \u00e9s szelekt\u00edv hullad\u00e9kgy\u0171jt\u0151 ed\u00e9nyek \u00fcnnep\u00e9lyes \u00e1tad\u00e1s\u00e1ra k\u00f6z\u00e9piskol\u00e1k r\u00e9sz\u00e9re. Ezek az eszk\u00f6z\u00f6k a CITYCIRCLE p\u00e1ly\u00e1zat keret\u00e9n bel\u00fcl voltak beszerezve. A hullad\u00e9kgy\u0171jt\u0151 ed\u00e9nyek \u00e9s a komposzt\u00e1l\u00f3 [&hellip;]\" \/>\n<meta property=\"og:url\" content=\"https:\/\/viacarpatia.eu\/hu\/odovzdavanie-elektrickeho-komposteru-a-kosov-na-separovany-zber-odpadu\/\" \/>\n<meta property=\"og:site_name\" content=\"ViaCarpatia\" \/>\n<meta property=\"article:published_time\" content=\"2023-04-24T11:13:40+00:00\" \/>\n<meta property=\"article:modified_time\" content=\"2023-05-18T12:20:24+00:00\" \/>\n<meta property=\"og:image\" content=\"https:\/\/viacarpatia.eu\/wp-content\/uploads\/2023\/04\/614992dd5c1510b4118b4567.jpg\" \/>\n\t<meta property=\"og:image:width\" content=\"766\" \/>\n\t<meta property=\"og:image:height\" content=\"480\" \/>\n\t<meta property=\"og:image:type\" content=\"image\/jpeg\" \/>\n<meta name=\"author\" content=\"promiseo\" \/>\n<meta name=\"twitter:card\" content=\"summary_large_image\" \/>\n<meta name=\"twitter:label1\" content=\"Szerz\u0151:\" \/>\n\t<meta name=\"twitter:data1\" content=\"promiseo\" \/>\n<script type=\"application\/ld+json\" class=\"yoast-schema-graph\">{\"@context\":\"https:\\\/\\\/schema.org\",\"@graph\":[{\"@type\":\"Article\",\"@id\":\"https:\\\/\\\/viacarpatia.eu\\\/hu\\\/odovzdavanie-elektrickeho-komposteru-a-kosov-na-separovany-zber-odpadu\\\/#article\",\"isPartOf\":{\"@id\":\"https:\\\/\\\/viacarpatia.eu\\\/hu\\\/odovzdavanie-elektrickeho-komposteru-a-kosov-na-separovany-zber-odpadu\\\/\"},\"author\":{\"name\":\"promiseo\",\"@id\":\"https:\\\/\\\/viacarpatia.eu\\\/#\\\/schema\\\/person\\\/ad78fca7d58f189d57a6e54af785b1af\"},\"headline\":\"Elektromos komposzt\u00e1l\u00f3 \u00e9s szelekt\u00edv hullad\u00e9kgy\u0171jt\u0151 ed\u00e9nyek \u00e1tad\u00e1sa\",\"datePublished\":\"2023-04-24T11:13:40+00:00\",\"dateModified\":\"2023-05-18T12:20:24+00:00\",\"mainEntityOfPage\":{\"@id\":\"https:\\\/\\\/viacarpatia.eu\\\/hu\\\/odovzdavanie-elektrickeho-komposteru-a-kosov-na-separovany-zber-odpadu\\\/\"},\"wordCount\":353,\"image\":{\"@id\":\"https:\\\/\\\/viacarpatia.eu\\\/hu\\\/odovzdavanie-elektrickeho-komposteru-a-kosov-na-separovany-zber-odpadu\\\/#primaryimage\"},\"thumbnailUrl\":\"https:\\\/\\\/viacarpatia.eu\\\/wp-content\\\/uploads\\\/2023\\\/04\\\/614992dd5c1510b4118b4567.jpg\",\"articleSection\":[\"Uncategorized\"],\"inLanguage\":\"hu\"},{\"@type\":\"WebPage\",\"@id\":\"https:\\\/\\\/viacarpatia.eu\\\/hu\\\/odovzdavanie-elektrickeho-komposteru-a-kosov-na-separovany-zber-odpadu\\\/\",\"url\":\"https:\\\/\\\/viacarpatia.eu\\\/hu\\\/odovzdavanie-elektrickeho-komposteru-a-kosov-na-separovany-zber-odpadu\\\/\",\"name\":\"Elektromos komposzt\u00e1l\u00f3 \u00e9s szelekt\u00edv hullad\u00e9kgy\u0171jt\u0151 ed\u00e9nyek \u00e1tad\u00e1sa - ViaCarpatia\",\"isPartOf\":{\"@id\":\"https:\\\/\\\/viacarpatia.eu\\\/#website\"},\"primaryImageOfPage\":{\"@id\":\"https:\\\/\\\/viacarpatia.eu\\\/hu\\\/odovzdavanie-elektrickeho-komposteru-a-kosov-na-separovany-zber-odpadu\\\/#primaryimage\"},\"image\":{\"@id\":\"https:\\\/\\\/viacarpatia.eu\\\/hu\\\/odovzdavanie-elektrickeho-komposteru-a-kosov-na-separovany-zber-odpadu\\\/#primaryimage\"},\"thumbnailUrl\":\"https:\\\/\\\/viacarpatia.eu\\\/wp-content\\\/uploads\\\/2023\\\/04\\\/614992dd5c1510b4118b4567.jpg\",\"datePublished\":\"2023-04-24T11:13:40+00:00\",\"dateModified\":\"2023-05-18T12:20:24+00:00\",\"author\":{\"@id\":\"https:\\\/\\\/viacarpatia.eu\\\/#\\\/schema\\\/person\\\/ad78fca7d58f189d57a6e54af785b1af\"},\"breadcrumb\":{\"@id\":\"https:\\\/\\\/viacarpatia.eu\\\/hu\\\/odovzdavanie-elektrickeho-komposteru-a-kosov-na-separovany-zber-odpadu\\\/#breadcrumb\"},\"inLanguage\":\"hu\",\"potentialAction\":[{\"@type\":\"ReadAction\",\"target\":[\"https:\\\/\\\/viacarpatia.eu\\\/hu\\\/odovzdavanie-elektrickeho-komposteru-a-kosov-na-separovany-zber-odpadu\\\/\"]}]},{\"@type\":\"ImageObject\",\"inLanguage\":\"hu\",\"@id\":\"https:\\\/\\\/viacarpatia.eu\\\/hu\\\/odovzdavanie-elektrickeho-komposteru-a-kosov-na-separovany-zber-odpadu\\\/#primaryimage\",\"url\":\"https:\\\/\\\/viacarpatia.eu\\\/wp-content\\\/uploads\\\/2023\\\/04\\\/614992dd5c1510b4118b4567.jpg\",\"contentUrl\":\"https:\\\/\\\/viacarpatia.eu\\\/wp-content\\\/uploads\\\/2023\\\/04\\\/614992dd5c1510b4118b4567.jpg\",\"width\":766,\"height\":480},{\"@type\":\"BreadcrumbList\",\"@id\":\"https:\\\/\\\/viacarpatia.eu\\\/hu\\\/odovzdavanie-elektrickeho-komposteru-a-kosov-na-separovany-zber-odpadu\\\/#breadcrumb\",\"itemListElement\":[{\"@type\":\"ListItem\",\"position\":1,\"name\":\"Home\",\"item\":\"https:\\\/\\\/viacarpatia.eu\\\/\"},{\"@type\":\"ListItem\",\"position\":2,\"name\":\"Elektromos komposzt\u00e1l\u00f3 \u00e9s szelekt\u00edv hullad\u00e9kgy\u0171jt\u0151 ed\u00e9nyek \u00e1tad\u00e1sa\"}]},{\"@type\":\"WebSite\",\"@id\":\"https:\\\/\\\/viacarpatia.eu\\\/#website\",\"url\":\"https:\\\/\\\/viacarpatia.eu\\\/\",\"name\":\"ViaCarpatia\",\"description\":\"Sp\u00e1jame historick\u00e9 a kult\u00farno-jazykov\u00e9 trad\u00edcie\",\"alternateName\":\"ViaCarpatia\",\"potentialAction\":[{\"@type\":\"SearchAction\",\"target\":{\"@type\":\"EntryPoint\",\"urlTemplate\":\"https:\\\/\\\/viacarpatia.eu\\\/?s={search_term_string}\"},\"query-input\":{\"@type\":\"PropertyValueSpecification\",\"valueRequired\":true,\"valueName\":\"search_term_string\"}}],\"inLanguage\":\"hu\"},{\"@type\":\"Person\",\"@id\":\"https:\\\/\\\/viacarpatia.eu\\\/#\\\/schema\\\/person\\\/ad78fca7d58f189d57a6e54af785b1af\",\"name\":\"promiseo\",\"image\":{\"@type\":\"ImageObject\",\"inLanguage\":\"hu\",\"@id\":\"https:\\\/\\\/secure.gravatar.com\\\/avatar\\\/e836a21cdda7d1a602c49880145b7a9b7a76ee1acdc3df5fb44089ead12fd2b1?s=96&d=mm&r=g\",\"url\":\"https:\\\/\\\/secure.gravatar.com\\\/avatar\\\/e836a21cdda7d1a602c49880145b7a9b7a76ee1acdc3df5fb44089ead12fd2b1?s=96&d=mm&r=g\",\"contentUrl\":\"https:\\\/\\\/secure.gravatar.com\\\/avatar\\\/e836a21cdda7d1a602c49880145b7a9b7a76ee1acdc3df5fb44089ead12fd2b1?s=96&d=mm&r=g\",\"caption\":\"promiseo\"},\"sameAs\":[\"https:\\\/\\\/viacarpatia.eu\"],\"url\":\"https:\\\/\\\/viacarpatia.eu\\\/hu\\\/author\\\/promiseo\\\/\"}]}<\/script>\n<!-- \/ Yoast SEO plugin. -->","yoast_head_json":{"title":"Elektromos komposzt\u00e1l\u00f3 \u00e9s szelekt\u00edv hullad\u00e9kgy\u0171jt\u0151 ed\u00e9nyek \u00e1tad\u00e1sa - ViaCarpatia","robots":{"index":"index","follow":"follow","max-snippet":"max-snippet:-1","max-image-preview":"max-image-preview:large","max-video-preview":"max-video-preview:-1"},"canonical":"https:\/\/viacarpatia.eu\/hu\/odovzdavanie-elektrickeho-komposteru-a-kosov-na-separovany-zber-odpadu\/","og_locale":"hu_HU","og_type":"article","og_title":"Elektromos komposzt\u00e1l\u00f3 \u00e9s szelekt\u00edv hullad\u00e9kgy\u0171jt\u0151 ed\u00e9nyek \u00e1tad\u00e1sa - ViaCarpatia","og_description":"A Via Carpatia EGTC priorit\u00e1sai k\u00f6z\u00e9 tartozik a k\u00f6rforg\u00e1sos gazdas\u00e1g t\u00e1mogat\u00e1sa, ezzel hozz\u00e1j\u00e1rulva a z\u00f6ldebb r\u00e9gi\u00f3hoz.Ez\u00e9rt a Kassai M\u0171szaki Egyetem K\u00f6zgazdas\u00e1gtudom\u00e1nyi kar\u00e1val egy\u00fcttm\u0171k\u00f6dve 2021. szeptember 20-\u00e1n sor ker\u00fclt egy elektromos komposzt\u00e1l\u00f3 \u00e9s szelekt\u00edv hullad\u00e9kgy\u0171jt\u0151 ed\u00e9nyek \u00fcnnep\u00e9lyes \u00e1tad\u00e1s\u00e1ra k\u00f6z\u00e9piskol\u00e1k r\u00e9sz\u00e9re. Ezek az eszk\u00f6z\u00f6k a CITYCIRCLE p\u00e1ly\u00e1zat keret\u00e9n bel\u00fcl voltak beszerezve. A hullad\u00e9kgy\u0171jt\u0151 ed\u00e9nyek \u00e9s a komposzt\u00e1l\u00f3 [&hellip;]","og_url":"https:\/\/viacarpatia.eu\/hu\/odovzdavanie-elektrickeho-komposteru-a-kosov-na-separovany-zber-odpadu\/","og_site_name":"ViaCarpatia","article_published_time":"2023-04-24T11:13:40+00:00","article_modified_time":"2023-05-18T12:20:24+00:00","og_image":[{"width":766,"height":480,"url":"https:\/\/viacarpatia.eu\/wp-content\/uploads\/2023\/04\/614992dd5c1510b4118b4567.jpg","type":"image\/jpeg"}],"author":"promiseo","twitter_card":"summary_large_image","twitter_misc":{"Szerz\u0151:":"promiseo"},"schema":{"@context":"https:\/\/schema.org","@graph":[{"@type":"Article","@id":"https:\/\/viacarpatia.eu\/hu\/odovzdavanie-elektrickeho-komposteru-a-kosov-na-separovany-zber-odpadu\/#article","isPartOf":{"@id":"https:\/\/viacarpatia.eu\/hu\/odovzdavanie-elektrickeho-komposteru-a-kosov-na-separovany-zber-odpadu\/"},"author":{"name":"promiseo","@id":"https:\/\/viacarpatia.eu\/#\/schema\/person\/ad78fca7d58f189d57a6e54af785b1af"},"headline":"Elektromos komposzt\u00e1l\u00f3 \u00e9s szelekt\u00edv hullad\u00e9kgy\u0171jt\u0151 ed\u00e9nyek \u00e1tad\u00e1sa","datePublished":"2023-04-24T11:13:40+00:00","dateModified":"2023-05-18T12:20:24+00:00","mainEntityOfPage":{"@id":"https:\/\/viacarpatia.eu\/hu\/odovzdavanie-elektrickeho-komposteru-a-kosov-na-separovany-zber-odpadu\/"},"wordCount":353,"image":{"@id":"https:\/\/viacarpatia.eu\/hu\/odovzdavanie-elektrickeho-komposteru-a-kosov-na-separovany-zber-odpadu\/#primaryimage"},"thumbnailUrl":"https:\/\/viacarpatia.eu\/wp-content\/uploads\/2023\/04\/614992dd5c1510b4118b4567.jpg","articleSection":["Uncategorized"],"inLanguage":"hu"},{"@type":"WebPage","@id":"https:\/\/viacarpatia.eu\/hu\/odovzdavanie-elektrickeho-komposteru-a-kosov-na-separovany-zber-odpadu\/","url":"https:\/\/viacarpatia.eu\/hu\/odovzdavanie-elektrickeho-komposteru-a-kosov-na-separovany-zber-odpadu\/","name":"Elektromos komposzt\u00e1l\u00f3 \u00e9s szelekt\u00edv hullad\u00e9kgy\u0171jt\u0151 ed\u00e9nyek \u00e1tad\u00e1sa - ViaCarpatia","isPartOf":{"@id":"https:\/\/viacarpatia.eu\/#website"},"primaryImageOfPage":{"@id":"https:\/\/viacarpatia.eu\/hu\/odovzdavanie-elektrickeho-komposteru-a-kosov-na-separovany-zber-odpadu\/#primaryimage"},"image":{"@id":"https:\/\/viacarpatia.eu\/hu\/odovzdavanie-elektrickeho-komposteru-a-kosov-na-separovany-zber-odpadu\/#primaryimage"},"thumbnailUrl":"https:\/\/viacarpatia.eu\/wp-content\/uploads\/2023\/04\/614992dd5c1510b4118b4567.jpg","datePublished":"2023-04-24T11:13:40+00:00","dateModified":"2023-05-18T12:20:24+00:00","author":{"@id":"https:\/\/viacarpatia.eu\/#\/schema\/person\/ad78fca7d58f189d57a6e54af785b1af"},"breadcrumb":{"@id":"https:\/\/viacarpatia.eu\/hu\/odovzdavanie-elektrickeho-komposteru-a-kosov-na-separovany-zber-odpadu\/#breadcrumb"},"inLanguage":"hu","potentialAction":[{"@type":"ReadAction","target":["https:\/\/viacarpatia.eu\/hu\/odovzdavanie-elektrickeho-komposteru-a-kosov-na-separovany-zber-odpadu\/"]}]},{"@type":"ImageObject","inLanguage":"hu","@id":"https:\/\/viacarpatia.eu\/hu\/odovzdavanie-elektrickeho-komposteru-a-kosov-na-separovany-zber-odpadu\/#primaryimage","url":"https:\/\/viacarpatia.eu\/wp-content\/uploads\/2023\/04\/614992dd5c1510b4118b4567.jpg","contentUrl":"https:\/\/viacarpatia.eu\/wp-content\/uploads\/2023\/04\/614992dd5c1510b4118b4567.jpg","width":766,"height":480},{"@type":"BreadcrumbList","@id":"https:\/\/viacarpatia.eu\/hu\/odovzdavanie-elektrickeho-komposteru-a-kosov-na-separovany-zber-odpadu\/#breadcrumb","itemListElement":[{"@type":"ListItem","position":1,"name":"Home","item":"https:\/\/viacarpatia.eu\/"},{"@type":"ListItem","position":2,"name":"Elektromos komposzt\u00e1l\u00f3 \u00e9s szelekt\u00edv hullad\u00e9kgy\u0171jt\u0151 ed\u00e9nyek \u00e1tad\u00e1sa"}]},{"@type":"WebSite","@id":"https:\/\/viacarpatia.eu\/#website","url":"https:\/\/viacarpatia.eu\/","name":"ViaCarpatia","description":"Sp\u00e1jame historick\u00e9 a kult\u00farno-jazykov\u00e9 trad\u00edcie","alternateName":"ViaCarpatia","potentialAction":[{"@type":"SearchAction","target":{"@type":"EntryPoint","urlTemplate":"https:\/\/viacarpatia.eu\/?s={search_term_string}"},"query-input":{"@type":"PropertyValueSpecification","valueRequired":true,"valueName":"search_term_string"}}],"inLanguage":"hu"},{"@type":"Person","@id":"https:\/\/viacarpatia.eu\/#\/schema\/person\/ad78fca7d58f189d57a6e54af785b1af","name":"promiseo","image":{"@type":"ImageObject","inLanguage":"hu","@id":"https:\/\/secure.gravatar.com\/avatar\/e836a21cdda7d1a602c49880145b7a9b7a76ee1acdc3df5fb44089ead12fd2b1?s=96&d=mm&r=g","url":"https:\/\/secure.gravatar.com\/avatar\/e836a21cdda7d1a602c49880145b7a9b7a76ee1acdc3df5fb44089ead12fd2b1?s=96&d=mm&r=g","contentUrl":"https:\/\/secure.gravatar.com\/avatar\/e836a21cdda7d1a602c49880145b7a9b7a76ee1acdc3df5fb44089ead12fd2b1?s=96&d=mm&r=g","caption":"promiseo"},"sameAs":["https:\/\/viacarpatia.eu"],"url":"https:\/\/viacarpatia.eu\/hu\/author\/promiseo\/"}]}},"_links":{"self":[{"href":"https:\/\/viacarpatia.eu\/hu\/wp-json\/wp\/v2\/posts\/7451","targetHints":{"allow":["GET"]}}],"collection":[{"href":"https:\/\/viacarpatia.eu\/hu\/wp-json\/wp\/v2\/posts"}],"about":[{"href":"https:\/\/viacarpatia.eu\/hu\/wp-json\/wp\/v2\/types\/post"}],"author":[{"embeddable":true,"href":"https:\/\/viacarpatia.eu\/hu\/wp-json\/wp\/v2\/users\/1"}],"replies":[{"embeddable":true,"href":"https:\/\/viacarpatia.eu\/hu\/wp-json\/wp\/v2\/comments?post=7451"}],"version-history":[{"count":1,"href":"https:\/\/viacarpatia.eu\/hu\/wp-json\/wp\/v2\/posts\/7451\/revisions"}],"predecessor-version":[{"id":7452,"href":"https:\/\/viacarpatia.eu\/hu\/wp-json\/wp\/v2\/posts\/7451\/revisions\/7452"}],"wp:featuredmedia":[{"embeddable":true,"href":"https:\/\/viacarpatia.eu\/hu\/wp-json\/wp\/v2\/media\/4479"}],"wp:attachment":[{"href":"https:\/\/viacarpatia.eu\/hu\/wp-json\/wp\/v2\/media?parent=7451"}],"wp:term":[{"taxonomy":"category","embeddable":true,"href":"https:\/\/viacarpatia.eu\/hu\/wp-json\/wp\/v2\/categories?post=7451"},{"taxonomy":"post_tag","embeddable":true,"href":"https:\/\/viacarpatia.eu\/hu\/wp-json\/wp\/v2\/tags?post=7451"}],"curies":[{"name":"wp","href":"https:\/\/api.w.org\/{rel}","templated":true}]}}