{"id":7475,"date":"2023-04-24T13:28:41","date_gmt":"2023-04-24T11:28:41","guid":{"rendered":"https:\/\/viacarpatia.eu\/pracujeme-na-podpore-lokalnej-produkcie-aj-nadalej\/"},"modified":"2023-05-18T14:22:35","modified_gmt":"2023-05-18T12:22:35","slug":"pracujeme-na-podpore-lokalnej-produkcie-aj-nadalej","status":"publish","type":"post","link":"https:\/\/viacarpatia.eu\/hu\/pracujeme-na-podpore-lokalnej-produkcie-aj-nadalej\/","title":{"rendered":"Tov\u00e1bbra is a helyi termel\u00e9s t\u00e1mogat\u00e1s\u00e1n dolgozunk"},"content":{"rendered":"<p>A helyi term\u00e9kek ir\u00e1nti nagy \u00e9rdekl\u0151d\u00e9s tov\u00e1bbi munk\u00e1ra inspir\u00e1l benn\u00fcnket. A sikeresen megval\u00f3sult, a helyi termel\u00e9sre f\u00f3kusz\u00e1l\u00f3 agrofesztiv\u00e1lok ut\u00e1n ez\u00fattal a Local image projekt keret\u00e9ben tal\u00e1lkoztunk projektpartner\u00fcnkkel, a Pozsonyi K\u00f6zgazdas\u00e1gtudom\u00e1nyi Egyetemmel, hogy meg\u00e1llapodjunk a projekt tov\u00e1bbi l\u00e9p\u00e9seir\u0151l. K\u00e9sz\u00edt\u00fcnk \u00d6n\u00f6knek egy webes platformot, amelyen helyi termel\u0151ket tal\u00e1lhatnak a k\u00f6rny\u00e9k\u00e9r\u0151l. \u00d6r\u00fcl\u00fcnk, hogy a Sz\u00e9pcsereh\u00e1t Hat\u00e1ron \u00c1tny\u00fal\u00f3 Foglalkoztat\u00e1si Akci\u00f3tervnek k\u00f6sz\u00f6nhet\u0151en ezzel is t\u00e1mogatni tudjuk a t\u00e9rs\u00e9g helyi termel\u00e9s\u00e9t.<\/p>\n","protected":false},"excerpt":{"rendered":"<p>A helyi term\u00e9kek ir\u00e1nti nagy \u00e9rdekl\u0151d\u00e9s tov\u00e1bbi munk\u00e1ra inspir\u00e1l benn\u00fcnket. A sikeresen megval\u00f3sult, a helyi termel\u00e9sre f\u00f3kusz\u00e1l\u00f3 agrofesztiv\u00e1lok ut\u00e1n ez\u00fattal a Local image projekt keret\u00e9ben tal\u00e1lkoztunk projektpartner\u00fcnkkel, a Pozsonyi K\u00f6zgazdas\u00e1gtudom\u00e1nyi Egyetemmel, hogy meg\u00e1llapodjunk a projekt tov\u00e1bbi l\u00e9p\u00e9seir\u0151l. K\u00e9sz\u00edt\u00fcnk \u00d6n\u00f6knek egy webes platformot, amelyen helyi termel\u0151ket tal\u00e1lhatnak a k\u00f6rny\u00e9k\u00e9r\u0151l. \u00d6r\u00fcl\u00fcnk, hogy a Sz\u00e9pcsereh\u00e1t Hat\u00e1ron \u00c1tny\u00fal\u00f3 Foglalkoztat\u00e1si [&hellip;]<\/p>\n","protected":false},"author":1,"featured_media":4557,"comment_status":"closed","ping_status":"open","sticky":false,"template":"","format":"standard","meta":{"inline_featured_image":false,"footnotes":""},"categories":[3],"tags":[],"class_list":["post-7475","post","type-post","status-publish","format-standard","has-post-thumbnail","hentry","category-uncategorized-hu"],"acf":[],"yoast_head":"<!-- This site is optimized with the Yoast SEO plugin v27.5 - https:\/\/yoast.com\/product\/yoast-seo-wordpress\/ -->\n<title>Tov\u00e1bbra is a helyi termel\u00e9s t\u00e1mogat\u00e1s\u00e1n dolgozunk - ViaCarpatia<\/title>\n<meta name=\"robots\" content=\"index, follow, max-snippet:-1, max-image-preview:large, max-video-preview:-1\" \/>\n<link rel=\"canonical\" href=\"https:\/\/viacarpatia.eu\/hu\/pracujeme-na-podpore-lokalnej-produkcie-aj-nadalej\/\" \/>\n<meta property=\"og:locale\" content=\"hu_HU\" \/>\n<meta property=\"og:type\" content=\"article\" \/>\n<meta property=\"og:title\" content=\"Tov\u00e1bbra is a helyi termel\u00e9s t\u00e1mogat\u00e1s\u00e1n dolgozunk - ViaCarpatia\" \/>\n<meta property=\"og:description\" content=\"A helyi term\u00e9kek ir\u00e1nti nagy \u00e9rdekl\u0151d\u00e9s tov\u00e1bbi munk\u00e1ra inspir\u00e1l benn\u00fcnket. A sikeresen megval\u00f3sult, a helyi termel\u00e9sre f\u00f3kusz\u00e1l\u00f3 agrofesztiv\u00e1lok ut\u00e1n ez\u00fattal a Local image projekt keret\u00e9ben tal\u00e1lkoztunk projektpartner\u00fcnkkel, a Pozsonyi K\u00f6zgazdas\u00e1gtudom\u00e1nyi Egyetemmel, hogy meg\u00e1llapodjunk a projekt tov\u00e1bbi l\u00e9p\u00e9seir\u0151l. K\u00e9sz\u00edt\u00fcnk \u00d6n\u00f6knek egy webes platformot, amelyen helyi termel\u0151ket tal\u00e1lhatnak a k\u00f6rny\u00e9k\u00e9r\u0151l. \u00d6r\u00fcl\u00fcnk, hogy a Sz\u00e9pcsereh\u00e1t Hat\u00e1ron \u00c1tny\u00fal\u00f3 Foglalkoztat\u00e1si [&hellip;]\" \/>\n<meta property=\"og:url\" content=\"https:\/\/viacarpatia.eu\/hu\/pracujeme-na-podpore-lokalnej-produkcie-aj-nadalej\/\" \/>\n<meta property=\"og:site_name\" content=\"ViaCarpatia\" \/>\n<meta property=\"article:published_time\" content=\"2023-04-24T11:28:41+00:00\" \/>\n<meta property=\"article:modified_time\" content=\"2023-05-18T12:22:35+00:00\" \/>\n<meta property=\"og:image\" content=\"https:\/\/viacarpatia.eu\/wp-content\/uploads\/2023\/04\/254010309_1316111705489813_4414225895061638161_n1.jpg\" \/>\n\t<meta property=\"og:image:width\" content=\"960\" \/>\n\t<meta property=\"og:image:height\" content=\"720\" \/>\n\t<meta property=\"og:image:type\" content=\"image\/jpeg\" \/>\n<meta name=\"author\" content=\"promiseo\" \/>\n<meta name=\"twitter:card\" content=\"summary_large_image\" \/>\n<meta name=\"twitter:label1\" content=\"Szerz\u0151:\" \/>\n\t<meta name=\"twitter:data1\" content=\"promiseo\" \/>\n<script type=\"application\/ld+json\" class=\"yoast-schema-graph\">{\"@context\":\"https:\\\/\\\/schema.org\",\"@graph\":[{\"@type\":\"Article\",\"@id\":\"https:\\\/\\\/viacarpatia.eu\\\/hu\\\/pracujeme-na-podpore-lokalnej-produkcie-aj-nadalej\\\/#article\",\"isPartOf\":{\"@id\":\"https:\\\/\\\/viacarpatia.eu\\\/hu\\\/pracujeme-na-podpore-lokalnej-produkcie-aj-nadalej\\\/\"},\"author\":{\"name\":\"promiseo\",\"@id\":\"https:\\\/\\\/viacarpatia.eu\\\/#\\\/schema\\\/person\\\/ad78fca7d58f189d57a6e54af785b1af\"},\"headline\":\"Tov\u00e1bbra is a helyi termel\u00e9s t\u00e1mogat\u00e1s\u00e1n dolgozunk\",\"datePublished\":\"2023-04-24T11:28:41+00:00\",\"dateModified\":\"2023-05-18T12:22:35+00:00\",\"mainEntityOfPage\":{\"@id\":\"https:\\\/\\\/viacarpatia.eu\\\/hu\\\/pracujeme-na-podpore-lokalnej-produkcie-aj-nadalej\\\/\"},\"wordCount\":129,\"image\":{\"@id\":\"https:\\\/\\\/viacarpatia.eu\\\/hu\\\/pracujeme-na-podpore-lokalnej-produkcie-aj-nadalej\\\/#primaryimage\"},\"thumbnailUrl\":\"https:\\\/\\\/viacarpatia.eu\\\/wp-content\\\/uploads\\\/2023\\\/04\\\/254010309_1316111705489813_4414225895061638161_n1.jpg\",\"articleSection\":[\"Uncategorized\"],\"inLanguage\":\"hu\"},{\"@type\":\"WebPage\",\"@id\":\"https:\\\/\\\/viacarpatia.eu\\\/hu\\\/pracujeme-na-podpore-lokalnej-produkcie-aj-nadalej\\\/\",\"url\":\"https:\\\/\\\/viacarpatia.eu\\\/hu\\\/pracujeme-na-podpore-lokalnej-produkcie-aj-nadalej\\\/\",\"name\":\"Tov\u00e1bbra is a helyi termel\u00e9s t\u00e1mogat\u00e1s\u00e1n dolgozunk - ViaCarpatia\",\"isPartOf\":{\"@id\":\"https:\\\/\\\/viacarpatia.eu\\\/#website\"},\"primaryImageOfPage\":{\"@id\":\"https:\\\/\\\/viacarpatia.eu\\\/hu\\\/pracujeme-na-podpore-lokalnej-produkcie-aj-nadalej\\\/#primaryimage\"},\"image\":{\"@id\":\"https:\\\/\\\/viacarpatia.eu\\\/hu\\\/pracujeme-na-podpore-lokalnej-produkcie-aj-nadalej\\\/#primaryimage\"},\"thumbnailUrl\":\"https:\\\/\\\/viacarpatia.eu\\\/wp-content\\\/uploads\\\/2023\\\/04\\\/254010309_1316111705489813_4414225895061638161_n1.jpg\",\"datePublished\":\"2023-04-24T11:28:41+00:00\",\"dateModified\":\"2023-05-18T12:22:35+00:00\",\"author\":{\"@id\":\"https:\\\/\\\/viacarpatia.eu\\\/#\\\/schema\\\/person\\\/ad78fca7d58f189d57a6e54af785b1af\"},\"breadcrumb\":{\"@id\":\"https:\\\/\\\/viacarpatia.eu\\\/hu\\\/pracujeme-na-podpore-lokalnej-produkcie-aj-nadalej\\\/#breadcrumb\"},\"inLanguage\":\"hu\",\"potentialAction\":[{\"@type\":\"ReadAction\",\"target\":[\"https:\\\/\\\/viacarpatia.eu\\\/hu\\\/pracujeme-na-podpore-lokalnej-produkcie-aj-nadalej\\\/\"]}]},{\"@type\":\"ImageObject\",\"inLanguage\":\"hu\",\"@id\":\"https:\\\/\\\/viacarpatia.eu\\\/hu\\\/pracujeme-na-podpore-lokalnej-produkcie-aj-nadalej\\\/#primaryimage\",\"url\":\"https:\\\/\\\/viacarpatia.eu\\\/wp-content\\\/uploads\\\/2023\\\/04\\\/254010309_1316111705489813_4414225895061638161_n1.jpg\",\"contentUrl\":\"https:\\\/\\\/viacarpatia.eu\\\/wp-content\\\/uploads\\\/2023\\\/04\\\/254010309_1316111705489813_4414225895061638161_n1.jpg\",\"width\":960,\"height\":720},{\"@type\":\"BreadcrumbList\",\"@id\":\"https:\\\/\\\/viacarpatia.eu\\\/hu\\\/pracujeme-na-podpore-lokalnej-produkcie-aj-nadalej\\\/#breadcrumb\",\"itemListElement\":[{\"@type\":\"ListItem\",\"position\":1,\"name\":\"Home\",\"item\":\"https:\\\/\\\/viacarpatia.eu\\\/\"},{\"@type\":\"ListItem\",\"position\":2,\"name\":\"Tov\u00e1bbra is a helyi termel\u00e9s t\u00e1mogat\u00e1s\u00e1n dolgozunk\"}]},{\"@type\":\"WebSite\",\"@id\":\"https:\\\/\\\/viacarpatia.eu\\\/#website\",\"url\":\"https:\\\/\\\/viacarpatia.eu\\\/\",\"name\":\"ViaCarpatia\",\"description\":\"Sp\u00e1jame historick\u00e9 a kult\u00farno-jazykov\u00e9 trad\u00edcie\",\"alternateName\":\"ViaCarpatia\",\"potentialAction\":[{\"@type\":\"SearchAction\",\"target\":{\"@type\":\"EntryPoint\",\"urlTemplate\":\"https:\\\/\\\/viacarpatia.eu\\\/?s={search_term_string}\"},\"query-input\":{\"@type\":\"PropertyValueSpecification\",\"valueRequired\":true,\"valueName\":\"search_term_string\"}}],\"inLanguage\":\"hu\"},{\"@type\":\"Person\",\"@id\":\"https:\\\/\\\/viacarpatia.eu\\\/#\\\/schema\\\/person\\\/ad78fca7d58f189d57a6e54af785b1af\",\"name\":\"promiseo\",\"image\":{\"@type\":\"ImageObject\",\"inLanguage\":\"hu\",\"@id\":\"https:\\\/\\\/secure.gravatar.com\\\/avatar\\\/e836a21cdda7d1a602c49880145b7a9b7a76ee1acdc3df5fb44089ead12fd2b1?s=96&d=mm&r=g\",\"url\":\"https:\\\/\\\/secure.gravatar.com\\\/avatar\\\/e836a21cdda7d1a602c49880145b7a9b7a76ee1acdc3df5fb44089ead12fd2b1?s=96&d=mm&r=g\",\"contentUrl\":\"https:\\\/\\\/secure.gravatar.com\\\/avatar\\\/e836a21cdda7d1a602c49880145b7a9b7a76ee1acdc3df5fb44089ead12fd2b1?s=96&d=mm&r=g\",\"caption\":\"promiseo\"},\"sameAs\":[\"https:\\\/\\\/viacarpatia.eu\"],\"url\":\"https:\\\/\\\/viacarpatia.eu\\\/hu\\\/author\\\/promiseo\\\/\"}]}<\/script>\n<!-- \/ Yoast SEO plugin. -->","yoast_head_json":{"title":"Tov\u00e1bbra is a helyi termel\u00e9s t\u00e1mogat\u00e1s\u00e1n dolgozunk - ViaCarpatia","robots":{"index":"index","follow":"follow","max-snippet":"max-snippet:-1","max-image-preview":"max-image-preview:large","max-video-preview":"max-video-preview:-1"},"canonical":"https:\/\/viacarpatia.eu\/hu\/pracujeme-na-podpore-lokalnej-produkcie-aj-nadalej\/","og_locale":"hu_HU","og_type":"article","og_title":"Tov\u00e1bbra is a helyi termel\u00e9s t\u00e1mogat\u00e1s\u00e1n dolgozunk - ViaCarpatia","og_description":"A helyi term\u00e9kek ir\u00e1nti nagy \u00e9rdekl\u0151d\u00e9s tov\u00e1bbi munk\u00e1ra inspir\u00e1l benn\u00fcnket. A sikeresen megval\u00f3sult, a helyi termel\u00e9sre f\u00f3kusz\u00e1l\u00f3 agrofesztiv\u00e1lok ut\u00e1n ez\u00fattal a Local image projekt keret\u00e9ben tal\u00e1lkoztunk projektpartner\u00fcnkkel, a Pozsonyi K\u00f6zgazdas\u00e1gtudom\u00e1nyi Egyetemmel, hogy meg\u00e1llapodjunk a projekt tov\u00e1bbi l\u00e9p\u00e9seir\u0151l. K\u00e9sz\u00edt\u00fcnk \u00d6n\u00f6knek egy webes platformot, amelyen helyi termel\u0151ket tal\u00e1lhatnak a k\u00f6rny\u00e9k\u00e9r\u0151l. \u00d6r\u00fcl\u00fcnk, hogy a Sz\u00e9pcsereh\u00e1t Hat\u00e1ron \u00c1tny\u00fal\u00f3 Foglalkoztat\u00e1si [&hellip;]","og_url":"https:\/\/viacarpatia.eu\/hu\/pracujeme-na-podpore-lokalnej-produkcie-aj-nadalej\/","og_site_name":"ViaCarpatia","article_published_time":"2023-04-24T11:28:41+00:00","article_modified_time":"2023-05-18T12:22:35+00:00","og_image":[{"width":960,"height":720,"url":"https:\/\/viacarpatia.eu\/wp-content\/uploads\/2023\/04\/254010309_1316111705489813_4414225895061638161_n1.jpg","type":"image\/jpeg"}],"author":"promiseo","twitter_card":"summary_large_image","twitter_misc":{"Szerz\u0151:":"promiseo"},"schema":{"@context":"https:\/\/schema.org","@graph":[{"@type":"Article","@id":"https:\/\/viacarpatia.eu\/hu\/pracujeme-na-podpore-lokalnej-produkcie-aj-nadalej\/#article","isPartOf":{"@id":"https:\/\/viacarpatia.eu\/hu\/pracujeme-na-podpore-lokalnej-produkcie-aj-nadalej\/"},"author":{"name":"promiseo","@id":"https:\/\/viacarpatia.eu\/#\/schema\/person\/ad78fca7d58f189d57a6e54af785b1af"},"headline":"Tov\u00e1bbra is a helyi termel\u00e9s t\u00e1mogat\u00e1s\u00e1n dolgozunk","datePublished":"2023-04-24T11:28:41+00:00","dateModified":"2023-05-18T12:22:35+00:00","mainEntityOfPage":{"@id":"https:\/\/viacarpatia.eu\/hu\/pracujeme-na-podpore-lokalnej-produkcie-aj-nadalej\/"},"wordCount":129,"image":{"@id":"https:\/\/viacarpatia.eu\/hu\/pracujeme-na-podpore-lokalnej-produkcie-aj-nadalej\/#primaryimage"},"thumbnailUrl":"https:\/\/viacarpatia.eu\/wp-content\/uploads\/2023\/04\/254010309_1316111705489813_4414225895061638161_n1.jpg","articleSection":["Uncategorized"],"inLanguage":"hu"},{"@type":"WebPage","@id":"https:\/\/viacarpatia.eu\/hu\/pracujeme-na-podpore-lokalnej-produkcie-aj-nadalej\/","url":"https:\/\/viacarpatia.eu\/hu\/pracujeme-na-podpore-lokalnej-produkcie-aj-nadalej\/","name":"Tov\u00e1bbra is a helyi termel\u00e9s t\u00e1mogat\u00e1s\u00e1n dolgozunk - ViaCarpatia","isPartOf":{"@id":"https:\/\/viacarpatia.eu\/#website"},"primaryImageOfPage":{"@id":"https:\/\/viacarpatia.eu\/hu\/pracujeme-na-podpore-lokalnej-produkcie-aj-nadalej\/#primaryimage"},"image":{"@id":"https:\/\/viacarpatia.eu\/hu\/pracujeme-na-podpore-lokalnej-produkcie-aj-nadalej\/#primaryimage"},"thumbnailUrl":"https:\/\/viacarpatia.eu\/wp-content\/uploads\/2023\/04\/254010309_1316111705489813_4414225895061638161_n1.jpg","datePublished":"2023-04-24T11:28:41+00:00","dateModified":"2023-05-18T12:22:35+00:00","author":{"@id":"https:\/\/viacarpatia.eu\/#\/schema\/person\/ad78fca7d58f189d57a6e54af785b1af"},"breadcrumb":{"@id":"https:\/\/viacarpatia.eu\/hu\/pracujeme-na-podpore-lokalnej-produkcie-aj-nadalej\/#breadcrumb"},"inLanguage":"hu","potentialAction":[{"@type":"ReadAction","target":["https:\/\/viacarpatia.eu\/hu\/pracujeme-na-podpore-lokalnej-produkcie-aj-nadalej\/"]}]},{"@type":"ImageObject","inLanguage":"hu","@id":"https:\/\/viacarpatia.eu\/hu\/pracujeme-na-podpore-lokalnej-produkcie-aj-nadalej\/#primaryimage","url":"https:\/\/viacarpatia.eu\/wp-content\/uploads\/2023\/04\/254010309_1316111705489813_4414225895061638161_n1.jpg","contentUrl":"https:\/\/viacarpatia.eu\/wp-content\/uploads\/2023\/04\/254010309_1316111705489813_4414225895061638161_n1.jpg","width":960,"height":720},{"@type":"BreadcrumbList","@id":"https:\/\/viacarpatia.eu\/hu\/pracujeme-na-podpore-lokalnej-produkcie-aj-nadalej\/#breadcrumb","itemListElement":[{"@type":"ListItem","position":1,"name":"Home","item":"https:\/\/viacarpatia.eu\/"},{"@type":"ListItem","position":2,"name":"Tov\u00e1bbra is a helyi termel\u00e9s t\u00e1mogat\u00e1s\u00e1n dolgozunk"}]},{"@type":"WebSite","@id":"https:\/\/viacarpatia.eu\/#website","url":"https:\/\/viacarpatia.eu\/","name":"ViaCarpatia","description":"Sp\u00e1jame historick\u00e9 a kult\u00farno-jazykov\u00e9 trad\u00edcie","alternateName":"ViaCarpatia","potentialAction":[{"@type":"SearchAction","target":{"@type":"EntryPoint","urlTemplate":"https:\/\/viacarpatia.eu\/?s={search_term_string}"},"query-input":{"@type":"PropertyValueSpecification","valueRequired":true,"valueName":"search_term_string"}}],"inLanguage":"hu"},{"@type":"Person","@id":"https:\/\/viacarpatia.eu\/#\/schema\/person\/ad78fca7d58f189d57a6e54af785b1af","name":"promiseo","image":{"@type":"ImageObject","inLanguage":"hu","@id":"https:\/\/secure.gravatar.com\/avatar\/e836a21cdda7d1a602c49880145b7a9b7a76ee1acdc3df5fb44089ead12fd2b1?s=96&d=mm&r=g","url":"https:\/\/secure.gravatar.com\/avatar\/e836a21cdda7d1a602c49880145b7a9b7a76ee1acdc3df5fb44089ead12fd2b1?s=96&d=mm&r=g","contentUrl":"https:\/\/secure.gravatar.com\/avatar\/e836a21cdda7d1a602c49880145b7a9b7a76ee1acdc3df5fb44089ead12fd2b1?s=96&d=mm&r=g","caption":"promiseo"},"sameAs":["https:\/\/viacarpatia.eu"],"url":"https:\/\/viacarpatia.eu\/hu\/author\/promiseo\/"}]}},"_links":{"self":[{"href":"https:\/\/viacarpatia.eu\/hu\/wp-json\/wp\/v2\/posts\/7475","targetHints":{"allow":["GET"]}}],"collection":[{"href":"https:\/\/viacarpatia.eu\/hu\/wp-json\/wp\/v2\/posts"}],"about":[{"href":"https:\/\/viacarpatia.eu\/hu\/wp-json\/wp\/v2\/types\/post"}],"author":[{"embeddable":true,"href":"https:\/\/viacarpatia.eu\/hu\/wp-json\/wp\/v2\/users\/1"}],"replies":[{"embeddable":true,"href":"https:\/\/viacarpatia.eu\/hu\/wp-json\/wp\/v2\/comments?post=7475"}],"version-history":[{"count":1,"href":"https:\/\/viacarpatia.eu\/hu\/wp-json\/wp\/v2\/posts\/7475\/revisions"}],"predecessor-version":[{"id":7476,"href":"https:\/\/viacarpatia.eu\/hu\/wp-json\/wp\/v2\/posts\/7475\/revisions\/7476"}],"wp:featuredmedia":[{"embeddable":true,"href":"https:\/\/viacarpatia.eu\/hu\/wp-json\/wp\/v2\/media\/4557"}],"wp:attachment":[{"href":"https:\/\/viacarpatia.eu\/hu\/wp-json\/wp\/v2\/media?parent=7475"}],"wp:term":[{"taxonomy":"category","embeddable":true,"href":"https:\/\/viacarpatia.eu\/hu\/wp-json\/wp\/v2\/categories?post=7475"},{"taxonomy":"post_tag","embeddable":true,"href":"https:\/\/viacarpatia.eu\/hu\/wp-json\/wp\/v2\/tags?post=7475"}],"curies":[{"name":"wp","href":"https:\/\/api.w.org\/{rel}","templated":true}]}}