{"id":7485,"date":"2023-04-24T13:34:16","date_gmt":"2023-04-24T11:34:16","guid":{"rendered":"https:\/\/viacarpatia.eu\/dalsie-pokroky-v-ramci-akcneho-planu\/"},"modified":"2023-05-18T14:24:16","modified_gmt":"2023-05-18T12:24:16","slug":"dalsie-pokroky-v-ramci-akcneho-planu","status":"publish","type":"post","link":"https:\/\/viacarpatia.eu\/hu\/dalsie-pokroky-v-ramci-akcneho-planu\/","title":{"rendered":"Tov\u00e1bbi el\u0151rel\u00e9p\u00e9s az akci\u00f3tervben"},"content":{"rendered":"<p>Szeretn\u00e9nk bemutatni \u00d6n\u00f6knek a Sz\u00e9pcsereh\u00e1t Hat\u00e1ron \u00c1tny\u00fal\u00f3 Foglalkoztat\u00e1si Akci\u00f3terv\u00e9nek egy \u00fajabb projektpartner\u00e9nek el\u0151rehalad\u00e1s\u00e1t. A mell\u00e9kelt k\u00e9peken l\u00e1that\u00f3, ahogy az SKHU Local + 1 projekt keret\u00e9n bel\u00fcl k\u00e9t helyi term\u00e9kek feldolgoz\u00e1s\u00e1ra szolg\u00e1l\u00f3 \u00fczemet alak\u00edtanak ki Gagyap\u00e1ti k\u00f6zs\u00e9gben. Az egyik \u00fczem a gy\u00fcm\u00f6lcslevek feldolgoz\u00e1s\u00e1ra fog szolg\u00e1lni, a m\u00e1sik pedig a magp\u00f6rk\u00f6l\u00e9sre. A projekt befejez\u00e9se 2022 elej\u00e9re v\u00e1rhat\u00f3.<\/p>\n","protected":false},"excerpt":{"rendered":"<p>Szeretn\u00e9nk bemutatni \u00d6n\u00f6knek a Sz\u00e9pcsereh\u00e1t Hat\u00e1ron \u00c1tny\u00fal\u00f3 Foglalkoztat\u00e1si Akci\u00f3terv\u00e9nek egy \u00fajabb projektpartner\u00e9nek el\u0151rehalad\u00e1s\u00e1t. A mell\u00e9kelt k\u00e9peken l\u00e1that\u00f3, ahogy az SKHU Local + 1 projekt keret\u00e9n bel\u00fcl k\u00e9t helyi term\u00e9kek feldolgoz\u00e1s\u00e1ra szolg\u00e1l\u00f3 \u00fczemet alak\u00edtanak ki Gagyap\u00e1ti k\u00f6zs\u00e9gben. Az egyik \u00fczem a gy\u00fcm\u00f6lcslevek feldolgoz\u00e1s\u00e1ra fog szolg\u00e1lni, a m\u00e1sik pedig a magp\u00f6rk\u00f6l\u00e9sre. A projekt befejez\u00e9se 2022 elej\u00e9re v\u00e1rhat\u00f3.<\/p>\n","protected":false},"author":1,"featured_media":4591,"comment_status":"closed","ping_status":"open","sticky":false,"template":"","format":"standard","meta":{"inline_featured_image":false,"footnotes":""},"categories":[3],"tags":[],"class_list":["post-7485","post","type-post","status-publish","format-standard","has-post-thumbnail","hentry","category-uncategorized-hu"],"acf":[],"yoast_head":"<!-- This site is optimized with the Yoast SEO plugin v27.5 - https:\/\/yoast.com\/product\/yoast-seo-wordpress\/ -->\n<title>Tov\u00e1bbi el\u0151rel\u00e9p\u00e9s az akci\u00f3tervben - ViaCarpatia<\/title>\n<meta name=\"robots\" content=\"index, follow, max-snippet:-1, max-image-preview:large, max-video-preview:-1\" \/>\n<link rel=\"canonical\" href=\"https:\/\/viacarpatia.eu\/hu\/dalsie-pokroky-v-ramci-akcneho-planu\/\" \/>\n<meta property=\"og:locale\" content=\"hu_HU\" \/>\n<meta property=\"og:type\" content=\"article\" \/>\n<meta property=\"og:title\" content=\"Tov\u00e1bbi el\u0151rel\u00e9p\u00e9s az akci\u00f3tervben - ViaCarpatia\" \/>\n<meta property=\"og:description\" content=\"Szeretn\u00e9nk bemutatni \u00d6n\u00f6knek a Sz\u00e9pcsereh\u00e1t Hat\u00e1ron \u00c1tny\u00fal\u00f3 Foglalkoztat\u00e1si Akci\u00f3terv\u00e9nek egy \u00fajabb projektpartner\u00e9nek el\u0151rehalad\u00e1s\u00e1t. A mell\u00e9kelt k\u00e9peken l\u00e1that\u00f3, ahogy az SKHU Local + 1 projekt keret\u00e9n bel\u00fcl k\u00e9t helyi term\u00e9kek feldolgoz\u00e1s\u00e1ra szolg\u00e1l\u00f3 \u00fczemet alak\u00edtanak ki Gagyap\u00e1ti k\u00f6zs\u00e9gben. Az egyik \u00fczem a gy\u00fcm\u00f6lcslevek feldolgoz\u00e1s\u00e1ra fog szolg\u00e1lni, a m\u00e1sik pedig a magp\u00f6rk\u00f6l\u00e9sre. A projekt befejez\u00e9se 2022 elej\u00e9re v\u00e1rhat\u00f3.\" \/>\n<meta property=\"og:url\" content=\"https:\/\/viacarpatia.eu\/hu\/dalsie-pokroky-v-ramci-akcneho-planu\/\" \/>\n<meta property=\"og:site_name\" content=\"ViaCarpatia\" \/>\n<meta property=\"article:published_time\" content=\"2023-04-24T11:34:16+00:00\" \/>\n<meta property=\"article:modified_time\" content=\"2023-05-18T12:24:16+00:00\" \/>\n<meta property=\"og:image\" content=\"https:\/\/viacarpatia.eu\/wp-content\/uploads\/2023\/04\/619cc5155c15102f038b4568.jpg\" \/>\n\t<meta property=\"og:image:width\" content=\"766\" \/>\n\t<meta property=\"og:image:height\" content=\"480\" \/>\n\t<meta property=\"og:image:type\" content=\"image\/jpeg\" \/>\n<meta name=\"author\" content=\"promiseo\" \/>\n<meta name=\"twitter:card\" content=\"summary_large_image\" \/>\n<meta name=\"twitter:label1\" content=\"Szerz\u0151:\" \/>\n\t<meta name=\"twitter:data1\" content=\"promiseo\" \/>\n<script type=\"application\/ld+json\" class=\"yoast-schema-graph\">{\"@context\":\"https:\\\/\\\/schema.org\",\"@graph\":[{\"@type\":\"Article\",\"@id\":\"https:\\\/\\\/viacarpatia.eu\\\/hu\\\/dalsie-pokroky-v-ramci-akcneho-planu\\\/#article\",\"isPartOf\":{\"@id\":\"https:\\\/\\\/viacarpatia.eu\\\/hu\\\/dalsie-pokroky-v-ramci-akcneho-planu\\\/\"},\"author\":{\"name\":\"promiseo\",\"@id\":\"https:\\\/\\\/viacarpatia.eu\\\/#\\\/schema\\\/person\\\/ad78fca7d58f189d57a6e54af785b1af\"},\"headline\":\"Tov\u00e1bbi el\u0151rel\u00e9p\u00e9s az akci\u00f3tervben\",\"datePublished\":\"2023-04-24T11:34:16+00:00\",\"dateModified\":\"2023-05-18T12:24:16+00:00\",\"mainEntityOfPage\":{\"@id\":\"https:\\\/\\\/viacarpatia.eu\\\/hu\\\/dalsie-pokroky-v-ramci-akcneho-planu\\\/\"},\"wordCount\":100,\"image\":{\"@id\":\"https:\\\/\\\/viacarpatia.eu\\\/hu\\\/dalsie-pokroky-v-ramci-akcneho-planu\\\/#primaryimage\"},\"thumbnailUrl\":\"https:\\\/\\\/viacarpatia.eu\\\/wp-content\\\/uploads\\\/2023\\\/04\\\/619cc5155c15102f038b4568.jpg\",\"articleSection\":[\"Uncategorized\"],\"inLanguage\":\"hu\"},{\"@type\":\"WebPage\",\"@id\":\"https:\\\/\\\/viacarpatia.eu\\\/hu\\\/dalsie-pokroky-v-ramci-akcneho-planu\\\/\",\"url\":\"https:\\\/\\\/viacarpatia.eu\\\/hu\\\/dalsie-pokroky-v-ramci-akcneho-planu\\\/\",\"name\":\"Tov\u00e1bbi el\u0151rel\u00e9p\u00e9s az akci\u00f3tervben - ViaCarpatia\",\"isPartOf\":{\"@id\":\"https:\\\/\\\/viacarpatia.eu\\\/#website\"},\"primaryImageOfPage\":{\"@id\":\"https:\\\/\\\/viacarpatia.eu\\\/hu\\\/dalsie-pokroky-v-ramci-akcneho-planu\\\/#primaryimage\"},\"image\":{\"@id\":\"https:\\\/\\\/viacarpatia.eu\\\/hu\\\/dalsie-pokroky-v-ramci-akcneho-planu\\\/#primaryimage\"},\"thumbnailUrl\":\"https:\\\/\\\/viacarpatia.eu\\\/wp-content\\\/uploads\\\/2023\\\/04\\\/619cc5155c15102f038b4568.jpg\",\"datePublished\":\"2023-04-24T11:34:16+00:00\",\"dateModified\":\"2023-05-18T12:24:16+00:00\",\"author\":{\"@id\":\"https:\\\/\\\/viacarpatia.eu\\\/#\\\/schema\\\/person\\\/ad78fca7d58f189d57a6e54af785b1af\"},\"breadcrumb\":{\"@id\":\"https:\\\/\\\/viacarpatia.eu\\\/hu\\\/dalsie-pokroky-v-ramci-akcneho-planu\\\/#breadcrumb\"},\"inLanguage\":\"hu\",\"potentialAction\":[{\"@type\":\"ReadAction\",\"target\":[\"https:\\\/\\\/viacarpatia.eu\\\/hu\\\/dalsie-pokroky-v-ramci-akcneho-planu\\\/\"]}]},{\"@type\":\"ImageObject\",\"inLanguage\":\"hu\",\"@id\":\"https:\\\/\\\/viacarpatia.eu\\\/hu\\\/dalsie-pokroky-v-ramci-akcneho-planu\\\/#primaryimage\",\"url\":\"https:\\\/\\\/viacarpatia.eu\\\/wp-content\\\/uploads\\\/2023\\\/04\\\/619cc5155c15102f038b4568.jpg\",\"contentUrl\":\"https:\\\/\\\/viacarpatia.eu\\\/wp-content\\\/uploads\\\/2023\\\/04\\\/619cc5155c15102f038b4568.jpg\",\"width\":766,\"height\":480},{\"@type\":\"BreadcrumbList\",\"@id\":\"https:\\\/\\\/viacarpatia.eu\\\/hu\\\/dalsie-pokroky-v-ramci-akcneho-planu\\\/#breadcrumb\",\"itemListElement\":[{\"@type\":\"ListItem\",\"position\":1,\"name\":\"Home\",\"item\":\"https:\\\/\\\/viacarpatia.eu\\\/\"},{\"@type\":\"ListItem\",\"position\":2,\"name\":\"Tov\u00e1bbi el\u0151rel\u00e9p\u00e9s az akci\u00f3tervben\"}]},{\"@type\":\"WebSite\",\"@id\":\"https:\\\/\\\/viacarpatia.eu\\\/#website\",\"url\":\"https:\\\/\\\/viacarpatia.eu\\\/\",\"name\":\"ViaCarpatia\",\"description\":\"Sp\u00e1jame historick\u00e9 a kult\u00farno-jazykov\u00e9 trad\u00edcie\",\"alternateName\":\"ViaCarpatia\",\"potentialAction\":[{\"@type\":\"SearchAction\",\"target\":{\"@type\":\"EntryPoint\",\"urlTemplate\":\"https:\\\/\\\/viacarpatia.eu\\\/?s={search_term_string}\"},\"query-input\":{\"@type\":\"PropertyValueSpecification\",\"valueRequired\":true,\"valueName\":\"search_term_string\"}}],\"inLanguage\":\"hu\"},{\"@type\":\"Person\",\"@id\":\"https:\\\/\\\/viacarpatia.eu\\\/#\\\/schema\\\/person\\\/ad78fca7d58f189d57a6e54af785b1af\",\"name\":\"promiseo\",\"image\":{\"@type\":\"ImageObject\",\"inLanguage\":\"hu\",\"@id\":\"https:\\\/\\\/secure.gravatar.com\\\/avatar\\\/e836a21cdda7d1a602c49880145b7a9b7a76ee1acdc3df5fb44089ead12fd2b1?s=96&d=mm&r=g\",\"url\":\"https:\\\/\\\/secure.gravatar.com\\\/avatar\\\/e836a21cdda7d1a602c49880145b7a9b7a76ee1acdc3df5fb44089ead12fd2b1?s=96&d=mm&r=g\",\"contentUrl\":\"https:\\\/\\\/secure.gravatar.com\\\/avatar\\\/e836a21cdda7d1a602c49880145b7a9b7a76ee1acdc3df5fb44089ead12fd2b1?s=96&d=mm&r=g\",\"caption\":\"promiseo\"},\"sameAs\":[\"https:\\\/\\\/viacarpatia.eu\"],\"url\":\"https:\\\/\\\/viacarpatia.eu\\\/hu\\\/author\\\/promiseo\\\/\"}]}<\/script>\n<!-- \/ Yoast SEO plugin. -->","yoast_head_json":{"title":"Tov\u00e1bbi el\u0151rel\u00e9p\u00e9s az akci\u00f3tervben - ViaCarpatia","robots":{"index":"index","follow":"follow","max-snippet":"max-snippet:-1","max-image-preview":"max-image-preview:large","max-video-preview":"max-video-preview:-1"},"canonical":"https:\/\/viacarpatia.eu\/hu\/dalsie-pokroky-v-ramci-akcneho-planu\/","og_locale":"hu_HU","og_type":"article","og_title":"Tov\u00e1bbi el\u0151rel\u00e9p\u00e9s az akci\u00f3tervben - ViaCarpatia","og_description":"Szeretn\u00e9nk bemutatni \u00d6n\u00f6knek a Sz\u00e9pcsereh\u00e1t Hat\u00e1ron \u00c1tny\u00fal\u00f3 Foglalkoztat\u00e1si Akci\u00f3terv\u00e9nek egy \u00fajabb projektpartner\u00e9nek el\u0151rehalad\u00e1s\u00e1t. A mell\u00e9kelt k\u00e9peken l\u00e1that\u00f3, ahogy az SKHU Local + 1 projekt keret\u00e9n bel\u00fcl k\u00e9t helyi term\u00e9kek feldolgoz\u00e1s\u00e1ra szolg\u00e1l\u00f3 \u00fczemet alak\u00edtanak ki Gagyap\u00e1ti k\u00f6zs\u00e9gben. Az egyik \u00fczem a gy\u00fcm\u00f6lcslevek feldolgoz\u00e1s\u00e1ra fog szolg\u00e1lni, a m\u00e1sik pedig a magp\u00f6rk\u00f6l\u00e9sre. A projekt befejez\u00e9se 2022 elej\u00e9re v\u00e1rhat\u00f3.","og_url":"https:\/\/viacarpatia.eu\/hu\/dalsie-pokroky-v-ramci-akcneho-planu\/","og_site_name":"ViaCarpatia","article_published_time":"2023-04-24T11:34:16+00:00","article_modified_time":"2023-05-18T12:24:16+00:00","og_image":[{"width":766,"height":480,"url":"https:\/\/viacarpatia.eu\/wp-content\/uploads\/2023\/04\/619cc5155c15102f038b4568.jpg","type":"image\/jpeg"}],"author":"promiseo","twitter_card":"summary_large_image","twitter_misc":{"Szerz\u0151:":"promiseo"},"schema":{"@context":"https:\/\/schema.org","@graph":[{"@type":"Article","@id":"https:\/\/viacarpatia.eu\/hu\/dalsie-pokroky-v-ramci-akcneho-planu\/#article","isPartOf":{"@id":"https:\/\/viacarpatia.eu\/hu\/dalsie-pokroky-v-ramci-akcneho-planu\/"},"author":{"name":"promiseo","@id":"https:\/\/viacarpatia.eu\/#\/schema\/person\/ad78fca7d58f189d57a6e54af785b1af"},"headline":"Tov\u00e1bbi el\u0151rel\u00e9p\u00e9s az akci\u00f3tervben","datePublished":"2023-04-24T11:34:16+00:00","dateModified":"2023-05-18T12:24:16+00:00","mainEntityOfPage":{"@id":"https:\/\/viacarpatia.eu\/hu\/dalsie-pokroky-v-ramci-akcneho-planu\/"},"wordCount":100,"image":{"@id":"https:\/\/viacarpatia.eu\/hu\/dalsie-pokroky-v-ramci-akcneho-planu\/#primaryimage"},"thumbnailUrl":"https:\/\/viacarpatia.eu\/wp-content\/uploads\/2023\/04\/619cc5155c15102f038b4568.jpg","articleSection":["Uncategorized"],"inLanguage":"hu"},{"@type":"WebPage","@id":"https:\/\/viacarpatia.eu\/hu\/dalsie-pokroky-v-ramci-akcneho-planu\/","url":"https:\/\/viacarpatia.eu\/hu\/dalsie-pokroky-v-ramci-akcneho-planu\/","name":"Tov\u00e1bbi el\u0151rel\u00e9p\u00e9s az akci\u00f3tervben - ViaCarpatia","isPartOf":{"@id":"https:\/\/viacarpatia.eu\/#website"},"primaryImageOfPage":{"@id":"https:\/\/viacarpatia.eu\/hu\/dalsie-pokroky-v-ramci-akcneho-planu\/#primaryimage"},"image":{"@id":"https:\/\/viacarpatia.eu\/hu\/dalsie-pokroky-v-ramci-akcneho-planu\/#primaryimage"},"thumbnailUrl":"https:\/\/viacarpatia.eu\/wp-content\/uploads\/2023\/04\/619cc5155c15102f038b4568.jpg","datePublished":"2023-04-24T11:34:16+00:00","dateModified":"2023-05-18T12:24:16+00:00","author":{"@id":"https:\/\/viacarpatia.eu\/#\/schema\/person\/ad78fca7d58f189d57a6e54af785b1af"},"breadcrumb":{"@id":"https:\/\/viacarpatia.eu\/hu\/dalsie-pokroky-v-ramci-akcneho-planu\/#breadcrumb"},"inLanguage":"hu","potentialAction":[{"@type":"ReadAction","target":["https:\/\/viacarpatia.eu\/hu\/dalsie-pokroky-v-ramci-akcneho-planu\/"]}]},{"@type":"ImageObject","inLanguage":"hu","@id":"https:\/\/viacarpatia.eu\/hu\/dalsie-pokroky-v-ramci-akcneho-planu\/#primaryimage","url":"https:\/\/viacarpatia.eu\/wp-content\/uploads\/2023\/04\/619cc5155c15102f038b4568.jpg","contentUrl":"https:\/\/viacarpatia.eu\/wp-content\/uploads\/2023\/04\/619cc5155c15102f038b4568.jpg","width":766,"height":480},{"@type":"BreadcrumbList","@id":"https:\/\/viacarpatia.eu\/hu\/dalsie-pokroky-v-ramci-akcneho-planu\/#breadcrumb","itemListElement":[{"@type":"ListItem","position":1,"name":"Home","item":"https:\/\/viacarpatia.eu\/"},{"@type":"ListItem","position":2,"name":"Tov\u00e1bbi el\u0151rel\u00e9p\u00e9s az akci\u00f3tervben"}]},{"@type":"WebSite","@id":"https:\/\/viacarpatia.eu\/#website","url":"https:\/\/viacarpatia.eu\/","name":"ViaCarpatia","description":"Sp\u00e1jame historick\u00e9 a kult\u00farno-jazykov\u00e9 trad\u00edcie","alternateName":"ViaCarpatia","potentialAction":[{"@type":"SearchAction","target":{"@type":"EntryPoint","urlTemplate":"https:\/\/viacarpatia.eu\/?s={search_term_string}"},"query-input":{"@type":"PropertyValueSpecification","valueRequired":true,"valueName":"search_term_string"}}],"inLanguage":"hu"},{"@type":"Person","@id":"https:\/\/viacarpatia.eu\/#\/schema\/person\/ad78fca7d58f189d57a6e54af785b1af","name":"promiseo","image":{"@type":"ImageObject","inLanguage":"hu","@id":"https:\/\/secure.gravatar.com\/avatar\/e836a21cdda7d1a602c49880145b7a9b7a76ee1acdc3df5fb44089ead12fd2b1?s=96&d=mm&r=g","url":"https:\/\/secure.gravatar.com\/avatar\/e836a21cdda7d1a602c49880145b7a9b7a76ee1acdc3df5fb44089ead12fd2b1?s=96&d=mm&r=g","contentUrl":"https:\/\/secure.gravatar.com\/avatar\/e836a21cdda7d1a602c49880145b7a9b7a76ee1acdc3df5fb44089ead12fd2b1?s=96&d=mm&r=g","caption":"promiseo"},"sameAs":["https:\/\/viacarpatia.eu"],"url":"https:\/\/viacarpatia.eu\/hu\/author\/promiseo\/"}]}},"_links":{"self":[{"href":"https:\/\/viacarpatia.eu\/hu\/wp-json\/wp\/v2\/posts\/7485","targetHints":{"allow":["GET"]}}],"collection":[{"href":"https:\/\/viacarpatia.eu\/hu\/wp-json\/wp\/v2\/posts"}],"about":[{"href":"https:\/\/viacarpatia.eu\/hu\/wp-json\/wp\/v2\/types\/post"}],"author":[{"embeddable":true,"href":"https:\/\/viacarpatia.eu\/hu\/wp-json\/wp\/v2\/users\/1"}],"replies":[{"embeddable":true,"href":"https:\/\/viacarpatia.eu\/hu\/wp-json\/wp\/v2\/comments?post=7485"}],"version-history":[{"count":1,"href":"https:\/\/viacarpatia.eu\/hu\/wp-json\/wp\/v2\/posts\/7485\/revisions"}],"predecessor-version":[{"id":7486,"href":"https:\/\/viacarpatia.eu\/hu\/wp-json\/wp\/v2\/posts\/7485\/revisions\/7486"}],"wp:featuredmedia":[{"embeddable":true,"href":"https:\/\/viacarpatia.eu\/hu\/wp-json\/wp\/v2\/media\/4591"}],"wp:attachment":[{"href":"https:\/\/viacarpatia.eu\/hu\/wp-json\/wp\/v2\/media?parent=7485"}],"wp:term":[{"taxonomy":"category","embeddable":true,"href":"https:\/\/viacarpatia.eu\/hu\/wp-json\/wp\/v2\/categories?post=7485"},{"taxonomy":"post_tag","embeddable":true,"href":"https:\/\/viacarpatia.eu\/hu\/wp-json\/wp\/v2\/tags?post=7485"}],"curies":[{"name":"wp","href":"https:\/\/api.w.org\/{rel}","templated":true}]}}