{"id":7487,"date":"2023-04-24T13:35:30","date_gmt":"2023-04-24T11:35:30","guid":{"rendered":"https:\/\/viacarpatia.eu\/dalsi-projekt-akcneho-planu-sa-blizi-do-ciela\/"},"modified":"2023-05-18T14:24:17","modified_gmt":"2023-05-18T12:24:17","slug":"dalsi-projekt-akcneho-planu-sa-blizi-do-ciela","status":"publish","type":"post","link":"https:\/\/viacarpatia.eu\/hu\/dalsi-projekt-akcneho-planu-sa-blizi-do-ciela\/","title":{"rendered":"Az akci\u00f3terv k\u00f6vetkez\u0151 projektje is a befejez\u00e9shez k\u00f6zeledik"},"content":{"rendered":"<p>A Sz\u00e9pcsereh\u00e1t Hat\u00e1ron \u00c1tny\u00fal\u00f3 Foglalkoztat\u00e1si Akci\u00f3terv\u00e9nek r\u00e9sz\u00e9t k\u00e9pez\u0151 SKHU Local + 1 projekt lassan k\u00f6zeledik a c\u00e9lj\u00e1hoz. Nemr\u00e9g bemutattuk, hogyan halad a projekt egyik r\u00e9sze Gagyap\u00e1tiban, ahol gy\u00fcm\u00f6lcsleveket \u00e9s p\u00f6rk\u00f6lt magvakat \u00e1ll\u00edtanak majd el\u0151. Ma szeretn\u00e9nk megmutatni, hogyan haladt el\u0151re a BARTRANZ s.r.o. projektpartner Buzit\u00e1n, ahol t\u00f6kmagolajat pr\u00e9selnek majd. A rakt\u00e1r fel\u00faj\u00edt\u00e1sa m\u00e1r megt\u00f6rt\u00e9nt, m\u00e1r csak a sz\u00fcks\u00e9ges berendez\u00e9sek \u00e9s technik\u00e1k v\u00e1rnak \u00f6sszeszerel\u00e9sre \u00e9s ezut\u00e1n m\u00e1r v\u00e1rhatjuk az ezekben az \u00fczemekben el\u0151\u00e1ll\u00edtott helyi term\u00e9keket is.<\/p>\n","protected":false},"excerpt":{"rendered":"<p>A Sz\u00e9pcsereh\u00e1t Hat\u00e1ron \u00c1tny\u00fal\u00f3 Foglalkoztat\u00e1si Akci\u00f3terv\u00e9nek r\u00e9sz\u00e9t k\u00e9pez\u0151 SKHU Local + 1 projekt lassan k\u00f6zeledik a c\u00e9lj\u00e1hoz. Nemr\u00e9g bemutattuk, hogyan halad a projekt egyik r\u00e9sze Gagyap\u00e1tiban, ahol gy\u00fcm\u00f6lcsleveket \u00e9s p\u00f6rk\u00f6lt magvakat \u00e1ll\u00edtanak majd el\u0151. Ma szeretn\u00e9nk megmutatni, hogyan haladt el\u0151re a BARTRANZ s.r.o. projektpartner Buzit\u00e1n, ahol t\u00f6kmagolajat pr\u00e9selnek majd. A rakt\u00e1r fel\u00faj\u00edt\u00e1sa m\u00e1r megt\u00f6rt\u00e9nt, m\u00e1r [&hellip;]<\/p>\n","protected":false},"author":1,"featured_media":4599,"comment_status":"closed","ping_status":"open","sticky":false,"template":"","format":"standard","meta":{"inline_featured_image":false,"footnotes":""},"categories":[3],"tags":[],"class_list":["post-7487","post","type-post","status-publish","format-standard","has-post-thumbnail","hentry","category-uncategorized-hu"],"acf":[],"yoast_head":"<!-- This site is optimized with the Yoast SEO plugin v27.5 - https:\/\/yoast.com\/product\/yoast-seo-wordpress\/ -->\n<title>Az akci\u00f3terv k\u00f6vetkez\u0151 projektje is a befejez\u00e9shez k\u00f6zeledik - ViaCarpatia<\/title>\n<meta name=\"robots\" content=\"index, follow, max-snippet:-1, max-image-preview:large, max-video-preview:-1\" \/>\n<link rel=\"canonical\" href=\"https:\/\/viacarpatia.eu\/hu\/dalsi-projekt-akcneho-planu-sa-blizi-do-ciela\/\" \/>\n<meta property=\"og:locale\" content=\"hu_HU\" \/>\n<meta property=\"og:type\" content=\"article\" \/>\n<meta property=\"og:title\" content=\"Az akci\u00f3terv k\u00f6vetkez\u0151 projektje is a befejez\u00e9shez k\u00f6zeledik - ViaCarpatia\" \/>\n<meta property=\"og:description\" content=\"A Sz\u00e9pcsereh\u00e1t Hat\u00e1ron \u00c1tny\u00fal\u00f3 Foglalkoztat\u00e1si Akci\u00f3terv\u00e9nek r\u00e9sz\u00e9t k\u00e9pez\u0151 SKHU Local + 1 projekt lassan k\u00f6zeledik a c\u00e9lj\u00e1hoz. Nemr\u00e9g bemutattuk, hogyan halad a projekt egyik r\u00e9sze Gagyap\u00e1tiban, ahol gy\u00fcm\u00f6lcsleveket \u00e9s p\u00f6rk\u00f6lt magvakat \u00e1ll\u00edtanak majd el\u0151. Ma szeretn\u00e9nk megmutatni, hogyan haladt el\u0151re a BARTRANZ s.r.o. projektpartner Buzit\u00e1n, ahol t\u00f6kmagolajat pr\u00e9selnek majd. A rakt\u00e1r fel\u00faj\u00edt\u00e1sa m\u00e1r megt\u00f6rt\u00e9nt, m\u00e1r [&hellip;]\" \/>\n<meta property=\"og:url\" content=\"https:\/\/viacarpatia.eu\/hu\/dalsi-projekt-akcneho-planu-sa-blizi-do-ciela\/\" \/>\n<meta property=\"og:site_name\" content=\"ViaCarpatia\" \/>\n<meta property=\"article:published_time\" content=\"2023-04-24T11:35:30+00:00\" \/>\n<meta property=\"article:modified_time\" content=\"2023-05-18T12:24:17+00:00\" \/>\n<meta property=\"og:image\" content=\"https:\/\/viacarpatia.eu\/wp-content\/uploads\/2023\/04\/61a5c7145c151099558b4567.jpg\" \/>\n\t<meta property=\"og:image:width\" content=\"766\" \/>\n\t<meta property=\"og:image:height\" content=\"480\" \/>\n\t<meta property=\"og:image:type\" content=\"image\/jpeg\" \/>\n<meta name=\"author\" content=\"promiseo\" \/>\n<meta name=\"twitter:card\" content=\"summary_large_image\" \/>\n<meta name=\"twitter:label1\" content=\"Szerz\u0151:\" \/>\n\t<meta name=\"twitter:data1\" content=\"promiseo\" \/>\n<script type=\"application\/ld+json\" class=\"yoast-schema-graph\">{\"@context\":\"https:\\\/\\\/schema.org\",\"@graph\":[{\"@type\":\"Article\",\"@id\":\"https:\\\/\\\/viacarpatia.eu\\\/hu\\\/dalsi-projekt-akcneho-planu-sa-blizi-do-ciela\\\/#article\",\"isPartOf\":{\"@id\":\"https:\\\/\\\/viacarpatia.eu\\\/hu\\\/dalsi-projekt-akcneho-planu-sa-blizi-do-ciela\\\/\"},\"author\":{\"name\":\"promiseo\",\"@id\":\"https:\\\/\\\/viacarpatia.eu\\\/#\\\/schema\\\/person\\\/ad78fca7d58f189d57a6e54af785b1af\"},\"headline\":\"Az akci\u00f3terv k\u00f6vetkez\u0151 projektje is a befejez\u00e9shez k\u00f6zeledik\",\"datePublished\":\"2023-04-24T11:35:30+00:00\",\"dateModified\":\"2023-05-18T12:24:17+00:00\",\"mainEntityOfPage\":{\"@id\":\"https:\\\/\\\/viacarpatia.eu\\\/hu\\\/dalsi-projekt-akcneho-planu-sa-blizi-do-ciela\\\/\"},\"wordCount\":133,\"image\":{\"@id\":\"https:\\\/\\\/viacarpatia.eu\\\/hu\\\/dalsi-projekt-akcneho-planu-sa-blizi-do-ciela\\\/#primaryimage\"},\"thumbnailUrl\":\"https:\\\/\\\/viacarpatia.eu\\\/wp-content\\\/uploads\\\/2023\\\/04\\\/61a5c7145c151099558b4567.jpg\",\"articleSection\":[\"Uncategorized\"],\"inLanguage\":\"hu\"},{\"@type\":\"WebPage\",\"@id\":\"https:\\\/\\\/viacarpatia.eu\\\/hu\\\/dalsi-projekt-akcneho-planu-sa-blizi-do-ciela\\\/\",\"url\":\"https:\\\/\\\/viacarpatia.eu\\\/hu\\\/dalsi-projekt-akcneho-planu-sa-blizi-do-ciela\\\/\",\"name\":\"Az akci\u00f3terv k\u00f6vetkez\u0151 projektje is a befejez\u00e9shez k\u00f6zeledik - ViaCarpatia\",\"isPartOf\":{\"@id\":\"https:\\\/\\\/viacarpatia.eu\\\/#website\"},\"primaryImageOfPage\":{\"@id\":\"https:\\\/\\\/viacarpatia.eu\\\/hu\\\/dalsi-projekt-akcneho-planu-sa-blizi-do-ciela\\\/#primaryimage\"},\"image\":{\"@id\":\"https:\\\/\\\/viacarpatia.eu\\\/hu\\\/dalsi-projekt-akcneho-planu-sa-blizi-do-ciela\\\/#primaryimage\"},\"thumbnailUrl\":\"https:\\\/\\\/viacarpatia.eu\\\/wp-content\\\/uploads\\\/2023\\\/04\\\/61a5c7145c151099558b4567.jpg\",\"datePublished\":\"2023-04-24T11:35:30+00:00\",\"dateModified\":\"2023-05-18T12:24:17+00:00\",\"author\":{\"@id\":\"https:\\\/\\\/viacarpatia.eu\\\/#\\\/schema\\\/person\\\/ad78fca7d58f189d57a6e54af785b1af\"},\"breadcrumb\":{\"@id\":\"https:\\\/\\\/viacarpatia.eu\\\/hu\\\/dalsi-projekt-akcneho-planu-sa-blizi-do-ciela\\\/#breadcrumb\"},\"inLanguage\":\"hu\",\"potentialAction\":[{\"@type\":\"ReadAction\",\"target\":[\"https:\\\/\\\/viacarpatia.eu\\\/hu\\\/dalsi-projekt-akcneho-planu-sa-blizi-do-ciela\\\/\"]}]},{\"@type\":\"ImageObject\",\"inLanguage\":\"hu\",\"@id\":\"https:\\\/\\\/viacarpatia.eu\\\/hu\\\/dalsi-projekt-akcneho-planu-sa-blizi-do-ciela\\\/#primaryimage\",\"url\":\"https:\\\/\\\/viacarpatia.eu\\\/wp-content\\\/uploads\\\/2023\\\/04\\\/61a5c7145c151099558b4567.jpg\",\"contentUrl\":\"https:\\\/\\\/viacarpatia.eu\\\/wp-content\\\/uploads\\\/2023\\\/04\\\/61a5c7145c151099558b4567.jpg\",\"width\":766,\"height\":480},{\"@type\":\"BreadcrumbList\",\"@id\":\"https:\\\/\\\/viacarpatia.eu\\\/hu\\\/dalsi-projekt-akcneho-planu-sa-blizi-do-ciela\\\/#breadcrumb\",\"itemListElement\":[{\"@type\":\"ListItem\",\"position\":1,\"name\":\"Home\",\"item\":\"https:\\\/\\\/viacarpatia.eu\\\/\"},{\"@type\":\"ListItem\",\"position\":2,\"name\":\"Az akci\u00f3terv k\u00f6vetkez\u0151 projektje is a befejez\u00e9shez k\u00f6zeledik\"}]},{\"@type\":\"WebSite\",\"@id\":\"https:\\\/\\\/viacarpatia.eu\\\/#website\",\"url\":\"https:\\\/\\\/viacarpatia.eu\\\/\",\"name\":\"ViaCarpatia\",\"description\":\"Sp\u00e1jame historick\u00e9 a kult\u00farno-jazykov\u00e9 trad\u00edcie\",\"alternateName\":\"ViaCarpatia\",\"potentialAction\":[{\"@type\":\"SearchAction\",\"target\":{\"@type\":\"EntryPoint\",\"urlTemplate\":\"https:\\\/\\\/viacarpatia.eu\\\/?s={search_term_string}\"},\"query-input\":{\"@type\":\"PropertyValueSpecification\",\"valueRequired\":true,\"valueName\":\"search_term_string\"}}],\"inLanguage\":\"hu\"},{\"@type\":\"Person\",\"@id\":\"https:\\\/\\\/viacarpatia.eu\\\/#\\\/schema\\\/person\\\/ad78fca7d58f189d57a6e54af785b1af\",\"name\":\"promiseo\",\"image\":{\"@type\":\"ImageObject\",\"inLanguage\":\"hu\",\"@id\":\"https:\\\/\\\/secure.gravatar.com\\\/avatar\\\/e836a21cdda7d1a602c49880145b7a9b7a76ee1acdc3df5fb44089ead12fd2b1?s=96&d=mm&r=g\",\"url\":\"https:\\\/\\\/secure.gravatar.com\\\/avatar\\\/e836a21cdda7d1a602c49880145b7a9b7a76ee1acdc3df5fb44089ead12fd2b1?s=96&d=mm&r=g\",\"contentUrl\":\"https:\\\/\\\/secure.gravatar.com\\\/avatar\\\/e836a21cdda7d1a602c49880145b7a9b7a76ee1acdc3df5fb44089ead12fd2b1?s=96&d=mm&r=g\",\"caption\":\"promiseo\"},\"sameAs\":[\"https:\\\/\\\/viacarpatia.eu\"],\"url\":\"https:\\\/\\\/viacarpatia.eu\\\/hu\\\/author\\\/promiseo\\\/\"}]}<\/script>\n<!-- \/ Yoast SEO plugin. -->","yoast_head_json":{"title":"Az akci\u00f3terv k\u00f6vetkez\u0151 projektje is a befejez\u00e9shez k\u00f6zeledik - ViaCarpatia","robots":{"index":"index","follow":"follow","max-snippet":"max-snippet:-1","max-image-preview":"max-image-preview:large","max-video-preview":"max-video-preview:-1"},"canonical":"https:\/\/viacarpatia.eu\/hu\/dalsi-projekt-akcneho-planu-sa-blizi-do-ciela\/","og_locale":"hu_HU","og_type":"article","og_title":"Az akci\u00f3terv k\u00f6vetkez\u0151 projektje is a befejez\u00e9shez k\u00f6zeledik - ViaCarpatia","og_description":"A Sz\u00e9pcsereh\u00e1t Hat\u00e1ron \u00c1tny\u00fal\u00f3 Foglalkoztat\u00e1si Akci\u00f3terv\u00e9nek r\u00e9sz\u00e9t k\u00e9pez\u0151 SKHU Local + 1 projekt lassan k\u00f6zeledik a c\u00e9lj\u00e1hoz. Nemr\u00e9g bemutattuk, hogyan halad a projekt egyik r\u00e9sze Gagyap\u00e1tiban, ahol gy\u00fcm\u00f6lcsleveket \u00e9s p\u00f6rk\u00f6lt magvakat \u00e1ll\u00edtanak majd el\u0151. Ma szeretn\u00e9nk megmutatni, hogyan haladt el\u0151re a BARTRANZ s.r.o. projektpartner Buzit\u00e1n, ahol t\u00f6kmagolajat pr\u00e9selnek majd. A rakt\u00e1r fel\u00faj\u00edt\u00e1sa m\u00e1r megt\u00f6rt\u00e9nt, m\u00e1r [&hellip;]","og_url":"https:\/\/viacarpatia.eu\/hu\/dalsi-projekt-akcneho-planu-sa-blizi-do-ciela\/","og_site_name":"ViaCarpatia","article_published_time":"2023-04-24T11:35:30+00:00","article_modified_time":"2023-05-18T12:24:17+00:00","og_image":[{"width":766,"height":480,"url":"https:\/\/viacarpatia.eu\/wp-content\/uploads\/2023\/04\/61a5c7145c151099558b4567.jpg","type":"image\/jpeg"}],"author":"promiseo","twitter_card":"summary_large_image","twitter_misc":{"Szerz\u0151:":"promiseo"},"schema":{"@context":"https:\/\/schema.org","@graph":[{"@type":"Article","@id":"https:\/\/viacarpatia.eu\/hu\/dalsi-projekt-akcneho-planu-sa-blizi-do-ciela\/#article","isPartOf":{"@id":"https:\/\/viacarpatia.eu\/hu\/dalsi-projekt-akcneho-planu-sa-blizi-do-ciela\/"},"author":{"name":"promiseo","@id":"https:\/\/viacarpatia.eu\/#\/schema\/person\/ad78fca7d58f189d57a6e54af785b1af"},"headline":"Az akci\u00f3terv k\u00f6vetkez\u0151 projektje is a befejez\u00e9shez k\u00f6zeledik","datePublished":"2023-04-24T11:35:30+00:00","dateModified":"2023-05-18T12:24:17+00:00","mainEntityOfPage":{"@id":"https:\/\/viacarpatia.eu\/hu\/dalsi-projekt-akcneho-planu-sa-blizi-do-ciela\/"},"wordCount":133,"image":{"@id":"https:\/\/viacarpatia.eu\/hu\/dalsi-projekt-akcneho-planu-sa-blizi-do-ciela\/#primaryimage"},"thumbnailUrl":"https:\/\/viacarpatia.eu\/wp-content\/uploads\/2023\/04\/61a5c7145c151099558b4567.jpg","articleSection":["Uncategorized"],"inLanguage":"hu"},{"@type":"WebPage","@id":"https:\/\/viacarpatia.eu\/hu\/dalsi-projekt-akcneho-planu-sa-blizi-do-ciela\/","url":"https:\/\/viacarpatia.eu\/hu\/dalsi-projekt-akcneho-planu-sa-blizi-do-ciela\/","name":"Az akci\u00f3terv k\u00f6vetkez\u0151 projektje is a befejez\u00e9shez k\u00f6zeledik - ViaCarpatia","isPartOf":{"@id":"https:\/\/viacarpatia.eu\/#website"},"primaryImageOfPage":{"@id":"https:\/\/viacarpatia.eu\/hu\/dalsi-projekt-akcneho-planu-sa-blizi-do-ciela\/#primaryimage"},"image":{"@id":"https:\/\/viacarpatia.eu\/hu\/dalsi-projekt-akcneho-planu-sa-blizi-do-ciela\/#primaryimage"},"thumbnailUrl":"https:\/\/viacarpatia.eu\/wp-content\/uploads\/2023\/04\/61a5c7145c151099558b4567.jpg","datePublished":"2023-04-24T11:35:30+00:00","dateModified":"2023-05-18T12:24:17+00:00","author":{"@id":"https:\/\/viacarpatia.eu\/#\/schema\/person\/ad78fca7d58f189d57a6e54af785b1af"},"breadcrumb":{"@id":"https:\/\/viacarpatia.eu\/hu\/dalsi-projekt-akcneho-planu-sa-blizi-do-ciela\/#breadcrumb"},"inLanguage":"hu","potentialAction":[{"@type":"ReadAction","target":["https:\/\/viacarpatia.eu\/hu\/dalsi-projekt-akcneho-planu-sa-blizi-do-ciela\/"]}]},{"@type":"ImageObject","inLanguage":"hu","@id":"https:\/\/viacarpatia.eu\/hu\/dalsi-projekt-akcneho-planu-sa-blizi-do-ciela\/#primaryimage","url":"https:\/\/viacarpatia.eu\/wp-content\/uploads\/2023\/04\/61a5c7145c151099558b4567.jpg","contentUrl":"https:\/\/viacarpatia.eu\/wp-content\/uploads\/2023\/04\/61a5c7145c151099558b4567.jpg","width":766,"height":480},{"@type":"BreadcrumbList","@id":"https:\/\/viacarpatia.eu\/hu\/dalsi-projekt-akcneho-planu-sa-blizi-do-ciela\/#breadcrumb","itemListElement":[{"@type":"ListItem","position":1,"name":"Home","item":"https:\/\/viacarpatia.eu\/"},{"@type":"ListItem","position":2,"name":"Az akci\u00f3terv k\u00f6vetkez\u0151 projektje is a befejez\u00e9shez k\u00f6zeledik"}]},{"@type":"WebSite","@id":"https:\/\/viacarpatia.eu\/#website","url":"https:\/\/viacarpatia.eu\/","name":"ViaCarpatia","description":"Sp\u00e1jame historick\u00e9 a kult\u00farno-jazykov\u00e9 trad\u00edcie","alternateName":"ViaCarpatia","potentialAction":[{"@type":"SearchAction","target":{"@type":"EntryPoint","urlTemplate":"https:\/\/viacarpatia.eu\/?s={search_term_string}"},"query-input":{"@type":"PropertyValueSpecification","valueRequired":true,"valueName":"search_term_string"}}],"inLanguage":"hu"},{"@type":"Person","@id":"https:\/\/viacarpatia.eu\/#\/schema\/person\/ad78fca7d58f189d57a6e54af785b1af","name":"promiseo","image":{"@type":"ImageObject","inLanguage":"hu","@id":"https:\/\/secure.gravatar.com\/avatar\/e836a21cdda7d1a602c49880145b7a9b7a76ee1acdc3df5fb44089ead12fd2b1?s=96&d=mm&r=g","url":"https:\/\/secure.gravatar.com\/avatar\/e836a21cdda7d1a602c49880145b7a9b7a76ee1acdc3df5fb44089ead12fd2b1?s=96&d=mm&r=g","contentUrl":"https:\/\/secure.gravatar.com\/avatar\/e836a21cdda7d1a602c49880145b7a9b7a76ee1acdc3df5fb44089ead12fd2b1?s=96&d=mm&r=g","caption":"promiseo"},"sameAs":["https:\/\/viacarpatia.eu"],"url":"https:\/\/viacarpatia.eu\/hu\/author\/promiseo\/"}]}},"_links":{"self":[{"href":"https:\/\/viacarpatia.eu\/hu\/wp-json\/wp\/v2\/posts\/7487","targetHints":{"allow":["GET"]}}],"collection":[{"href":"https:\/\/viacarpatia.eu\/hu\/wp-json\/wp\/v2\/posts"}],"about":[{"href":"https:\/\/viacarpatia.eu\/hu\/wp-json\/wp\/v2\/types\/post"}],"author":[{"embeddable":true,"href":"https:\/\/viacarpatia.eu\/hu\/wp-json\/wp\/v2\/users\/1"}],"replies":[{"embeddable":true,"href":"https:\/\/viacarpatia.eu\/hu\/wp-json\/wp\/v2\/comments?post=7487"}],"version-history":[{"count":1,"href":"https:\/\/viacarpatia.eu\/hu\/wp-json\/wp\/v2\/posts\/7487\/revisions"}],"predecessor-version":[{"id":7488,"href":"https:\/\/viacarpatia.eu\/hu\/wp-json\/wp\/v2\/posts\/7487\/revisions\/7488"}],"wp:featuredmedia":[{"embeddable":true,"href":"https:\/\/viacarpatia.eu\/hu\/wp-json\/wp\/v2\/media\/4599"}],"wp:attachment":[{"href":"https:\/\/viacarpatia.eu\/hu\/wp-json\/wp\/v2\/media?parent=7487"}],"wp:term":[{"taxonomy":"category","embeddable":true,"href":"https:\/\/viacarpatia.eu\/hu\/wp-json\/wp\/v2\/categories?post=7487"},{"taxonomy":"post_tag","embeddable":true,"href":"https:\/\/viacarpatia.eu\/hu\/wp-json\/wp\/v2\/tags?post=7487"}],"curies":[{"name":"wp","href":"https:\/\/api.w.org\/{rel}","templated":true}]}}