{"id":7507,"date":"2023-04-24T13:50:47","date_gmt":"2023-04-24T11:50:47","guid":{"rendered":"https:\/\/viacarpatia.eu\/posledne-upravy-a-vyroba-sa-moze-zacat\/"},"modified":"2023-05-18T14:24:24","modified_gmt":"2023-05-18T12:24:24","slug":"posledne-upravy-a-vyroba-sa-moze-zacat","status":"publish","type":"post","link":"https:\/\/viacarpatia.eu\/hu\/posledne-upravy-a-vyroba-sa-moze-zacat\/","title":{"rendered":"Utols\u00f3 igaz\u00e1t\u00e1sok \u00e9s elkezd\u0151dhet a gy\u00e1rt\u00e1s"},"content":{"rendered":"<p>A Sz\u00e9pcsereh\u00e1t Hat\u00e1ron \u00c1tny\u00fal\u00f3 Foglalkoztat\u00e1si Akci\u00f3terv lassan k\u00f6zeledik a c\u00e9lj\u00e1hoz. 2022. febru\u00e1r 3.-\u00e1n az SKHU Local +1 \u00e9s SKHU Local +2 partnerek projekttal\u00e1lkoz\u00f3j\u00e1ra ker\u00fclt sor. Megvitattuk a  tervezett munk\u00e1latok utols\u00f3 l\u00e9p\u00e9seit, \u00e9s meg\u00e1llapodtunk az egyes gy\u00e1rak \u00e1tad\u00e1s\u00e1nak id\u0151pontjair\u00f3l. \u00daj munkahelyek j\u00f6nnek l\u00e9tre, \u00e9s min\u0151s\u00e9gi region\u00e1lis term\u00e9kek ker\u00fclnek a piacra. Gagyap\u00e1tiban friss gy\u00fcm\u00f6lcslevek k\u00e9sz\u00fclnek majd \u00e9s p\u00f6rk\u00f6lt magvakat \u00e1llt\u00edtanak el\u0151. Buzit\u00e1n pedig min\u0151s\u00e9gi t\u00f6kmag olajat pr\u00e9selnek majd. Hidasn\u00e9metiben k\u00e1poszta savany\u00edt\u00f3 \u00fczem indul, ahol a regi\u00f3ban is termelt hazai k\u00e1poszt\u00e1k feldolgoz\u00e1s\u00e1ra ker\u00fcl sor.  Kass\u00e1n hamarosan megny\u00edtja kapui egy kiv\u00e9teles cukr\u00e1szda, amely v\u00e1logatott h\u00e1zi desszerteket, k\u00e9zm\u0171ves fagylaltot \u00e9s min\u0151s\u00e9gi region\u00e1lis term\u00e9keket k\u00edn\u00e1l majd a kedves vend\u00e9geinek. A gy\u00e1rt\u00e1s hamarosan megkezd\u0151dik a tov\u00e1bbi inform\u00e1ci\u00f3k\u00e9rt keresse oldalainkat. <\/p>\n","protected":false},"excerpt":{"rendered":"<p>A Sz\u00e9pcsereh\u00e1t Hat\u00e1ron \u00c1tny\u00fal\u00f3 Foglalkoztat\u00e1si Akci\u00f3terv lassan k\u00f6zeledik a c\u00e9lj\u00e1hoz. 2022. febru\u00e1r 3.-\u00e1n az SKHU Local +1 \u00e9s SKHU Local +2 partnerek projekttal\u00e1lkoz\u00f3j\u00e1ra ker\u00fclt sor. Megvitattuk a tervezett munk\u00e1latok utols\u00f3 l\u00e9p\u00e9seit, \u00e9s meg\u00e1llapodtunk az egyes gy\u00e1rak \u00e1tad\u00e1s\u00e1nak id\u0151pontjair\u00f3l. \u00daj munkahelyek j\u00f6nnek l\u00e9tre, \u00e9s min\u0151s\u00e9gi region\u00e1lis term\u00e9kek ker\u00fclnek a piacra. Gagyap\u00e1tiban friss gy\u00fcm\u00f6lcslevek k\u00e9sz\u00fclnek majd \u00e9s [&hellip;]<\/p>\n","protected":false},"author":1,"featured_media":4651,"comment_status":"closed","ping_status":"open","sticky":false,"template":"","format":"standard","meta":{"inline_featured_image":false,"footnotes":""},"categories":[3],"tags":[],"class_list":["post-7507","post","type-post","status-publish","format-standard","has-post-thumbnail","hentry","category-uncategorized-hu"],"acf":[],"yoast_head":"<!-- This site is optimized with the Yoast SEO plugin v27.5 - https:\/\/yoast.com\/product\/yoast-seo-wordpress\/ -->\n<title>Utols\u00f3 igaz\u00e1t\u00e1sok \u00e9s elkezd\u0151dhet a gy\u00e1rt\u00e1s - ViaCarpatia<\/title>\n<meta name=\"robots\" content=\"index, follow, max-snippet:-1, max-image-preview:large, max-video-preview:-1\" \/>\n<link rel=\"canonical\" href=\"https:\/\/viacarpatia.eu\/hu\/posledne-upravy-a-vyroba-sa-moze-zacat\/\" \/>\n<meta property=\"og:locale\" content=\"hu_HU\" \/>\n<meta property=\"og:type\" content=\"article\" \/>\n<meta property=\"og:title\" content=\"Utols\u00f3 igaz\u00e1t\u00e1sok \u00e9s elkezd\u0151dhet a gy\u00e1rt\u00e1s - ViaCarpatia\" \/>\n<meta property=\"og:description\" content=\"A Sz\u00e9pcsereh\u00e1t Hat\u00e1ron \u00c1tny\u00fal\u00f3 Foglalkoztat\u00e1si Akci\u00f3terv lassan k\u00f6zeledik a c\u00e9lj\u00e1hoz. 2022. febru\u00e1r 3.-\u00e1n az SKHU Local +1 \u00e9s SKHU Local +2 partnerek projekttal\u00e1lkoz\u00f3j\u00e1ra ker\u00fclt sor. Megvitattuk a tervezett munk\u00e1latok utols\u00f3 l\u00e9p\u00e9seit, \u00e9s meg\u00e1llapodtunk az egyes gy\u00e1rak \u00e1tad\u00e1s\u00e1nak id\u0151pontjair\u00f3l. \u00daj munkahelyek j\u00f6nnek l\u00e9tre, \u00e9s min\u0151s\u00e9gi region\u00e1lis term\u00e9kek ker\u00fclnek a piacra. Gagyap\u00e1tiban friss gy\u00fcm\u00f6lcslevek k\u00e9sz\u00fclnek majd \u00e9s [&hellip;]\" \/>\n<meta property=\"og:url\" content=\"https:\/\/viacarpatia.eu\/hu\/posledne-upravy-a-vyroba-sa-moze-zacat\/\" \/>\n<meta property=\"og:site_name\" content=\"ViaCarpatia\" \/>\n<meta property=\"article:published_time\" content=\"2023-04-24T11:50:47+00:00\" \/>\n<meta property=\"article:modified_time\" content=\"2023-05-18T12:24:24+00:00\" \/>\n<meta property=\"og:image\" content=\"https:\/\/viacarpatia.eu\/wp-content\/uploads\/2023\/04\/stretko-11.jpg\" \/>\n\t<meta property=\"og:image:width\" content=\"1600\" \/>\n\t<meta property=\"og:image:height\" content=\"1200\" \/>\n\t<meta property=\"og:image:type\" content=\"image\/jpeg\" \/>\n<meta name=\"author\" content=\"promiseo\" \/>\n<meta name=\"twitter:card\" content=\"summary_large_image\" \/>\n<meta name=\"twitter:label1\" content=\"Szerz\u0151:\" \/>\n\t<meta name=\"twitter:data1\" content=\"promiseo\" \/>\n<script type=\"application\/ld+json\" class=\"yoast-schema-graph\">{\"@context\":\"https:\\\/\\\/schema.org\",\"@graph\":[{\"@type\":\"Article\",\"@id\":\"https:\\\/\\\/viacarpatia.eu\\\/hu\\\/posledne-upravy-a-vyroba-sa-moze-zacat\\\/#article\",\"isPartOf\":{\"@id\":\"https:\\\/\\\/viacarpatia.eu\\\/hu\\\/posledne-upravy-a-vyroba-sa-moze-zacat\\\/\"},\"author\":{\"name\":\"promiseo\",\"@id\":\"https:\\\/\\\/viacarpatia.eu\\\/#\\\/schema\\\/person\\\/ad78fca7d58f189d57a6e54af785b1af\"},\"headline\":\"Utols\u00f3 igaz\u00e1t\u00e1sok \u00e9s elkezd\u0151dhet a gy\u00e1rt\u00e1s\",\"datePublished\":\"2023-04-24T11:50:47+00:00\",\"dateModified\":\"2023-05-18T12:24:24+00:00\",\"mainEntityOfPage\":{\"@id\":\"https:\\\/\\\/viacarpatia.eu\\\/hu\\\/posledne-upravy-a-vyroba-sa-moze-zacat\\\/\"},\"wordCount\":195,\"image\":{\"@id\":\"https:\\\/\\\/viacarpatia.eu\\\/hu\\\/posledne-upravy-a-vyroba-sa-moze-zacat\\\/#primaryimage\"},\"thumbnailUrl\":\"https:\\\/\\\/viacarpatia.eu\\\/wp-content\\\/uploads\\\/2023\\\/04\\\/stretko-11.jpg\",\"articleSection\":[\"Uncategorized\"],\"inLanguage\":\"hu\"},{\"@type\":\"WebPage\",\"@id\":\"https:\\\/\\\/viacarpatia.eu\\\/hu\\\/posledne-upravy-a-vyroba-sa-moze-zacat\\\/\",\"url\":\"https:\\\/\\\/viacarpatia.eu\\\/hu\\\/posledne-upravy-a-vyroba-sa-moze-zacat\\\/\",\"name\":\"Utols\u00f3 igaz\u00e1t\u00e1sok \u00e9s elkezd\u0151dhet a gy\u00e1rt\u00e1s - ViaCarpatia\",\"isPartOf\":{\"@id\":\"https:\\\/\\\/viacarpatia.eu\\\/#website\"},\"primaryImageOfPage\":{\"@id\":\"https:\\\/\\\/viacarpatia.eu\\\/hu\\\/posledne-upravy-a-vyroba-sa-moze-zacat\\\/#primaryimage\"},\"image\":{\"@id\":\"https:\\\/\\\/viacarpatia.eu\\\/hu\\\/posledne-upravy-a-vyroba-sa-moze-zacat\\\/#primaryimage\"},\"thumbnailUrl\":\"https:\\\/\\\/viacarpatia.eu\\\/wp-content\\\/uploads\\\/2023\\\/04\\\/stretko-11.jpg\",\"datePublished\":\"2023-04-24T11:50:47+00:00\",\"dateModified\":\"2023-05-18T12:24:24+00:00\",\"author\":{\"@id\":\"https:\\\/\\\/viacarpatia.eu\\\/#\\\/schema\\\/person\\\/ad78fca7d58f189d57a6e54af785b1af\"},\"breadcrumb\":{\"@id\":\"https:\\\/\\\/viacarpatia.eu\\\/hu\\\/posledne-upravy-a-vyroba-sa-moze-zacat\\\/#breadcrumb\"},\"inLanguage\":\"hu\",\"potentialAction\":[{\"@type\":\"ReadAction\",\"target\":[\"https:\\\/\\\/viacarpatia.eu\\\/hu\\\/posledne-upravy-a-vyroba-sa-moze-zacat\\\/\"]}]},{\"@type\":\"ImageObject\",\"inLanguage\":\"hu\",\"@id\":\"https:\\\/\\\/viacarpatia.eu\\\/hu\\\/posledne-upravy-a-vyroba-sa-moze-zacat\\\/#primaryimage\",\"url\":\"https:\\\/\\\/viacarpatia.eu\\\/wp-content\\\/uploads\\\/2023\\\/04\\\/stretko-11.jpg\",\"contentUrl\":\"https:\\\/\\\/viacarpatia.eu\\\/wp-content\\\/uploads\\\/2023\\\/04\\\/stretko-11.jpg\",\"width\":1600,\"height\":1200},{\"@type\":\"BreadcrumbList\",\"@id\":\"https:\\\/\\\/viacarpatia.eu\\\/hu\\\/posledne-upravy-a-vyroba-sa-moze-zacat\\\/#breadcrumb\",\"itemListElement\":[{\"@type\":\"ListItem\",\"position\":1,\"name\":\"Home\",\"item\":\"https:\\\/\\\/viacarpatia.eu\\\/\"},{\"@type\":\"ListItem\",\"position\":2,\"name\":\"Utols\u00f3 igaz\u00e1t\u00e1sok \u00e9s elkezd\u0151dhet a gy\u00e1rt\u00e1s\"}]},{\"@type\":\"WebSite\",\"@id\":\"https:\\\/\\\/viacarpatia.eu\\\/#website\",\"url\":\"https:\\\/\\\/viacarpatia.eu\\\/\",\"name\":\"ViaCarpatia\",\"description\":\"Sp\u00e1jame historick\u00e9 a kult\u00farno-jazykov\u00e9 trad\u00edcie\",\"alternateName\":\"ViaCarpatia\",\"potentialAction\":[{\"@type\":\"SearchAction\",\"target\":{\"@type\":\"EntryPoint\",\"urlTemplate\":\"https:\\\/\\\/viacarpatia.eu\\\/?s={search_term_string}\"},\"query-input\":{\"@type\":\"PropertyValueSpecification\",\"valueRequired\":true,\"valueName\":\"search_term_string\"}}],\"inLanguage\":\"hu\"},{\"@type\":\"Person\",\"@id\":\"https:\\\/\\\/viacarpatia.eu\\\/#\\\/schema\\\/person\\\/ad78fca7d58f189d57a6e54af785b1af\",\"name\":\"promiseo\",\"image\":{\"@type\":\"ImageObject\",\"inLanguage\":\"hu\",\"@id\":\"https:\\\/\\\/secure.gravatar.com\\\/avatar\\\/e836a21cdda7d1a602c49880145b7a9b7a76ee1acdc3df5fb44089ead12fd2b1?s=96&d=mm&r=g\",\"url\":\"https:\\\/\\\/secure.gravatar.com\\\/avatar\\\/e836a21cdda7d1a602c49880145b7a9b7a76ee1acdc3df5fb44089ead12fd2b1?s=96&d=mm&r=g\",\"contentUrl\":\"https:\\\/\\\/secure.gravatar.com\\\/avatar\\\/e836a21cdda7d1a602c49880145b7a9b7a76ee1acdc3df5fb44089ead12fd2b1?s=96&d=mm&r=g\",\"caption\":\"promiseo\"},\"sameAs\":[\"https:\\\/\\\/viacarpatia.eu\"],\"url\":\"https:\\\/\\\/viacarpatia.eu\\\/hu\\\/author\\\/promiseo\\\/\"}]}<\/script>\n<!-- \/ Yoast SEO plugin. -->","yoast_head_json":{"title":"Utols\u00f3 igaz\u00e1t\u00e1sok \u00e9s elkezd\u0151dhet a gy\u00e1rt\u00e1s - ViaCarpatia","robots":{"index":"index","follow":"follow","max-snippet":"max-snippet:-1","max-image-preview":"max-image-preview:large","max-video-preview":"max-video-preview:-1"},"canonical":"https:\/\/viacarpatia.eu\/hu\/posledne-upravy-a-vyroba-sa-moze-zacat\/","og_locale":"hu_HU","og_type":"article","og_title":"Utols\u00f3 igaz\u00e1t\u00e1sok \u00e9s elkezd\u0151dhet a gy\u00e1rt\u00e1s - ViaCarpatia","og_description":"A Sz\u00e9pcsereh\u00e1t Hat\u00e1ron \u00c1tny\u00fal\u00f3 Foglalkoztat\u00e1si Akci\u00f3terv lassan k\u00f6zeledik a c\u00e9lj\u00e1hoz. 2022. febru\u00e1r 3.-\u00e1n az SKHU Local +1 \u00e9s SKHU Local +2 partnerek projekttal\u00e1lkoz\u00f3j\u00e1ra ker\u00fclt sor. Megvitattuk a tervezett munk\u00e1latok utols\u00f3 l\u00e9p\u00e9seit, \u00e9s meg\u00e1llapodtunk az egyes gy\u00e1rak \u00e1tad\u00e1s\u00e1nak id\u0151pontjair\u00f3l. \u00daj munkahelyek j\u00f6nnek l\u00e9tre, \u00e9s min\u0151s\u00e9gi region\u00e1lis term\u00e9kek ker\u00fclnek a piacra. Gagyap\u00e1tiban friss gy\u00fcm\u00f6lcslevek k\u00e9sz\u00fclnek majd \u00e9s [&hellip;]","og_url":"https:\/\/viacarpatia.eu\/hu\/posledne-upravy-a-vyroba-sa-moze-zacat\/","og_site_name":"ViaCarpatia","article_published_time":"2023-04-24T11:50:47+00:00","article_modified_time":"2023-05-18T12:24:24+00:00","og_image":[{"width":1600,"height":1200,"url":"https:\/\/viacarpatia.eu\/wp-content\/uploads\/2023\/04\/stretko-11.jpg","type":"image\/jpeg"}],"author":"promiseo","twitter_card":"summary_large_image","twitter_misc":{"Szerz\u0151:":"promiseo"},"schema":{"@context":"https:\/\/schema.org","@graph":[{"@type":"Article","@id":"https:\/\/viacarpatia.eu\/hu\/posledne-upravy-a-vyroba-sa-moze-zacat\/#article","isPartOf":{"@id":"https:\/\/viacarpatia.eu\/hu\/posledne-upravy-a-vyroba-sa-moze-zacat\/"},"author":{"name":"promiseo","@id":"https:\/\/viacarpatia.eu\/#\/schema\/person\/ad78fca7d58f189d57a6e54af785b1af"},"headline":"Utols\u00f3 igaz\u00e1t\u00e1sok \u00e9s elkezd\u0151dhet a gy\u00e1rt\u00e1s","datePublished":"2023-04-24T11:50:47+00:00","dateModified":"2023-05-18T12:24:24+00:00","mainEntityOfPage":{"@id":"https:\/\/viacarpatia.eu\/hu\/posledne-upravy-a-vyroba-sa-moze-zacat\/"},"wordCount":195,"image":{"@id":"https:\/\/viacarpatia.eu\/hu\/posledne-upravy-a-vyroba-sa-moze-zacat\/#primaryimage"},"thumbnailUrl":"https:\/\/viacarpatia.eu\/wp-content\/uploads\/2023\/04\/stretko-11.jpg","articleSection":["Uncategorized"],"inLanguage":"hu"},{"@type":"WebPage","@id":"https:\/\/viacarpatia.eu\/hu\/posledne-upravy-a-vyroba-sa-moze-zacat\/","url":"https:\/\/viacarpatia.eu\/hu\/posledne-upravy-a-vyroba-sa-moze-zacat\/","name":"Utols\u00f3 igaz\u00e1t\u00e1sok \u00e9s elkezd\u0151dhet a gy\u00e1rt\u00e1s - ViaCarpatia","isPartOf":{"@id":"https:\/\/viacarpatia.eu\/#website"},"primaryImageOfPage":{"@id":"https:\/\/viacarpatia.eu\/hu\/posledne-upravy-a-vyroba-sa-moze-zacat\/#primaryimage"},"image":{"@id":"https:\/\/viacarpatia.eu\/hu\/posledne-upravy-a-vyroba-sa-moze-zacat\/#primaryimage"},"thumbnailUrl":"https:\/\/viacarpatia.eu\/wp-content\/uploads\/2023\/04\/stretko-11.jpg","datePublished":"2023-04-24T11:50:47+00:00","dateModified":"2023-05-18T12:24:24+00:00","author":{"@id":"https:\/\/viacarpatia.eu\/#\/schema\/person\/ad78fca7d58f189d57a6e54af785b1af"},"breadcrumb":{"@id":"https:\/\/viacarpatia.eu\/hu\/posledne-upravy-a-vyroba-sa-moze-zacat\/#breadcrumb"},"inLanguage":"hu","potentialAction":[{"@type":"ReadAction","target":["https:\/\/viacarpatia.eu\/hu\/posledne-upravy-a-vyroba-sa-moze-zacat\/"]}]},{"@type":"ImageObject","inLanguage":"hu","@id":"https:\/\/viacarpatia.eu\/hu\/posledne-upravy-a-vyroba-sa-moze-zacat\/#primaryimage","url":"https:\/\/viacarpatia.eu\/wp-content\/uploads\/2023\/04\/stretko-11.jpg","contentUrl":"https:\/\/viacarpatia.eu\/wp-content\/uploads\/2023\/04\/stretko-11.jpg","width":1600,"height":1200},{"@type":"BreadcrumbList","@id":"https:\/\/viacarpatia.eu\/hu\/posledne-upravy-a-vyroba-sa-moze-zacat\/#breadcrumb","itemListElement":[{"@type":"ListItem","position":1,"name":"Home","item":"https:\/\/viacarpatia.eu\/"},{"@type":"ListItem","position":2,"name":"Utols\u00f3 igaz\u00e1t\u00e1sok \u00e9s elkezd\u0151dhet a gy\u00e1rt\u00e1s"}]},{"@type":"WebSite","@id":"https:\/\/viacarpatia.eu\/#website","url":"https:\/\/viacarpatia.eu\/","name":"ViaCarpatia","description":"Sp\u00e1jame historick\u00e9 a kult\u00farno-jazykov\u00e9 trad\u00edcie","alternateName":"ViaCarpatia","potentialAction":[{"@type":"SearchAction","target":{"@type":"EntryPoint","urlTemplate":"https:\/\/viacarpatia.eu\/?s={search_term_string}"},"query-input":{"@type":"PropertyValueSpecification","valueRequired":true,"valueName":"search_term_string"}}],"inLanguage":"hu"},{"@type":"Person","@id":"https:\/\/viacarpatia.eu\/#\/schema\/person\/ad78fca7d58f189d57a6e54af785b1af","name":"promiseo","image":{"@type":"ImageObject","inLanguage":"hu","@id":"https:\/\/secure.gravatar.com\/avatar\/e836a21cdda7d1a602c49880145b7a9b7a76ee1acdc3df5fb44089ead12fd2b1?s=96&d=mm&r=g","url":"https:\/\/secure.gravatar.com\/avatar\/e836a21cdda7d1a602c49880145b7a9b7a76ee1acdc3df5fb44089ead12fd2b1?s=96&d=mm&r=g","contentUrl":"https:\/\/secure.gravatar.com\/avatar\/e836a21cdda7d1a602c49880145b7a9b7a76ee1acdc3df5fb44089ead12fd2b1?s=96&d=mm&r=g","caption":"promiseo"},"sameAs":["https:\/\/viacarpatia.eu"],"url":"https:\/\/viacarpatia.eu\/hu\/author\/promiseo\/"}]}},"_links":{"self":[{"href":"https:\/\/viacarpatia.eu\/hu\/wp-json\/wp\/v2\/posts\/7507","targetHints":{"allow":["GET"]}}],"collection":[{"href":"https:\/\/viacarpatia.eu\/hu\/wp-json\/wp\/v2\/posts"}],"about":[{"href":"https:\/\/viacarpatia.eu\/hu\/wp-json\/wp\/v2\/types\/post"}],"author":[{"embeddable":true,"href":"https:\/\/viacarpatia.eu\/hu\/wp-json\/wp\/v2\/users\/1"}],"replies":[{"embeddable":true,"href":"https:\/\/viacarpatia.eu\/hu\/wp-json\/wp\/v2\/comments?post=7507"}],"version-history":[{"count":1,"href":"https:\/\/viacarpatia.eu\/hu\/wp-json\/wp\/v2\/posts\/7507\/revisions"}],"predecessor-version":[{"id":7508,"href":"https:\/\/viacarpatia.eu\/hu\/wp-json\/wp\/v2\/posts\/7507\/revisions\/7508"}],"wp:featuredmedia":[{"embeddable":true,"href":"https:\/\/viacarpatia.eu\/hu\/wp-json\/wp\/v2\/media\/4651"}],"wp:attachment":[{"href":"https:\/\/viacarpatia.eu\/hu\/wp-json\/wp\/v2\/media?parent=7507"}],"wp:term":[{"taxonomy":"category","embeddable":true,"href":"https:\/\/viacarpatia.eu\/hu\/wp-json\/wp\/v2\/categories?post=7507"},{"taxonomy":"post_tag","embeddable":true,"href":"https:\/\/viacarpatia.eu\/hu\/wp-json\/wp\/v2\/tags?post=7507"}],"curies":[{"name":"wp","href":"https:\/\/api.w.org\/{rel}","templated":true}]}}