{"id":7530,"date":"2023-04-24T14:09:28","date_gmt":"2023-04-24T12:09:28","guid":{"rendered":"https:\/\/viacarpatia.eu\/gratulacia-ziakom-k-ich-uspesnym-projektom-v-ramci-sutaze-zlepsi-skolu-a-jej-okolie\/"},"modified":"2023-05-18T14:26:30","modified_gmt":"2023-05-18T12:26:30","slug":"gratulacia-ziakom-k-ich-uspesnym-projektom-v-ramci-sutaze-zlepsi-skolu-a-jej-okolie","status":"publish","type":"post","link":"https:\/\/viacarpatia.eu\/hu\/gratulacia-ziakom-k-ich-uspesnym-projektom-v-ramci-sutaze-zlepsi-skolu-a-jej-okolie\/","title":{"rendered":"Gratul\u00e1lunk a di\u00e1koknak a Fejleszd az iskol\u00e1t \u00e9s annak k\u00f6rnyezet\u00e9t! p\u00e1ly\u00e1zat keret\u00e9ben el\u00e9rt sikerekhez"},"content":{"rendered":"<p>A \u201eN\u00f6velj\u00fck a tanul\u00f3k k\u00f6rnyezeti felel\u0151ss\u00e9gv\u00e1llal\u00e1s\u00e1t!\u201d c\u00edm\u0171 projekt keret\u00e9ben meghirdetett \u201eFejleszd az iskol\u00e1t \u00e9s annak k\u00f6rnyezet\u00e9t!\u201d p\u00e1ly\u00e1zaton benevezett, \u00fcgyes tanul\u00f3kat d\u00edjaztuk a sikeres projektjeik\u00e9rt. A projektek r\u00e9szek\u00e9nt a di\u00e1kok megmutatt\u00e1k kreativit\u00e1sukat \u00e9s kritikus gondolkod\u00e1sukat, \u00e9s \u00e9rdekes int\u00e9zked\u00e9seket javasoltak az iskola \u00e9s k\u00f6rny\u00e9ke k\u00f6rnyezetv\u00e9delmi szempontjainak jav\u00edt\u00e1s\u00e1ra.<\/p>\n<p>D\u00edjazott di\u00e1kok:<\/p>\n<ul>\n<li>\u013dudov\u00edta Fulla Alapiskola, Kassa<\/li>\n<li>Gimn\u00e1zium \u0160rob\u00e1rova, Kassa<\/li>\n<li>Kereskedelmi \u00e9s Szolg\u00e1ltat\u00f3 Szakk\u00f6z\u00e9piskola, Szobr\u00e1nc<\/li>\n<\/ul>\n<p>\u00d6r\u00fcl\u00fcnk a fiatalok \u00e9rdekl\u0151d\u00e9s\u00e9nek az \u00f6kol\u00f3gia \u00e9s a k\u00f6rforg\u00e1sos gazdas\u00e1g ir\u00e1nt, \u00e9s rem\u00e9lj\u00fck, hogy a versenyen szerzett tapasztalatokat a j\u00f6v\u0151ben is hasznos\u00edtani fogj\u00e1k.<\/p>\n<p>A Szlov\u00e1k K\u00f6zt\u00e1rsas\u00e1g Beruh\u00e1z\u00e1si, Ter\u00fcletfejleszt\u00e9si \u00e9s Informatiz\u00e1ci\u00f3s Miniszt\u00e9rium\u00e1nak p\u00e9nz\u00fcgyi t\u00e1mogat\u00e1s\u00e1val val\u00f3sult meg &#8211; Region\u00e1lis Fejleszt\u00e9si T\u00e1mogat\u00e1si Program.<\/p>\n<p><img loading=\"lazy\" decoding=\"async\" class=\"aligncenter\" src=\"https:\/\/viacarpatia.eu\/wp-content\/uploads\/2023\/04\/P4-Logo-MIRRI4.png\" alt=\"\" width=\"200\" height=\"46\" \/><\/p>\n","protected":false},"excerpt":{"rendered":"<p>A \u201eN\u00f6velj\u00fck a tanul\u00f3k k\u00f6rnyezeti felel\u0151ss\u00e9gv\u00e1llal\u00e1s\u00e1t!\u201d c\u00edm\u0171 projekt keret\u00e9ben meghirdetett \u201eFejleszd az iskol\u00e1t \u00e9s annak k\u00f6rnyezet\u00e9t!\u201d p\u00e1ly\u00e1zaton benevezett, \u00fcgyes tanul\u00f3kat d\u00edjaztuk a sikeres projektjeik\u00e9rt. A projektek r\u00e9szek\u00e9nt a di\u00e1kok megmutatt\u00e1k kreativit\u00e1sukat \u00e9s kritikus gondolkod\u00e1sukat, \u00e9s \u00e9rdekes int\u00e9zked\u00e9seket javasoltak az iskola \u00e9s k\u00f6rny\u00e9ke k\u00f6rnyezetv\u00e9delmi szempontjainak jav\u00edt\u00e1s\u00e1ra. D\u00edjazott di\u00e1kok: \u013dudov\u00edta Fulla Alapiskola, Kassa Gimn\u00e1zium \u0160rob\u00e1rova, Kassa Kereskedelmi [&hellip;]<\/p>\n","protected":false},"author":1,"featured_media":4741,"comment_status":"closed","ping_status":"open","sticky":false,"template":"","format":"standard","meta":{"inline_featured_image":false,"footnotes":""},"categories":[3],"tags":[],"class_list":["post-7530","post","type-post","status-publish","format-standard","has-post-thumbnail","hentry","category-uncategorized-hu"],"acf":[],"yoast_head":"<!-- This site is optimized with the Yoast SEO plugin v27.5 - https:\/\/yoast.com\/product\/yoast-seo-wordpress\/ -->\n<title>Gratul\u00e1lunk a di\u00e1koknak a Fejleszd az iskol\u00e1t \u00e9s annak k\u00f6rnyezet\u00e9t! p\u00e1ly\u00e1zat keret\u00e9ben el\u00e9rt sikerekhez - ViaCarpatia<\/title>\n<meta name=\"robots\" content=\"index, follow, max-snippet:-1, max-image-preview:large, max-video-preview:-1\" \/>\n<link rel=\"canonical\" href=\"https:\/\/viacarpatia.eu\/hu\/gratulacia-ziakom-k-ich-uspesnym-projektom-v-ramci-sutaze-zlepsi-skolu-a-jej-okolie\/\" \/>\n<meta property=\"og:locale\" content=\"hu_HU\" \/>\n<meta property=\"og:type\" content=\"article\" \/>\n<meta property=\"og:title\" content=\"Gratul\u00e1lunk a di\u00e1koknak a Fejleszd az iskol\u00e1t \u00e9s annak k\u00f6rnyezet\u00e9t! p\u00e1ly\u00e1zat keret\u00e9ben el\u00e9rt sikerekhez - ViaCarpatia\" \/>\n<meta property=\"og:description\" content=\"A \u201eN\u00f6velj\u00fck a tanul\u00f3k k\u00f6rnyezeti felel\u0151ss\u00e9gv\u00e1llal\u00e1s\u00e1t!\u201d c\u00edm\u0171 projekt keret\u00e9ben meghirdetett \u201eFejleszd az iskol\u00e1t \u00e9s annak k\u00f6rnyezet\u00e9t!\u201d p\u00e1ly\u00e1zaton benevezett, \u00fcgyes tanul\u00f3kat d\u00edjaztuk a sikeres projektjeik\u00e9rt. A projektek r\u00e9szek\u00e9nt a di\u00e1kok megmutatt\u00e1k kreativit\u00e1sukat \u00e9s kritikus gondolkod\u00e1sukat, \u00e9s \u00e9rdekes int\u00e9zked\u00e9seket javasoltak az iskola \u00e9s k\u00f6rny\u00e9ke k\u00f6rnyezetv\u00e9delmi szempontjainak jav\u00edt\u00e1s\u00e1ra. D\u00edjazott di\u00e1kok: \u013dudov\u00edta Fulla Alapiskola, Kassa Gimn\u00e1zium \u0160rob\u00e1rova, Kassa Kereskedelmi [&hellip;]\" \/>\n<meta property=\"og:url\" content=\"https:\/\/viacarpatia.eu\/hu\/gratulacia-ziakom-k-ich-uspesnym-projektom-v-ramci-sutaze-zlepsi-skolu-a-jej-okolie\/\" \/>\n<meta property=\"og:site_name\" content=\"ViaCarpatia\" \/>\n<meta property=\"article:published_time\" content=\"2023-04-24T12:09:28+00:00\" \/>\n<meta property=\"article:modified_time\" content=\"2023-05-18T12:26:30+00:00\" \/>\n<meta property=\"og:image\" content=\"https:\/\/viacarpatia.eu\/wp-content\/uploads\/2023\/04\/O-51.jpg\" \/>\n\t<meta property=\"og:image:width\" content=\"1600\" \/>\n\t<meta property=\"og:image:height\" content=\"1200\" \/>\n\t<meta property=\"og:image:type\" content=\"image\/jpeg\" \/>\n<meta name=\"author\" content=\"promiseo\" \/>\n<meta name=\"twitter:card\" content=\"summary_large_image\" \/>\n<meta name=\"twitter:label1\" content=\"Szerz\u0151:\" \/>\n\t<meta name=\"twitter:data1\" content=\"promiseo\" \/>\n\t<meta name=\"twitter:label2\" content=\"Becs\u00fclt olvas\u00e1si id\u0151\" \/>\n\t<meta name=\"twitter:data2\" content=\"1 perc\" \/>\n<script type=\"application\/ld+json\" class=\"yoast-schema-graph\">{\"@context\":\"https:\\\/\\\/schema.org\",\"@graph\":[{\"@type\":\"Article\",\"@id\":\"https:\\\/\\\/viacarpatia.eu\\\/hu\\\/gratulacia-ziakom-k-ich-uspesnym-projektom-v-ramci-sutaze-zlepsi-skolu-a-jej-okolie\\\/#article\",\"isPartOf\":{\"@id\":\"https:\\\/\\\/viacarpatia.eu\\\/hu\\\/gratulacia-ziakom-k-ich-uspesnym-projektom-v-ramci-sutaze-zlepsi-skolu-a-jej-okolie\\\/\"},\"author\":{\"name\":\"promiseo\",\"@id\":\"https:\\\/\\\/viacarpatia.eu\\\/#\\\/schema\\\/person\\\/ad78fca7d58f189d57a6e54af785b1af\"},\"headline\":\"Gratul\u00e1lunk a di\u00e1koknak a Fejleszd az iskol\u00e1t \u00e9s annak k\u00f6rnyezet\u00e9t! p\u00e1ly\u00e1zat keret\u00e9ben el\u00e9rt sikerekhez\",\"datePublished\":\"2023-04-24T12:09:28+00:00\",\"dateModified\":\"2023-05-18T12:26:30+00:00\",\"mainEntityOfPage\":{\"@id\":\"https:\\\/\\\/viacarpatia.eu\\\/hu\\\/gratulacia-ziakom-k-ich-uspesnym-projektom-v-ramci-sutaze-zlepsi-skolu-a-jej-okolie\\\/\"},\"wordCount\":203,\"image\":{\"@id\":\"https:\\\/\\\/viacarpatia.eu\\\/hu\\\/gratulacia-ziakom-k-ich-uspesnym-projektom-v-ramci-sutaze-zlepsi-skolu-a-jej-okolie\\\/#primaryimage\"},\"thumbnailUrl\":\"https:\\\/\\\/viacarpatia.eu\\\/wp-content\\\/uploads\\\/2023\\\/04\\\/O-51.jpg\",\"articleSection\":[\"Uncategorized\"],\"inLanguage\":\"hu\"},{\"@type\":\"WebPage\",\"@id\":\"https:\\\/\\\/viacarpatia.eu\\\/hu\\\/gratulacia-ziakom-k-ich-uspesnym-projektom-v-ramci-sutaze-zlepsi-skolu-a-jej-okolie\\\/\",\"url\":\"https:\\\/\\\/viacarpatia.eu\\\/hu\\\/gratulacia-ziakom-k-ich-uspesnym-projektom-v-ramci-sutaze-zlepsi-skolu-a-jej-okolie\\\/\",\"name\":\"Gratul\u00e1lunk a di\u00e1koknak a Fejleszd az iskol\u00e1t \u00e9s annak k\u00f6rnyezet\u00e9t! p\u00e1ly\u00e1zat keret\u00e9ben el\u00e9rt sikerekhez - ViaCarpatia\",\"isPartOf\":{\"@id\":\"https:\\\/\\\/viacarpatia.eu\\\/#website\"},\"primaryImageOfPage\":{\"@id\":\"https:\\\/\\\/viacarpatia.eu\\\/hu\\\/gratulacia-ziakom-k-ich-uspesnym-projektom-v-ramci-sutaze-zlepsi-skolu-a-jej-okolie\\\/#primaryimage\"},\"image\":{\"@id\":\"https:\\\/\\\/viacarpatia.eu\\\/hu\\\/gratulacia-ziakom-k-ich-uspesnym-projektom-v-ramci-sutaze-zlepsi-skolu-a-jej-okolie\\\/#primaryimage\"},\"thumbnailUrl\":\"https:\\\/\\\/viacarpatia.eu\\\/wp-content\\\/uploads\\\/2023\\\/04\\\/O-51.jpg\",\"datePublished\":\"2023-04-24T12:09:28+00:00\",\"dateModified\":\"2023-05-18T12:26:30+00:00\",\"author\":{\"@id\":\"https:\\\/\\\/viacarpatia.eu\\\/#\\\/schema\\\/person\\\/ad78fca7d58f189d57a6e54af785b1af\"},\"breadcrumb\":{\"@id\":\"https:\\\/\\\/viacarpatia.eu\\\/hu\\\/gratulacia-ziakom-k-ich-uspesnym-projektom-v-ramci-sutaze-zlepsi-skolu-a-jej-okolie\\\/#breadcrumb\"},\"inLanguage\":\"hu\",\"potentialAction\":[{\"@type\":\"ReadAction\",\"target\":[\"https:\\\/\\\/viacarpatia.eu\\\/hu\\\/gratulacia-ziakom-k-ich-uspesnym-projektom-v-ramci-sutaze-zlepsi-skolu-a-jej-okolie\\\/\"]}]},{\"@type\":\"ImageObject\",\"inLanguage\":\"hu\",\"@id\":\"https:\\\/\\\/viacarpatia.eu\\\/hu\\\/gratulacia-ziakom-k-ich-uspesnym-projektom-v-ramci-sutaze-zlepsi-skolu-a-jej-okolie\\\/#primaryimage\",\"url\":\"https:\\\/\\\/viacarpatia.eu\\\/wp-content\\\/uploads\\\/2023\\\/04\\\/O-51.jpg\",\"contentUrl\":\"https:\\\/\\\/viacarpatia.eu\\\/wp-content\\\/uploads\\\/2023\\\/04\\\/O-51.jpg\",\"width\":1600,\"height\":1200},{\"@type\":\"BreadcrumbList\",\"@id\":\"https:\\\/\\\/viacarpatia.eu\\\/hu\\\/gratulacia-ziakom-k-ich-uspesnym-projektom-v-ramci-sutaze-zlepsi-skolu-a-jej-okolie\\\/#breadcrumb\",\"itemListElement\":[{\"@type\":\"ListItem\",\"position\":1,\"name\":\"Home\",\"item\":\"https:\\\/\\\/viacarpatia.eu\\\/\"},{\"@type\":\"ListItem\",\"position\":2,\"name\":\"Gratul\u00e1lunk a di\u00e1koknak a Fejleszd az iskol\u00e1t \u00e9s annak k\u00f6rnyezet\u00e9t! p\u00e1ly\u00e1zat keret\u00e9ben el\u00e9rt sikerekhez\"}]},{\"@type\":\"WebSite\",\"@id\":\"https:\\\/\\\/viacarpatia.eu\\\/#website\",\"url\":\"https:\\\/\\\/viacarpatia.eu\\\/\",\"name\":\"ViaCarpatia\",\"description\":\"Sp\u00e1jame historick\u00e9 a kult\u00farno-jazykov\u00e9 trad\u00edcie\",\"alternateName\":\"ViaCarpatia\",\"potentialAction\":[{\"@type\":\"SearchAction\",\"target\":{\"@type\":\"EntryPoint\",\"urlTemplate\":\"https:\\\/\\\/viacarpatia.eu\\\/?s={search_term_string}\"},\"query-input\":{\"@type\":\"PropertyValueSpecification\",\"valueRequired\":true,\"valueName\":\"search_term_string\"}}],\"inLanguage\":\"hu\"},{\"@type\":\"Person\",\"@id\":\"https:\\\/\\\/viacarpatia.eu\\\/#\\\/schema\\\/person\\\/ad78fca7d58f189d57a6e54af785b1af\",\"name\":\"promiseo\",\"image\":{\"@type\":\"ImageObject\",\"inLanguage\":\"hu\",\"@id\":\"https:\\\/\\\/secure.gravatar.com\\\/avatar\\\/e836a21cdda7d1a602c49880145b7a9b7a76ee1acdc3df5fb44089ead12fd2b1?s=96&d=mm&r=g\",\"url\":\"https:\\\/\\\/secure.gravatar.com\\\/avatar\\\/e836a21cdda7d1a602c49880145b7a9b7a76ee1acdc3df5fb44089ead12fd2b1?s=96&d=mm&r=g\",\"contentUrl\":\"https:\\\/\\\/secure.gravatar.com\\\/avatar\\\/e836a21cdda7d1a602c49880145b7a9b7a76ee1acdc3df5fb44089ead12fd2b1?s=96&d=mm&r=g\",\"caption\":\"promiseo\"},\"sameAs\":[\"https:\\\/\\\/viacarpatia.eu\"],\"url\":\"https:\\\/\\\/viacarpatia.eu\\\/hu\\\/author\\\/promiseo\\\/\"}]}<\/script>\n<!-- \/ Yoast SEO plugin. -->","yoast_head_json":{"title":"Gratul\u00e1lunk a di\u00e1koknak a Fejleszd az iskol\u00e1t \u00e9s annak k\u00f6rnyezet\u00e9t! p\u00e1ly\u00e1zat keret\u00e9ben el\u00e9rt sikerekhez - ViaCarpatia","robots":{"index":"index","follow":"follow","max-snippet":"max-snippet:-1","max-image-preview":"max-image-preview:large","max-video-preview":"max-video-preview:-1"},"canonical":"https:\/\/viacarpatia.eu\/hu\/gratulacia-ziakom-k-ich-uspesnym-projektom-v-ramci-sutaze-zlepsi-skolu-a-jej-okolie\/","og_locale":"hu_HU","og_type":"article","og_title":"Gratul\u00e1lunk a di\u00e1koknak a Fejleszd az iskol\u00e1t \u00e9s annak k\u00f6rnyezet\u00e9t! p\u00e1ly\u00e1zat keret\u00e9ben el\u00e9rt sikerekhez - ViaCarpatia","og_description":"A \u201eN\u00f6velj\u00fck a tanul\u00f3k k\u00f6rnyezeti felel\u0151ss\u00e9gv\u00e1llal\u00e1s\u00e1t!\u201d c\u00edm\u0171 projekt keret\u00e9ben meghirdetett \u201eFejleszd az iskol\u00e1t \u00e9s annak k\u00f6rnyezet\u00e9t!\u201d p\u00e1ly\u00e1zaton benevezett, \u00fcgyes tanul\u00f3kat d\u00edjaztuk a sikeres projektjeik\u00e9rt. A projektek r\u00e9szek\u00e9nt a di\u00e1kok megmutatt\u00e1k kreativit\u00e1sukat \u00e9s kritikus gondolkod\u00e1sukat, \u00e9s \u00e9rdekes int\u00e9zked\u00e9seket javasoltak az iskola \u00e9s k\u00f6rny\u00e9ke k\u00f6rnyezetv\u00e9delmi szempontjainak jav\u00edt\u00e1s\u00e1ra. D\u00edjazott di\u00e1kok: \u013dudov\u00edta Fulla Alapiskola, Kassa Gimn\u00e1zium \u0160rob\u00e1rova, Kassa Kereskedelmi [&hellip;]","og_url":"https:\/\/viacarpatia.eu\/hu\/gratulacia-ziakom-k-ich-uspesnym-projektom-v-ramci-sutaze-zlepsi-skolu-a-jej-okolie\/","og_site_name":"ViaCarpatia","article_published_time":"2023-04-24T12:09:28+00:00","article_modified_time":"2023-05-18T12:26:30+00:00","og_image":[{"width":1600,"height":1200,"url":"https:\/\/viacarpatia.eu\/wp-content\/uploads\/2023\/04\/O-51.jpg","type":"image\/jpeg"}],"author":"promiseo","twitter_card":"summary_large_image","twitter_misc":{"Szerz\u0151:":"promiseo","Becs\u00fclt olvas\u00e1si id\u0151":"1 perc"},"schema":{"@context":"https:\/\/schema.org","@graph":[{"@type":"Article","@id":"https:\/\/viacarpatia.eu\/hu\/gratulacia-ziakom-k-ich-uspesnym-projektom-v-ramci-sutaze-zlepsi-skolu-a-jej-okolie\/#article","isPartOf":{"@id":"https:\/\/viacarpatia.eu\/hu\/gratulacia-ziakom-k-ich-uspesnym-projektom-v-ramci-sutaze-zlepsi-skolu-a-jej-okolie\/"},"author":{"name":"promiseo","@id":"https:\/\/viacarpatia.eu\/#\/schema\/person\/ad78fca7d58f189d57a6e54af785b1af"},"headline":"Gratul\u00e1lunk a di\u00e1koknak a Fejleszd az iskol\u00e1t \u00e9s annak k\u00f6rnyezet\u00e9t! p\u00e1ly\u00e1zat keret\u00e9ben el\u00e9rt sikerekhez","datePublished":"2023-04-24T12:09:28+00:00","dateModified":"2023-05-18T12:26:30+00:00","mainEntityOfPage":{"@id":"https:\/\/viacarpatia.eu\/hu\/gratulacia-ziakom-k-ich-uspesnym-projektom-v-ramci-sutaze-zlepsi-skolu-a-jej-okolie\/"},"wordCount":203,"image":{"@id":"https:\/\/viacarpatia.eu\/hu\/gratulacia-ziakom-k-ich-uspesnym-projektom-v-ramci-sutaze-zlepsi-skolu-a-jej-okolie\/#primaryimage"},"thumbnailUrl":"https:\/\/viacarpatia.eu\/wp-content\/uploads\/2023\/04\/O-51.jpg","articleSection":["Uncategorized"],"inLanguage":"hu"},{"@type":"WebPage","@id":"https:\/\/viacarpatia.eu\/hu\/gratulacia-ziakom-k-ich-uspesnym-projektom-v-ramci-sutaze-zlepsi-skolu-a-jej-okolie\/","url":"https:\/\/viacarpatia.eu\/hu\/gratulacia-ziakom-k-ich-uspesnym-projektom-v-ramci-sutaze-zlepsi-skolu-a-jej-okolie\/","name":"Gratul\u00e1lunk a di\u00e1koknak a Fejleszd az iskol\u00e1t \u00e9s annak k\u00f6rnyezet\u00e9t! p\u00e1ly\u00e1zat keret\u00e9ben el\u00e9rt sikerekhez - ViaCarpatia","isPartOf":{"@id":"https:\/\/viacarpatia.eu\/#website"},"primaryImageOfPage":{"@id":"https:\/\/viacarpatia.eu\/hu\/gratulacia-ziakom-k-ich-uspesnym-projektom-v-ramci-sutaze-zlepsi-skolu-a-jej-okolie\/#primaryimage"},"image":{"@id":"https:\/\/viacarpatia.eu\/hu\/gratulacia-ziakom-k-ich-uspesnym-projektom-v-ramci-sutaze-zlepsi-skolu-a-jej-okolie\/#primaryimage"},"thumbnailUrl":"https:\/\/viacarpatia.eu\/wp-content\/uploads\/2023\/04\/O-51.jpg","datePublished":"2023-04-24T12:09:28+00:00","dateModified":"2023-05-18T12:26:30+00:00","author":{"@id":"https:\/\/viacarpatia.eu\/#\/schema\/person\/ad78fca7d58f189d57a6e54af785b1af"},"breadcrumb":{"@id":"https:\/\/viacarpatia.eu\/hu\/gratulacia-ziakom-k-ich-uspesnym-projektom-v-ramci-sutaze-zlepsi-skolu-a-jej-okolie\/#breadcrumb"},"inLanguage":"hu","potentialAction":[{"@type":"ReadAction","target":["https:\/\/viacarpatia.eu\/hu\/gratulacia-ziakom-k-ich-uspesnym-projektom-v-ramci-sutaze-zlepsi-skolu-a-jej-okolie\/"]}]},{"@type":"ImageObject","inLanguage":"hu","@id":"https:\/\/viacarpatia.eu\/hu\/gratulacia-ziakom-k-ich-uspesnym-projektom-v-ramci-sutaze-zlepsi-skolu-a-jej-okolie\/#primaryimage","url":"https:\/\/viacarpatia.eu\/wp-content\/uploads\/2023\/04\/O-51.jpg","contentUrl":"https:\/\/viacarpatia.eu\/wp-content\/uploads\/2023\/04\/O-51.jpg","width":1600,"height":1200},{"@type":"BreadcrumbList","@id":"https:\/\/viacarpatia.eu\/hu\/gratulacia-ziakom-k-ich-uspesnym-projektom-v-ramci-sutaze-zlepsi-skolu-a-jej-okolie\/#breadcrumb","itemListElement":[{"@type":"ListItem","position":1,"name":"Home","item":"https:\/\/viacarpatia.eu\/"},{"@type":"ListItem","position":2,"name":"Gratul\u00e1lunk a di\u00e1koknak a Fejleszd az iskol\u00e1t \u00e9s annak k\u00f6rnyezet\u00e9t! p\u00e1ly\u00e1zat keret\u00e9ben el\u00e9rt sikerekhez"}]},{"@type":"WebSite","@id":"https:\/\/viacarpatia.eu\/#website","url":"https:\/\/viacarpatia.eu\/","name":"ViaCarpatia","description":"Sp\u00e1jame historick\u00e9 a kult\u00farno-jazykov\u00e9 trad\u00edcie","alternateName":"ViaCarpatia","potentialAction":[{"@type":"SearchAction","target":{"@type":"EntryPoint","urlTemplate":"https:\/\/viacarpatia.eu\/?s={search_term_string}"},"query-input":{"@type":"PropertyValueSpecification","valueRequired":true,"valueName":"search_term_string"}}],"inLanguage":"hu"},{"@type":"Person","@id":"https:\/\/viacarpatia.eu\/#\/schema\/person\/ad78fca7d58f189d57a6e54af785b1af","name":"promiseo","image":{"@type":"ImageObject","inLanguage":"hu","@id":"https:\/\/secure.gravatar.com\/avatar\/e836a21cdda7d1a602c49880145b7a9b7a76ee1acdc3df5fb44089ead12fd2b1?s=96&d=mm&r=g","url":"https:\/\/secure.gravatar.com\/avatar\/e836a21cdda7d1a602c49880145b7a9b7a76ee1acdc3df5fb44089ead12fd2b1?s=96&d=mm&r=g","contentUrl":"https:\/\/secure.gravatar.com\/avatar\/e836a21cdda7d1a602c49880145b7a9b7a76ee1acdc3df5fb44089ead12fd2b1?s=96&d=mm&r=g","caption":"promiseo"},"sameAs":["https:\/\/viacarpatia.eu"],"url":"https:\/\/viacarpatia.eu\/hu\/author\/promiseo\/"}]}},"_links":{"self":[{"href":"https:\/\/viacarpatia.eu\/hu\/wp-json\/wp\/v2\/posts\/7530","targetHints":{"allow":["GET"]}}],"collection":[{"href":"https:\/\/viacarpatia.eu\/hu\/wp-json\/wp\/v2\/posts"}],"about":[{"href":"https:\/\/viacarpatia.eu\/hu\/wp-json\/wp\/v2\/types\/post"}],"author":[{"embeddable":true,"href":"https:\/\/viacarpatia.eu\/hu\/wp-json\/wp\/v2\/users\/1"}],"replies":[{"embeddable":true,"href":"https:\/\/viacarpatia.eu\/hu\/wp-json\/wp\/v2\/comments?post=7530"}],"version-history":[{"count":1,"href":"https:\/\/viacarpatia.eu\/hu\/wp-json\/wp\/v2\/posts\/7530\/revisions"}],"predecessor-version":[{"id":7531,"href":"https:\/\/viacarpatia.eu\/hu\/wp-json\/wp\/v2\/posts\/7530\/revisions\/7531"}],"wp:featuredmedia":[{"embeddable":true,"href":"https:\/\/viacarpatia.eu\/hu\/wp-json\/wp\/v2\/media\/4741"}],"wp:attachment":[{"href":"https:\/\/viacarpatia.eu\/hu\/wp-json\/wp\/v2\/media?parent=7530"}],"wp:term":[{"taxonomy":"category","embeddable":true,"href":"https:\/\/viacarpatia.eu\/hu\/wp-json\/wp\/v2\/categories?post=7530"},{"taxonomy":"post_tag","embeddable":true,"href":"https:\/\/viacarpatia.eu\/hu\/wp-json\/wp\/v2\/tags?post=7530"}],"curies":[{"name":"wp","href":"https:\/\/api.w.org\/{rel}","templated":true}]}}