{"id":7546,"date":"2023-04-24T14:20:13","date_gmt":"2023-04-24T12:20:13","guid":{"rendered":"https:\/\/viacarpatia.eu\/hostili-sme-dalsiu-medzinarodnu-konferenciu\/"},"modified":"2023-05-18T14:26:36","modified_gmt":"2023-05-18T12:26:36","slug":"hostili-sme-dalsiu-medzinarodnu-konferenciu","status":"publish","type":"post","link":"https:\/\/viacarpatia.eu\/hu\/hostili-sme-dalsiu-medzinarodnu-konferenciu\/","title":{"rendered":"\u00dajabb nemzetk\u00f6zi konferenci\u00e1nak adtunk otthont"},"content":{"rendered":"<p>A Europe for Citizens program keret\u00e9ben a WE are EUROPE projekt c\u00e9lja, hogy t\u00e1mogassa a hat\u00e9konyabb int\u00e9zked\u00e9sek kidolgoz\u00e1s\u00e1t az egyes eur\u00f3pai orsz\u00e1gokat s\u00fajt\u00f3 szeg\u00e9nys\u00e9g lek\u00fczd\u00e9s\u00e9re. Ez a probl\u00e9ma sok fiatalt \u00e9rint, \u00e9s a gazdas\u00e1gi v\u00e1ls\u00e1g \u00e9s az orsz\u00e1gok k\u00f6z\u00f6tti szolidarit\u00e1s hi\u00e1ny\u00e1nak az eredm\u00e9nye. A konferencia c\u00e9lja, amelyet 2022.04.30 &#8211; 2022.05.04 napokban szervezt\u00fck Kass\u00e1n az volt, hogy felh\u00edvja a figyelmet erre a probl\u00e9m\u00e1ra, \u00e9s olyan k\u00f6rnyezetet teremtsen, amely lehet\u0151v\u00e9 teszi a megfelel\u0151 \u00f6tletek \u00e9s aj\u00e1nl\u00e1sok megalkot\u00e1s\u00e1t \u00e9s elfogad\u00e1s\u00e1t a probl\u00e9ma kezel\u00e9s\u00e9re. A projekt tev\u00e9kenys\u00e9gei a &#8222;know-how&#8221; terjeszt\u00e9s\u00e9re \u00f6sszpontosultak a szolidarit\u00e1st, az \u00f6nk\u00e9ntess\u00e9get, az egyes\u00fcleteket \u00e9s a szervezetek el\u0151seg\u00edt\u0151 strat\u00e9gi\u00e1kban. A konferenci\u00e1n Szlov\u00e1kia, Magyarorsz\u00e1g, \u00c9sztorsz\u00e1g, Olaszorsz\u00e1g, Lengyelorsz\u00e1g, Csehorsz\u00e1g \u00e9s M\u00e1lta deleg\u00e1ci\u00f3i vettek r\u00e9szt.<\/p>\n","protected":false},"excerpt":{"rendered":"<p>A Europe for Citizens program keret\u00e9ben a WE are EUROPE projekt c\u00e9lja, hogy t\u00e1mogassa a hat\u00e9konyabb int\u00e9zked\u00e9sek kidolgoz\u00e1s\u00e1t az egyes eur\u00f3pai orsz\u00e1gokat s\u00fajt\u00f3 szeg\u00e9nys\u00e9g lek\u00fczd\u00e9s\u00e9re. Ez a probl\u00e9ma sok fiatalt \u00e9rint, \u00e9s a gazdas\u00e1gi v\u00e1ls\u00e1g \u00e9s az orsz\u00e1gok k\u00f6z\u00f6tti szolidarit\u00e1s hi\u00e1ny\u00e1nak az eredm\u00e9nye. A konferencia c\u00e9lja, amelyet 2022.04.30 &#8211; 2022.05.04 napokban szervezt\u00fck Kass\u00e1n az volt, [&hellip;]<\/p>\n","protected":false},"author":1,"featured_media":4809,"comment_status":"closed","ping_status":"open","sticky":false,"template":"","format":"standard","meta":{"inline_featured_image":false,"footnotes":""},"categories":[3],"tags":[],"class_list":["post-7546","post","type-post","status-publish","format-standard","has-post-thumbnail","hentry","category-uncategorized-hu"],"acf":[],"yoast_head":"<!-- This site is optimized with the Yoast SEO plugin v27.5 - https:\/\/yoast.com\/product\/yoast-seo-wordpress\/ -->\n<title>\u00dajabb nemzetk\u00f6zi konferenci\u00e1nak adtunk otthont - ViaCarpatia<\/title>\n<meta name=\"robots\" content=\"index, follow, max-snippet:-1, max-image-preview:large, max-video-preview:-1\" \/>\n<link rel=\"canonical\" href=\"https:\/\/viacarpatia.eu\/hu\/hostili-sme-dalsiu-medzinarodnu-konferenciu\/\" \/>\n<meta property=\"og:locale\" content=\"hu_HU\" \/>\n<meta property=\"og:type\" content=\"article\" \/>\n<meta property=\"og:title\" content=\"\u00dajabb nemzetk\u00f6zi konferenci\u00e1nak adtunk otthont - ViaCarpatia\" \/>\n<meta property=\"og:description\" content=\"A Europe for Citizens program keret\u00e9ben a WE are EUROPE projekt c\u00e9lja, hogy t\u00e1mogassa a hat\u00e9konyabb int\u00e9zked\u00e9sek kidolgoz\u00e1s\u00e1t az egyes eur\u00f3pai orsz\u00e1gokat s\u00fajt\u00f3 szeg\u00e9nys\u00e9g lek\u00fczd\u00e9s\u00e9re. Ez a probl\u00e9ma sok fiatalt \u00e9rint, \u00e9s a gazdas\u00e1gi v\u00e1ls\u00e1g \u00e9s az orsz\u00e1gok k\u00f6z\u00f6tti szolidarit\u00e1s hi\u00e1ny\u00e1nak az eredm\u00e9nye. A konferencia c\u00e9lja, amelyet 2022.04.30 &#8211; 2022.05.04 napokban szervezt\u00fck Kass\u00e1n az volt, [&hellip;]\" \/>\n<meta property=\"og:url\" content=\"https:\/\/viacarpatia.eu\/hu\/hostili-sme-dalsiu-medzinarodnu-konferenciu\/\" \/>\n<meta property=\"og:site_name\" content=\"ViaCarpatia\" \/>\n<meta property=\"article:published_time\" content=\"2023-04-24T12:20:13+00:00\" \/>\n<meta property=\"article:modified_time\" content=\"2023-05-18T12:26:36+00:00\" \/>\n<meta property=\"og:image\" content=\"https:\/\/viacarpatia.eu\/wp-content\/uploads\/2023\/04\/627521ba5c1510ed4b8b4567.jpg\" \/>\n\t<meta property=\"og:image:width\" content=\"766\" \/>\n\t<meta property=\"og:image:height\" content=\"480\" \/>\n\t<meta property=\"og:image:type\" content=\"image\/jpeg\" \/>\n<meta name=\"author\" content=\"promiseo\" \/>\n<meta name=\"twitter:card\" content=\"summary_large_image\" \/>\n<meta name=\"twitter:label1\" content=\"Szerz\u0151:\" \/>\n\t<meta name=\"twitter:data1\" content=\"promiseo\" \/>\n<script type=\"application\/ld+json\" class=\"yoast-schema-graph\">{\"@context\":\"https:\\\/\\\/schema.org\",\"@graph\":[{\"@type\":\"Article\",\"@id\":\"https:\\\/\\\/viacarpatia.eu\\\/hu\\\/hostili-sme-dalsiu-medzinarodnu-konferenciu\\\/#article\",\"isPartOf\":{\"@id\":\"https:\\\/\\\/viacarpatia.eu\\\/hu\\\/hostili-sme-dalsiu-medzinarodnu-konferenciu\\\/\"},\"author\":{\"name\":\"promiseo\",\"@id\":\"https:\\\/\\\/viacarpatia.eu\\\/#\\\/schema\\\/person\\\/ad78fca7d58f189d57a6e54af785b1af\"},\"headline\":\"\u00dajabb nemzetk\u00f6zi konferenci\u00e1nak adtunk otthont\",\"datePublished\":\"2023-04-24T12:20:13+00:00\",\"dateModified\":\"2023-05-18T12:26:36+00:00\",\"mainEntityOfPage\":{\"@id\":\"https:\\\/\\\/viacarpatia.eu\\\/hu\\\/hostili-sme-dalsiu-medzinarodnu-konferenciu\\\/\"},\"wordCount\":183,\"image\":{\"@id\":\"https:\\\/\\\/viacarpatia.eu\\\/hu\\\/hostili-sme-dalsiu-medzinarodnu-konferenciu\\\/#primaryimage\"},\"thumbnailUrl\":\"https:\\\/\\\/viacarpatia.eu\\\/wp-content\\\/uploads\\\/2023\\\/04\\\/627521ba5c1510ed4b8b4567.jpg\",\"articleSection\":[\"Uncategorized\"],\"inLanguage\":\"hu\"},{\"@type\":\"WebPage\",\"@id\":\"https:\\\/\\\/viacarpatia.eu\\\/hu\\\/hostili-sme-dalsiu-medzinarodnu-konferenciu\\\/\",\"url\":\"https:\\\/\\\/viacarpatia.eu\\\/hu\\\/hostili-sme-dalsiu-medzinarodnu-konferenciu\\\/\",\"name\":\"\u00dajabb nemzetk\u00f6zi konferenci\u00e1nak adtunk otthont - ViaCarpatia\",\"isPartOf\":{\"@id\":\"https:\\\/\\\/viacarpatia.eu\\\/#website\"},\"primaryImageOfPage\":{\"@id\":\"https:\\\/\\\/viacarpatia.eu\\\/hu\\\/hostili-sme-dalsiu-medzinarodnu-konferenciu\\\/#primaryimage\"},\"image\":{\"@id\":\"https:\\\/\\\/viacarpatia.eu\\\/hu\\\/hostili-sme-dalsiu-medzinarodnu-konferenciu\\\/#primaryimage\"},\"thumbnailUrl\":\"https:\\\/\\\/viacarpatia.eu\\\/wp-content\\\/uploads\\\/2023\\\/04\\\/627521ba5c1510ed4b8b4567.jpg\",\"datePublished\":\"2023-04-24T12:20:13+00:00\",\"dateModified\":\"2023-05-18T12:26:36+00:00\",\"author\":{\"@id\":\"https:\\\/\\\/viacarpatia.eu\\\/#\\\/schema\\\/person\\\/ad78fca7d58f189d57a6e54af785b1af\"},\"breadcrumb\":{\"@id\":\"https:\\\/\\\/viacarpatia.eu\\\/hu\\\/hostili-sme-dalsiu-medzinarodnu-konferenciu\\\/#breadcrumb\"},\"inLanguage\":\"hu\",\"potentialAction\":[{\"@type\":\"ReadAction\",\"target\":[\"https:\\\/\\\/viacarpatia.eu\\\/hu\\\/hostili-sme-dalsiu-medzinarodnu-konferenciu\\\/\"]}]},{\"@type\":\"ImageObject\",\"inLanguage\":\"hu\",\"@id\":\"https:\\\/\\\/viacarpatia.eu\\\/hu\\\/hostili-sme-dalsiu-medzinarodnu-konferenciu\\\/#primaryimage\",\"url\":\"https:\\\/\\\/viacarpatia.eu\\\/wp-content\\\/uploads\\\/2023\\\/04\\\/627521ba5c1510ed4b8b4567.jpg\",\"contentUrl\":\"https:\\\/\\\/viacarpatia.eu\\\/wp-content\\\/uploads\\\/2023\\\/04\\\/627521ba5c1510ed4b8b4567.jpg\",\"width\":766,\"height\":480},{\"@type\":\"BreadcrumbList\",\"@id\":\"https:\\\/\\\/viacarpatia.eu\\\/hu\\\/hostili-sme-dalsiu-medzinarodnu-konferenciu\\\/#breadcrumb\",\"itemListElement\":[{\"@type\":\"ListItem\",\"position\":1,\"name\":\"Home\",\"item\":\"https:\\\/\\\/viacarpatia.eu\\\/\"},{\"@type\":\"ListItem\",\"position\":2,\"name\":\"\u00dajabb nemzetk\u00f6zi konferenci\u00e1nak adtunk otthont\"}]},{\"@type\":\"WebSite\",\"@id\":\"https:\\\/\\\/viacarpatia.eu\\\/#website\",\"url\":\"https:\\\/\\\/viacarpatia.eu\\\/\",\"name\":\"ViaCarpatia\",\"description\":\"Sp\u00e1jame historick\u00e9 a kult\u00farno-jazykov\u00e9 trad\u00edcie\",\"alternateName\":\"ViaCarpatia\",\"potentialAction\":[{\"@type\":\"SearchAction\",\"target\":{\"@type\":\"EntryPoint\",\"urlTemplate\":\"https:\\\/\\\/viacarpatia.eu\\\/?s={search_term_string}\"},\"query-input\":{\"@type\":\"PropertyValueSpecification\",\"valueRequired\":true,\"valueName\":\"search_term_string\"}}],\"inLanguage\":\"hu\"},{\"@type\":\"Person\",\"@id\":\"https:\\\/\\\/viacarpatia.eu\\\/#\\\/schema\\\/person\\\/ad78fca7d58f189d57a6e54af785b1af\",\"name\":\"promiseo\",\"image\":{\"@type\":\"ImageObject\",\"inLanguage\":\"hu\",\"@id\":\"https:\\\/\\\/secure.gravatar.com\\\/avatar\\\/e836a21cdda7d1a602c49880145b7a9b7a76ee1acdc3df5fb44089ead12fd2b1?s=96&d=mm&r=g\",\"url\":\"https:\\\/\\\/secure.gravatar.com\\\/avatar\\\/e836a21cdda7d1a602c49880145b7a9b7a76ee1acdc3df5fb44089ead12fd2b1?s=96&d=mm&r=g\",\"contentUrl\":\"https:\\\/\\\/secure.gravatar.com\\\/avatar\\\/e836a21cdda7d1a602c49880145b7a9b7a76ee1acdc3df5fb44089ead12fd2b1?s=96&d=mm&r=g\",\"caption\":\"promiseo\"},\"sameAs\":[\"https:\\\/\\\/viacarpatia.eu\"],\"url\":\"https:\\\/\\\/viacarpatia.eu\\\/hu\\\/author\\\/promiseo\\\/\"}]}<\/script>\n<!-- \/ Yoast SEO plugin. -->","yoast_head_json":{"title":"\u00dajabb nemzetk\u00f6zi konferenci\u00e1nak adtunk otthont - ViaCarpatia","robots":{"index":"index","follow":"follow","max-snippet":"max-snippet:-1","max-image-preview":"max-image-preview:large","max-video-preview":"max-video-preview:-1"},"canonical":"https:\/\/viacarpatia.eu\/hu\/hostili-sme-dalsiu-medzinarodnu-konferenciu\/","og_locale":"hu_HU","og_type":"article","og_title":"\u00dajabb nemzetk\u00f6zi konferenci\u00e1nak adtunk otthont - ViaCarpatia","og_description":"A Europe for Citizens program keret\u00e9ben a WE are EUROPE projekt c\u00e9lja, hogy t\u00e1mogassa a hat\u00e9konyabb int\u00e9zked\u00e9sek kidolgoz\u00e1s\u00e1t az egyes eur\u00f3pai orsz\u00e1gokat s\u00fajt\u00f3 szeg\u00e9nys\u00e9g lek\u00fczd\u00e9s\u00e9re. Ez a probl\u00e9ma sok fiatalt \u00e9rint, \u00e9s a gazdas\u00e1gi v\u00e1ls\u00e1g \u00e9s az orsz\u00e1gok k\u00f6z\u00f6tti szolidarit\u00e1s hi\u00e1ny\u00e1nak az eredm\u00e9nye. A konferencia c\u00e9lja, amelyet 2022.04.30 &#8211; 2022.05.04 napokban szervezt\u00fck Kass\u00e1n az volt, [&hellip;]","og_url":"https:\/\/viacarpatia.eu\/hu\/hostili-sme-dalsiu-medzinarodnu-konferenciu\/","og_site_name":"ViaCarpatia","article_published_time":"2023-04-24T12:20:13+00:00","article_modified_time":"2023-05-18T12:26:36+00:00","og_image":[{"width":766,"height":480,"url":"https:\/\/viacarpatia.eu\/wp-content\/uploads\/2023\/04\/627521ba5c1510ed4b8b4567.jpg","type":"image\/jpeg"}],"author":"promiseo","twitter_card":"summary_large_image","twitter_misc":{"Szerz\u0151:":"promiseo"},"schema":{"@context":"https:\/\/schema.org","@graph":[{"@type":"Article","@id":"https:\/\/viacarpatia.eu\/hu\/hostili-sme-dalsiu-medzinarodnu-konferenciu\/#article","isPartOf":{"@id":"https:\/\/viacarpatia.eu\/hu\/hostili-sme-dalsiu-medzinarodnu-konferenciu\/"},"author":{"name":"promiseo","@id":"https:\/\/viacarpatia.eu\/#\/schema\/person\/ad78fca7d58f189d57a6e54af785b1af"},"headline":"\u00dajabb nemzetk\u00f6zi konferenci\u00e1nak adtunk otthont","datePublished":"2023-04-24T12:20:13+00:00","dateModified":"2023-05-18T12:26:36+00:00","mainEntityOfPage":{"@id":"https:\/\/viacarpatia.eu\/hu\/hostili-sme-dalsiu-medzinarodnu-konferenciu\/"},"wordCount":183,"image":{"@id":"https:\/\/viacarpatia.eu\/hu\/hostili-sme-dalsiu-medzinarodnu-konferenciu\/#primaryimage"},"thumbnailUrl":"https:\/\/viacarpatia.eu\/wp-content\/uploads\/2023\/04\/627521ba5c1510ed4b8b4567.jpg","articleSection":["Uncategorized"],"inLanguage":"hu"},{"@type":"WebPage","@id":"https:\/\/viacarpatia.eu\/hu\/hostili-sme-dalsiu-medzinarodnu-konferenciu\/","url":"https:\/\/viacarpatia.eu\/hu\/hostili-sme-dalsiu-medzinarodnu-konferenciu\/","name":"\u00dajabb nemzetk\u00f6zi konferenci\u00e1nak adtunk otthont - ViaCarpatia","isPartOf":{"@id":"https:\/\/viacarpatia.eu\/#website"},"primaryImageOfPage":{"@id":"https:\/\/viacarpatia.eu\/hu\/hostili-sme-dalsiu-medzinarodnu-konferenciu\/#primaryimage"},"image":{"@id":"https:\/\/viacarpatia.eu\/hu\/hostili-sme-dalsiu-medzinarodnu-konferenciu\/#primaryimage"},"thumbnailUrl":"https:\/\/viacarpatia.eu\/wp-content\/uploads\/2023\/04\/627521ba5c1510ed4b8b4567.jpg","datePublished":"2023-04-24T12:20:13+00:00","dateModified":"2023-05-18T12:26:36+00:00","author":{"@id":"https:\/\/viacarpatia.eu\/#\/schema\/person\/ad78fca7d58f189d57a6e54af785b1af"},"breadcrumb":{"@id":"https:\/\/viacarpatia.eu\/hu\/hostili-sme-dalsiu-medzinarodnu-konferenciu\/#breadcrumb"},"inLanguage":"hu","potentialAction":[{"@type":"ReadAction","target":["https:\/\/viacarpatia.eu\/hu\/hostili-sme-dalsiu-medzinarodnu-konferenciu\/"]}]},{"@type":"ImageObject","inLanguage":"hu","@id":"https:\/\/viacarpatia.eu\/hu\/hostili-sme-dalsiu-medzinarodnu-konferenciu\/#primaryimage","url":"https:\/\/viacarpatia.eu\/wp-content\/uploads\/2023\/04\/627521ba5c1510ed4b8b4567.jpg","contentUrl":"https:\/\/viacarpatia.eu\/wp-content\/uploads\/2023\/04\/627521ba5c1510ed4b8b4567.jpg","width":766,"height":480},{"@type":"BreadcrumbList","@id":"https:\/\/viacarpatia.eu\/hu\/hostili-sme-dalsiu-medzinarodnu-konferenciu\/#breadcrumb","itemListElement":[{"@type":"ListItem","position":1,"name":"Home","item":"https:\/\/viacarpatia.eu\/"},{"@type":"ListItem","position":2,"name":"\u00dajabb nemzetk\u00f6zi konferenci\u00e1nak adtunk otthont"}]},{"@type":"WebSite","@id":"https:\/\/viacarpatia.eu\/#website","url":"https:\/\/viacarpatia.eu\/","name":"ViaCarpatia","description":"Sp\u00e1jame historick\u00e9 a kult\u00farno-jazykov\u00e9 trad\u00edcie","alternateName":"ViaCarpatia","potentialAction":[{"@type":"SearchAction","target":{"@type":"EntryPoint","urlTemplate":"https:\/\/viacarpatia.eu\/?s={search_term_string}"},"query-input":{"@type":"PropertyValueSpecification","valueRequired":true,"valueName":"search_term_string"}}],"inLanguage":"hu"},{"@type":"Person","@id":"https:\/\/viacarpatia.eu\/#\/schema\/person\/ad78fca7d58f189d57a6e54af785b1af","name":"promiseo","image":{"@type":"ImageObject","inLanguage":"hu","@id":"https:\/\/secure.gravatar.com\/avatar\/e836a21cdda7d1a602c49880145b7a9b7a76ee1acdc3df5fb44089ead12fd2b1?s=96&d=mm&r=g","url":"https:\/\/secure.gravatar.com\/avatar\/e836a21cdda7d1a602c49880145b7a9b7a76ee1acdc3df5fb44089ead12fd2b1?s=96&d=mm&r=g","contentUrl":"https:\/\/secure.gravatar.com\/avatar\/e836a21cdda7d1a602c49880145b7a9b7a76ee1acdc3df5fb44089ead12fd2b1?s=96&d=mm&r=g","caption":"promiseo"},"sameAs":["https:\/\/viacarpatia.eu"],"url":"https:\/\/viacarpatia.eu\/hu\/author\/promiseo\/"}]}},"_links":{"self":[{"href":"https:\/\/viacarpatia.eu\/hu\/wp-json\/wp\/v2\/posts\/7546","targetHints":{"allow":["GET"]}}],"collection":[{"href":"https:\/\/viacarpatia.eu\/hu\/wp-json\/wp\/v2\/posts"}],"about":[{"href":"https:\/\/viacarpatia.eu\/hu\/wp-json\/wp\/v2\/types\/post"}],"author":[{"embeddable":true,"href":"https:\/\/viacarpatia.eu\/hu\/wp-json\/wp\/v2\/users\/1"}],"replies":[{"embeddable":true,"href":"https:\/\/viacarpatia.eu\/hu\/wp-json\/wp\/v2\/comments?post=7546"}],"version-history":[{"count":1,"href":"https:\/\/viacarpatia.eu\/hu\/wp-json\/wp\/v2\/posts\/7546\/revisions"}],"predecessor-version":[{"id":7547,"href":"https:\/\/viacarpatia.eu\/hu\/wp-json\/wp\/v2\/posts\/7546\/revisions\/7547"}],"wp:featuredmedia":[{"embeddable":true,"href":"https:\/\/viacarpatia.eu\/hu\/wp-json\/wp\/v2\/media\/4809"}],"wp:attachment":[{"href":"https:\/\/viacarpatia.eu\/hu\/wp-json\/wp\/v2\/media?parent=7546"}],"wp:term":[{"taxonomy":"category","embeddable":true,"href":"https:\/\/viacarpatia.eu\/hu\/wp-json\/wp\/v2\/categories?post=7546"},{"taxonomy":"post_tag","embeddable":true,"href":"https:\/\/viacarpatia.eu\/hu\/wp-json\/wp\/v2\/tags?post=7546"}],"curies":[{"name":"wp","href":"https:\/\/api.w.org\/{rel}","templated":true}]}}