{"id":7554,"date":"2023-04-24T14:25:15","date_gmt":"2023-04-24T12:25:15","guid":{"rendered":"https:\/\/viacarpatia.eu\/posledna-bodka-projektu-meet-the-local-needs\/"},"modified":"2023-05-18T14:27:58","modified_gmt":"2023-05-18T12:27:58","slug":"posledna-bodka-projektu-meet-the-local-needs","status":"publish","type":"post","link":"https:\/\/viacarpatia.eu\/hu\/posledna-bodka-projektu-meet-the-local-needs\/","title":{"rendered":"Utols\u00f3 pont a \u201eMeet the Local Needs\u201c projekten bel\u0171l"},"content":{"rendered":"<p>Utols\u00f3 \u00fcnnep\u00e9lyes pont a \u201eMeet the Local Needs\u201c projekten bel\u0171l a Szent Istv\u00e1n h\u00e1z \u00e1tad\u00e1sa volt, amelyre 2022. m\u00e1jus 17-\u00e9n ker\u00fclt sor Gagyvend\u00e9giben. Ez egy k\u00e9pz\u00e9si k\u00f6zpont ahol oktat\u00e1si programokat, k\u00e9pz\u00e9seket \u00e9s egy\u00e9b esem\u00e9nyeket szerveznek majd, amelyek el\u0151seg\u00edtik azon h\u00e1tr\u00e1nyos helyzet\u0171 emberek munkaer\u0151 piaci integr\u00e1ci\u00f3j\u00e1t, akik nem rendelkeznek versenyk\u00e9pes szak\u00e9rtelemmel \u00e9s tud\u00e1ssal. Az udvarban tal\u00e1lhat\u00f3 a Vend\u00e9ghy-k\u00faria is, amely a projektnek k\u00f6sz\u00f6nhet\u0151en \u00faj tet\u0151vel b\u00fcszk\u00e9lkedhet. Ism\u00e9t a Hat\u00e1ron \u00e1tny\u00fal\u00f3 foglalkoztat\u00e1si akci\u00f3terv Csereh\u00e1t mikror\u00e9gi\u00f3 egyik projektje val\u00f3sult meg Az Interreg V-A Szlov\u00e1kia &#8211; Magyarorsz\u00e1g Egy\u00fcttm\u0171k\u00f6d\u00e9si Program t\u00e1mogat\u00e1s\u00e1nak.<\/p>\n","protected":false},"excerpt":{"rendered":"<p>Utols\u00f3 \u00fcnnep\u00e9lyes pont a \u201eMeet the Local Needs\u201c projekten bel\u0171l a Szent Istv\u00e1n h\u00e1z \u00e1tad\u00e1sa volt, amelyre 2022. m\u00e1jus 17-\u00e9n ker\u00fclt sor Gagyvend\u00e9giben. Ez egy k\u00e9pz\u00e9si k\u00f6zpont ahol oktat\u00e1si programokat, k\u00e9pz\u00e9seket \u00e9s egy\u00e9b esem\u00e9nyeket szerveznek majd, amelyek el\u0151seg\u00edtik azon h\u00e1tr\u00e1nyos helyzet\u0171 emberek munkaer\u0151 piaci integr\u00e1ci\u00f3j\u00e1t, akik nem rendelkeznek versenyk\u00e9pes szak\u00e9rtelemmel \u00e9s tud\u00e1ssal. Az udvarban tal\u00e1lhat\u00f3 [&hellip;]<\/p>\n","protected":false},"author":1,"featured_media":4841,"comment_status":"closed","ping_status":"open","sticky":false,"template":"","format":"standard","meta":{"inline_featured_image":false,"footnotes":""},"categories":[3],"tags":[],"class_list":["post-7554","post","type-post","status-publish","format-standard","has-post-thumbnail","hentry","category-uncategorized-hu"],"acf":[],"yoast_head":"<!-- This site is optimized with the Yoast SEO plugin v27.5 - https:\/\/yoast.com\/product\/yoast-seo-wordpress\/ -->\n<title>Utols\u00f3 pont a \u201eMeet the Local Needs\u201c projekten bel\u0171l - ViaCarpatia<\/title>\n<meta name=\"robots\" content=\"index, follow, max-snippet:-1, max-image-preview:large, max-video-preview:-1\" \/>\n<link rel=\"canonical\" href=\"https:\/\/viacarpatia.eu\/hu\/posledna-bodka-projektu-meet-the-local-needs\/\" \/>\n<meta property=\"og:locale\" content=\"hu_HU\" \/>\n<meta property=\"og:type\" content=\"article\" \/>\n<meta property=\"og:title\" content=\"Utols\u00f3 pont a \u201eMeet the Local Needs\u201c projekten bel\u0171l - ViaCarpatia\" \/>\n<meta property=\"og:description\" content=\"Utols\u00f3 \u00fcnnep\u00e9lyes pont a \u201eMeet the Local Needs\u201c projekten bel\u0171l a Szent Istv\u00e1n h\u00e1z \u00e1tad\u00e1sa volt, amelyre 2022. m\u00e1jus 17-\u00e9n ker\u00fclt sor Gagyvend\u00e9giben. Ez egy k\u00e9pz\u00e9si k\u00f6zpont ahol oktat\u00e1si programokat, k\u00e9pz\u00e9seket \u00e9s egy\u00e9b esem\u00e9nyeket szerveznek majd, amelyek el\u0151seg\u00edtik azon h\u00e1tr\u00e1nyos helyzet\u0171 emberek munkaer\u0151 piaci integr\u00e1ci\u00f3j\u00e1t, akik nem rendelkeznek versenyk\u00e9pes szak\u00e9rtelemmel \u00e9s tud\u00e1ssal. Az udvarban tal\u00e1lhat\u00f3 [&hellip;]\" \/>\n<meta property=\"og:url\" content=\"https:\/\/viacarpatia.eu\/hu\/posledna-bodka-projektu-meet-the-local-needs\/\" \/>\n<meta property=\"og:site_name\" content=\"ViaCarpatia\" \/>\n<meta property=\"article:published_time\" content=\"2023-04-24T12:25:15+00:00\" \/>\n<meta property=\"article:modified_time\" content=\"2023-05-18T12:27:58+00:00\" \/>\n<meta property=\"og:image\" content=\"https:\/\/viacarpatia.eu\/wp-content\/uploads\/2023\/04\/628631875c1510f3408b456f.jpg\" \/>\n\t<meta property=\"og:image:width\" content=\"766\" \/>\n\t<meta property=\"og:image:height\" content=\"480\" \/>\n\t<meta property=\"og:image:type\" content=\"image\/jpeg\" \/>\n<meta name=\"author\" content=\"promiseo\" \/>\n<meta name=\"twitter:card\" content=\"summary_large_image\" \/>\n<meta name=\"twitter:label1\" content=\"Szerz\u0151:\" \/>\n\t<meta name=\"twitter:data1\" content=\"promiseo\" \/>\n<script type=\"application\/ld+json\" class=\"yoast-schema-graph\">{\"@context\":\"https:\\\/\\\/schema.org\",\"@graph\":[{\"@type\":\"Article\",\"@id\":\"https:\\\/\\\/viacarpatia.eu\\\/hu\\\/posledna-bodka-projektu-meet-the-local-needs\\\/#article\",\"isPartOf\":{\"@id\":\"https:\\\/\\\/viacarpatia.eu\\\/hu\\\/posledna-bodka-projektu-meet-the-local-needs\\\/\"},\"author\":{\"name\":\"promiseo\",\"@id\":\"https:\\\/\\\/viacarpatia.eu\\\/#\\\/schema\\\/person\\\/ad78fca7d58f189d57a6e54af785b1af\"},\"headline\":\"Utols\u00f3 pont a \u201eMeet the Local Needs\u201c projekten bel\u0171l\",\"datePublished\":\"2023-04-24T12:25:15+00:00\",\"dateModified\":\"2023-05-18T12:27:58+00:00\",\"mainEntityOfPage\":{\"@id\":\"https:\\\/\\\/viacarpatia.eu\\\/hu\\\/posledna-bodka-projektu-meet-the-local-needs\\\/\"},\"wordCount\":148,\"image\":{\"@id\":\"https:\\\/\\\/viacarpatia.eu\\\/hu\\\/posledna-bodka-projektu-meet-the-local-needs\\\/#primaryimage\"},\"thumbnailUrl\":\"https:\\\/\\\/viacarpatia.eu\\\/wp-content\\\/uploads\\\/2023\\\/04\\\/628631875c1510f3408b456f.jpg\",\"articleSection\":[\"Uncategorized\"],\"inLanguage\":\"hu\"},{\"@type\":\"WebPage\",\"@id\":\"https:\\\/\\\/viacarpatia.eu\\\/hu\\\/posledna-bodka-projektu-meet-the-local-needs\\\/\",\"url\":\"https:\\\/\\\/viacarpatia.eu\\\/hu\\\/posledna-bodka-projektu-meet-the-local-needs\\\/\",\"name\":\"Utols\u00f3 pont a \u201eMeet the Local Needs\u201c projekten bel\u0171l - ViaCarpatia\",\"isPartOf\":{\"@id\":\"https:\\\/\\\/viacarpatia.eu\\\/#website\"},\"primaryImageOfPage\":{\"@id\":\"https:\\\/\\\/viacarpatia.eu\\\/hu\\\/posledna-bodka-projektu-meet-the-local-needs\\\/#primaryimage\"},\"image\":{\"@id\":\"https:\\\/\\\/viacarpatia.eu\\\/hu\\\/posledna-bodka-projektu-meet-the-local-needs\\\/#primaryimage\"},\"thumbnailUrl\":\"https:\\\/\\\/viacarpatia.eu\\\/wp-content\\\/uploads\\\/2023\\\/04\\\/628631875c1510f3408b456f.jpg\",\"datePublished\":\"2023-04-24T12:25:15+00:00\",\"dateModified\":\"2023-05-18T12:27:58+00:00\",\"author\":{\"@id\":\"https:\\\/\\\/viacarpatia.eu\\\/#\\\/schema\\\/person\\\/ad78fca7d58f189d57a6e54af785b1af\"},\"breadcrumb\":{\"@id\":\"https:\\\/\\\/viacarpatia.eu\\\/hu\\\/posledna-bodka-projektu-meet-the-local-needs\\\/#breadcrumb\"},\"inLanguage\":\"hu\",\"potentialAction\":[{\"@type\":\"ReadAction\",\"target\":[\"https:\\\/\\\/viacarpatia.eu\\\/hu\\\/posledna-bodka-projektu-meet-the-local-needs\\\/\"]}]},{\"@type\":\"ImageObject\",\"inLanguage\":\"hu\",\"@id\":\"https:\\\/\\\/viacarpatia.eu\\\/hu\\\/posledna-bodka-projektu-meet-the-local-needs\\\/#primaryimage\",\"url\":\"https:\\\/\\\/viacarpatia.eu\\\/wp-content\\\/uploads\\\/2023\\\/04\\\/628631875c1510f3408b456f.jpg\",\"contentUrl\":\"https:\\\/\\\/viacarpatia.eu\\\/wp-content\\\/uploads\\\/2023\\\/04\\\/628631875c1510f3408b456f.jpg\",\"width\":766,\"height\":480},{\"@type\":\"BreadcrumbList\",\"@id\":\"https:\\\/\\\/viacarpatia.eu\\\/hu\\\/posledna-bodka-projektu-meet-the-local-needs\\\/#breadcrumb\",\"itemListElement\":[{\"@type\":\"ListItem\",\"position\":1,\"name\":\"Home\",\"item\":\"https:\\\/\\\/viacarpatia.eu\\\/\"},{\"@type\":\"ListItem\",\"position\":2,\"name\":\"Utols\u00f3 pont a \u201eMeet the Local Needs\u201c projekten bel\u0171l\"}]},{\"@type\":\"WebSite\",\"@id\":\"https:\\\/\\\/viacarpatia.eu\\\/#website\",\"url\":\"https:\\\/\\\/viacarpatia.eu\\\/\",\"name\":\"ViaCarpatia\",\"description\":\"Sp\u00e1jame historick\u00e9 a kult\u00farno-jazykov\u00e9 trad\u00edcie\",\"alternateName\":\"ViaCarpatia\",\"potentialAction\":[{\"@type\":\"SearchAction\",\"target\":{\"@type\":\"EntryPoint\",\"urlTemplate\":\"https:\\\/\\\/viacarpatia.eu\\\/?s={search_term_string}\"},\"query-input\":{\"@type\":\"PropertyValueSpecification\",\"valueRequired\":true,\"valueName\":\"search_term_string\"}}],\"inLanguage\":\"hu\"},{\"@type\":\"Person\",\"@id\":\"https:\\\/\\\/viacarpatia.eu\\\/#\\\/schema\\\/person\\\/ad78fca7d58f189d57a6e54af785b1af\",\"name\":\"promiseo\",\"image\":{\"@type\":\"ImageObject\",\"inLanguage\":\"hu\",\"@id\":\"https:\\\/\\\/secure.gravatar.com\\\/avatar\\\/e836a21cdda7d1a602c49880145b7a9b7a76ee1acdc3df5fb44089ead12fd2b1?s=96&d=mm&r=g\",\"url\":\"https:\\\/\\\/secure.gravatar.com\\\/avatar\\\/e836a21cdda7d1a602c49880145b7a9b7a76ee1acdc3df5fb44089ead12fd2b1?s=96&d=mm&r=g\",\"contentUrl\":\"https:\\\/\\\/secure.gravatar.com\\\/avatar\\\/e836a21cdda7d1a602c49880145b7a9b7a76ee1acdc3df5fb44089ead12fd2b1?s=96&d=mm&r=g\",\"caption\":\"promiseo\"},\"sameAs\":[\"https:\\\/\\\/viacarpatia.eu\"],\"url\":\"https:\\\/\\\/viacarpatia.eu\\\/hu\\\/author\\\/promiseo\\\/\"}]}<\/script>\n<!-- \/ Yoast SEO plugin. -->","yoast_head_json":{"title":"Utols\u00f3 pont a \u201eMeet the Local Needs\u201c projekten bel\u0171l - ViaCarpatia","robots":{"index":"index","follow":"follow","max-snippet":"max-snippet:-1","max-image-preview":"max-image-preview:large","max-video-preview":"max-video-preview:-1"},"canonical":"https:\/\/viacarpatia.eu\/hu\/posledna-bodka-projektu-meet-the-local-needs\/","og_locale":"hu_HU","og_type":"article","og_title":"Utols\u00f3 pont a \u201eMeet the Local Needs\u201c projekten bel\u0171l - ViaCarpatia","og_description":"Utols\u00f3 \u00fcnnep\u00e9lyes pont a \u201eMeet the Local Needs\u201c projekten bel\u0171l a Szent Istv\u00e1n h\u00e1z \u00e1tad\u00e1sa volt, amelyre 2022. m\u00e1jus 17-\u00e9n ker\u00fclt sor Gagyvend\u00e9giben. Ez egy k\u00e9pz\u00e9si k\u00f6zpont ahol oktat\u00e1si programokat, k\u00e9pz\u00e9seket \u00e9s egy\u00e9b esem\u00e9nyeket szerveznek majd, amelyek el\u0151seg\u00edtik azon h\u00e1tr\u00e1nyos helyzet\u0171 emberek munkaer\u0151 piaci integr\u00e1ci\u00f3j\u00e1t, akik nem rendelkeznek versenyk\u00e9pes szak\u00e9rtelemmel \u00e9s tud\u00e1ssal. Az udvarban tal\u00e1lhat\u00f3 [&hellip;]","og_url":"https:\/\/viacarpatia.eu\/hu\/posledna-bodka-projektu-meet-the-local-needs\/","og_site_name":"ViaCarpatia","article_published_time":"2023-04-24T12:25:15+00:00","article_modified_time":"2023-05-18T12:27:58+00:00","og_image":[{"width":766,"height":480,"url":"https:\/\/viacarpatia.eu\/wp-content\/uploads\/2023\/04\/628631875c1510f3408b456f.jpg","type":"image\/jpeg"}],"author":"promiseo","twitter_card":"summary_large_image","twitter_misc":{"Szerz\u0151:":"promiseo"},"schema":{"@context":"https:\/\/schema.org","@graph":[{"@type":"Article","@id":"https:\/\/viacarpatia.eu\/hu\/posledna-bodka-projektu-meet-the-local-needs\/#article","isPartOf":{"@id":"https:\/\/viacarpatia.eu\/hu\/posledna-bodka-projektu-meet-the-local-needs\/"},"author":{"name":"promiseo","@id":"https:\/\/viacarpatia.eu\/#\/schema\/person\/ad78fca7d58f189d57a6e54af785b1af"},"headline":"Utols\u00f3 pont a \u201eMeet the Local Needs\u201c projekten bel\u0171l","datePublished":"2023-04-24T12:25:15+00:00","dateModified":"2023-05-18T12:27:58+00:00","mainEntityOfPage":{"@id":"https:\/\/viacarpatia.eu\/hu\/posledna-bodka-projektu-meet-the-local-needs\/"},"wordCount":148,"image":{"@id":"https:\/\/viacarpatia.eu\/hu\/posledna-bodka-projektu-meet-the-local-needs\/#primaryimage"},"thumbnailUrl":"https:\/\/viacarpatia.eu\/wp-content\/uploads\/2023\/04\/628631875c1510f3408b456f.jpg","articleSection":["Uncategorized"],"inLanguage":"hu"},{"@type":"WebPage","@id":"https:\/\/viacarpatia.eu\/hu\/posledna-bodka-projektu-meet-the-local-needs\/","url":"https:\/\/viacarpatia.eu\/hu\/posledna-bodka-projektu-meet-the-local-needs\/","name":"Utols\u00f3 pont a \u201eMeet the Local Needs\u201c projekten bel\u0171l - ViaCarpatia","isPartOf":{"@id":"https:\/\/viacarpatia.eu\/#website"},"primaryImageOfPage":{"@id":"https:\/\/viacarpatia.eu\/hu\/posledna-bodka-projektu-meet-the-local-needs\/#primaryimage"},"image":{"@id":"https:\/\/viacarpatia.eu\/hu\/posledna-bodka-projektu-meet-the-local-needs\/#primaryimage"},"thumbnailUrl":"https:\/\/viacarpatia.eu\/wp-content\/uploads\/2023\/04\/628631875c1510f3408b456f.jpg","datePublished":"2023-04-24T12:25:15+00:00","dateModified":"2023-05-18T12:27:58+00:00","author":{"@id":"https:\/\/viacarpatia.eu\/#\/schema\/person\/ad78fca7d58f189d57a6e54af785b1af"},"breadcrumb":{"@id":"https:\/\/viacarpatia.eu\/hu\/posledna-bodka-projektu-meet-the-local-needs\/#breadcrumb"},"inLanguage":"hu","potentialAction":[{"@type":"ReadAction","target":["https:\/\/viacarpatia.eu\/hu\/posledna-bodka-projektu-meet-the-local-needs\/"]}]},{"@type":"ImageObject","inLanguage":"hu","@id":"https:\/\/viacarpatia.eu\/hu\/posledna-bodka-projektu-meet-the-local-needs\/#primaryimage","url":"https:\/\/viacarpatia.eu\/wp-content\/uploads\/2023\/04\/628631875c1510f3408b456f.jpg","contentUrl":"https:\/\/viacarpatia.eu\/wp-content\/uploads\/2023\/04\/628631875c1510f3408b456f.jpg","width":766,"height":480},{"@type":"BreadcrumbList","@id":"https:\/\/viacarpatia.eu\/hu\/posledna-bodka-projektu-meet-the-local-needs\/#breadcrumb","itemListElement":[{"@type":"ListItem","position":1,"name":"Home","item":"https:\/\/viacarpatia.eu\/"},{"@type":"ListItem","position":2,"name":"Utols\u00f3 pont a \u201eMeet the Local Needs\u201c projekten bel\u0171l"}]},{"@type":"WebSite","@id":"https:\/\/viacarpatia.eu\/#website","url":"https:\/\/viacarpatia.eu\/","name":"ViaCarpatia","description":"Sp\u00e1jame historick\u00e9 a kult\u00farno-jazykov\u00e9 trad\u00edcie","alternateName":"ViaCarpatia","potentialAction":[{"@type":"SearchAction","target":{"@type":"EntryPoint","urlTemplate":"https:\/\/viacarpatia.eu\/?s={search_term_string}"},"query-input":{"@type":"PropertyValueSpecification","valueRequired":true,"valueName":"search_term_string"}}],"inLanguage":"hu"},{"@type":"Person","@id":"https:\/\/viacarpatia.eu\/#\/schema\/person\/ad78fca7d58f189d57a6e54af785b1af","name":"promiseo","image":{"@type":"ImageObject","inLanguage":"hu","@id":"https:\/\/secure.gravatar.com\/avatar\/e836a21cdda7d1a602c49880145b7a9b7a76ee1acdc3df5fb44089ead12fd2b1?s=96&d=mm&r=g","url":"https:\/\/secure.gravatar.com\/avatar\/e836a21cdda7d1a602c49880145b7a9b7a76ee1acdc3df5fb44089ead12fd2b1?s=96&d=mm&r=g","contentUrl":"https:\/\/secure.gravatar.com\/avatar\/e836a21cdda7d1a602c49880145b7a9b7a76ee1acdc3df5fb44089ead12fd2b1?s=96&d=mm&r=g","caption":"promiseo"},"sameAs":["https:\/\/viacarpatia.eu"],"url":"https:\/\/viacarpatia.eu\/hu\/author\/promiseo\/"}]}},"_links":{"self":[{"href":"https:\/\/viacarpatia.eu\/hu\/wp-json\/wp\/v2\/posts\/7554","targetHints":{"allow":["GET"]}}],"collection":[{"href":"https:\/\/viacarpatia.eu\/hu\/wp-json\/wp\/v2\/posts"}],"about":[{"href":"https:\/\/viacarpatia.eu\/hu\/wp-json\/wp\/v2\/types\/post"}],"author":[{"embeddable":true,"href":"https:\/\/viacarpatia.eu\/hu\/wp-json\/wp\/v2\/users\/1"}],"replies":[{"embeddable":true,"href":"https:\/\/viacarpatia.eu\/hu\/wp-json\/wp\/v2\/comments?post=7554"}],"version-history":[{"count":1,"href":"https:\/\/viacarpatia.eu\/hu\/wp-json\/wp\/v2\/posts\/7554\/revisions"}],"predecessor-version":[{"id":7555,"href":"https:\/\/viacarpatia.eu\/hu\/wp-json\/wp\/v2\/posts\/7554\/revisions\/7555"}],"wp:featuredmedia":[{"embeddable":true,"href":"https:\/\/viacarpatia.eu\/hu\/wp-json\/wp\/v2\/media\/4841"}],"wp:attachment":[{"href":"https:\/\/viacarpatia.eu\/hu\/wp-json\/wp\/v2\/media?parent=7554"}],"wp:term":[{"taxonomy":"category","embeddable":true,"href":"https:\/\/viacarpatia.eu\/hu\/wp-json\/wp\/v2\/categories?post=7554"},{"taxonomy":"post_tag","embeddable":true,"href":"https:\/\/viacarpatia.eu\/hu\/wp-json\/wp\/v2\/tags?post=7554"}],"curies":[{"name":"wp","href":"https:\/\/api.w.org\/{rel}","templated":true}]}}