{"id":7576,"date":"2023-04-24T14:56:58","date_gmt":"2023-04-24T12:56:58","guid":{"rendered":"https:\/\/viacarpatia.eu\/vdaka-eurofondom-vznikli-nove-pracovne-miesta\/"},"modified":"2023-05-18T14:29:37","modified_gmt":"2023-05-18T12:29:37","slug":"vdaka-eurofondom-vznikli-nove-pracovne-miesta","status":"publish","type":"post","link":"https:\/\/viacarpatia.eu\/hu\/vdaka-eurofondom-vznikli-nove-pracovne-miesta\/","title":{"rendered":"A Sz\u00e9pcsereh\u00e1t Hat\u00e1ron \u00c1tny\u00fal\u00f3 Foglalkoztat\u00e1si Akci\u00f3terv a v\u00e9g\u00e9hez \u00e9rt!"},"content":{"rendered":"<p>2019-t\u0151l 2022 j\u00falius\u00e1ig az Interreg V-A Szlov\u00e1kia \u2013 Magyarorsz\u00e1g Egy\u00fcttm\u0171k\u00f6d\u00e9si Program r\u00e9szek\u00e9nt val\u00f3sult meg a <strong>Sz\u00e9pcsereh\u00e1t Hat\u00e1ron \u00c1tny\u00fal\u00f3 Foglalkoztat\u00e1si Akci\u00f3terv<\/strong> a szlov\u00e1k-magyar hat\u00e1rmenti t\u00e9rs\u00e9gben. Az akci\u00f3terv f\u0151 c\u00e9lja a foglalkoztat\u00e1s n\u00f6vel\u00e9se volt a Csereh\u00e1t t\u00e9rs\u00e9g\u00e9ben a helyi termel\u00e9s t\u00e1mogat\u00e1s\u00e1val. A tev\u00e9kenys\u00e9gek els\u0151sorban a hum\u00e1n t\u0151ke t\u00e1mogat\u00e1s\u00e1ra, a termel\u00e9si infrastrukt\u00fara t\u00e1mogat\u00e1s\u00e1ra \u00e9s a region\u00e1lis m\u00e1rka \u00e9s marketing l\u00e9trehoz\u00e1s\u00e1ra ir\u00e1nyultak.<\/p>\n<p>Az akci\u00f3terv teljes k\u00f6lts\u00e9gvet\u00e9se 4 417 494,36 EUR, 15 partner vett r\u00e9szt az egyes projektekben, \u00e9s 12 \u00faj munkahely j\u00f6tt l\u00e9tre az akci\u00f3tervnek k\u00f6sz\u00f6nhet\u0151en. A projekt az Eur\u00f3pai Uni\u00f3 t\u00e1mogat\u00e1s\u00e1val, az Eur\u00f3pai Region\u00e1lis Fejleszt\u00e9si Alap (ERFA) t\u00e1rsfinansz\u00edroz\u00e1s\u00e1val val\u00f3sult meg.<\/p>\n<p>Az akci\u00f3terv r\u00e9szek\u00e9nt h\u00e9t projekt val\u00f3sult meg, amelyek egym\u00e1sra \u00e9p\u00fcltek, szinergikus hat\u00e1st keltve a t\u00e1mogatott tev\u00e9kenys\u00e9gekben.<\/p>\n<p>Az els\u0151 k\u00e9t projekt a helyi v\u00e1llalkoz\u00f3k t\u00e1mogat\u00e1s\u00e1t szolg\u00e1lta. A projektpartnerek hat\u00e1ron \u00e1tny\u00fal\u00f3 egy\u00fcttm\u0171k\u00f6d\u00e9se n\u00f6veli a helyi term\u00e9kek min\u0151s\u00e9g\u00e9t, versenyk\u00e9pess\u00e9g\u00e9t \u00e9s n\u00e9pszer\u0171s\u00e9g\u00e9t. <strong>A Development of local + products 1<\/strong> projekten bel\u00fcl a Csereh\u00e1t-V\u00f6lgy Kft. magp\u00f6rk\u00f6l\u0151t \u00e9s Dsupin J\u00e1nos e.v. gy\u00fcm\u00f6lcsl\u00e9gy\u00e1rat \u00e9p\u00edtett Gagyap\u00e1tiban (HU), a BARTRANZ, s.r.o. t\u00f6kmagolaj sajtol\u00f3t Buzit\u00e1n (SK). Az ERFA hozz\u00e1j\u00e1rul\u00e1sa 455,015.94 \u20ac volt. <strong>A Development of local + products 2<\/strong> projekten bel\u00fcl a Tesz-Team Kft. Hidasn\u00e9metiben (HU) k\u00e1posztasavany\u00edt\u00f3 \u00fczemet \u00e9p\u00edtett m\u00edg az &#8222;Agent\u00fara GES&#8221; spol. s.r.o. Kass\u00e1n (SK) l\u00e9trehozott egy cukr\u00e1szterm\u00e9keket el\u0151\u00e1ll\u00edt\u00f3 \u00fczemet. Az ERFA hozz\u00e1j\u00e1rul\u00e1sa a projekten bel\u00fcl 1,065,899.00 \u20ac volt.<\/p>\n<p>A harmadik \u00e9s negyedik projekt a hum\u00e1n t\u0151ke min\u0151s\u00e9g\u00e9nek jav\u00edt\u00e1s\u00e1ra ir\u00e1nyult. <strong>A Through renovation to the education <\/strong>projekt partnerei oktat\u00e1si int\u00e9zm\u00e9nyek infrastrukt\u00far\u00e1j\u00e1t fejlesztett\u00e9k. Encsen (HU) az Aba\u00faji Ter\u00fcletfejleszt\u00e9si \u00d6nkorm\u00e1nyzati Sz\u00f6vets\u00e9g feln\u0151ttoktat\u00e1si tev\u00e9kenys\u00e9gek jav\u00edt\u00e1s\u00e1ra f\u00f3kusz\u00e1lt egy k\u00e9pz\u00e9si k\u00f6zpont l\u00e9trehoz\u00e1sa \u00e1ltal. Szepsiben (SK) az Agrotechnikai Szakk\u00f6z\u00e9piskol\u00e1ban pedig korszer\u0171 laborat\u00f3riumi eszk\u00f6z\u00f6ket szereztek be. Az ERFA hozz\u00e1j\u00e1rul\u00e1sa 253,430.00 \u20ac. A Via Carpatia Eur\u00f3pai Ter\u00fcleti Egy\u00fcttm\u0171k\u00f6d\u00e9si Csoportosul\u00e1s <strong>a Find your way to the labour market <\/strong>c\u00edm\u0171 projekt keret\u00e9ben k\u00e9pz\u00e9seket val\u00f3s\u00edtott meg a munkan\u00e9lk\u00fcliek sz\u00e1m\u00e1ra az \u00fajonnan kialak\u00edtott k\u00f6zpontokban, melyeknek c\u00e9lja a k\u00e9pzetts\u00e9gi szint n\u00f6vel\u00e9se \u00e9s a munka\u00e9r\u0151piacon val\u00f3 elhelyezked\u00e9si es\u00e9lyek n\u00f6vel\u00e9se volt. A projekt v\u00e9g\u00e9n \u00e1ll\u00e1sb\u00f6rz\u00e9n vettek r\u00e9szt a r\u00e9sztvev\u0151k. A projekt ERFA t\u00e1mogat\u00e1sa 92,725.53 \u20ac volt.<\/p>\n<p><strong>A Meet the local needs<\/strong> projekt r\u00e9szek\u00e9nt n\u00e9h\u00e1ny hi\u00e1nyz\u00f3 magas sz\u00ednvonal\u00fa v\u00e1rosi funkci\u00f3t p\u00f3toltak egy k\u00e9pz\u00e9si k\u00f6zpont l\u00e9trehoz\u00e1s\u00e1val Gagyvend\u00e9giben (HU), valamint a helyi piacok hat\u00e1ron \u00e1tny\u00fal\u00f3 h\u00e1l\u00f3zat\u00e1nak kialak\u00edt\u00e1s\u00e1val Encsen (HU), Hidasn\u00e9metiben (HU), Gagyvend\u00e9giben (HU), Buzit\u00e1n (SK) \u00e9s Szepsiben (SK), ami emelte a r\u00e9gi\u00f3ban \u00e9l\u0151k lehet\u0151s\u00e9geinek min\u0151s\u00e9g\u00e9t. Az ERFA hozz\u00e1j\u00e1rul\u00e1sa 1,345,571.00 \u20ac volt.<\/p>\n<p><strong>A Build and promote local image <\/strong>projekt r\u00e9szek\u00e9nt a J\u00f6v\u0151 \u00datja Nonprofit Kft. (HU) \u00e9s a Pozsonyi K\u00f6zgazdas\u00e1gtudom\u00e1nyi Egyetem (SK) l\u00e9trehoztak egy \u00faj region\u00e1lis m\u00e1rk\u00e1t \u00e9s egy internetes alkalmaz\u00e1st a helyi termel\u0151k adatb\u00e1zis\u00e1val. 5 hat\u00e1ron \u00e1tny\u00fal\u00f3 piacot \u00e9s region\u00e1lis Agro EXPO-t is szerveztek. Az ERFA hozz\u00e1j\u00e1rul\u00e1sa a projekthez 131,777.84 \u20ac volt.<\/p>\n<p>Az akci\u00f3terv 6 projektj\u00e9nek koordin\u00e1l\u00e1s\u00e1t \u00e9s sz\u00e9lesk\u00f6r\u0171 n\u00e9pszer\u0171s\u00edt\u00e9s\u00e9t a Via Carpatia Eur\u00f3pai Ter\u00fcleti Egy\u00fcttm\u0171k\u00f6d\u00e9si Csoportosul\u00e1s <strong>a Coordination and Communication Project <\/strong>r\u00e9szek\u00e9nt biztos\u00edtotta k\u00fcl\u00f6nb\u00f6z\u0151 kommunik\u00e1ci\u00f3s eszk\u00f6z\u00f6k seg\u00edts\u00e9g\u00e9vel. Az ERFA hozz\u00e1j\u00e1rul\u00e1sa a projekthez 185,344.00 \u20ac volt.<\/p>\n","protected":false},"excerpt":{"rendered":"<p>2019-t\u0151l 2022 j\u00falius\u00e1ig az Interreg V-A Szlov\u00e1kia \u2013 Magyarorsz\u00e1g Egy\u00fcttm\u0171k\u00f6d\u00e9si Program r\u00e9szek\u00e9nt val\u00f3sult meg a Sz\u00e9pcsereh\u00e1t Hat\u00e1ron \u00c1tny\u00fal\u00f3 Foglalkoztat\u00e1si Akci\u00f3terv a szlov\u00e1k-magyar hat\u00e1rmenti t\u00e9rs\u00e9gben. Az akci\u00f3terv f\u0151 c\u00e9lja a foglalkoztat\u00e1s n\u00f6vel\u00e9se volt a Csereh\u00e1t t\u00e9rs\u00e9g\u00e9ben a helyi termel\u00e9s t\u00e1mogat\u00e1s\u00e1val. A tev\u00e9kenys\u00e9gek els\u0151sorban a hum\u00e1n t\u0151ke t\u00e1mogat\u00e1s\u00e1ra, a termel\u00e9si infrastrukt\u00fara t\u00e1mogat\u00e1s\u00e1ra \u00e9s a region\u00e1lis m\u00e1rka \u00e9s [&hellip;]<\/p>\n","protected":false},"author":1,"featured_media":4991,"comment_status":"closed","ping_status":"open","sticky":false,"template":"","format":"standard","meta":{"inline_featured_image":false,"footnotes":""},"categories":[3],"tags":[],"class_list":["post-7576","post","type-post","status-publish","format-standard","has-post-thumbnail","hentry","category-uncategorized-hu"],"acf":[],"yoast_head":"<!-- This site is optimized with the Yoast SEO plugin v27.5 - https:\/\/yoast.com\/product\/yoast-seo-wordpress\/ -->\n<title>A Sz\u00e9pcsereh\u00e1t Hat\u00e1ron \u00c1tny\u00fal\u00f3 Foglalkoztat\u00e1si Akci\u00f3terv a v\u00e9g\u00e9hez \u00e9rt! - ViaCarpatia<\/title>\n<meta name=\"robots\" content=\"index, follow, max-snippet:-1, max-image-preview:large, max-video-preview:-1\" \/>\n<link rel=\"canonical\" href=\"https:\/\/viacarpatia.eu\/hu\/vdaka-eurofondom-vznikli-nove-pracovne-miesta\/\" \/>\n<meta property=\"og:locale\" content=\"hu_HU\" \/>\n<meta property=\"og:type\" content=\"article\" \/>\n<meta property=\"og:title\" content=\"A Sz\u00e9pcsereh\u00e1t Hat\u00e1ron \u00c1tny\u00fal\u00f3 Foglalkoztat\u00e1si Akci\u00f3terv a v\u00e9g\u00e9hez \u00e9rt! - ViaCarpatia\" \/>\n<meta property=\"og:description\" content=\"2019-t\u0151l 2022 j\u00falius\u00e1ig az Interreg V-A Szlov\u00e1kia \u2013 Magyarorsz\u00e1g Egy\u00fcttm\u0171k\u00f6d\u00e9si Program r\u00e9szek\u00e9nt val\u00f3sult meg a Sz\u00e9pcsereh\u00e1t Hat\u00e1ron \u00c1tny\u00fal\u00f3 Foglalkoztat\u00e1si Akci\u00f3terv a szlov\u00e1k-magyar hat\u00e1rmenti t\u00e9rs\u00e9gben. Az akci\u00f3terv f\u0151 c\u00e9lja a foglalkoztat\u00e1s n\u00f6vel\u00e9se volt a Csereh\u00e1t t\u00e9rs\u00e9g\u00e9ben a helyi termel\u00e9s t\u00e1mogat\u00e1s\u00e1val. A tev\u00e9kenys\u00e9gek els\u0151sorban a hum\u00e1n t\u0151ke t\u00e1mogat\u00e1s\u00e1ra, a termel\u00e9si infrastrukt\u00fara t\u00e1mogat\u00e1s\u00e1ra \u00e9s a region\u00e1lis m\u00e1rka \u00e9s [&hellip;]\" \/>\n<meta property=\"og:url\" content=\"https:\/\/viacarpatia.eu\/hu\/vdaka-eurofondom-vznikli-nove-pracovne-miesta\/\" \/>\n<meta property=\"og:site_name\" content=\"ViaCarpatia\" \/>\n<meta property=\"article:published_time\" content=\"2023-04-24T12:56:58+00:00\" \/>\n<meta property=\"article:modified_time\" content=\"2023-05-18T12:29:37+00:00\" \/>\n<meta property=\"og:image\" content=\"https:\/\/viacarpatia.eu\/wp-content\/uploads\/2023\/04\/Odovzdanie-tovarne-na-kyslu-kapustu-v-Hidasnemeti1.jpg\" \/>\n\t<meta property=\"og:image:width\" content=\"1582\" \/>\n\t<meta property=\"og:image:height\" content=\"1033\" \/>\n\t<meta property=\"og:image:type\" content=\"image\/jpeg\" \/>\n<meta name=\"author\" content=\"promiseo\" \/>\n<meta name=\"twitter:card\" content=\"summary_large_image\" \/>\n<meta name=\"twitter:label1\" content=\"Szerz\u0151:\" \/>\n\t<meta name=\"twitter:data1\" content=\"promiseo\" \/>\n\t<meta name=\"twitter:label2\" content=\"Becs\u00fclt olvas\u00e1si id\u0151\" \/>\n\t<meta name=\"twitter:data2\" content=\"3 perc\" \/>\n<script type=\"application\/ld+json\" class=\"yoast-schema-graph\">{\"@context\":\"https:\\\/\\\/schema.org\",\"@graph\":[{\"@type\":\"Article\",\"@id\":\"https:\\\/\\\/viacarpatia.eu\\\/hu\\\/vdaka-eurofondom-vznikli-nove-pracovne-miesta\\\/#article\",\"isPartOf\":{\"@id\":\"https:\\\/\\\/viacarpatia.eu\\\/hu\\\/vdaka-eurofondom-vznikli-nove-pracovne-miesta\\\/\"},\"author\":{\"name\":\"promiseo\",\"@id\":\"https:\\\/\\\/viacarpatia.eu\\\/#\\\/schema\\\/person\\\/ad78fca7d58f189d57a6e54af785b1af\"},\"headline\":\"A Sz\u00e9pcsereh\u00e1t Hat\u00e1ron \u00c1tny\u00fal\u00f3 Foglalkoztat\u00e1si Akci\u00f3terv a v\u00e9g\u00e9hez \u00e9rt!\",\"datePublished\":\"2023-04-24T12:56:58+00:00\",\"dateModified\":\"2023-05-18T12:29:37+00:00\",\"mainEntityOfPage\":{\"@id\":\"https:\\\/\\\/viacarpatia.eu\\\/hu\\\/vdaka-eurofondom-vznikli-nove-pracovne-miesta\\\/\"},\"wordCount\":779,\"image\":{\"@id\":\"https:\\\/\\\/viacarpatia.eu\\\/hu\\\/vdaka-eurofondom-vznikli-nove-pracovne-miesta\\\/#primaryimage\"},\"thumbnailUrl\":\"https:\\\/\\\/viacarpatia.eu\\\/wp-content\\\/uploads\\\/2023\\\/04\\\/Odovzdanie-tovarne-na-kyslu-kapustu-v-Hidasnemeti1.jpg\",\"articleSection\":[\"Uncategorized\"],\"inLanguage\":\"hu\"},{\"@type\":\"WebPage\",\"@id\":\"https:\\\/\\\/viacarpatia.eu\\\/hu\\\/vdaka-eurofondom-vznikli-nove-pracovne-miesta\\\/\",\"url\":\"https:\\\/\\\/viacarpatia.eu\\\/hu\\\/vdaka-eurofondom-vznikli-nove-pracovne-miesta\\\/\",\"name\":\"A Sz\u00e9pcsereh\u00e1t Hat\u00e1ron \u00c1tny\u00fal\u00f3 Foglalkoztat\u00e1si Akci\u00f3terv a v\u00e9g\u00e9hez \u00e9rt! - ViaCarpatia\",\"isPartOf\":{\"@id\":\"https:\\\/\\\/viacarpatia.eu\\\/#website\"},\"primaryImageOfPage\":{\"@id\":\"https:\\\/\\\/viacarpatia.eu\\\/hu\\\/vdaka-eurofondom-vznikli-nove-pracovne-miesta\\\/#primaryimage\"},\"image\":{\"@id\":\"https:\\\/\\\/viacarpatia.eu\\\/hu\\\/vdaka-eurofondom-vznikli-nove-pracovne-miesta\\\/#primaryimage\"},\"thumbnailUrl\":\"https:\\\/\\\/viacarpatia.eu\\\/wp-content\\\/uploads\\\/2023\\\/04\\\/Odovzdanie-tovarne-na-kyslu-kapustu-v-Hidasnemeti1.jpg\",\"datePublished\":\"2023-04-24T12:56:58+00:00\",\"dateModified\":\"2023-05-18T12:29:37+00:00\",\"author\":{\"@id\":\"https:\\\/\\\/viacarpatia.eu\\\/#\\\/schema\\\/person\\\/ad78fca7d58f189d57a6e54af785b1af\"},\"breadcrumb\":{\"@id\":\"https:\\\/\\\/viacarpatia.eu\\\/hu\\\/vdaka-eurofondom-vznikli-nove-pracovne-miesta\\\/#breadcrumb\"},\"inLanguage\":\"hu\",\"potentialAction\":[{\"@type\":\"ReadAction\",\"target\":[\"https:\\\/\\\/viacarpatia.eu\\\/hu\\\/vdaka-eurofondom-vznikli-nove-pracovne-miesta\\\/\"]}]},{\"@type\":\"ImageObject\",\"inLanguage\":\"hu\",\"@id\":\"https:\\\/\\\/viacarpatia.eu\\\/hu\\\/vdaka-eurofondom-vznikli-nove-pracovne-miesta\\\/#primaryimage\",\"url\":\"https:\\\/\\\/viacarpatia.eu\\\/wp-content\\\/uploads\\\/2023\\\/04\\\/Odovzdanie-tovarne-na-kyslu-kapustu-v-Hidasnemeti1.jpg\",\"contentUrl\":\"https:\\\/\\\/viacarpatia.eu\\\/wp-content\\\/uploads\\\/2023\\\/04\\\/Odovzdanie-tovarne-na-kyslu-kapustu-v-Hidasnemeti1.jpg\",\"width\":1582,\"height\":1033},{\"@type\":\"BreadcrumbList\",\"@id\":\"https:\\\/\\\/viacarpatia.eu\\\/hu\\\/vdaka-eurofondom-vznikli-nove-pracovne-miesta\\\/#breadcrumb\",\"itemListElement\":[{\"@type\":\"ListItem\",\"position\":1,\"name\":\"Home\",\"item\":\"https:\\\/\\\/viacarpatia.eu\\\/\"},{\"@type\":\"ListItem\",\"position\":2,\"name\":\"A Sz\u00e9pcsereh\u00e1t Hat\u00e1ron \u00c1tny\u00fal\u00f3 Foglalkoztat\u00e1si Akci\u00f3terv a v\u00e9g\u00e9hez \u00e9rt!\"}]},{\"@type\":\"WebSite\",\"@id\":\"https:\\\/\\\/viacarpatia.eu\\\/#website\",\"url\":\"https:\\\/\\\/viacarpatia.eu\\\/\",\"name\":\"ViaCarpatia\",\"description\":\"Sp\u00e1jame historick\u00e9 a kult\u00farno-jazykov\u00e9 trad\u00edcie\",\"alternateName\":\"ViaCarpatia\",\"potentialAction\":[{\"@type\":\"SearchAction\",\"target\":{\"@type\":\"EntryPoint\",\"urlTemplate\":\"https:\\\/\\\/viacarpatia.eu\\\/?s={search_term_string}\"},\"query-input\":{\"@type\":\"PropertyValueSpecification\",\"valueRequired\":true,\"valueName\":\"search_term_string\"}}],\"inLanguage\":\"hu\"},{\"@type\":\"Person\",\"@id\":\"https:\\\/\\\/viacarpatia.eu\\\/#\\\/schema\\\/person\\\/ad78fca7d58f189d57a6e54af785b1af\",\"name\":\"promiseo\",\"image\":{\"@type\":\"ImageObject\",\"inLanguage\":\"hu\",\"@id\":\"https:\\\/\\\/secure.gravatar.com\\\/avatar\\\/e836a21cdda7d1a602c49880145b7a9b7a76ee1acdc3df5fb44089ead12fd2b1?s=96&d=mm&r=g\",\"url\":\"https:\\\/\\\/secure.gravatar.com\\\/avatar\\\/e836a21cdda7d1a602c49880145b7a9b7a76ee1acdc3df5fb44089ead12fd2b1?s=96&d=mm&r=g\",\"contentUrl\":\"https:\\\/\\\/secure.gravatar.com\\\/avatar\\\/e836a21cdda7d1a602c49880145b7a9b7a76ee1acdc3df5fb44089ead12fd2b1?s=96&d=mm&r=g\",\"caption\":\"promiseo\"},\"sameAs\":[\"https:\\\/\\\/viacarpatia.eu\"],\"url\":\"https:\\\/\\\/viacarpatia.eu\\\/hu\\\/author\\\/promiseo\\\/\"}]}<\/script>\n<!-- \/ Yoast SEO plugin. -->","yoast_head_json":{"title":"A Sz\u00e9pcsereh\u00e1t Hat\u00e1ron \u00c1tny\u00fal\u00f3 Foglalkoztat\u00e1si Akci\u00f3terv a v\u00e9g\u00e9hez \u00e9rt! - ViaCarpatia","robots":{"index":"index","follow":"follow","max-snippet":"max-snippet:-1","max-image-preview":"max-image-preview:large","max-video-preview":"max-video-preview:-1"},"canonical":"https:\/\/viacarpatia.eu\/hu\/vdaka-eurofondom-vznikli-nove-pracovne-miesta\/","og_locale":"hu_HU","og_type":"article","og_title":"A Sz\u00e9pcsereh\u00e1t Hat\u00e1ron \u00c1tny\u00fal\u00f3 Foglalkoztat\u00e1si Akci\u00f3terv a v\u00e9g\u00e9hez \u00e9rt! - ViaCarpatia","og_description":"2019-t\u0151l 2022 j\u00falius\u00e1ig az Interreg V-A Szlov\u00e1kia \u2013 Magyarorsz\u00e1g Egy\u00fcttm\u0171k\u00f6d\u00e9si Program r\u00e9szek\u00e9nt val\u00f3sult meg a Sz\u00e9pcsereh\u00e1t Hat\u00e1ron \u00c1tny\u00fal\u00f3 Foglalkoztat\u00e1si Akci\u00f3terv a szlov\u00e1k-magyar hat\u00e1rmenti t\u00e9rs\u00e9gben. Az akci\u00f3terv f\u0151 c\u00e9lja a foglalkoztat\u00e1s n\u00f6vel\u00e9se volt a Csereh\u00e1t t\u00e9rs\u00e9g\u00e9ben a helyi termel\u00e9s t\u00e1mogat\u00e1s\u00e1val. A tev\u00e9kenys\u00e9gek els\u0151sorban a hum\u00e1n t\u0151ke t\u00e1mogat\u00e1s\u00e1ra, a termel\u00e9si infrastrukt\u00fara t\u00e1mogat\u00e1s\u00e1ra \u00e9s a region\u00e1lis m\u00e1rka \u00e9s [&hellip;]","og_url":"https:\/\/viacarpatia.eu\/hu\/vdaka-eurofondom-vznikli-nove-pracovne-miesta\/","og_site_name":"ViaCarpatia","article_published_time":"2023-04-24T12:56:58+00:00","article_modified_time":"2023-05-18T12:29:37+00:00","og_image":[{"width":1582,"height":1033,"url":"https:\/\/viacarpatia.eu\/wp-content\/uploads\/2023\/04\/Odovzdanie-tovarne-na-kyslu-kapustu-v-Hidasnemeti1.jpg","type":"image\/jpeg"}],"author":"promiseo","twitter_card":"summary_large_image","twitter_misc":{"Szerz\u0151:":"promiseo","Becs\u00fclt olvas\u00e1si id\u0151":"3 perc"},"schema":{"@context":"https:\/\/schema.org","@graph":[{"@type":"Article","@id":"https:\/\/viacarpatia.eu\/hu\/vdaka-eurofondom-vznikli-nove-pracovne-miesta\/#article","isPartOf":{"@id":"https:\/\/viacarpatia.eu\/hu\/vdaka-eurofondom-vznikli-nove-pracovne-miesta\/"},"author":{"name":"promiseo","@id":"https:\/\/viacarpatia.eu\/#\/schema\/person\/ad78fca7d58f189d57a6e54af785b1af"},"headline":"A Sz\u00e9pcsereh\u00e1t Hat\u00e1ron \u00c1tny\u00fal\u00f3 Foglalkoztat\u00e1si Akci\u00f3terv a v\u00e9g\u00e9hez \u00e9rt!","datePublished":"2023-04-24T12:56:58+00:00","dateModified":"2023-05-18T12:29:37+00:00","mainEntityOfPage":{"@id":"https:\/\/viacarpatia.eu\/hu\/vdaka-eurofondom-vznikli-nove-pracovne-miesta\/"},"wordCount":779,"image":{"@id":"https:\/\/viacarpatia.eu\/hu\/vdaka-eurofondom-vznikli-nove-pracovne-miesta\/#primaryimage"},"thumbnailUrl":"https:\/\/viacarpatia.eu\/wp-content\/uploads\/2023\/04\/Odovzdanie-tovarne-na-kyslu-kapustu-v-Hidasnemeti1.jpg","articleSection":["Uncategorized"],"inLanguage":"hu"},{"@type":"WebPage","@id":"https:\/\/viacarpatia.eu\/hu\/vdaka-eurofondom-vznikli-nove-pracovne-miesta\/","url":"https:\/\/viacarpatia.eu\/hu\/vdaka-eurofondom-vznikli-nove-pracovne-miesta\/","name":"A Sz\u00e9pcsereh\u00e1t Hat\u00e1ron \u00c1tny\u00fal\u00f3 Foglalkoztat\u00e1si Akci\u00f3terv a v\u00e9g\u00e9hez \u00e9rt! - ViaCarpatia","isPartOf":{"@id":"https:\/\/viacarpatia.eu\/#website"},"primaryImageOfPage":{"@id":"https:\/\/viacarpatia.eu\/hu\/vdaka-eurofondom-vznikli-nove-pracovne-miesta\/#primaryimage"},"image":{"@id":"https:\/\/viacarpatia.eu\/hu\/vdaka-eurofondom-vznikli-nove-pracovne-miesta\/#primaryimage"},"thumbnailUrl":"https:\/\/viacarpatia.eu\/wp-content\/uploads\/2023\/04\/Odovzdanie-tovarne-na-kyslu-kapustu-v-Hidasnemeti1.jpg","datePublished":"2023-04-24T12:56:58+00:00","dateModified":"2023-05-18T12:29:37+00:00","author":{"@id":"https:\/\/viacarpatia.eu\/#\/schema\/person\/ad78fca7d58f189d57a6e54af785b1af"},"breadcrumb":{"@id":"https:\/\/viacarpatia.eu\/hu\/vdaka-eurofondom-vznikli-nove-pracovne-miesta\/#breadcrumb"},"inLanguage":"hu","potentialAction":[{"@type":"ReadAction","target":["https:\/\/viacarpatia.eu\/hu\/vdaka-eurofondom-vznikli-nove-pracovne-miesta\/"]}]},{"@type":"ImageObject","inLanguage":"hu","@id":"https:\/\/viacarpatia.eu\/hu\/vdaka-eurofondom-vznikli-nove-pracovne-miesta\/#primaryimage","url":"https:\/\/viacarpatia.eu\/wp-content\/uploads\/2023\/04\/Odovzdanie-tovarne-na-kyslu-kapustu-v-Hidasnemeti1.jpg","contentUrl":"https:\/\/viacarpatia.eu\/wp-content\/uploads\/2023\/04\/Odovzdanie-tovarne-na-kyslu-kapustu-v-Hidasnemeti1.jpg","width":1582,"height":1033},{"@type":"BreadcrumbList","@id":"https:\/\/viacarpatia.eu\/hu\/vdaka-eurofondom-vznikli-nove-pracovne-miesta\/#breadcrumb","itemListElement":[{"@type":"ListItem","position":1,"name":"Home","item":"https:\/\/viacarpatia.eu\/"},{"@type":"ListItem","position":2,"name":"A Sz\u00e9pcsereh\u00e1t Hat\u00e1ron \u00c1tny\u00fal\u00f3 Foglalkoztat\u00e1si Akci\u00f3terv a v\u00e9g\u00e9hez \u00e9rt!"}]},{"@type":"WebSite","@id":"https:\/\/viacarpatia.eu\/#website","url":"https:\/\/viacarpatia.eu\/","name":"ViaCarpatia","description":"Sp\u00e1jame historick\u00e9 a kult\u00farno-jazykov\u00e9 trad\u00edcie","alternateName":"ViaCarpatia","potentialAction":[{"@type":"SearchAction","target":{"@type":"EntryPoint","urlTemplate":"https:\/\/viacarpatia.eu\/?s={search_term_string}"},"query-input":{"@type":"PropertyValueSpecification","valueRequired":true,"valueName":"search_term_string"}}],"inLanguage":"hu"},{"@type":"Person","@id":"https:\/\/viacarpatia.eu\/#\/schema\/person\/ad78fca7d58f189d57a6e54af785b1af","name":"promiseo","image":{"@type":"ImageObject","inLanguage":"hu","@id":"https:\/\/secure.gravatar.com\/avatar\/e836a21cdda7d1a602c49880145b7a9b7a76ee1acdc3df5fb44089ead12fd2b1?s=96&d=mm&r=g","url":"https:\/\/secure.gravatar.com\/avatar\/e836a21cdda7d1a602c49880145b7a9b7a76ee1acdc3df5fb44089ead12fd2b1?s=96&d=mm&r=g","contentUrl":"https:\/\/secure.gravatar.com\/avatar\/e836a21cdda7d1a602c49880145b7a9b7a76ee1acdc3df5fb44089ead12fd2b1?s=96&d=mm&r=g","caption":"promiseo"},"sameAs":["https:\/\/viacarpatia.eu"],"url":"https:\/\/viacarpatia.eu\/hu\/author\/promiseo\/"}]}},"_links":{"self":[{"href":"https:\/\/viacarpatia.eu\/hu\/wp-json\/wp\/v2\/posts\/7576","targetHints":{"allow":["GET"]}}],"collection":[{"href":"https:\/\/viacarpatia.eu\/hu\/wp-json\/wp\/v2\/posts"}],"about":[{"href":"https:\/\/viacarpatia.eu\/hu\/wp-json\/wp\/v2\/types\/post"}],"author":[{"embeddable":true,"href":"https:\/\/viacarpatia.eu\/hu\/wp-json\/wp\/v2\/users\/1"}],"replies":[{"embeddable":true,"href":"https:\/\/viacarpatia.eu\/hu\/wp-json\/wp\/v2\/comments?post=7576"}],"version-history":[{"count":1,"href":"https:\/\/viacarpatia.eu\/hu\/wp-json\/wp\/v2\/posts\/7576\/revisions"}],"predecessor-version":[{"id":7577,"href":"https:\/\/viacarpatia.eu\/hu\/wp-json\/wp\/v2\/posts\/7576\/revisions\/7577"}],"wp:featuredmedia":[{"embeddable":true,"href":"https:\/\/viacarpatia.eu\/hu\/wp-json\/wp\/v2\/media\/4991"}],"wp:attachment":[{"href":"https:\/\/viacarpatia.eu\/hu\/wp-json\/wp\/v2\/media?parent=7576"}],"wp:term":[{"taxonomy":"category","embeddable":true,"href":"https:\/\/viacarpatia.eu\/hu\/wp-json\/wp\/v2\/categories?post=7576"},{"taxonomy":"post_tag","embeddable":true,"href":"https:\/\/viacarpatia.eu\/hu\/wp-json\/wp\/v2\/tags?post=7576"}],"curies":[{"name":"wp","href":"https:\/\/api.w.org\/{rel}","templated":true}]}}