{"id":7578,"date":"2023-04-24T14:58:20","date_gmt":"2023-04-24T12:58:20","guid":{"rendered":"https:\/\/viacarpatia.eu\/medzinarodny-workshop-v-oblasti-starostlivosti-o-seniorov\/"},"modified":"2023-05-18T14:31:05","modified_gmt":"2023-05-18T12:31:05","slug":"medzinarodny-workshop-v-oblasti-starostlivosti-o-seniorov","status":"publish","type":"post","link":"https:\/\/viacarpatia.eu\/hu\/medzinarodny-workshop-v-oblasti-starostlivosti-o-seniorov\/","title":{"rendered":"Nemzetk\u00f6zi workshop az id\u0151sek gondoz\u00e1s\u00e1r\u00f3l"},"content":{"rendered":"<p>Az id\u0151sek gondoz\u00e1s\u00e1val kapcsolatos ismeretek \u00e9s gyakorlati tapasztalatok megoszt\u00e1sa fontos el\u0151felt\u00e9tele az id\u0151sek \u00e9letmin\u0151s\u00e9g\u00e9t jav\u00edt\u00f3 k\u00f6rnyezet megteremt\u00e9s\u00e9nek. T\u00f6bbek k\u00f6z\u00f6tt ez az oka annak, hogy r\u00e9szt vett\u00fcnk egy nemzetk\u00f6zi workshopon, amely ezzel a t\u00e9m\u00e1val foglalkozott. A workshopot az SKHU Ambassadors projekt r\u00e9szek\u00e9nt szervezte a BORA 94 szervezet 2022. j\u00falius 18- \u00e1n Miskolcon.<\/p>\n<p>A rendezv\u00e9ny keret\u00e9ben bemutat\u00e1sra ker\u00fcltek a Kass\u00e1n \u00e9s Miskolcon megny\u00edlt akt\u00edv id\u0151skor k\u00f6zpontok, a r\u00e9gi\u00f3ban bet\u00f6lt\u00f6tt szerep\u00fck \u00e9s az id\u0151sekkel val\u00f3 munka sor\u00e1n szerzett tapasztalataik. A rendezv\u00e9nyen egy besz\u00e9lget\u00e9sre is sor ker\u00fclt, amelyen a szak\u00e9rt\u0151k az id\u0151sek sz\u00e1m\u00e1ra ny\u00fajtott szolg\u00e1ltat\u00e1sok fejleszt\u00e9s\u00e9nek \u00e9s jav\u00edt\u00e1s\u00e1nak lehet\u0151s\u00e9geit vitatt\u00e1k meg. A rendezv\u00e9nyen minden r\u00e9sztvev\u0151 relev\u00e1ns ismereteket szerzett, amelyek seg\u00edtik az id\u0151sekkel val\u00f3 tov\u00e1bbi munk\u00e1jukat.<\/p>\n","protected":false},"excerpt":{"rendered":"<p>Az id\u0151sek gondoz\u00e1s\u00e1val kapcsolatos ismeretek \u00e9s gyakorlati tapasztalatok megoszt\u00e1sa fontos el\u0151felt\u00e9tele az id\u0151sek \u00e9letmin\u0151s\u00e9g\u00e9t jav\u00edt\u00f3 k\u00f6rnyezet megteremt\u00e9s\u00e9nek. T\u00f6bbek k\u00f6z\u00f6tt ez az oka annak, hogy r\u00e9szt vett\u00fcnk egy nemzetk\u00f6zi workshopon, amely ezzel a t\u00e9m\u00e1val foglalkozott. A workshopot az SKHU Ambassadors projekt r\u00e9szek\u00e9nt szervezte a BORA 94 szervezet 2022. j\u00falius 18- \u00e1n Miskolcon. A rendezv\u00e9ny keret\u00e9ben bemutat\u00e1sra [&hellip;]<\/p>\n","protected":false},"author":1,"featured_media":5007,"comment_status":"closed","ping_status":"open","sticky":false,"template":"","format":"standard","meta":{"inline_featured_image":false,"footnotes":""},"categories":[3],"tags":[],"class_list":["post-7578","post","type-post","status-publish","format-standard","has-post-thumbnail","hentry","category-uncategorized-hu"],"acf":[],"yoast_head":"<!-- This site is optimized with the Yoast SEO plugin v27.5 - https:\/\/yoast.com\/product\/yoast-seo-wordpress\/ -->\n<title>Nemzetk\u00f6zi workshop az id\u0151sek gondoz\u00e1s\u00e1r\u00f3l - ViaCarpatia<\/title>\n<meta name=\"robots\" content=\"index, follow, max-snippet:-1, max-image-preview:large, max-video-preview:-1\" \/>\n<link rel=\"canonical\" href=\"https:\/\/viacarpatia.eu\/hu\/medzinarodny-workshop-v-oblasti-starostlivosti-o-seniorov\/\" \/>\n<meta property=\"og:locale\" content=\"hu_HU\" \/>\n<meta property=\"og:type\" content=\"article\" \/>\n<meta property=\"og:title\" content=\"Nemzetk\u00f6zi workshop az id\u0151sek gondoz\u00e1s\u00e1r\u00f3l - ViaCarpatia\" \/>\n<meta property=\"og:description\" content=\"Az id\u0151sek gondoz\u00e1s\u00e1val kapcsolatos ismeretek \u00e9s gyakorlati tapasztalatok megoszt\u00e1sa fontos el\u0151felt\u00e9tele az id\u0151sek \u00e9letmin\u0151s\u00e9g\u00e9t jav\u00edt\u00f3 k\u00f6rnyezet megteremt\u00e9s\u00e9nek. T\u00f6bbek k\u00f6z\u00f6tt ez az oka annak, hogy r\u00e9szt vett\u00fcnk egy nemzetk\u00f6zi workshopon, amely ezzel a t\u00e9m\u00e1val foglalkozott. A workshopot az SKHU Ambassadors projekt r\u00e9szek\u00e9nt szervezte a BORA 94 szervezet 2022. j\u00falius 18- \u00e1n Miskolcon. A rendezv\u00e9ny keret\u00e9ben bemutat\u00e1sra [&hellip;]\" \/>\n<meta property=\"og:url\" content=\"https:\/\/viacarpatia.eu\/hu\/medzinarodny-workshop-v-oblasti-starostlivosti-o-seniorov\/\" \/>\n<meta property=\"og:site_name\" content=\"ViaCarpatia\" \/>\n<meta property=\"article:published_time\" content=\"2023-04-24T12:58:20+00:00\" \/>\n<meta property=\"article:modified_time\" content=\"2023-05-18T12:31:05+00:00\" \/>\n<meta property=\"og:image\" content=\"https:\/\/viacarpatia.eu\/wp-content\/uploads\/2023\/04\/IMG_1516-scaled.jpg\" \/>\n\t<meta property=\"og:image:width\" content=\"2560\" \/>\n\t<meta property=\"og:image:height\" content=\"1707\" \/>\n\t<meta property=\"og:image:type\" content=\"image\/jpeg\" \/>\n<meta name=\"author\" content=\"promiseo\" \/>\n<meta name=\"twitter:card\" content=\"summary_large_image\" \/>\n<meta name=\"twitter:label1\" content=\"Szerz\u0151:\" \/>\n\t<meta name=\"twitter:data1\" content=\"promiseo\" \/>\n<script type=\"application\/ld+json\" class=\"yoast-schema-graph\">{\"@context\":\"https:\\\/\\\/schema.org\",\"@graph\":[{\"@type\":\"Article\",\"@id\":\"https:\\\/\\\/viacarpatia.eu\\\/hu\\\/medzinarodny-workshop-v-oblasti-starostlivosti-o-seniorov\\\/#article\",\"isPartOf\":{\"@id\":\"https:\\\/\\\/viacarpatia.eu\\\/hu\\\/medzinarodny-workshop-v-oblasti-starostlivosti-o-seniorov\\\/\"},\"author\":{\"name\":\"promiseo\",\"@id\":\"https:\\\/\\\/viacarpatia.eu\\\/#\\\/schema\\\/person\\\/ad78fca7d58f189d57a6e54af785b1af\"},\"headline\":\"Nemzetk\u00f6zi workshop az id\u0151sek gondoz\u00e1s\u00e1r\u00f3l\",\"datePublished\":\"2023-04-24T12:58:20+00:00\",\"dateModified\":\"2023-05-18T12:31:05+00:00\",\"mainEntityOfPage\":{\"@id\":\"https:\\\/\\\/viacarpatia.eu\\\/hu\\\/medzinarodny-workshop-v-oblasti-starostlivosti-o-seniorov\\\/\"},\"wordCount\":187,\"image\":{\"@id\":\"https:\\\/\\\/viacarpatia.eu\\\/hu\\\/medzinarodny-workshop-v-oblasti-starostlivosti-o-seniorov\\\/#primaryimage\"},\"thumbnailUrl\":\"https:\\\/\\\/viacarpatia.eu\\\/wp-content\\\/uploads\\\/2023\\\/04\\\/IMG_1516-scaled.jpg\",\"articleSection\":[\"Uncategorized\"],\"inLanguage\":\"hu\"},{\"@type\":\"WebPage\",\"@id\":\"https:\\\/\\\/viacarpatia.eu\\\/hu\\\/medzinarodny-workshop-v-oblasti-starostlivosti-o-seniorov\\\/\",\"url\":\"https:\\\/\\\/viacarpatia.eu\\\/hu\\\/medzinarodny-workshop-v-oblasti-starostlivosti-o-seniorov\\\/\",\"name\":\"Nemzetk\u00f6zi workshop az id\u0151sek gondoz\u00e1s\u00e1r\u00f3l - ViaCarpatia\",\"isPartOf\":{\"@id\":\"https:\\\/\\\/viacarpatia.eu\\\/#website\"},\"primaryImageOfPage\":{\"@id\":\"https:\\\/\\\/viacarpatia.eu\\\/hu\\\/medzinarodny-workshop-v-oblasti-starostlivosti-o-seniorov\\\/#primaryimage\"},\"image\":{\"@id\":\"https:\\\/\\\/viacarpatia.eu\\\/hu\\\/medzinarodny-workshop-v-oblasti-starostlivosti-o-seniorov\\\/#primaryimage\"},\"thumbnailUrl\":\"https:\\\/\\\/viacarpatia.eu\\\/wp-content\\\/uploads\\\/2023\\\/04\\\/IMG_1516-scaled.jpg\",\"datePublished\":\"2023-04-24T12:58:20+00:00\",\"dateModified\":\"2023-05-18T12:31:05+00:00\",\"author\":{\"@id\":\"https:\\\/\\\/viacarpatia.eu\\\/#\\\/schema\\\/person\\\/ad78fca7d58f189d57a6e54af785b1af\"},\"breadcrumb\":{\"@id\":\"https:\\\/\\\/viacarpatia.eu\\\/hu\\\/medzinarodny-workshop-v-oblasti-starostlivosti-o-seniorov\\\/#breadcrumb\"},\"inLanguage\":\"hu\",\"potentialAction\":[{\"@type\":\"ReadAction\",\"target\":[\"https:\\\/\\\/viacarpatia.eu\\\/hu\\\/medzinarodny-workshop-v-oblasti-starostlivosti-o-seniorov\\\/\"]}]},{\"@type\":\"ImageObject\",\"inLanguage\":\"hu\",\"@id\":\"https:\\\/\\\/viacarpatia.eu\\\/hu\\\/medzinarodny-workshop-v-oblasti-starostlivosti-o-seniorov\\\/#primaryimage\",\"url\":\"https:\\\/\\\/viacarpatia.eu\\\/wp-content\\\/uploads\\\/2023\\\/04\\\/IMG_1516-scaled.jpg\",\"contentUrl\":\"https:\\\/\\\/viacarpatia.eu\\\/wp-content\\\/uploads\\\/2023\\\/04\\\/IMG_1516-scaled.jpg\",\"width\":2560,\"height\":1707},{\"@type\":\"BreadcrumbList\",\"@id\":\"https:\\\/\\\/viacarpatia.eu\\\/hu\\\/medzinarodny-workshop-v-oblasti-starostlivosti-o-seniorov\\\/#breadcrumb\",\"itemListElement\":[{\"@type\":\"ListItem\",\"position\":1,\"name\":\"Home\",\"item\":\"https:\\\/\\\/viacarpatia.eu\\\/\"},{\"@type\":\"ListItem\",\"position\":2,\"name\":\"Nemzetk\u00f6zi workshop az id\u0151sek gondoz\u00e1s\u00e1r\u00f3l\"}]},{\"@type\":\"WebSite\",\"@id\":\"https:\\\/\\\/viacarpatia.eu\\\/#website\",\"url\":\"https:\\\/\\\/viacarpatia.eu\\\/\",\"name\":\"ViaCarpatia\",\"description\":\"Sp\u00e1jame historick\u00e9 a kult\u00farno-jazykov\u00e9 trad\u00edcie\",\"alternateName\":\"ViaCarpatia\",\"potentialAction\":[{\"@type\":\"SearchAction\",\"target\":{\"@type\":\"EntryPoint\",\"urlTemplate\":\"https:\\\/\\\/viacarpatia.eu\\\/?s={search_term_string}\"},\"query-input\":{\"@type\":\"PropertyValueSpecification\",\"valueRequired\":true,\"valueName\":\"search_term_string\"}}],\"inLanguage\":\"hu\"},{\"@type\":\"Person\",\"@id\":\"https:\\\/\\\/viacarpatia.eu\\\/#\\\/schema\\\/person\\\/ad78fca7d58f189d57a6e54af785b1af\",\"name\":\"promiseo\",\"image\":{\"@type\":\"ImageObject\",\"inLanguage\":\"hu\",\"@id\":\"https:\\\/\\\/secure.gravatar.com\\\/avatar\\\/e836a21cdda7d1a602c49880145b7a9b7a76ee1acdc3df5fb44089ead12fd2b1?s=96&d=mm&r=g\",\"url\":\"https:\\\/\\\/secure.gravatar.com\\\/avatar\\\/e836a21cdda7d1a602c49880145b7a9b7a76ee1acdc3df5fb44089ead12fd2b1?s=96&d=mm&r=g\",\"contentUrl\":\"https:\\\/\\\/secure.gravatar.com\\\/avatar\\\/e836a21cdda7d1a602c49880145b7a9b7a76ee1acdc3df5fb44089ead12fd2b1?s=96&d=mm&r=g\",\"caption\":\"promiseo\"},\"sameAs\":[\"https:\\\/\\\/viacarpatia.eu\"],\"url\":\"https:\\\/\\\/viacarpatia.eu\\\/hu\\\/author\\\/promiseo\\\/\"}]}<\/script>\n<!-- \/ Yoast SEO plugin. -->","yoast_head_json":{"title":"Nemzetk\u00f6zi workshop az id\u0151sek gondoz\u00e1s\u00e1r\u00f3l - ViaCarpatia","robots":{"index":"index","follow":"follow","max-snippet":"max-snippet:-1","max-image-preview":"max-image-preview:large","max-video-preview":"max-video-preview:-1"},"canonical":"https:\/\/viacarpatia.eu\/hu\/medzinarodny-workshop-v-oblasti-starostlivosti-o-seniorov\/","og_locale":"hu_HU","og_type":"article","og_title":"Nemzetk\u00f6zi workshop az id\u0151sek gondoz\u00e1s\u00e1r\u00f3l - ViaCarpatia","og_description":"Az id\u0151sek gondoz\u00e1s\u00e1val kapcsolatos ismeretek \u00e9s gyakorlati tapasztalatok megoszt\u00e1sa fontos el\u0151felt\u00e9tele az id\u0151sek \u00e9letmin\u0151s\u00e9g\u00e9t jav\u00edt\u00f3 k\u00f6rnyezet megteremt\u00e9s\u00e9nek. T\u00f6bbek k\u00f6z\u00f6tt ez az oka annak, hogy r\u00e9szt vett\u00fcnk egy nemzetk\u00f6zi workshopon, amely ezzel a t\u00e9m\u00e1val foglalkozott. A workshopot az SKHU Ambassadors projekt r\u00e9szek\u00e9nt szervezte a BORA 94 szervezet 2022. j\u00falius 18- \u00e1n Miskolcon. A rendezv\u00e9ny keret\u00e9ben bemutat\u00e1sra [&hellip;]","og_url":"https:\/\/viacarpatia.eu\/hu\/medzinarodny-workshop-v-oblasti-starostlivosti-o-seniorov\/","og_site_name":"ViaCarpatia","article_published_time":"2023-04-24T12:58:20+00:00","article_modified_time":"2023-05-18T12:31:05+00:00","og_image":[{"width":2560,"height":1707,"url":"https:\/\/viacarpatia.eu\/wp-content\/uploads\/2023\/04\/IMG_1516-scaled.jpg","type":"image\/jpeg"}],"author":"promiseo","twitter_card":"summary_large_image","twitter_misc":{"Szerz\u0151:":"promiseo"},"schema":{"@context":"https:\/\/schema.org","@graph":[{"@type":"Article","@id":"https:\/\/viacarpatia.eu\/hu\/medzinarodny-workshop-v-oblasti-starostlivosti-o-seniorov\/#article","isPartOf":{"@id":"https:\/\/viacarpatia.eu\/hu\/medzinarodny-workshop-v-oblasti-starostlivosti-o-seniorov\/"},"author":{"name":"promiseo","@id":"https:\/\/viacarpatia.eu\/#\/schema\/person\/ad78fca7d58f189d57a6e54af785b1af"},"headline":"Nemzetk\u00f6zi workshop az id\u0151sek gondoz\u00e1s\u00e1r\u00f3l","datePublished":"2023-04-24T12:58:20+00:00","dateModified":"2023-05-18T12:31:05+00:00","mainEntityOfPage":{"@id":"https:\/\/viacarpatia.eu\/hu\/medzinarodny-workshop-v-oblasti-starostlivosti-o-seniorov\/"},"wordCount":187,"image":{"@id":"https:\/\/viacarpatia.eu\/hu\/medzinarodny-workshop-v-oblasti-starostlivosti-o-seniorov\/#primaryimage"},"thumbnailUrl":"https:\/\/viacarpatia.eu\/wp-content\/uploads\/2023\/04\/IMG_1516-scaled.jpg","articleSection":["Uncategorized"],"inLanguage":"hu"},{"@type":"WebPage","@id":"https:\/\/viacarpatia.eu\/hu\/medzinarodny-workshop-v-oblasti-starostlivosti-o-seniorov\/","url":"https:\/\/viacarpatia.eu\/hu\/medzinarodny-workshop-v-oblasti-starostlivosti-o-seniorov\/","name":"Nemzetk\u00f6zi workshop az id\u0151sek gondoz\u00e1s\u00e1r\u00f3l - ViaCarpatia","isPartOf":{"@id":"https:\/\/viacarpatia.eu\/#website"},"primaryImageOfPage":{"@id":"https:\/\/viacarpatia.eu\/hu\/medzinarodny-workshop-v-oblasti-starostlivosti-o-seniorov\/#primaryimage"},"image":{"@id":"https:\/\/viacarpatia.eu\/hu\/medzinarodny-workshop-v-oblasti-starostlivosti-o-seniorov\/#primaryimage"},"thumbnailUrl":"https:\/\/viacarpatia.eu\/wp-content\/uploads\/2023\/04\/IMG_1516-scaled.jpg","datePublished":"2023-04-24T12:58:20+00:00","dateModified":"2023-05-18T12:31:05+00:00","author":{"@id":"https:\/\/viacarpatia.eu\/#\/schema\/person\/ad78fca7d58f189d57a6e54af785b1af"},"breadcrumb":{"@id":"https:\/\/viacarpatia.eu\/hu\/medzinarodny-workshop-v-oblasti-starostlivosti-o-seniorov\/#breadcrumb"},"inLanguage":"hu","potentialAction":[{"@type":"ReadAction","target":["https:\/\/viacarpatia.eu\/hu\/medzinarodny-workshop-v-oblasti-starostlivosti-o-seniorov\/"]}]},{"@type":"ImageObject","inLanguage":"hu","@id":"https:\/\/viacarpatia.eu\/hu\/medzinarodny-workshop-v-oblasti-starostlivosti-o-seniorov\/#primaryimage","url":"https:\/\/viacarpatia.eu\/wp-content\/uploads\/2023\/04\/IMG_1516-scaled.jpg","contentUrl":"https:\/\/viacarpatia.eu\/wp-content\/uploads\/2023\/04\/IMG_1516-scaled.jpg","width":2560,"height":1707},{"@type":"BreadcrumbList","@id":"https:\/\/viacarpatia.eu\/hu\/medzinarodny-workshop-v-oblasti-starostlivosti-o-seniorov\/#breadcrumb","itemListElement":[{"@type":"ListItem","position":1,"name":"Home","item":"https:\/\/viacarpatia.eu\/"},{"@type":"ListItem","position":2,"name":"Nemzetk\u00f6zi workshop az id\u0151sek gondoz\u00e1s\u00e1r\u00f3l"}]},{"@type":"WebSite","@id":"https:\/\/viacarpatia.eu\/#website","url":"https:\/\/viacarpatia.eu\/","name":"ViaCarpatia","description":"Sp\u00e1jame historick\u00e9 a kult\u00farno-jazykov\u00e9 trad\u00edcie","alternateName":"ViaCarpatia","potentialAction":[{"@type":"SearchAction","target":{"@type":"EntryPoint","urlTemplate":"https:\/\/viacarpatia.eu\/?s={search_term_string}"},"query-input":{"@type":"PropertyValueSpecification","valueRequired":true,"valueName":"search_term_string"}}],"inLanguage":"hu"},{"@type":"Person","@id":"https:\/\/viacarpatia.eu\/#\/schema\/person\/ad78fca7d58f189d57a6e54af785b1af","name":"promiseo","image":{"@type":"ImageObject","inLanguage":"hu","@id":"https:\/\/secure.gravatar.com\/avatar\/e836a21cdda7d1a602c49880145b7a9b7a76ee1acdc3df5fb44089ead12fd2b1?s=96&d=mm&r=g","url":"https:\/\/secure.gravatar.com\/avatar\/e836a21cdda7d1a602c49880145b7a9b7a76ee1acdc3df5fb44089ead12fd2b1?s=96&d=mm&r=g","contentUrl":"https:\/\/secure.gravatar.com\/avatar\/e836a21cdda7d1a602c49880145b7a9b7a76ee1acdc3df5fb44089ead12fd2b1?s=96&d=mm&r=g","caption":"promiseo"},"sameAs":["https:\/\/viacarpatia.eu"],"url":"https:\/\/viacarpatia.eu\/hu\/author\/promiseo\/"}]}},"_links":{"self":[{"href":"https:\/\/viacarpatia.eu\/hu\/wp-json\/wp\/v2\/posts\/7578","targetHints":{"allow":["GET"]}}],"collection":[{"href":"https:\/\/viacarpatia.eu\/hu\/wp-json\/wp\/v2\/posts"}],"about":[{"href":"https:\/\/viacarpatia.eu\/hu\/wp-json\/wp\/v2\/types\/post"}],"author":[{"embeddable":true,"href":"https:\/\/viacarpatia.eu\/hu\/wp-json\/wp\/v2\/users\/1"}],"replies":[{"embeddable":true,"href":"https:\/\/viacarpatia.eu\/hu\/wp-json\/wp\/v2\/comments?post=7578"}],"version-history":[{"count":1,"href":"https:\/\/viacarpatia.eu\/hu\/wp-json\/wp\/v2\/posts\/7578\/revisions"}],"predecessor-version":[{"id":7579,"href":"https:\/\/viacarpatia.eu\/hu\/wp-json\/wp\/v2\/posts\/7578\/revisions\/7579"}],"wp:featuredmedia":[{"embeddable":true,"href":"https:\/\/viacarpatia.eu\/hu\/wp-json\/wp\/v2\/media\/5007"}],"wp:attachment":[{"href":"https:\/\/viacarpatia.eu\/hu\/wp-json\/wp\/v2\/media?parent=7578"}],"wp:term":[{"taxonomy":"category","embeddable":true,"href":"https:\/\/viacarpatia.eu\/hu\/wp-json\/wp\/v2\/categories?post=7578"},{"taxonomy":"post_tag","embeddable":true,"href":"https:\/\/viacarpatia.eu\/hu\/wp-json\/wp\/v2\/tags?post=7578"}],"curies":[{"name":"wp","href":"https:\/\/api.w.org\/{rel}","templated":true}]}}