{"id":7582,"date":"2023-04-24T15:03:36","date_gmt":"2023-04-24T13:03:36","guid":{"rendered":"https:\/\/viacarpatia.eu\/centrum-aktivneho-starnutia-otvara-dalsie-kurzy-pre-seniorov\/"},"modified":"2023-05-18T14:31:06","modified_gmt":"2023-05-18T12:31:06","slug":"centrum-aktivneho-starnutia-otvara-dalsie-kurzy-pre-seniorov","status":"publish","type":"post","link":"https:\/\/viacarpatia.eu\/hu\/centrum-aktivneho-starnutia-otvara-dalsie-kurzy-pre-seniorov\/","title":{"rendered":"Az Akt\u00edv Id\u0151skor K\u00f6zpont tov\u00e1bbi tanfolyamokat nyit id\u0151sek sz\u00e1m\u00e1ra"},"content":{"rendered":"<p>A sikeres els\u0151 k\u00f6r tanfolyamok ut\u00e1n szeptembert\u0151l \u00fajabb tanfolyamokat nyitunk id\u0151sek sz\u00e1m\u00e1ra az Akt\u00edv Id\u0151skor K\u00f6zpontban. Az inform\u00e1ci\u00f3s technol\u00f3gia, a k\u00e9zm\u0171vesked\u00e9s, a testmozg\u00e1s \u00e9s az eg\u00e9szs\u00e9ges t\u00e1pl\u00e1lkoz\u00e1s t\u00e9mak\u00f6r\u00e9ben ingyenes tanfolyamok k\u00f6z\u00fcl lehet v\u00e1lasztani. ???????????? ???? ???????? A tanfolyamokat a kassai Ba\u010d\u00edkov\u00e1 7. sz\u00e1m alatti Akt\u00edv Id\u0151skor K\u00f6zpontban tartj\u00e1k. A tanfolyamokra jelentkezni a ???? <a href=\"mailto:cas@viacarpatia.eu\" rel=\"noopener\" target=\"_blank\">cas@viacarpatia.eu<\/a> e-mail c\u00edmen vagy a \u260e\ufe0f <strong>+421 907 812 961<\/strong> illetve a \u260e\ufe0f <strong>+421 55 333 71 41<\/strong> telefonsz\u00e1mon lehet. Szeretettel v\u00e1rjuk \u00d6n\u00f6ket.<\/p>\n<p><img decoding=\"async\" alt=\"\" src=\"https:\/\/viacarpatia.eu\/wp-content\/uploads\/2023\/04\/Harmonogram_V2.png\" style=\"width: 901px; height: 639px;\"><\/p>\n","protected":false},"excerpt":{"rendered":"<p>A sikeres els\u0151 k\u00f6r tanfolyamok ut\u00e1n szeptembert\u0151l \u00fajabb tanfolyamokat nyitunk id\u0151sek sz\u00e1m\u00e1ra az Akt\u00edv Id\u0151skor K\u00f6zpontban. Az inform\u00e1ci\u00f3s technol\u00f3gia, a k\u00e9zm\u0171vesked\u00e9s, a testmozg\u00e1s \u00e9s az eg\u00e9szs\u00e9ges t\u00e1pl\u00e1lkoz\u00e1s t\u00e9mak\u00f6r\u00e9ben ingyenes tanfolyamok k\u00f6z\u00fcl lehet v\u00e1lasztani. ???????????? ???? ???????? A tanfolyamokat a kassai Ba\u010d\u00edkov\u00e1 7. sz\u00e1m alatti Akt\u00edv Id\u0151skor K\u00f6zpontban tartj\u00e1k. A tanfolyamokra jelentkezni a ???? cas@viacarpatia.eu e-mail [&hellip;]<\/p>\n","protected":false},"author":1,"featured_media":5013,"comment_status":"closed","ping_status":"open","sticky":false,"template":"","format":"standard","meta":{"inline_featured_image":false,"footnotes":""},"categories":[3],"tags":[],"class_list":["post-7582","post","type-post","status-publish","format-standard","has-post-thumbnail","hentry","category-uncategorized-hu"],"acf":[],"yoast_head":"<!-- This site is optimized with the Yoast SEO plugin v27.5 - https:\/\/yoast.com\/product\/yoast-seo-wordpress\/ -->\n<title>Az Akt\u00edv Id\u0151skor K\u00f6zpont tov\u00e1bbi tanfolyamokat nyit id\u0151sek sz\u00e1m\u00e1ra - ViaCarpatia<\/title>\n<meta name=\"robots\" content=\"index, follow, max-snippet:-1, max-image-preview:large, max-video-preview:-1\" \/>\n<link rel=\"canonical\" href=\"https:\/\/viacarpatia.eu\/hu\/centrum-aktivneho-starnutia-otvara-dalsie-kurzy-pre-seniorov\/\" \/>\n<meta property=\"og:locale\" content=\"hu_HU\" \/>\n<meta property=\"og:type\" content=\"article\" \/>\n<meta property=\"og:title\" content=\"Az Akt\u00edv Id\u0151skor K\u00f6zpont tov\u00e1bbi tanfolyamokat nyit id\u0151sek sz\u00e1m\u00e1ra - ViaCarpatia\" \/>\n<meta property=\"og:description\" content=\"A sikeres els\u0151 k\u00f6r tanfolyamok ut\u00e1n szeptembert\u0151l \u00fajabb tanfolyamokat nyitunk id\u0151sek sz\u00e1m\u00e1ra az Akt\u00edv Id\u0151skor K\u00f6zpontban. Az inform\u00e1ci\u00f3s technol\u00f3gia, a k\u00e9zm\u0171vesked\u00e9s, a testmozg\u00e1s \u00e9s az eg\u00e9szs\u00e9ges t\u00e1pl\u00e1lkoz\u00e1s t\u00e9mak\u00f6r\u00e9ben ingyenes tanfolyamok k\u00f6z\u00fcl lehet v\u00e1lasztani. ???????????? ???? ???????? A tanfolyamokat a kassai Ba\u010d\u00edkov\u00e1 7. sz\u00e1m alatti Akt\u00edv Id\u0151skor K\u00f6zpontban tartj\u00e1k. A tanfolyamokra jelentkezni a ???? cas@viacarpatia.eu e-mail [&hellip;]\" \/>\n<meta property=\"og:url\" content=\"https:\/\/viacarpatia.eu\/hu\/centrum-aktivneho-starnutia-otvara-dalsie-kurzy-pre-seniorov\/\" \/>\n<meta property=\"og:site_name\" content=\"ViaCarpatia\" \/>\n<meta property=\"article:published_time\" content=\"2023-04-24T13:03:36+00:00\" \/>\n<meta property=\"article:modified_time\" content=\"2023-05-18T12:31:06+00:00\" \/>\n<meta property=\"og:image\" content=\"https:\/\/viacarpatia.eu\/wp-content\/uploads\/2023\/04\/Harmonogram_V2.png\" \/>\n\t<meta property=\"og:image:width\" content=\"901\" \/>\n\t<meta property=\"og:image:height\" content=\"639\" \/>\n\t<meta property=\"og:image:type\" content=\"image\/png\" \/>\n<meta name=\"author\" content=\"promiseo\" \/>\n<meta name=\"twitter:card\" content=\"summary_large_image\" \/>\n<meta name=\"twitter:label1\" content=\"Szerz\u0151:\" \/>\n\t<meta name=\"twitter:data1\" content=\"promiseo\" \/>\n\t<meta name=\"twitter:label2\" content=\"Becs\u00fclt olvas\u00e1si id\u0151\" \/>\n\t<meta name=\"twitter:data2\" content=\"1 perc\" \/>\n<script type=\"application\/ld+json\" class=\"yoast-schema-graph\">{\"@context\":\"https:\\\/\\\/schema.org\",\"@graph\":[{\"@type\":\"Article\",\"@id\":\"https:\\\/\\\/viacarpatia.eu\\\/hu\\\/centrum-aktivneho-starnutia-otvara-dalsie-kurzy-pre-seniorov\\\/#article\",\"isPartOf\":{\"@id\":\"https:\\\/\\\/viacarpatia.eu\\\/hu\\\/centrum-aktivneho-starnutia-otvara-dalsie-kurzy-pre-seniorov\\\/\"},\"author\":{\"name\":\"promiseo\",\"@id\":\"https:\\\/\\\/viacarpatia.eu\\\/#\\\/schema\\\/person\\\/ad78fca7d58f189d57a6e54af785b1af\"},\"headline\":\"Az Akt\u00edv Id\u0151skor K\u00f6zpont tov\u00e1bbi tanfolyamokat nyit id\u0151sek sz\u00e1m\u00e1ra\",\"datePublished\":\"2023-04-24T13:03:36+00:00\",\"dateModified\":\"2023-05-18T12:31:06+00:00\",\"mainEntityOfPage\":{\"@id\":\"https:\\\/\\\/viacarpatia.eu\\\/hu\\\/centrum-aktivneho-starnutia-otvara-dalsie-kurzy-pre-seniorov\\\/\"},\"wordCount\":115,\"image\":{\"@id\":\"https:\\\/\\\/viacarpatia.eu\\\/hu\\\/centrum-aktivneho-starnutia-otvara-dalsie-kurzy-pre-seniorov\\\/#primaryimage\"},\"thumbnailUrl\":\"https:\\\/\\\/viacarpatia.eu\\\/wp-content\\\/uploads\\\/2023\\\/04\\\/Harmonogram_V2.png\",\"articleSection\":[\"Uncategorized\"],\"inLanguage\":\"hu\"},{\"@type\":\"WebPage\",\"@id\":\"https:\\\/\\\/viacarpatia.eu\\\/hu\\\/centrum-aktivneho-starnutia-otvara-dalsie-kurzy-pre-seniorov\\\/\",\"url\":\"https:\\\/\\\/viacarpatia.eu\\\/hu\\\/centrum-aktivneho-starnutia-otvara-dalsie-kurzy-pre-seniorov\\\/\",\"name\":\"Az Akt\u00edv Id\u0151skor K\u00f6zpont tov\u00e1bbi tanfolyamokat nyit id\u0151sek sz\u00e1m\u00e1ra - ViaCarpatia\",\"isPartOf\":{\"@id\":\"https:\\\/\\\/viacarpatia.eu\\\/#website\"},\"primaryImageOfPage\":{\"@id\":\"https:\\\/\\\/viacarpatia.eu\\\/hu\\\/centrum-aktivneho-starnutia-otvara-dalsie-kurzy-pre-seniorov\\\/#primaryimage\"},\"image\":{\"@id\":\"https:\\\/\\\/viacarpatia.eu\\\/hu\\\/centrum-aktivneho-starnutia-otvara-dalsie-kurzy-pre-seniorov\\\/#primaryimage\"},\"thumbnailUrl\":\"https:\\\/\\\/viacarpatia.eu\\\/wp-content\\\/uploads\\\/2023\\\/04\\\/Harmonogram_V2.png\",\"datePublished\":\"2023-04-24T13:03:36+00:00\",\"dateModified\":\"2023-05-18T12:31:06+00:00\",\"author\":{\"@id\":\"https:\\\/\\\/viacarpatia.eu\\\/#\\\/schema\\\/person\\\/ad78fca7d58f189d57a6e54af785b1af\"},\"breadcrumb\":{\"@id\":\"https:\\\/\\\/viacarpatia.eu\\\/hu\\\/centrum-aktivneho-starnutia-otvara-dalsie-kurzy-pre-seniorov\\\/#breadcrumb\"},\"inLanguage\":\"hu\",\"potentialAction\":[{\"@type\":\"ReadAction\",\"target\":[\"https:\\\/\\\/viacarpatia.eu\\\/hu\\\/centrum-aktivneho-starnutia-otvara-dalsie-kurzy-pre-seniorov\\\/\"]}]},{\"@type\":\"ImageObject\",\"inLanguage\":\"hu\",\"@id\":\"https:\\\/\\\/viacarpatia.eu\\\/hu\\\/centrum-aktivneho-starnutia-otvara-dalsie-kurzy-pre-seniorov\\\/#primaryimage\",\"url\":\"https:\\\/\\\/viacarpatia.eu\\\/wp-content\\\/uploads\\\/2023\\\/04\\\/Harmonogram_V2.png\",\"contentUrl\":\"https:\\\/\\\/viacarpatia.eu\\\/wp-content\\\/uploads\\\/2023\\\/04\\\/Harmonogram_V2.png\",\"width\":901,\"height\":639},{\"@type\":\"BreadcrumbList\",\"@id\":\"https:\\\/\\\/viacarpatia.eu\\\/hu\\\/centrum-aktivneho-starnutia-otvara-dalsie-kurzy-pre-seniorov\\\/#breadcrumb\",\"itemListElement\":[{\"@type\":\"ListItem\",\"position\":1,\"name\":\"Home\",\"item\":\"https:\\\/\\\/viacarpatia.eu\\\/\"},{\"@type\":\"ListItem\",\"position\":2,\"name\":\"Az Akt\u00edv Id\u0151skor K\u00f6zpont tov\u00e1bbi tanfolyamokat nyit id\u0151sek sz\u00e1m\u00e1ra\"}]},{\"@type\":\"WebSite\",\"@id\":\"https:\\\/\\\/viacarpatia.eu\\\/#website\",\"url\":\"https:\\\/\\\/viacarpatia.eu\\\/\",\"name\":\"ViaCarpatia\",\"description\":\"Sp\u00e1jame historick\u00e9 a kult\u00farno-jazykov\u00e9 trad\u00edcie\",\"alternateName\":\"ViaCarpatia\",\"potentialAction\":[{\"@type\":\"SearchAction\",\"target\":{\"@type\":\"EntryPoint\",\"urlTemplate\":\"https:\\\/\\\/viacarpatia.eu\\\/?s={search_term_string}\"},\"query-input\":{\"@type\":\"PropertyValueSpecification\",\"valueRequired\":true,\"valueName\":\"search_term_string\"}}],\"inLanguage\":\"hu\"},{\"@type\":\"Person\",\"@id\":\"https:\\\/\\\/viacarpatia.eu\\\/#\\\/schema\\\/person\\\/ad78fca7d58f189d57a6e54af785b1af\",\"name\":\"promiseo\",\"image\":{\"@type\":\"ImageObject\",\"inLanguage\":\"hu\",\"@id\":\"https:\\\/\\\/secure.gravatar.com\\\/avatar\\\/e836a21cdda7d1a602c49880145b7a9b7a76ee1acdc3df5fb44089ead12fd2b1?s=96&d=mm&r=g\",\"url\":\"https:\\\/\\\/secure.gravatar.com\\\/avatar\\\/e836a21cdda7d1a602c49880145b7a9b7a76ee1acdc3df5fb44089ead12fd2b1?s=96&d=mm&r=g\",\"contentUrl\":\"https:\\\/\\\/secure.gravatar.com\\\/avatar\\\/e836a21cdda7d1a602c49880145b7a9b7a76ee1acdc3df5fb44089ead12fd2b1?s=96&d=mm&r=g\",\"caption\":\"promiseo\"},\"sameAs\":[\"https:\\\/\\\/viacarpatia.eu\"],\"url\":\"https:\\\/\\\/viacarpatia.eu\\\/hu\\\/author\\\/promiseo\\\/\"}]}<\/script>\n<!-- \/ Yoast SEO plugin. -->","yoast_head_json":{"title":"Az Akt\u00edv Id\u0151skor K\u00f6zpont tov\u00e1bbi tanfolyamokat nyit id\u0151sek sz\u00e1m\u00e1ra - ViaCarpatia","robots":{"index":"index","follow":"follow","max-snippet":"max-snippet:-1","max-image-preview":"max-image-preview:large","max-video-preview":"max-video-preview:-1"},"canonical":"https:\/\/viacarpatia.eu\/hu\/centrum-aktivneho-starnutia-otvara-dalsie-kurzy-pre-seniorov\/","og_locale":"hu_HU","og_type":"article","og_title":"Az Akt\u00edv Id\u0151skor K\u00f6zpont tov\u00e1bbi tanfolyamokat nyit id\u0151sek sz\u00e1m\u00e1ra - ViaCarpatia","og_description":"A sikeres els\u0151 k\u00f6r tanfolyamok ut\u00e1n szeptembert\u0151l \u00fajabb tanfolyamokat nyitunk id\u0151sek sz\u00e1m\u00e1ra az Akt\u00edv Id\u0151skor K\u00f6zpontban. Az inform\u00e1ci\u00f3s technol\u00f3gia, a k\u00e9zm\u0171vesked\u00e9s, a testmozg\u00e1s \u00e9s az eg\u00e9szs\u00e9ges t\u00e1pl\u00e1lkoz\u00e1s t\u00e9mak\u00f6r\u00e9ben ingyenes tanfolyamok k\u00f6z\u00fcl lehet v\u00e1lasztani. ???????????? ???? ???????? A tanfolyamokat a kassai Ba\u010d\u00edkov\u00e1 7. sz\u00e1m alatti Akt\u00edv Id\u0151skor K\u00f6zpontban tartj\u00e1k. A tanfolyamokra jelentkezni a ???? cas@viacarpatia.eu e-mail [&hellip;]","og_url":"https:\/\/viacarpatia.eu\/hu\/centrum-aktivneho-starnutia-otvara-dalsie-kurzy-pre-seniorov\/","og_site_name":"ViaCarpatia","article_published_time":"2023-04-24T13:03:36+00:00","article_modified_time":"2023-05-18T12:31:06+00:00","og_image":[{"width":901,"height":639,"url":"https:\/\/viacarpatia.eu\/wp-content\/uploads\/2023\/04\/Harmonogram_V2.png","type":"image\/png"}],"author":"promiseo","twitter_card":"summary_large_image","twitter_misc":{"Szerz\u0151:":"promiseo","Becs\u00fclt olvas\u00e1si id\u0151":"1 perc"},"schema":{"@context":"https:\/\/schema.org","@graph":[{"@type":"Article","@id":"https:\/\/viacarpatia.eu\/hu\/centrum-aktivneho-starnutia-otvara-dalsie-kurzy-pre-seniorov\/#article","isPartOf":{"@id":"https:\/\/viacarpatia.eu\/hu\/centrum-aktivneho-starnutia-otvara-dalsie-kurzy-pre-seniorov\/"},"author":{"name":"promiseo","@id":"https:\/\/viacarpatia.eu\/#\/schema\/person\/ad78fca7d58f189d57a6e54af785b1af"},"headline":"Az Akt\u00edv Id\u0151skor K\u00f6zpont tov\u00e1bbi tanfolyamokat nyit id\u0151sek sz\u00e1m\u00e1ra","datePublished":"2023-04-24T13:03:36+00:00","dateModified":"2023-05-18T12:31:06+00:00","mainEntityOfPage":{"@id":"https:\/\/viacarpatia.eu\/hu\/centrum-aktivneho-starnutia-otvara-dalsie-kurzy-pre-seniorov\/"},"wordCount":115,"image":{"@id":"https:\/\/viacarpatia.eu\/hu\/centrum-aktivneho-starnutia-otvara-dalsie-kurzy-pre-seniorov\/#primaryimage"},"thumbnailUrl":"https:\/\/viacarpatia.eu\/wp-content\/uploads\/2023\/04\/Harmonogram_V2.png","articleSection":["Uncategorized"],"inLanguage":"hu"},{"@type":"WebPage","@id":"https:\/\/viacarpatia.eu\/hu\/centrum-aktivneho-starnutia-otvara-dalsie-kurzy-pre-seniorov\/","url":"https:\/\/viacarpatia.eu\/hu\/centrum-aktivneho-starnutia-otvara-dalsie-kurzy-pre-seniorov\/","name":"Az Akt\u00edv Id\u0151skor K\u00f6zpont tov\u00e1bbi tanfolyamokat nyit id\u0151sek sz\u00e1m\u00e1ra - ViaCarpatia","isPartOf":{"@id":"https:\/\/viacarpatia.eu\/#website"},"primaryImageOfPage":{"@id":"https:\/\/viacarpatia.eu\/hu\/centrum-aktivneho-starnutia-otvara-dalsie-kurzy-pre-seniorov\/#primaryimage"},"image":{"@id":"https:\/\/viacarpatia.eu\/hu\/centrum-aktivneho-starnutia-otvara-dalsie-kurzy-pre-seniorov\/#primaryimage"},"thumbnailUrl":"https:\/\/viacarpatia.eu\/wp-content\/uploads\/2023\/04\/Harmonogram_V2.png","datePublished":"2023-04-24T13:03:36+00:00","dateModified":"2023-05-18T12:31:06+00:00","author":{"@id":"https:\/\/viacarpatia.eu\/#\/schema\/person\/ad78fca7d58f189d57a6e54af785b1af"},"breadcrumb":{"@id":"https:\/\/viacarpatia.eu\/hu\/centrum-aktivneho-starnutia-otvara-dalsie-kurzy-pre-seniorov\/#breadcrumb"},"inLanguage":"hu","potentialAction":[{"@type":"ReadAction","target":["https:\/\/viacarpatia.eu\/hu\/centrum-aktivneho-starnutia-otvara-dalsie-kurzy-pre-seniorov\/"]}]},{"@type":"ImageObject","inLanguage":"hu","@id":"https:\/\/viacarpatia.eu\/hu\/centrum-aktivneho-starnutia-otvara-dalsie-kurzy-pre-seniorov\/#primaryimage","url":"https:\/\/viacarpatia.eu\/wp-content\/uploads\/2023\/04\/Harmonogram_V2.png","contentUrl":"https:\/\/viacarpatia.eu\/wp-content\/uploads\/2023\/04\/Harmonogram_V2.png","width":901,"height":639},{"@type":"BreadcrumbList","@id":"https:\/\/viacarpatia.eu\/hu\/centrum-aktivneho-starnutia-otvara-dalsie-kurzy-pre-seniorov\/#breadcrumb","itemListElement":[{"@type":"ListItem","position":1,"name":"Home","item":"https:\/\/viacarpatia.eu\/"},{"@type":"ListItem","position":2,"name":"Az Akt\u00edv Id\u0151skor K\u00f6zpont tov\u00e1bbi tanfolyamokat nyit id\u0151sek sz\u00e1m\u00e1ra"}]},{"@type":"WebSite","@id":"https:\/\/viacarpatia.eu\/#website","url":"https:\/\/viacarpatia.eu\/","name":"ViaCarpatia","description":"Sp\u00e1jame historick\u00e9 a kult\u00farno-jazykov\u00e9 trad\u00edcie","alternateName":"ViaCarpatia","potentialAction":[{"@type":"SearchAction","target":{"@type":"EntryPoint","urlTemplate":"https:\/\/viacarpatia.eu\/?s={search_term_string}"},"query-input":{"@type":"PropertyValueSpecification","valueRequired":true,"valueName":"search_term_string"}}],"inLanguage":"hu"},{"@type":"Person","@id":"https:\/\/viacarpatia.eu\/#\/schema\/person\/ad78fca7d58f189d57a6e54af785b1af","name":"promiseo","image":{"@type":"ImageObject","inLanguage":"hu","@id":"https:\/\/secure.gravatar.com\/avatar\/e836a21cdda7d1a602c49880145b7a9b7a76ee1acdc3df5fb44089ead12fd2b1?s=96&d=mm&r=g","url":"https:\/\/secure.gravatar.com\/avatar\/e836a21cdda7d1a602c49880145b7a9b7a76ee1acdc3df5fb44089ead12fd2b1?s=96&d=mm&r=g","contentUrl":"https:\/\/secure.gravatar.com\/avatar\/e836a21cdda7d1a602c49880145b7a9b7a76ee1acdc3df5fb44089ead12fd2b1?s=96&d=mm&r=g","caption":"promiseo"},"sameAs":["https:\/\/viacarpatia.eu"],"url":"https:\/\/viacarpatia.eu\/hu\/author\/promiseo\/"}]}},"_links":{"self":[{"href":"https:\/\/viacarpatia.eu\/hu\/wp-json\/wp\/v2\/posts\/7582","targetHints":{"allow":["GET"]}}],"collection":[{"href":"https:\/\/viacarpatia.eu\/hu\/wp-json\/wp\/v2\/posts"}],"about":[{"href":"https:\/\/viacarpatia.eu\/hu\/wp-json\/wp\/v2\/types\/post"}],"author":[{"embeddable":true,"href":"https:\/\/viacarpatia.eu\/hu\/wp-json\/wp\/v2\/users\/1"}],"replies":[{"embeddable":true,"href":"https:\/\/viacarpatia.eu\/hu\/wp-json\/wp\/v2\/comments?post=7582"}],"version-history":[{"count":1,"href":"https:\/\/viacarpatia.eu\/hu\/wp-json\/wp\/v2\/posts\/7582\/revisions"}],"predecessor-version":[{"id":7583,"href":"https:\/\/viacarpatia.eu\/hu\/wp-json\/wp\/v2\/posts\/7582\/revisions\/7583"}],"wp:featuredmedia":[{"embeddable":true,"href":"https:\/\/viacarpatia.eu\/hu\/wp-json\/wp\/v2\/media\/5013"}],"wp:attachment":[{"href":"https:\/\/viacarpatia.eu\/hu\/wp-json\/wp\/v2\/media?parent=7582"}],"wp:term":[{"taxonomy":"category","embeddable":true,"href":"https:\/\/viacarpatia.eu\/hu\/wp-json\/wp\/v2\/categories?post=7582"},{"taxonomy":"post_tag","embeddable":true,"href":"https:\/\/viacarpatia.eu\/hu\/wp-json\/wp\/v2\/tags?post=7582"}],"curies":[{"name":"wp","href":"https:\/\/api.w.org\/{rel}","templated":true}]}}