{"id":7615,"date":"2023-04-24T15:33:39","date_gmt":"2023-04-24T13:33:39","guid":{"rendered":"https:\/\/viacarpatia.eu\/otvorenie-prihlasovania-pre-stredne-skoly-do-sutaze-v-ramci-projektu-young4climate\/"},"modified":"2023-05-18T14:32:45","modified_gmt":"2023-05-18T12:32:45","slug":"otvorenie-prihlasovania-pre-stredne-skoly-do-sutaze-v-ramci-projektu-young4climate","status":"publish","type":"post","link":"https:\/\/viacarpatia.eu\/hu\/otvorenie-prihlasovania-pre-stredne-skoly-do-sutaze-v-ramci-projektu-young4climate\/","title":{"rendered":"A Young4Climate projekt r\u00e9szek\u00e9nt meghirdetett p\u00e1ly\u00e1zat regisztr\u00e1ci\u00f3j\u00e1nak megnyit\u00e1sa k\u00f6z\u00e9piskol\u00e1k sz\u00e1m\u00e1ra"},"content":{"rendered":"<p>A Kassa Megyei \u00d6nkorm\u00e1nyzat alap\u00edt\u00e1si k\u00f6r\u00e9be tartoz\u00f3 k\u00f6z\u00e9piskol\u00e1knak lehet\u0151s\u00e9g\u00fck van jelentkezni p\u00e1ly\u00e1zatunkra, amely az \u00fajonnan megny\u00edlt Young4Climate projekten bel\u00fcl val\u00f3sul meg. A k\u00f6z\u00e9piskol\u00e1k olyan \u00e9rdekes d\u00edjakat nyerhetnek sz\u00e1mukra, mint egy z\u00f6ldfal, elektromos komposzt\u00e1l\u00f3k vagy szelekt\u00edv hullad\u00e9kgy\u0171jt\u0151 kuk\u00e1k. A verseny r\u00e9sze a tanul\u00f3k kl\u00edmav\u00e1ls\u00e1g t\u00e9mak\u00f6rben v\u00e9gzett oktat\u00e1s\u00e1nak \u00f6sszekapcsol\u00e1sa egy interakt\u00edv online j\u00e1t\u00e9kon kereszt\u00fcl. A verseny k\u00e9t fordul\u00f3ban zajlik, saj\u00e1t v\u00e1laszt\u00e1suk szerint: Els\u0151 k\u00f6r Z\u00f6ldfal vagy es\u0151kert (6 nyertes iskol\u00e1nak). Az 1. fordul\u00f3 v\u00e9grehajt\u00e1sa \u00e9s \u00e9rt\u00e9kel\u00e9se 2023. m\u00e1rcius-\u00e1prilis k\u00f6z\u00f6tt. M\u00e1sodik k\u00f6r Elektromos komposzt\u00e1l\u00f3 konyhai biohullad\u00e9khoz \u00e9s \u00fajrahasznos\u00edt\u00f3 ed\u00e9nyekhez oszt\u00e1lytermekbe (10 nyertes iskola sz\u00e1m\u00e1ra). A 2. fordul\u00f3 v\u00e9grehajt\u00e1sa \u00e9s \u00e9rt\u00e9kel\u00e9se 2023. szeptember-november k\u00f6z\u00f6tt.<br \/>\n<strong>B\u00d3NUSZ <\/strong><br \/>\nNyerem\u00e9nyek (pl. okos\u00f3ra) minden szinten 1 online j\u00e1t\u00e9k nyertesnek. A jelentkez\u00e9si hat\u00e1rid\u0151 2023. febru\u00e1r 10. A jelentkez\u00e9si lapot, valamint a versenyszab\u00e1lyzatot \u00e9s a k\u00e9zik\u00f6nyvet megtal\u00e1lja a weboldalon: <a href=\"https:\/\/young4climate.sk\/sutaz\" rel=\"noopener\" target=\"_blank\">https:\/\/young4climate.sk\/sutaz<\/a><\/p>\n<p><img decoding=\"async\" alt=\"\" src=\"https:\/\/viacarpatia.eu\/wp-content\/uploads\/2023\/04\/Young4Climate_Sutaz_e-verzia_page-0001.jpg\" style=\"width: 800px; height: 1135px;\"><\/p>\n","protected":false},"excerpt":{"rendered":"<p>A Kassa Megyei \u00d6nkorm\u00e1nyzat alap\u00edt\u00e1si k\u00f6r\u00e9be tartoz\u00f3 k\u00f6z\u00e9piskol\u00e1knak lehet\u0151s\u00e9g\u00fck van jelentkezni p\u00e1ly\u00e1zatunkra, amely az \u00fajonnan megny\u00edlt Young4Climate projekten bel\u00fcl val\u00f3sul meg. A k\u00f6z\u00e9piskol\u00e1k olyan \u00e9rdekes d\u00edjakat nyerhetnek sz\u00e1mukra, mint egy z\u00f6ldfal, elektromos komposzt\u00e1l\u00f3k vagy szelekt\u00edv hullad\u00e9kgy\u0171jt\u0151 kuk\u00e1k. A verseny r\u00e9sze a tanul\u00f3k kl\u00edmav\u00e1ls\u00e1g t\u00e9mak\u00f6rben v\u00e9gzett oktat\u00e1s\u00e1nak \u00f6sszekapcsol\u00e1sa egy interakt\u00edv online j\u00e1t\u00e9kon kereszt\u00fcl. A verseny k\u00e9t [&hellip;]<\/p>\n","protected":false},"author":1,"featured_media":5155,"comment_status":"closed","ping_status":"open","sticky":false,"template":"","format":"standard","meta":{"inline_featured_image":false,"footnotes":""},"categories":[3],"tags":[],"class_list":["post-7615","post","type-post","status-publish","format-standard","has-post-thumbnail","hentry","category-uncategorized-hu"],"acf":[],"yoast_head":"<!-- This site is optimized with the Yoast SEO plugin v27.5 - https:\/\/yoast.com\/product\/yoast-seo-wordpress\/ -->\n<title>A Young4Climate projekt r\u00e9szek\u00e9nt meghirdetett p\u00e1ly\u00e1zat regisztr\u00e1ci\u00f3j\u00e1nak megnyit\u00e1sa k\u00f6z\u00e9piskol\u00e1k sz\u00e1m\u00e1ra - ViaCarpatia<\/title>\n<meta name=\"robots\" content=\"index, follow, max-snippet:-1, max-image-preview:large, max-video-preview:-1\" \/>\n<link rel=\"canonical\" href=\"https:\/\/viacarpatia.eu\/hu\/otvorenie-prihlasovania-pre-stredne-skoly-do-sutaze-v-ramci-projektu-young4climate\/\" \/>\n<meta property=\"og:locale\" content=\"hu_HU\" \/>\n<meta property=\"og:type\" content=\"article\" \/>\n<meta property=\"og:title\" content=\"A Young4Climate projekt r\u00e9szek\u00e9nt meghirdetett p\u00e1ly\u00e1zat regisztr\u00e1ci\u00f3j\u00e1nak megnyit\u00e1sa k\u00f6z\u00e9piskol\u00e1k sz\u00e1m\u00e1ra - ViaCarpatia\" \/>\n<meta property=\"og:description\" content=\"A Kassa Megyei \u00d6nkorm\u00e1nyzat alap\u00edt\u00e1si k\u00f6r\u00e9be tartoz\u00f3 k\u00f6z\u00e9piskol\u00e1knak lehet\u0151s\u00e9g\u00fck van jelentkezni p\u00e1ly\u00e1zatunkra, amely az \u00fajonnan megny\u00edlt Young4Climate projekten bel\u00fcl val\u00f3sul meg. A k\u00f6z\u00e9piskol\u00e1k olyan \u00e9rdekes d\u00edjakat nyerhetnek sz\u00e1mukra, mint egy z\u00f6ldfal, elektromos komposzt\u00e1l\u00f3k vagy szelekt\u00edv hullad\u00e9kgy\u0171jt\u0151 kuk\u00e1k. A verseny r\u00e9sze a tanul\u00f3k kl\u00edmav\u00e1ls\u00e1g t\u00e9mak\u00f6rben v\u00e9gzett oktat\u00e1s\u00e1nak \u00f6sszekapcsol\u00e1sa egy interakt\u00edv online j\u00e1t\u00e9kon kereszt\u00fcl. A verseny k\u00e9t [&hellip;]\" \/>\n<meta property=\"og:url\" content=\"https:\/\/viacarpatia.eu\/hu\/otvorenie-prihlasovania-pre-stredne-skoly-do-sutaze-v-ramci-projektu-young4climate\/\" \/>\n<meta property=\"og:site_name\" content=\"ViaCarpatia\" \/>\n<meta property=\"article:published_time\" content=\"2023-04-24T13:33:39+00:00\" \/>\n<meta property=\"article:modified_time\" content=\"2023-05-18T12:32:45+00:00\" \/>\n<meta property=\"og:image\" content=\"https:\/\/viacarpatia.eu\/wp-content\/uploads\/2023\/04\/Young4Climate_Sutaz_e-verzia_page-0001.jpg\" \/>\n\t<meta property=\"og:image:width\" content=\"875\" \/>\n\t<meta property=\"og:image:height\" content=\"1241\" \/>\n\t<meta property=\"og:image:type\" content=\"image\/jpeg\" \/>\n<meta name=\"author\" content=\"promiseo\" \/>\n<meta name=\"twitter:card\" content=\"summary_large_image\" \/>\n<meta name=\"twitter:label1\" content=\"Szerz\u0151:\" \/>\n\t<meta name=\"twitter:data1\" content=\"promiseo\" \/>\n<script type=\"application\/ld+json\" class=\"yoast-schema-graph\">{\"@context\":\"https:\\\/\\\/schema.org\",\"@graph\":[{\"@type\":\"Article\",\"@id\":\"https:\\\/\\\/viacarpatia.eu\\\/hu\\\/otvorenie-prihlasovania-pre-stredne-skoly-do-sutaze-v-ramci-projektu-young4climate\\\/#article\",\"isPartOf\":{\"@id\":\"https:\\\/\\\/viacarpatia.eu\\\/hu\\\/otvorenie-prihlasovania-pre-stredne-skoly-do-sutaze-v-ramci-projektu-young4climate\\\/\"},\"author\":{\"name\":\"promiseo\",\"@id\":\"https:\\\/\\\/viacarpatia.eu\\\/#\\\/schema\\\/person\\\/ad78fca7d58f189d57a6e54af785b1af\"},\"headline\":\"A Young4Climate projekt r\u00e9szek\u00e9nt meghirdetett p\u00e1ly\u00e1zat regisztr\u00e1ci\u00f3j\u00e1nak megnyit\u00e1sa k\u00f6z\u00e9piskol\u00e1k sz\u00e1m\u00e1ra\",\"datePublished\":\"2023-04-24T13:33:39+00:00\",\"dateModified\":\"2023-05-18T12:32:45+00:00\",\"mainEntityOfPage\":{\"@id\":\"https:\\\/\\\/viacarpatia.eu\\\/hu\\\/otvorenie-prihlasovania-pre-stredne-skoly-do-sutaze-v-ramci-projektu-young4climate\\\/\"},\"wordCount\":237,\"image\":{\"@id\":\"https:\\\/\\\/viacarpatia.eu\\\/hu\\\/otvorenie-prihlasovania-pre-stredne-skoly-do-sutaze-v-ramci-projektu-young4climate\\\/#primaryimage\"},\"thumbnailUrl\":\"https:\\\/\\\/viacarpatia.eu\\\/wp-content\\\/uploads\\\/2023\\\/04\\\/Young4Climate_Sutaz_e-verzia_page-0001.jpg\",\"articleSection\":[\"Uncategorized\"],\"inLanguage\":\"hu\"},{\"@type\":\"WebPage\",\"@id\":\"https:\\\/\\\/viacarpatia.eu\\\/hu\\\/otvorenie-prihlasovania-pre-stredne-skoly-do-sutaze-v-ramci-projektu-young4climate\\\/\",\"url\":\"https:\\\/\\\/viacarpatia.eu\\\/hu\\\/otvorenie-prihlasovania-pre-stredne-skoly-do-sutaze-v-ramci-projektu-young4climate\\\/\",\"name\":\"A Young4Climate projekt r\u00e9szek\u00e9nt meghirdetett p\u00e1ly\u00e1zat regisztr\u00e1ci\u00f3j\u00e1nak megnyit\u00e1sa k\u00f6z\u00e9piskol\u00e1k sz\u00e1m\u00e1ra - ViaCarpatia\",\"isPartOf\":{\"@id\":\"https:\\\/\\\/viacarpatia.eu\\\/#website\"},\"primaryImageOfPage\":{\"@id\":\"https:\\\/\\\/viacarpatia.eu\\\/hu\\\/otvorenie-prihlasovania-pre-stredne-skoly-do-sutaze-v-ramci-projektu-young4climate\\\/#primaryimage\"},\"image\":{\"@id\":\"https:\\\/\\\/viacarpatia.eu\\\/hu\\\/otvorenie-prihlasovania-pre-stredne-skoly-do-sutaze-v-ramci-projektu-young4climate\\\/#primaryimage\"},\"thumbnailUrl\":\"https:\\\/\\\/viacarpatia.eu\\\/wp-content\\\/uploads\\\/2023\\\/04\\\/Young4Climate_Sutaz_e-verzia_page-0001.jpg\",\"datePublished\":\"2023-04-24T13:33:39+00:00\",\"dateModified\":\"2023-05-18T12:32:45+00:00\",\"author\":{\"@id\":\"https:\\\/\\\/viacarpatia.eu\\\/#\\\/schema\\\/person\\\/ad78fca7d58f189d57a6e54af785b1af\"},\"breadcrumb\":{\"@id\":\"https:\\\/\\\/viacarpatia.eu\\\/hu\\\/otvorenie-prihlasovania-pre-stredne-skoly-do-sutaze-v-ramci-projektu-young4climate\\\/#breadcrumb\"},\"inLanguage\":\"hu\",\"potentialAction\":[{\"@type\":\"ReadAction\",\"target\":[\"https:\\\/\\\/viacarpatia.eu\\\/hu\\\/otvorenie-prihlasovania-pre-stredne-skoly-do-sutaze-v-ramci-projektu-young4climate\\\/\"]}]},{\"@type\":\"ImageObject\",\"inLanguage\":\"hu\",\"@id\":\"https:\\\/\\\/viacarpatia.eu\\\/hu\\\/otvorenie-prihlasovania-pre-stredne-skoly-do-sutaze-v-ramci-projektu-young4climate\\\/#primaryimage\",\"url\":\"https:\\\/\\\/viacarpatia.eu\\\/wp-content\\\/uploads\\\/2023\\\/04\\\/Young4Climate_Sutaz_e-verzia_page-0001.jpg\",\"contentUrl\":\"https:\\\/\\\/viacarpatia.eu\\\/wp-content\\\/uploads\\\/2023\\\/04\\\/Young4Climate_Sutaz_e-verzia_page-0001.jpg\",\"width\":875,\"height\":1241},{\"@type\":\"BreadcrumbList\",\"@id\":\"https:\\\/\\\/viacarpatia.eu\\\/hu\\\/otvorenie-prihlasovania-pre-stredne-skoly-do-sutaze-v-ramci-projektu-young4climate\\\/#breadcrumb\",\"itemListElement\":[{\"@type\":\"ListItem\",\"position\":1,\"name\":\"Home\",\"item\":\"https:\\\/\\\/viacarpatia.eu\\\/\"},{\"@type\":\"ListItem\",\"position\":2,\"name\":\"A Young4Climate projekt r\u00e9szek\u00e9nt meghirdetett p\u00e1ly\u00e1zat regisztr\u00e1ci\u00f3j\u00e1nak megnyit\u00e1sa k\u00f6z\u00e9piskol\u00e1k sz\u00e1m\u00e1ra\"}]},{\"@type\":\"WebSite\",\"@id\":\"https:\\\/\\\/viacarpatia.eu\\\/#website\",\"url\":\"https:\\\/\\\/viacarpatia.eu\\\/\",\"name\":\"ViaCarpatia\",\"description\":\"Sp\u00e1jame historick\u00e9 a kult\u00farno-jazykov\u00e9 trad\u00edcie\",\"alternateName\":\"ViaCarpatia\",\"potentialAction\":[{\"@type\":\"SearchAction\",\"target\":{\"@type\":\"EntryPoint\",\"urlTemplate\":\"https:\\\/\\\/viacarpatia.eu\\\/?s={search_term_string}\"},\"query-input\":{\"@type\":\"PropertyValueSpecification\",\"valueRequired\":true,\"valueName\":\"search_term_string\"}}],\"inLanguage\":\"hu\"},{\"@type\":\"Person\",\"@id\":\"https:\\\/\\\/viacarpatia.eu\\\/#\\\/schema\\\/person\\\/ad78fca7d58f189d57a6e54af785b1af\",\"name\":\"promiseo\",\"image\":{\"@type\":\"ImageObject\",\"inLanguage\":\"hu\",\"@id\":\"https:\\\/\\\/secure.gravatar.com\\\/avatar\\\/e836a21cdda7d1a602c49880145b7a9b7a76ee1acdc3df5fb44089ead12fd2b1?s=96&d=mm&r=g\",\"url\":\"https:\\\/\\\/secure.gravatar.com\\\/avatar\\\/e836a21cdda7d1a602c49880145b7a9b7a76ee1acdc3df5fb44089ead12fd2b1?s=96&d=mm&r=g\",\"contentUrl\":\"https:\\\/\\\/secure.gravatar.com\\\/avatar\\\/e836a21cdda7d1a602c49880145b7a9b7a76ee1acdc3df5fb44089ead12fd2b1?s=96&d=mm&r=g\",\"caption\":\"promiseo\"},\"sameAs\":[\"https:\\\/\\\/viacarpatia.eu\"],\"url\":\"https:\\\/\\\/viacarpatia.eu\\\/hu\\\/author\\\/promiseo\\\/\"}]}<\/script>\n<!-- \/ Yoast SEO plugin. -->","yoast_head_json":{"title":"A Young4Climate projekt r\u00e9szek\u00e9nt meghirdetett p\u00e1ly\u00e1zat regisztr\u00e1ci\u00f3j\u00e1nak megnyit\u00e1sa k\u00f6z\u00e9piskol\u00e1k sz\u00e1m\u00e1ra - ViaCarpatia","robots":{"index":"index","follow":"follow","max-snippet":"max-snippet:-1","max-image-preview":"max-image-preview:large","max-video-preview":"max-video-preview:-1"},"canonical":"https:\/\/viacarpatia.eu\/hu\/otvorenie-prihlasovania-pre-stredne-skoly-do-sutaze-v-ramci-projektu-young4climate\/","og_locale":"hu_HU","og_type":"article","og_title":"A Young4Climate projekt r\u00e9szek\u00e9nt meghirdetett p\u00e1ly\u00e1zat regisztr\u00e1ci\u00f3j\u00e1nak megnyit\u00e1sa k\u00f6z\u00e9piskol\u00e1k sz\u00e1m\u00e1ra - ViaCarpatia","og_description":"A Kassa Megyei \u00d6nkorm\u00e1nyzat alap\u00edt\u00e1si k\u00f6r\u00e9be tartoz\u00f3 k\u00f6z\u00e9piskol\u00e1knak lehet\u0151s\u00e9g\u00fck van jelentkezni p\u00e1ly\u00e1zatunkra, amely az \u00fajonnan megny\u00edlt Young4Climate projekten bel\u00fcl val\u00f3sul meg. A k\u00f6z\u00e9piskol\u00e1k olyan \u00e9rdekes d\u00edjakat nyerhetnek sz\u00e1mukra, mint egy z\u00f6ldfal, elektromos komposzt\u00e1l\u00f3k vagy szelekt\u00edv hullad\u00e9kgy\u0171jt\u0151 kuk\u00e1k. A verseny r\u00e9sze a tanul\u00f3k kl\u00edmav\u00e1ls\u00e1g t\u00e9mak\u00f6rben v\u00e9gzett oktat\u00e1s\u00e1nak \u00f6sszekapcsol\u00e1sa egy interakt\u00edv online j\u00e1t\u00e9kon kereszt\u00fcl. A verseny k\u00e9t [&hellip;]","og_url":"https:\/\/viacarpatia.eu\/hu\/otvorenie-prihlasovania-pre-stredne-skoly-do-sutaze-v-ramci-projektu-young4climate\/","og_site_name":"ViaCarpatia","article_published_time":"2023-04-24T13:33:39+00:00","article_modified_time":"2023-05-18T12:32:45+00:00","og_image":[{"width":875,"height":1241,"url":"https:\/\/viacarpatia.eu\/wp-content\/uploads\/2023\/04\/Young4Climate_Sutaz_e-verzia_page-0001.jpg","type":"image\/jpeg"}],"author":"promiseo","twitter_card":"summary_large_image","twitter_misc":{"Szerz\u0151:":"promiseo"},"schema":{"@context":"https:\/\/schema.org","@graph":[{"@type":"Article","@id":"https:\/\/viacarpatia.eu\/hu\/otvorenie-prihlasovania-pre-stredne-skoly-do-sutaze-v-ramci-projektu-young4climate\/#article","isPartOf":{"@id":"https:\/\/viacarpatia.eu\/hu\/otvorenie-prihlasovania-pre-stredne-skoly-do-sutaze-v-ramci-projektu-young4climate\/"},"author":{"name":"promiseo","@id":"https:\/\/viacarpatia.eu\/#\/schema\/person\/ad78fca7d58f189d57a6e54af785b1af"},"headline":"A Young4Climate projekt r\u00e9szek\u00e9nt meghirdetett p\u00e1ly\u00e1zat regisztr\u00e1ci\u00f3j\u00e1nak megnyit\u00e1sa k\u00f6z\u00e9piskol\u00e1k sz\u00e1m\u00e1ra","datePublished":"2023-04-24T13:33:39+00:00","dateModified":"2023-05-18T12:32:45+00:00","mainEntityOfPage":{"@id":"https:\/\/viacarpatia.eu\/hu\/otvorenie-prihlasovania-pre-stredne-skoly-do-sutaze-v-ramci-projektu-young4climate\/"},"wordCount":237,"image":{"@id":"https:\/\/viacarpatia.eu\/hu\/otvorenie-prihlasovania-pre-stredne-skoly-do-sutaze-v-ramci-projektu-young4climate\/#primaryimage"},"thumbnailUrl":"https:\/\/viacarpatia.eu\/wp-content\/uploads\/2023\/04\/Young4Climate_Sutaz_e-verzia_page-0001.jpg","articleSection":["Uncategorized"],"inLanguage":"hu"},{"@type":"WebPage","@id":"https:\/\/viacarpatia.eu\/hu\/otvorenie-prihlasovania-pre-stredne-skoly-do-sutaze-v-ramci-projektu-young4climate\/","url":"https:\/\/viacarpatia.eu\/hu\/otvorenie-prihlasovania-pre-stredne-skoly-do-sutaze-v-ramci-projektu-young4climate\/","name":"A Young4Climate projekt r\u00e9szek\u00e9nt meghirdetett p\u00e1ly\u00e1zat regisztr\u00e1ci\u00f3j\u00e1nak megnyit\u00e1sa k\u00f6z\u00e9piskol\u00e1k sz\u00e1m\u00e1ra - ViaCarpatia","isPartOf":{"@id":"https:\/\/viacarpatia.eu\/#website"},"primaryImageOfPage":{"@id":"https:\/\/viacarpatia.eu\/hu\/otvorenie-prihlasovania-pre-stredne-skoly-do-sutaze-v-ramci-projektu-young4climate\/#primaryimage"},"image":{"@id":"https:\/\/viacarpatia.eu\/hu\/otvorenie-prihlasovania-pre-stredne-skoly-do-sutaze-v-ramci-projektu-young4climate\/#primaryimage"},"thumbnailUrl":"https:\/\/viacarpatia.eu\/wp-content\/uploads\/2023\/04\/Young4Climate_Sutaz_e-verzia_page-0001.jpg","datePublished":"2023-04-24T13:33:39+00:00","dateModified":"2023-05-18T12:32:45+00:00","author":{"@id":"https:\/\/viacarpatia.eu\/#\/schema\/person\/ad78fca7d58f189d57a6e54af785b1af"},"breadcrumb":{"@id":"https:\/\/viacarpatia.eu\/hu\/otvorenie-prihlasovania-pre-stredne-skoly-do-sutaze-v-ramci-projektu-young4climate\/#breadcrumb"},"inLanguage":"hu","potentialAction":[{"@type":"ReadAction","target":["https:\/\/viacarpatia.eu\/hu\/otvorenie-prihlasovania-pre-stredne-skoly-do-sutaze-v-ramci-projektu-young4climate\/"]}]},{"@type":"ImageObject","inLanguage":"hu","@id":"https:\/\/viacarpatia.eu\/hu\/otvorenie-prihlasovania-pre-stredne-skoly-do-sutaze-v-ramci-projektu-young4climate\/#primaryimage","url":"https:\/\/viacarpatia.eu\/wp-content\/uploads\/2023\/04\/Young4Climate_Sutaz_e-verzia_page-0001.jpg","contentUrl":"https:\/\/viacarpatia.eu\/wp-content\/uploads\/2023\/04\/Young4Climate_Sutaz_e-verzia_page-0001.jpg","width":875,"height":1241},{"@type":"BreadcrumbList","@id":"https:\/\/viacarpatia.eu\/hu\/otvorenie-prihlasovania-pre-stredne-skoly-do-sutaze-v-ramci-projektu-young4climate\/#breadcrumb","itemListElement":[{"@type":"ListItem","position":1,"name":"Home","item":"https:\/\/viacarpatia.eu\/"},{"@type":"ListItem","position":2,"name":"A Young4Climate projekt r\u00e9szek\u00e9nt meghirdetett p\u00e1ly\u00e1zat regisztr\u00e1ci\u00f3j\u00e1nak megnyit\u00e1sa k\u00f6z\u00e9piskol\u00e1k sz\u00e1m\u00e1ra"}]},{"@type":"WebSite","@id":"https:\/\/viacarpatia.eu\/#website","url":"https:\/\/viacarpatia.eu\/","name":"ViaCarpatia","description":"Sp\u00e1jame historick\u00e9 a kult\u00farno-jazykov\u00e9 trad\u00edcie","alternateName":"ViaCarpatia","potentialAction":[{"@type":"SearchAction","target":{"@type":"EntryPoint","urlTemplate":"https:\/\/viacarpatia.eu\/?s={search_term_string}"},"query-input":{"@type":"PropertyValueSpecification","valueRequired":true,"valueName":"search_term_string"}}],"inLanguage":"hu"},{"@type":"Person","@id":"https:\/\/viacarpatia.eu\/#\/schema\/person\/ad78fca7d58f189d57a6e54af785b1af","name":"promiseo","image":{"@type":"ImageObject","inLanguage":"hu","@id":"https:\/\/secure.gravatar.com\/avatar\/e836a21cdda7d1a602c49880145b7a9b7a76ee1acdc3df5fb44089ead12fd2b1?s=96&d=mm&r=g","url":"https:\/\/secure.gravatar.com\/avatar\/e836a21cdda7d1a602c49880145b7a9b7a76ee1acdc3df5fb44089ead12fd2b1?s=96&d=mm&r=g","contentUrl":"https:\/\/secure.gravatar.com\/avatar\/e836a21cdda7d1a602c49880145b7a9b7a76ee1acdc3df5fb44089ead12fd2b1?s=96&d=mm&r=g","caption":"promiseo"},"sameAs":["https:\/\/viacarpatia.eu"],"url":"https:\/\/viacarpatia.eu\/hu\/author\/promiseo\/"}]}},"_links":{"self":[{"href":"https:\/\/viacarpatia.eu\/hu\/wp-json\/wp\/v2\/posts\/7615","targetHints":{"allow":["GET"]}}],"collection":[{"href":"https:\/\/viacarpatia.eu\/hu\/wp-json\/wp\/v2\/posts"}],"about":[{"href":"https:\/\/viacarpatia.eu\/hu\/wp-json\/wp\/v2\/types\/post"}],"author":[{"embeddable":true,"href":"https:\/\/viacarpatia.eu\/hu\/wp-json\/wp\/v2\/users\/1"}],"replies":[{"embeddable":true,"href":"https:\/\/viacarpatia.eu\/hu\/wp-json\/wp\/v2\/comments?post=7615"}],"version-history":[{"count":1,"href":"https:\/\/viacarpatia.eu\/hu\/wp-json\/wp\/v2\/posts\/7615\/revisions"}],"predecessor-version":[{"id":7616,"href":"https:\/\/viacarpatia.eu\/hu\/wp-json\/wp\/v2\/posts\/7615\/revisions\/7616"}],"wp:featuredmedia":[{"embeddable":true,"href":"https:\/\/viacarpatia.eu\/hu\/wp-json\/wp\/v2\/media\/5155"}],"wp:attachment":[{"href":"https:\/\/viacarpatia.eu\/hu\/wp-json\/wp\/v2\/media?parent=7615"}],"wp:term":[{"taxonomy":"category","embeddable":true,"href":"https:\/\/viacarpatia.eu\/hu\/wp-json\/wp\/v2\/categories?post=7615"},{"taxonomy":"post_tag","embeddable":true,"href":"https:\/\/viacarpatia.eu\/hu\/wp-json\/wp\/v2\/tags?post=7615"}],"curies":[{"name":"wp","href":"https:\/\/api.w.org\/{rel}","templated":true}]}}