{"id":7625,"date":"2023-04-24T15:40:20","date_gmt":"2023-04-24T13:40:20","guid":{"rendered":"https:\/\/viacarpatia.eu\/projekt-young4climate\/"},"modified":"2023-05-18T14:32:48","modified_gmt":"2023-05-18T12:32:48","slug":"projekt-young4climate","status":"publish","type":"post","link":"https:\/\/viacarpatia.eu\/hu\/projekt-young4climate\/","title":{"rendered":"Young4Climate projekt"},"content":{"rendered":"<p>A Kassai M\u0171szaki Egyetemmel r\u00e9szt vett\u00fcnk k\u00f6z\u00f6s tal\u00e1lkoz\u00f3n a norv\u00e9g partner\u00fcnkn\u00e9l, a Smart Innovation Norway-n\u00e9l Halden v\u00e1rosban. A tal\u00e1lkoz\u00f3 sor\u00e1n ismereteket szerezt\u00fcnk a kl\u00edmav\u00e1ls\u00e1g elleni k\u00fczdelem innovat\u00edv megk\u00f6zel\u00edt\u00e9seir\u0151l.<\/p>\n","protected":false},"excerpt":{"rendered":"<p>A Kassai M\u0171szaki Egyetemmel r\u00e9szt vett\u00fcnk k\u00f6z\u00f6s tal\u00e1lkoz\u00f3n a norv\u00e9g partner\u00fcnkn\u00e9l, a Smart Innovation Norway-n\u00e9l Halden v\u00e1rosban. A tal\u00e1lkoz\u00f3 sor\u00e1n ismereteket szerezt\u00fcnk a kl\u00edmav\u00e1ls\u00e1g elleni k\u00fczdelem innovat\u00edv megk\u00f6zel\u00edt\u00e9seir\u0151l.<\/p>\n","protected":false},"author":1,"featured_media":5181,"comment_status":"closed","ping_status":"open","sticky":false,"template":"","format":"standard","meta":{"inline_featured_image":false,"footnotes":""},"categories":[3],"tags":[],"class_list":["post-7625","post","type-post","status-publish","format-standard","has-post-thumbnail","hentry","category-uncategorized-hu"],"acf":[],"yoast_head":"<!-- This site is optimized with the Yoast SEO plugin v27.5 - https:\/\/yoast.com\/product\/yoast-seo-wordpress\/ -->\n<title>Young4Climate projekt - ViaCarpatia<\/title>\n<meta name=\"robots\" content=\"index, follow, max-snippet:-1, max-image-preview:large, max-video-preview:-1\" \/>\n<link rel=\"canonical\" href=\"https:\/\/viacarpatia.eu\/hu\/projekt-young4climate\/\" \/>\n<meta property=\"og:locale\" content=\"hu_HU\" \/>\n<meta property=\"og:type\" content=\"article\" \/>\n<meta property=\"og:title\" content=\"Young4Climate projekt - ViaCarpatia\" \/>\n<meta property=\"og:description\" content=\"A Kassai M\u0171szaki Egyetemmel r\u00e9szt vett\u00fcnk k\u00f6z\u00f6s tal\u00e1lkoz\u00f3n a norv\u00e9g partner\u00fcnkn\u00e9l, a Smart Innovation Norway-n\u00e9l Halden v\u00e1rosban. A tal\u00e1lkoz\u00f3 sor\u00e1n ismereteket szerezt\u00fcnk a kl\u00edmav\u00e1ls\u00e1g elleni k\u00fczdelem innovat\u00edv megk\u00f6zel\u00edt\u00e9seir\u0151l.\" \/>\n<meta property=\"og:url\" content=\"https:\/\/viacarpatia.eu\/hu\/projekt-young4climate\/\" \/>\n<meta property=\"og:site_name\" content=\"ViaCarpatia\" \/>\n<meta property=\"article:published_time\" content=\"2023-04-24T13:40:20+00:00\" \/>\n<meta property=\"article:modified_time\" content=\"2023-05-18T12:32:48+00:00\" \/>\n<meta property=\"og:image\" content=\"https:\/\/viacarpatia.eu\/wp-content\/uploads\/2023\/04\/327333082_511852191058939_8845520953428949324_n.jpg\" \/>\n\t<meta property=\"og:image:width\" content=\"2048\" \/>\n\t<meta property=\"og:image:height\" content=\"1073\" \/>\n\t<meta property=\"og:image:type\" content=\"image\/jpeg\" \/>\n<meta name=\"author\" content=\"promiseo\" \/>\n<meta name=\"twitter:card\" content=\"summary_large_image\" \/>\n<meta name=\"twitter:label1\" content=\"Szerz\u0151:\" \/>\n\t<meta name=\"twitter:data1\" content=\"promiseo\" \/>\n<script type=\"application\/ld+json\" class=\"yoast-schema-graph\">{\"@context\":\"https:\\\/\\\/schema.org\",\"@graph\":[{\"@type\":\"Article\",\"@id\":\"https:\\\/\\\/viacarpatia.eu\\\/hu\\\/projekt-young4climate\\\/#article\",\"isPartOf\":{\"@id\":\"https:\\\/\\\/viacarpatia.eu\\\/hu\\\/projekt-young4climate\\\/\"},\"author\":{\"name\":\"promiseo\",\"@id\":\"https:\\\/\\\/viacarpatia.eu\\\/#\\\/schema\\\/person\\\/ad78fca7d58f189d57a6e54af785b1af\"},\"headline\":\"Young4Climate projekt\",\"datePublished\":\"2023-04-24T13:40:20+00:00\",\"dateModified\":\"2023-05-18T12:32:48+00:00\",\"mainEntityOfPage\":{\"@id\":\"https:\\\/\\\/viacarpatia.eu\\\/hu\\\/projekt-young4climate\\\/\"},\"wordCount\":55,\"image\":{\"@id\":\"https:\\\/\\\/viacarpatia.eu\\\/hu\\\/projekt-young4climate\\\/#primaryimage\"},\"thumbnailUrl\":\"https:\\\/\\\/viacarpatia.eu\\\/wp-content\\\/uploads\\\/2023\\\/04\\\/327333082_511852191058939_8845520953428949324_n.jpg\",\"articleSection\":[\"Uncategorized\"],\"inLanguage\":\"hu\"},{\"@type\":\"WebPage\",\"@id\":\"https:\\\/\\\/viacarpatia.eu\\\/hu\\\/projekt-young4climate\\\/\",\"url\":\"https:\\\/\\\/viacarpatia.eu\\\/hu\\\/projekt-young4climate\\\/\",\"name\":\"Young4Climate projekt - ViaCarpatia\",\"isPartOf\":{\"@id\":\"https:\\\/\\\/viacarpatia.eu\\\/#website\"},\"primaryImageOfPage\":{\"@id\":\"https:\\\/\\\/viacarpatia.eu\\\/hu\\\/projekt-young4climate\\\/#primaryimage\"},\"image\":{\"@id\":\"https:\\\/\\\/viacarpatia.eu\\\/hu\\\/projekt-young4climate\\\/#primaryimage\"},\"thumbnailUrl\":\"https:\\\/\\\/viacarpatia.eu\\\/wp-content\\\/uploads\\\/2023\\\/04\\\/327333082_511852191058939_8845520953428949324_n.jpg\",\"datePublished\":\"2023-04-24T13:40:20+00:00\",\"dateModified\":\"2023-05-18T12:32:48+00:00\",\"author\":{\"@id\":\"https:\\\/\\\/viacarpatia.eu\\\/#\\\/schema\\\/person\\\/ad78fca7d58f189d57a6e54af785b1af\"},\"breadcrumb\":{\"@id\":\"https:\\\/\\\/viacarpatia.eu\\\/hu\\\/projekt-young4climate\\\/#breadcrumb\"},\"inLanguage\":\"hu\",\"potentialAction\":[{\"@type\":\"ReadAction\",\"target\":[\"https:\\\/\\\/viacarpatia.eu\\\/hu\\\/projekt-young4climate\\\/\"]}]},{\"@type\":\"ImageObject\",\"inLanguage\":\"hu\",\"@id\":\"https:\\\/\\\/viacarpatia.eu\\\/hu\\\/projekt-young4climate\\\/#primaryimage\",\"url\":\"https:\\\/\\\/viacarpatia.eu\\\/wp-content\\\/uploads\\\/2023\\\/04\\\/327333082_511852191058939_8845520953428949324_n.jpg\",\"contentUrl\":\"https:\\\/\\\/viacarpatia.eu\\\/wp-content\\\/uploads\\\/2023\\\/04\\\/327333082_511852191058939_8845520953428949324_n.jpg\",\"width\":2048,\"height\":1073},{\"@type\":\"BreadcrumbList\",\"@id\":\"https:\\\/\\\/viacarpatia.eu\\\/hu\\\/projekt-young4climate\\\/#breadcrumb\",\"itemListElement\":[{\"@type\":\"ListItem\",\"position\":1,\"name\":\"Home\",\"item\":\"https:\\\/\\\/viacarpatia.eu\\\/\"},{\"@type\":\"ListItem\",\"position\":2,\"name\":\"Young4Climate projekt\"}]},{\"@type\":\"WebSite\",\"@id\":\"https:\\\/\\\/viacarpatia.eu\\\/#website\",\"url\":\"https:\\\/\\\/viacarpatia.eu\\\/\",\"name\":\"ViaCarpatia\",\"description\":\"Sp\u00e1jame historick\u00e9 a kult\u00farno-jazykov\u00e9 trad\u00edcie\",\"alternateName\":\"ViaCarpatia\",\"potentialAction\":[{\"@type\":\"SearchAction\",\"target\":{\"@type\":\"EntryPoint\",\"urlTemplate\":\"https:\\\/\\\/viacarpatia.eu\\\/?s={search_term_string}\"},\"query-input\":{\"@type\":\"PropertyValueSpecification\",\"valueRequired\":true,\"valueName\":\"search_term_string\"}}],\"inLanguage\":\"hu\"},{\"@type\":\"Person\",\"@id\":\"https:\\\/\\\/viacarpatia.eu\\\/#\\\/schema\\\/person\\\/ad78fca7d58f189d57a6e54af785b1af\",\"name\":\"promiseo\",\"image\":{\"@type\":\"ImageObject\",\"inLanguage\":\"hu\",\"@id\":\"https:\\\/\\\/secure.gravatar.com\\\/avatar\\\/e836a21cdda7d1a602c49880145b7a9b7a76ee1acdc3df5fb44089ead12fd2b1?s=96&d=mm&r=g\",\"url\":\"https:\\\/\\\/secure.gravatar.com\\\/avatar\\\/e836a21cdda7d1a602c49880145b7a9b7a76ee1acdc3df5fb44089ead12fd2b1?s=96&d=mm&r=g\",\"contentUrl\":\"https:\\\/\\\/secure.gravatar.com\\\/avatar\\\/e836a21cdda7d1a602c49880145b7a9b7a76ee1acdc3df5fb44089ead12fd2b1?s=96&d=mm&r=g\",\"caption\":\"promiseo\"},\"sameAs\":[\"https:\\\/\\\/viacarpatia.eu\"],\"url\":\"https:\\\/\\\/viacarpatia.eu\\\/hu\\\/author\\\/promiseo\\\/\"}]}<\/script>\n<!-- \/ Yoast SEO plugin. -->","yoast_head_json":{"title":"Young4Climate projekt - ViaCarpatia","robots":{"index":"index","follow":"follow","max-snippet":"max-snippet:-1","max-image-preview":"max-image-preview:large","max-video-preview":"max-video-preview:-1"},"canonical":"https:\/\/viacarpatia.eu\/hu\/projekt-young4climate\/","og_locale":"hu_HU","og_type":"article","og_title":"Young4Climate projekt - ViaCarpatia","og_description":"A Kassai M\u0171szaki Egyetemmel r\u00e9szt vett\u00fcnk k\u00f6z\u00f6s tal\u00e1lkoz\u00f3n a norv\u00e9g partner\u00fcnkn\u00e9l, a Smart Innovation Norway-n\u00e9l Halden v\u00e1rosban. A tal\u00e1lkoz\u00f3 sor\u00e1n ismereteket szerezt\u00fcnk a kl\u00edmav\u00e1ls\u00e1g elleni k\u00fczdelem innovat\u00edv megk\u00f6zel\u00edt\u00e9seir\u0151l.","og_url":"https:\/\/viacarpatia.eu\/hu\/projekt-young4climate\/","og_site_name":"ViaCarpatia","article_published_time":"2023-04-24T13:40:20+00:00","article_modified_time":"2023-05-18T12:32:48+00:00","og_image":[{"width":2048,"height":1073,"url":"https:\/\/viacarpatia.eu\/wp-content\/uploads\/2023\/04\/327333082_511852191058939_8845520953428949324_n.jpg","type":"image\/jpeg"}],"author":"promiseo","twitter_card":"summary_large_image","twitter_misc":{"Szerz\u0151:":"promiseo"},"schema":{"@context":"https:\/\/schema.org","@graph":[{"@type":"Article","@id":"https:\/\/viacarpatia.eu\/hu\/projekt-young4climate\/#article","isPartOf":{"@id":"https:\/\/viacarpatia.eu\/hu\/projekt-young4climate\/"},"author":{"name":"promiseo","@id":"https:\/\/viacarpatia.eu\/#\/schema\/person\/ad78fca7d58f189d57a6e54af785b1af"},"headline":"Young4Climate projekt","datePublished":"2023-04-24T13:40:20+00:00","dateModified":"2023-05-18T12:32:48+00:00","mainEntityOfPage":{"@id":"https:\/\/viacarpatia.eu\/hu\/projekt-young4climate\/"},"wordCount":55,"image":{"@id":"https:\/\/viacarpatia.eu\/hu\/projekt-young4climate\/#primaryimage"},"thumbnailUrl":"https:\/\/viacarpatia.eu\/wp-content\/uploads\/2023\/04\/327333082_511852191058939_8845520953428949324_n.jpg","articleSection":["Uncategorized"],"inLanguage":"hu"},{"@type":"WebPage","@id":"https:\/\/viacarpatia.eu\/hu\/projekt-young4climate\/","url":"https:\/\/viacarpatia.eu\/hu\/projekt-young4climate\/","name":"Young4Climate projekt - ViaCarpatia","isPartOf":{"@id":"https:\/\/viacarpatia.eu\/#website"},"primaryImageOfPage":{"@id":"https:\/\/viacarpatia.eu\/hu\/projekt-young4climate\/#primaryimage"},"image":{"@id":"https:\/\/viacarpatia.eu\/hu\/projekt-young4climate\/#primaryimage"},"thumbnailUrl":"https:\/\/viacarpatia.eu\/wp-content\/uploads\/2023\/04\/327333082_511852191058939_8845520953428949324_n.jpg","datePublished":"2023-04-24T13:40:20+00:00","dateModified":"2023-05-18T12:32:48+00:00","author":{"@id":"https:\/\/viacarpatia.eu\/#\/schema\/person\/ad78fca7d58f189d57a6e54af785b1af"},"breadcrumb":{"@id":"https:\/\/viacarpatia.eu\/hu\/projekt-young4climate\/#breadcrumb"},"inLanguage":"hu","potentialAction":[{"@type":"ReadAction","target":["https:\/\/viacarpatia.eu\/hu\/projekt-young4climate\/"]}]},{"@type":"ImageObject","inLanguage":"hu","@id":"https:\/\/viacarpatia.eu\/hu\/projekt-young4climate\/#primaryimage","url":"https:\/\/viacarpatia.eu\/wp-content\/uploads\/2023\/04\/327333082_511852191058939_8845520953428949324_n.jpg","contentUrl":"https:\/\/viacarpatia.eu\/wp-content\/uploads\/2023\/04\/327333082_511852191058939_8845520953428949324_n.jpg","width":2048,"height":1073},{"@type":"BreadcrumbList","@id":"https:\/\/viacarpatia.eu\/hu\/projekt-young4climate\/#breadcrumb","itemListElement":[{"@type":"ListItem","position":1,"name":"Home","item":"https:\/\/viacarpatia.eu\/"},{"@type":"ListItem","position":2,"name":"Young4Climate projekt"}]},{"@type":"WebSite","@id":"https:\/\/viacarpatia.eu\/#website","url":"https:\/\/viacarpatia.eu\/","name":"ViaCarpatia","description":"Sp\u00e1jame historick\u00e9 a kult\u00farno-jazykov\u00e9 trad\u00edcie","alternateName":"ViaCarpatia","potentialAction":[{"@type":"SearchAction","target":{"@type":"EntryPoint","urlTemplate":"https:\/\/viacarpatia.eu\/?s={search_term_string}"},"query-input":{"@type":"PropertyValueSpecification","valueRequired":true,"valueName":"search_term_string"}}],"inLanguage":"hu"},{"@type":"Person","@id":"https:\/\/viacarpatia.eu\/#\/schema\/person\/ad78fca7d58f189d57a6e54af785b1af","name":"promiseo","image":{"@type":"ImageObject","inLanguage":"hu","@id":"https:\/\/secure.gravatar.com\/avatar\/e836a21cdda7d1a602c49880145b7a9b7a76ee1acdc3df5fb44089ead12fd2b1?s=96&d=mm&r=g","url":"https:\/\/secure.gravatar.com\/avatar\/e836a21cdda7d1a602c49880145b7a9b7a76ee1acdc3df5fb44089ead12fd2b1?s=96&d=mm&r=g","contentUrl":"https:\/\/secure.gravatar.com\/avatar\/e836a21cdda7d1a602c49880145b7a9b7a76ee1acdc3df5fb44089ead12fd2b1?s=96&d=mm&r=g","caption":"promiseo"},"sameAs":["https:\/\/viacarpatia.eu"],"url":"https:\/\/viacarpatia.eu\/hu\/author\/promiseo\/"}]}},"_links":{"self":[{"href":"https:\/\/viacarpatia.eu\/hu\/wp-json\/wp\/v2\/posts\/7625","targetHints":{"allow":["GET"]}}],"collection":[{"href":"https:\/\/viacarpatia.eu\/hu\/wp-json\/wp\/v2\/posts"}],"about":[{"href":"https:\/\/viacarpatia.eu\/hu\/wp-json\/wp\/v2\/types\/post"}],"author":[{"embeddable":true,"href":"https:\/\/viacarpatia.eu\/hu\/wp-json\/wp\/v2\/users\/1"}],"replies":[{"embeddable":true,"href":"https:\/\/viacarpatia.eu\/hu\/wp-json\/wp\/v2\/comments?post=7625"}],"version-history":[{"count":1,"href":"https:\/\/viacarpatia.eu\/hu\/wp-json\/wp\/v2\/posts\/7625\/revisions"}],"predecessor-version":[{"id":7626,"href":"https:\/\/viacarpatia.eu\/hu\/wp-json\/wp\/v2\/posts\/7625\/revisions\/7626"}],"wp:featuredmedia":[{"embeddable":true,"href":"https:\/\/viacarpatia.eu\/hu\/wp-json\/wp\/v2\/media\/5181"}],"wp:attachment":[{"href":"https:\/\/viacarpatia.eu\/hu\/wp-json\/wp\/v2\/media?parent=7625"}],"wp:term":[{"taxonomy":"category","embeddable":true,"href":"https:\/\/viacarpatia.eu\/hu\/wp-json\/wp\/v2\/categories?post=7625"},{"taxonomy":"post_tag","embeddable":true,"href":"https:\/\/viacarpatia.eu\/hu\/wp-json\/wp\/v2\/tags?post=7625"}],"curies":[{"name":"wp","href":"https:\/\/api.w.org\/{rel}","templated":true}]}}