{"id":7634,"date":"2023-04-24T15:46:00","date_gmt":"2023-04-24T13:46:00","guid":{"rendered":"https:\/\/viacarpatia.eu\/vyhraj-zelene-prvky-pre-svoju-skolu\/"},"modified":"2023-05-18T14:35:30","modified_gmt":"2023-05-18T12:35:30","slug":"vyhraj-zelene-prvky-pre-svoju-skolu","status":"publish","type":"post","link":"https:\/\/viacarpatia.eu\/hu\/vyhraj-zelene-prvky-pre-svoju-skolu\/","title":{"rendered":"Nyerj k\u00fcl\u00f6nf\u00e9le z\u00f6ld elemeket iskol\u00e1dba!"},"content":{"rendered":"<p>Jelentkez\u00e9si hat\u00e1rid\u0151 csak 2023.02.10-ig.<\/p>\n<p>Tov\u00e1bbi inform\u00e1ci\u00f3 a projektr\u0151l: <a href=\"https:\/\/young4climate.sk\/\">https:\/\/young4climate.sk\/<\/a><\/p>\n<p><img decoding=\"async\" alt=\"\" src=\"https:\/\/viacarpatia.eu\/wp-content\/uploads\/2023\/04\/329653794_710398830728370_6437993440793005321_n.jpg\" style=\"width: 800px; height: 224px;\"><\/p>\n","protected":false},"excerpt":{"rendered":"<p>Jelentkez\u00e9si hat\u00e1rid\u0151 csak 2023.02.10-ig. Tov\u00e1bbi inform\u00e1ci\u00f3 a projektr\u0151l: https:\/\/young4climate.sk\/<\/p>\n","protected":false},"author":1,"featured_media":5207,"comment_status":"closed","ping_status":"open","sticky":false,"template":"","format":"standard","meta":{"inline_featured_image":false,"footnotes":""},"categories":[3],"tags":[],"class_list":["post-7634","post","type-post","status-publish","format-standard","has-post-thumbnail","hentry","category-uncategorized-hu"],"acf":[],"yoast_head":"<!-- This site is optimized with the Yoast SEO plugin v27.5 - https:\/\/yoast.com\/product\/yoast-seo-wordpress\/ -->\n<title>Nyerj k\u00fcl\u00f6nf\u00e9le z\u00f6ld elemeket iskol\u00e1dba! - ViaCarpatia<\/title>\n<meta name=\"robots\" content=\"index, follow, max-snippet:-1, max-image-preview:large, max-video-preview:-1\" \/>\n<link rel=\"canonical\" href=\"https:\/\/viacarpatia.eu\/hu\/vyhraj-zelene-prvky-pre-svoju-skolu\/\" \/>\n<meta property=\"og:locale\" content=\"hu_HU\" \/>\n<meta property=\"og:type\" content=\"article\" \/>\n<meta property=\"og:title\" content=\"Nyerj k\u00fcl\u00f6nf\u00e9le z\u00f6ld elemeket iskol\u00e1dba! - ViaCarpatia\" \/>\n<meta property=\"og:description\" content=\"Jelentkez\u00e9si hat\u00e1rid\u0151 csak 2023.02.10-ig. Tov\u00e1bbi inform\u00e1ci\u00f3 a projektr\u0151l: https:\/\/young4climate.sk\/\" \/>\n<meta property=\"og:url\" content=\"https:\/\/viacarpatia.eu\/hu\/vyhraj-zelene-prvky-pre-svoju-skolu\/\" \/>\n<meta property=\"og:site_name\" content=\"ViaCarpatia\" \/>\n<meta property=\"article:published_time\" content=\"2023-04-24T13:46:00+00:00\" \/>\n<meta property=\"article:modified_time\" content=\"2023-05-18T12:35:30+00:00\" \/>\n<meta property=\"og:image\" content=\"https:\/\/viacarpatia.eu\/wp-content\/uploads\/2023\/04\/329653794_710398830728370_6437993440793005321_n.jpg\" \/>\n\t<meta property=\"og:image:width\" content=\"2500\" \/>\n\t<meta property=\"og:image:height\" content=\"700\" \/>\n\t<meta property=\"og:image:type\" content=\"image\/jpeg\" \/>\n<meta name=\"author\" content=\"promiseo\" \/>\n<meta name=\"twitter:card\" content=\"summary_large_image\" \/>\n<meta name=\"twitter:label1\" content=\"Szerz\u0151:\" \/>\n\t<meta name=\"twitter:data1\" content=\"promiseo\" \/>\n\t<meta name=\"twitter:label2\" content=\"Becs\u00fclt olvas\u00e1si id\u0151\" \/>\n\t<meta name=\"twitter:data2\" content=\"1 perc\" \/>\n<script type=\"application\/ld+json\" class=\"yoast-schema-graph\">{\"@context\":\"https:\\\/\\\/schema.org\",\"@graph\":[{\"@type\":\"Article\",\"@id\":\"https:\\\/\\\/viacarpatia.eu\\\/hu\\\/vyhraj-zelene-prvky-pre-svoju-skolu\\\/#article\",\"isPartOf\":{\"@id\":\"https:\\\/\\\/viacarpatia.eu\\\/hu\\\/vyhraj-zelene-prvky-pre-svoju-skolu\\\/\"},\"author\":{\"name\":\"promiseo\",\"@id\":\"https:\\\/\\\/viacarpatia.eu\\\/#\\\/schema\\\/person\\\/ad78fca7d58f189d57a6e54af785b1af\"},\"headline\":\"Nyerj k\u00fcl\u00f6nf\u00e9le z\u00f6ld elemeket iskol\u00e1dba!\",\"datePublished\":\"2023-04-24T13:46:00+00:00\",\"dateModified\":\"2023-05-18T12:35:30+00:00\",\"mainEntityOfPage\":{\"@id\":\"https:\\\/\\\/viacarpatia.eu\\\/hu\\\/vyhraj-zelene-prvky-pre-svoju-skolu\\\/\"},\"wordCount\":27,\"image\":{\"@id\":\"https:\\\/\\\/viacarpatia.eu\\\/hu\\\/vyhraj-zelene-prvky-pre-svoju-skolu\\\/#primaryimage\"},\"thumbnailUrl\":\"https:\\\/\\\/viacarpatia.eu\\\/wp-content\\\/uploads\\\/2023\\\/04\\\/329653794_710398830728370_6437993440793005321_n.jpg\",\"articleSection\":[\"Uncategorized\"],\"inLanguage\":\"hu\"},{\"@type\":\"WebPage\",\"@id\":\"https:\\\/\\\/viacarpatia.eu\\\/hu\\\/vyhraj-zelene-prvky-pre-svoju-skolu\\\/\",\"url\":\"https:\\\/\\\/viacarpatia.eu\\\/hu\\\/vyhraj-zelene-prvky-pre-svoju-skolu\\\/\",\"name\":\"Nyerj k\u00fcl\u00f6nf\u00e9le z\u00f6ld elemeket iskol\u00e1dba! - ViaCarpatia\",\"isPartOf\":{\"@id\":\"https:\\\/\\\/viacarpatia.eu\\\/#website\"},\"primaryImageOfPage\":{\"@id\":\"https:\\\/\\\/viacarpatia.eu\\\/hu\\\/vyhraj-zelene-prvky-pre-svoju-skolu\\\/#primaryimage\"},\"image\":{\"@id\":\"https:\\\/\\\/viacarpatia.eu\\\/hu\\\/vyhraj-zelene-prvky-pre-svoju-skolu\\\/#primaryimage\"},\"thumbnailUrl\":\"https:\\\/\\\/viacarpatia.eu\\\/wp-content\\\/uploads\\\/2023\\\/04\\\/329653794_710398830728370_6437993440793005321_n.jpg\",\"datePublished\":\"2023-04-24T13:46:00+00:00\",\"dateModified\":\"2023-05-18T12:35:30+00:00\",\"author\":{\"@id\":\"https:\\\/\\\/viacarpatia.eu\\\/#\\\/schema\\\/person\\\/ad78fca7d58f189d57a6e54af785b1af\"},\"breadcrumb\":{\"@id\":\"https:\\\/\\\/viacarpatia.eu\\\/hu\\\/vyhraj-zelene-prvky-pre-svoju-skolu\\\/#breadcrumb\"},\"inLanguage\":\"hu\",\"potentialAction\":[{\"@type\":\"ReadAction\",\"target\":[\"https:\\\/\\\/viacarpatia.eu\\\/hu\\\/vyhraj-zelene-prvky-pre-svoju-skolu\\\/\"]}]},{\"@type\":\"ImageObject\",\"inLanguage\":\"hu\",\"@id\":\"https:\\\/\\\/viacarpatia.eu\\\/hu\\\/vyhraj-zelene-prvky-pre-svoju-skolu\\\/#primaryimage\",\"url\":\"https:\\\/\\\/viacarpatia.eu\\\/wp-content\\\/uploads\\\/2023\\\/04\\\/329653794_710398830728370_6437993440793005321_n.jpg\",\"contentUrl\":\"https:\\\/\\\/viacarpatia.eu\\\/wp-content\\\/uploads\\\/2023\\\/04\\\/329653794_710398830728370_6437993440793005321_n.jpg\",\"width\":2500,\"height\":700},{\"@type\":\"BreadcrumbList\",\"@id\":\"https:\\\/\\\/viacarpatia.eu\\\/hu\\\/vyhraj-zelene-prvky-pre-svoju-skolu\\\/#breadcrumb\",\"itemListElement\":[{\"@type\":\"ListItem\",\"position\":1,\"name\":\"Home\",\"item\":\"https:\\\/\\\/viacarpatia.eu\\\/\"},{\"@type\":\"ListItem\",\"position\":2,\"name\":\"Nyerj k\u00fcl\u00f6nf\u00e9le z\u00f6ld elemeket iskol\u00e1dba!\"}]},{\"@type\":\"WebSite\",\"@id\":\"https:\\\/\\\/viacarpatia.eu\\\/#website\",\"url\":\"https:\\\/\\\/viacarpatia.eu\\\/\",\"name\":\"ViaCarpatia\",\"description\":\"Sp\u00e1jame historick\u00e9 a kult\u00farno-jazykov\u00e9 trad\u00edcie\",\"alternateName\":\"ViaCarpatia\",\"potentialAction\":[{\"@type\":\"SearchAction\",\"target\":{\"@type\":\"EntryPoint\",\"urlTemplate\":\"https:\\\/\\\/viacarpatia.eu\\\/?s={search_term_string}\"},\"query-input\":{\"@type\":\"PropertyValueSpecification\",\"valueRequired\":true,\"valueName\":\"search_term_string\"}}],\"inLanguage\":\"hu\"},{\"@type\":\"Person\",\"@id\":\"https:\\\/\\\/viacarpatia.eu\\\/#\\\/schema\\\/person\\\/ad78fca7d58f189d57a6e54af785b1af\",\"name\":\"promiseo\",\"image\":{\"@type\":\"ImageObject\",\"inLanguage\":\"hu\",\"@id\":\"https:\\\/\\\/secure.gravatar.com\\\/avatar\\\/e836a21cdda7d1a602c49880145b7a9b7a76ee1acdc3df5fb44089ead12fd2b1?s=96&d=mm&r=g\",\"url\":\"https:\\\/\\\/secure.gravatar.com\\\/avatar\\\/e836a21cdda7d1a602c49880145b7a9b7a76ee1acdc3df5fb44089ead12fd2b1?s=96&d=mm&r=g\",\"contentUrl\":\"https:\\\/\\\/secure.gravatar.com\\\/avatar\\\/e836a21cdda7d1a602c49880145b7a9b7a76ee1acdc3df5fb44089ead12fd2b1?s=96&d=mm&r=g\",\"caption\":\"promiseo\"},\"sameAs\":[\"https:\\\/\\\/viacarpatia.eu\"],\"url\":\"https:\\\/\\\/viacarpatia.eu\\\/hu\\\/author\\\/promiseo\\\/\"}]}<\/script>\n<!-- \/ Yoast SEO plugin. -->","yoast_head_json":{"title":"Nyerj k\u00fcl\u00f6nf\u00e9le z\u00f6ld elemeket iskol\u00e1dba! - ViaCarpatia","robots":{"index":"index","follow":"follow","max-snippet":"max-snippet:-1","max-image-preview":"max-image-preview:large","max-video-preview":"max-video-preview:-1"},"canonical":"https:\/\/viacarpatia.eu\/hu\/vyhraj-zelene-prvky-pre-svoju-skolu\/","og_locale":"hu_HU","og_type":"article","og_title":"Nyerj k\u00fcl\u00f6nf\u00e9le z\u00f6ld elemeket iskol\u00e1dba! - ViaCarpatia","og_description":"Jelentkez\u00e9si hat\u00e1rid\u0151 csak 2023.02.10-ig. Tov\u00e1bbi inform\u00e1ci\u00f3 a projektr\u0151l: https:\/\/young4climate.sk\/","og_url":"https:\/\/viacarpatia.eu\/hu\/vyhraj-zelene-prvky-pre-svoju-skolu\/","og_site_name":"ViaCarpatia","article_published_time":"2023-04-24T13:46:00+00:00","article_modified_time":"2023-05-18T12:35:30+00:00","og_image":[{"width":2500,"height":700,"url":"https:\/\/viacarpatia.eu\/wp-content\/uploads\/2023\/04\/329653794_710398830728370_6437993440793005321_n.jpg","type":"image\/jpeg"}],"author":"promiseo","twitter_card":"summary_large_image","twitter_misc":{"Szerz\u0151:":"promiseo","Becs\u00fclt olvas\u00e1si id\u0151":"1 perc"},"schema":{"@context":"https:\/\/schema.org","@graph":[{"@type":"Article","@id":"https:\/\/viacarpatia.eu\/hu\/vyhraj-zelene-prvky-pre-svoju-skolu\/#article","isPartOf":{"@id":"https:\/\/viacarpatia.eu\/hu\/vyhraj-zelene-prvky-pre-svoju-skolu\/"},"author":{"name":"promiseo","@id":"https:\/\/viacarpatia.eu\/#\/schema\/person\/ad78fca7d58f189d57a6e54af785b1af"},"headline":"Nyerj k\u00fcl\u00f6nf\u00e9le z\u00f6ld elemeket iskol\u00e1dba!","datePublished":"2023-04-24T13:46:00+00:00","dateModified":"2023-05-18T12:35:30+00:00","mainEntityOfPage":{"@id":"https:\/\/viacarpatia.eu\/hu\/vyhraj-zelene-prvky-pre-svoju-skolu\/"},"wordCount":27,"image":{"@id":"https:\/\/viacarpatia.eu\/hu\/vyhraj-zelene-prvky-pre-svoju-skolu\/#primaryimage"},"thumbnailUrl":"https:\/\/viacarpatia.eu\/wp-content\/uploads\/2023\/04\/329653794_710398830728370_6437993440793005321_n.jpg","articleSection":["Uncategorized"],"inLanguage":"hu"},{"@type":"WebPage","@id":"https:\/\/viacarpatia.eu\/hu\/vyhraj-zelene-prvky-pre-svoju-skolu\/","url":"https:\/\/viacarpatia.eu\/hu\/vyhraj-zelene-prvky-pre-svoju-skolu\/","name":"Nyerj k\u00fcl\u00f6nf\u00e9le z\u00f6ld elemeket iskol\u00e1dba! - ViaCarpatia","isPartOf":{"@id":"https:\/\/viacarpatia.eu\/#website"},"primaryImageOfPage":{"@id":"https:\/\/viacarpatia.eu\/hu\/vyhraj-zelene-prvky-pre-svoju-skolu\/#primaryimage"},"image":{"@id":"https:\/\/viacarpatia.eu\/hu\/vyhraj-zelene-prvky-pre-svoju-skolu\/#primaryimage"},"thumbnailUrl":"https:\/\/viacarpatia.eu\/wp-content\/uploads\/2023\/04\/329653794_710398830728370_6437993440793005321_n.jpg","datePublished":"2023-04-24T13:46:00+00:00","dateModified":"2023-05-18T12:35:30+00:00","author":{"@id":"https:\/\/viacarpatia.eu\/#\/schema\/person\/ad78fca7d58f189d57a6e54af785b1af"},"breadcrumb":{"@id":"https:\/\/viacarpatia.eu\/hu\/vyhraj-zelene-prvky-pre-svoju-skolu\/#breadcrumb"},"inLanguage":"hu","potentialAction":[{"@type":"ReadAction","target":["https:\/\/viacarpatia.eu\/hu\/vyhraj-zelene-prvky-pre-svoju-skolu\/"]}]},{"@type":"ImageObject","inLanguage":"hu","@id":"https:\/\/viacarpatia.eu\/hu\/vyhraj-zelene-prvky-pre-svoju-skolu\/#primaryimage","url":"https:\/\/viacarpatia.eu\/wp-content\/uploads\/2023\/04\/329653794_710398830728370_6437993440793005321_n.jpg","contentUrl":"https:\/\/viacarpatia.eu\/wp-content\/uploads\/2023\/04\/329653794_710398830728370_6437993440793005321_n.jpg","width":2500,"height":700},{"@type":"BreadcrumbList","@id":"https:\/\/viacarpatia.eu\/hu\/vyhraj-zelene-prvky-pre-svoju-skolu\/#breadcrumb","itemListElement":[{"@type":"ListItem","position":1,"name":"Home","item":"https:\/\/viacarpatia.eu\/"},{"@type":"ListItem","position":2,"name":"Nyerj k\u00fcl\u00f6nf\u00e9le z\u00f6ld elemeket iskol\u00e1dba!"}]},{"@type":"WebSite","@id":"https:\/\/viacarpatia.eu\/#website","url":"https:\/\/viacarpatia.eu\/","name":"ViaCarpatia","description":"Sp\u00e1jame historick\u00e9 a kult\u00farno-jazykov\u00e9 trad\u00edcie","alternateName":"ViaCarpatia","potentialAction":[{"@type":"SearchAction","target":{"@type":"EntryPoint","urlTemplate":"https:\/\/viacarpatia.eu\/?s={search_term_string}"},"query-input":{"@type":"PropertyValueSpecification","valueRequired":true,"valueName":"search_term_string"}}],"inLanguage":"hu"},{"@type":"Person","@id":"https:\/\/viacarpatia.eu\/#\/schema\/person\/ad78fca7d58f189d57a6e54af785b1af","name":"promiseo","image":{"@type":"ImageObject","inLanguage":"hu","@id":"https:\/\/secure.gravatar.com\/avatar\/e836a21cdda7d1a602c49880145b7a9b7a76ee1acdc3df5fb44089ead12fd2b1?s=96&d=mm&r=g","url":"https:\/\/secure.gravatar.com\/avatar\/e836a21cdda7d1a602c49880145b7a9b7a76ee1acdc3df5fb44089ead12fd2b1?s=96&d=mm&r=g","contentUrl":"https:\/\/secure.gravatar.com\/avatar\/e836a21cdda7d1a602c49880145b7a9b7a76ee1acdc3df5fb44089ead12fd2b1?s=96&d=mm&r=g","caption":"promiseo"},"sameAs":["https:\/\/viacarpatia.eu"],"url":"https:\/\/viacarpatia.eu\/hu\/author\/promiseo\/"}]}},"_links":{"self":[{"href":"https:\/\/viacarpatia.eu\/hu\/wp-json\/wp\/v2\/posts\/7634","targetHints":{"allow":["GET"]}}],"collection":[{"href":"https:\/\/viacarpatia.eu\/hu\/wp-json\/wp\/v2\/posts"}],"about":[{"href":"https:\/\/viacarpatia.eu\/hu\/wp-json\/wp\/v2\/types\/post"}],"author":[{"embeddable":true,"href":"https:\/\/viacarpatia.eu\/hu\/wp-json\/wp\/v2\/users\/1"}],"replies":[{"embeddable":true,"href":"https:\/\/viacarpatia.eu\/hu\/wp-json\/wp\/v2\/comments?post=7634"}],"version-history":[{"count":1,"href":"https:\/\/viacarpatia.eu\/hu\/wp-json\/wp\/v2\/posts\/7634\/revisions"}],"predecessor-version":[{"id":7654,"href":"https:\/\/viacarpatia.eu\/hu\/wp-json\/wp\/v2\/posts\/7634\/revisions\/7654"}],"wp:featuredmedia":[{"embeddable":true,"href":"https:\/\/viacarpatia.eu\/hu\/wp-json\/wp\/v2\/media\/5207"}],"wp:attachment":[{"href":"https:\/\/viacarpatia.eu\/hu\/wp-json\/wp\/v2\/media?parent=7634"}],"wp:term":[{"taxonomy":"category","embeddable":true,"href":"https:\/\/viacarpatia.eu\/hu\/wp-json\/wp\/v2\/categories?post=7634"},{"taxonomy":"post_tag","embeddable":true,"href":"https:\/\/viacarpatia.eu\/hu\/wp-json\/wp\/v2\/tags?post=7634"}],"curies":[{"name":"wp","href":"https:\/\/api.w.org\/{rel}","templated":true}]}}