{"id":7638,"date":"2023-04-24T15:49:24","date_gmt":"2023-04-24T13:49:24","guid":{"rendered":"https:\/\/viacarpatia.eu\/predchadzajuce-uspesne-obdobie-je-za-nami-pokracujeme-v-priprave-novych-projektov\/"},"modified":"2023-05-18T14:35:31","modified_gmt":"2023-05-18T12:35:31","slug":"predchadzajuce-uspesne-obdobie-je-za-nami-pokracujeme-v-priprave-novych-projektov","status":"publish","type":"post","link":"https:\/\/viacarpatia.eu\/hu\/predchadzajuce-uspesne-obdobie-je-za-nami-pokracujeme-v-priprave-novych-projektov\/","title":{"rendered":"A kor\u00e1bbi sikeres id\u0151szak m\u00f6g\u00f6tt\u00fcnk van, folytatjuk az \u00fajabb projektek el\u0151k\u00e9sz\u00edt\u00e9s\u00e9t."},"content":{"rendered":"<p>A kor\u00e1bbi sikeres id\u0151szak m\u00f6g\u00f6tt\u00fcnk van, folytatjuk az \u00fajabb projektek el\u0151k\u00e9sz\u00edt\u00e9s\u00e9t. Az elm\u00falt napokban t\u00f6bb tal\u00e1lkoz\u00f3t is szervezt\u00fcnk, ahol sok j\u00f3 \u00f6tlet, gondolat, terv sz\u00fcletett. Szor\u00edtsanak, hogy legal\u00e1bb olyan j\u00f3k legy\u00fcnk, ha nem m\u00e9g jobbak, mint eddig!<\/p>\n","protected":false},"excerpt":{"rendered":"<p>A kor\u00e1bbi sikeres id\u0151szak m\u00f6g\u00f6tt\u00fcnk van, folytatjuk az \u00fajabb projektek el\u0151k\u00e9sz\u00edt\u00e9s\u00e9t. Az elm\u00falt napokban t\u00f6bb tal\u00e1lkoz\u00f3t is szervezt\u00fcnk, ahol sok j\u00f3 \u00f6tlet, gondolat, terv sz\u00fcletett. Szor\u00edtsanak, hogy legal\u00e1bb olyan j\u00f3k legy\u00fcnk, ha nem m\u00e9g jobbak, mint eddig!<\/p>\n","protected":false},"author":1,"featured_media":5213,"comment_status":"closed","ping_status":"open","sticky":false,"template":"","format":"standard","meta":{"inline_featured_image":false,"footnotes":""},"categories":[3],"tags":[],"class_list":["post-7638","post","type-post","status-publish","format-standard","has-post-thumbnail","hentry","category-uncategorized-hu"],"acf":[],"yoast_head":"<!-- This site is optimized with the Yoast SEO plugin v27.5 - https:\/\/yoast.com\/product\/yoast-seo-wordpress\/ -->\n<title>A kor\u00e1bbi sikeres id\u0151szak m\u00f6g\u00f6tt\u00fcnk van, folytatjuk az \u00fajabb projektek el\u0151k\u00e9sz\u00edt\u00e9s\u00e9t. - ViaCarpatia<\/title>\n<meta name=\"robots\" content=\"index, follow, max-snippet:-1, max-image-preview:large, max-video-preview:-1\" \/>\n<link rel=\"canonical\" href=\"https:\/\/viacarpatia.eu\/hu\/predchadzajuce-uspesne-obdobie-je-za-nami-pokracujeme-v-priprave-novych-projektov\/\" \/>\n<meta property=\"og:locale\" content=\"hu_HU\" \/>\n<meta property=\"og:type\" content=\"article\" \/>\n<meta property=\"og:title\" content=\"A kor\u00e1bbi sikeres id\u0151szak m\u00f6g\u00f6tt\u00fcnk van, folytatjuk az \u00fajabb projektek el\u0151k\u00e9sz\u00edt\u00e9s\u00e9t. - ViaCarpatia\" \/>\n<meta property=\"og:description\" content=\"A kor\u00e1bbi sikeres id\u0151szak m\u00f6g\u00f6tt\u00fcnk van, folytatjuk az \u00fajabb projektek el\u0151k\u00e9sz\u00edt\u00e9s\u00e9t. Az elm\u00falt napokban t\u00f6bb tal\u00e1lkoz\u00f3t is szervezt\u00fcnk, ahol sok j\u00f3 \u00f6tlet, gondolat, terv sz\u00fcletett. Szor\u00edtsanak, hogy legal\u00e1bb olyan j\u00f3k legy\u00fcnk, ha nem m\u00e9g jobbak, mint eddig!\" \/>\n<meta property=\"og:url\" content=\"https:\/\/viacarpatia.eu\/hu\/predchadzajuce-uspesne-obdobie-je-za-nami-pokracujeme-v-priprave-novych-projektov\/\" \/>\n<meta property=\"og:site_name\" content=\"ViaCarpatia\" \/>\n<meta property=\"article:published_time\" content=\"2023-04-24T13:49:24+00:00\" \/>\n<meta property=\"article:modified_time\" content=\"2023-05-18T12:35:31+00:00\" \/>\n<meta property=\"og:image\" content=\"https:\/\/viacarpatia.eu\/wp-content\/uploads\/2023\/04\/329132374_755300589266205_8351690357100254975_n.jpg\" \/>\n\t<meta property=\"og:image:width\" content=\"2048\" \/>\n\t<meta property=\"og:image:height\" content=\"1536\" \/>\n\t<meta property=\"og:image:type\" content=\"image\/jpeg\" \/>\n<meta name=\"author\" content=\"promiseo\" \/>\n<meta name=\"twitter:card\" content=\"summary_large_image\" \/>\n<meta name=\"twitter:label1\" content=\"Szerz\u0151:\" \/>\n\t<meta name=\"twitter:data1\" content=\"promiseo\" \/>\n\t<meta name=\"twitter:label2\" content=\"Becs\u00fclt olvas\u00e1si id\u0151\" \/>\n\t<meta name=\"twitter:data2\" content=\"1 perc\" \/>\n<script type=\"application\/ld+json\" class=\"yoast-schema-graph\">{\"@context\":\"https:\\\/\\\/schema.org\",\"@graph\":[{\"@type\":\"Article\",\"@id\":\"https:\\\/\\\/viacarpatia.eu\\\/hu\\\/predchadzajuce-uspesne-obdobie-je-za-nami-pokracujeme-v-priprave-novych-projektov\\\/#article\",\"isPartOf\":{\"@id\":\"https:\\\/\\\/viacarpatia.eu\\\/hu\\\/predchadzajuce-uspesne-obdobie-je-za-nami-pokracujeme-v-priprave-novych-projektov\\\/\"},\"author\":{\"name\":\"promiseo\",\"@id\":\"https:\\\/\\\/viacarpatia.eu\\\/#\\\/schema\\\/person\\\/ad78fca7d58f189d57a6e54af785b1af\"},\"headline\":\"A kor\u00e1bbi sikeres id\u0151szak m\u00f6g\u00f6tt\u00fcnk van, folytatjuk az \u00fajabb projektek el\u0151k\u00e9sz\u00edt\u00e9s\u00e9t.\",\"datePublished\":\"2023-04-24T13:49:24+00:00\",\"dateModified\":\"2023-05-18T12:35:31+00:00\",\"mainEntityOfPage\":{\"@id\":\"https:\\\/\\\/viacarpatia.eu\\\/hu\\\/predchadzajuce-uspesne-obdobie-je-za-nami-pokracujeme-v-priprave-novych-projektov\\\/\"},\"wordCount\":79,\"image\":{\"@id\":\"https:\\\/\\\/viacarpatia.eu\\\/hu\\\/predchadzajuce-uspesne-obdobie-je-za-nami-pokracujeme-v-priprave-novych-projektov\\\/#primaryimage\"},\"thumbnailUrl\":\"https:\\\/\\\/viacarpatia.eu\\\/wp-content\\\/uploads\\\/2023\\\/04\\\/329132374_755300589266205_8351690357100254975_n.jpg\",\"articleSection\":[\"Uncategorized\"],\"inLanguage\":\"hu\"},{\"@type\":\"WebPage\",\"@id\":\"https:\\\/\\\/viacarpatia.eu\\\/hu\\\/predchadzajuce-uspesne-obdobie-je-za-nami-pokracujeme-v-priprave-novych-projektov\\\/\",\"url\":\"https:\\\/\\\/viacarpatia.eu\\\/hu\\\/predchadzajuce-uspesne-obdobie-je-za-nami-pokracujeme-v-priprave-novych-projektov\\\/\",\"name\":\"A kor\u00e1bbi sikeres id\u0151szak m\u00f6g\u00f6tt\u00fcnk van, folytatjuk az \u00fajabb projektek el\u0151k\u00e9sz\u00edt\u00e9s\u00e9t. - ViaCarpatia\",\"isPartOf\":{\"@id\":\"https:\\\/\\\/viacarpatia.eu\\\/#website\"},\"primaryImageOfPage\":{\"@id\":\"https:\\\/\\\/viacarpatia.eu\\\/hu\\\/predchadzajuce-uspesne-obdobie-je-za-nami-pokracujeme-v-priprave-novych-projektov\\\/#primaryimage\"},\"image\":{\"@id\":\"https:\\\/\\\/viacarpatia.eu\\\/hu\\\/predchadzajuce-uspesne-obdobie-je-za-nami-pokracujeme-v-priprave-novych-projektov\\\/#primaryimage\"},\"thumbnailUrl\":\"https:\\\/\\\/viacarpatia.eu\\\/wp-content\\\/uploads\\\/2023\\\/04\\\/329132374_755300589266205_8351690357100254975_n.jpg\",\"datePublished\":\"2023-04-24T13:49:24+00:00\",\"dateModified\":\"2023-05-18T12:35:31+00:00\",\"author\":{\"@id\":\"https:\\\/\\\/viacarpatia.eu\\\/#\\\/schema\\\/person\\\/ad78fca7d58f189d57a6e54af785b1af\"},\"breadcrumb\":{\"@id\":\"https:\\\/\\\/viacarpatia.eu\\\/hu\\\/predchadzajuce-uspesne-obdobie-je-za-nami-pokracujeme-v-priprave-novych-projektov\\\/#breadcrumb\"},\"inLanguage\":\"hu\",\"potentialAction\":[{\"@type\":\"ReadAction\",\"target\":[\"https:\\\/\\\/viacarpatia.eu\\\/hu\\\/predchadzajuce-uspesne-obdobie-je-za-nami-pokracujeme-v-priprave-novych-projektov\\\/\"]}]},{\"@type\":\"ImageObject\",\"inLanguage\":\"hu\",\"@id\":\"https:\\\/\\\/viacarpatia.eu\\\/hu\\\/predchadzajuce-uspesne-obdobie-je-za-nami-pokracujeme-v-priprave-novych-projektov\\\/#primaryimage\",\"url\":\"https:\\\/\\\/viacarpatia.eu\\\/wp-content\\\/uploads\\\/2023\\\/04\\\/329132374_755300589266205_8351690357100254975_n.jpg\",\"contentUrl\":\"https:\\\/\\\/viacarpatia.eu\\\/wp-content\\\/uploads\\\/2023\\\/04\\\/329132374_755300589266205_8351690357100254975_n.jpg\",\"width\":2048,\"height\":1536},{\"@type\":\"BreadcrumbList\",\"@id\":\"https:\\\/\\\/viacarpatia.eu\\\/hu\\\/predchadzajuce-uspesne-obdobie-je-za-nami-pokracujeme-v-priprave-novych-projektov\\\/#breadcrumb\",\"itemListElement\":[{\"@type\":\"ListItem\",\"position\":1,\"name\":\"Home\",\"item\":\"https:\\\/\\\/viacarpatia.eu\\\/\"},{\"@type\":\"ListItem\",\"position\":2,\"name\":\"A kor\u00e1bbi sikeres id\u0151szak m\u00f6g\u00f6tt\u00fcnk van, folytatjuk az \u00fajabb projektek el\u0151k\u00e9sz\u00edt\u00e9s\u00e9t.\"}]},{\"@type\":\"WebSite\",\"@id\":\"https:\\\/\\\/viacarpatia.eu\\\/#website\",\"url\":\"https:\\\/\\\/viacarpatia.eu\\\/\",\"name\":\"ViaCarpatia\",\"description\":\"Sp\u00e1jame historick\u00e9 a kult\u00farno-jazykov\u00e9 trad\u00edcie\",\"alternateName\":\"ViaCarpatia\",\"potentialAction\":[{\"@type\":\"SearchAction\",\"target\":{\"@type\":\"EntryPoint\",\"urlTemplate\":\"https:\\\/\\\/viacarpatia.eu\\\/?s={search_term_string}\"},\"query-input\":{\"@type\":\"PropertyValueSpecification\",\"valueRequired\":true,\"valueName\":\"search_term_string\"}}],\"inLanguage\":\"hu\"},{\"@type\":\"Person\",\"@id\":\"https:\\\/\\\/viacarpatia.eu\\\/#\\\/schema\\\/person\\\/ad78fca7d58f189d57a6e54af785b1af\",\"name\":\"promiseo\",\"image\":{\"@type\":\"ImageObject\",\"inLanguage\":\"hu\",\"@id\":\"https:\\\/\\\/secure.gravatar.com\\\/avatar\\\/e836a21cdda7d1a602c49880145b7a9b7a76ee1acdc3df5fb44089ead12fd2b1?s=96&d=mm&r=g\",\"url\":\"https:\\\/\\\/secure.gravatar.com\\\/avatar\\\/e836a21cdda7d1a602c49880145b7a9b7a76ee1acdc3df5fb44089ead12fd2b1?s=96&d=mm&r=g\",\"contentUrl\":\"https:\\\/\\\/secure.gravatar.com\\\/avatar\\\/e836a21cdda7d1a602c49880145b7a9b7a76ee1acdc3df5fb44089ead12fd2b1?s=96&d=mm&r=g\",\"caption\":\"promiseo\"},\"sameAs\":[\"https:\\\/\\\/viacarpatia.eu\"],\"url\":\"https:\\\/\\\/viacarpatia.eu\\\/hu\\\/author\\\/promiseo\\\/\"}]}<\/script>\n<!-- \/ Yoast SEO plugin. -->","yoast_head_json":{"title":"A kor\u00e1bbi sikeres id\u0151szak m\u00f6g\u00f6tt\u00fcnk van, folytatjuk az \u00fajabb projektek el\u0151k\u00e9sz\u00edt\u00e9s\u00e9t. - ViaCarpatia","robots":{"index":"index","follow":"follow","max-snippet":"max-snippet:-1","max-image-preview":"max-image-preview:large","max-video-preview":"max-video-preview:-1"},"canonical":"https:\/\/viacarpatia.eu\/hu\/predchadzajuce-uspesne-obdobie-je-za-nami-pokracujeme-v-priprave-novych-projektov\/","og_locale":"hu_HU","og_type":"article","og_title":"A kor\u00e1bbi sikeres id\u0151szak m\u00f6g\u00f6tt\u00fcnk van, folytatjuk az \u00fajabb projektek el\u0151k\u00e9sz\u00edt\u00e9s\u00e9t. - ViaCarpatia","og_description":"A kor\u00e1bbi sikeres id\u0151szak m\u00f6g\u00f6tt\u00fcnk van, folytatjuk az \u00fajabb projektek el\u0151k\u00e9sz\u00edt\u00e9s\u00e9t. Az elm\u00falt napokban t\u00f6bb tal\u00e1lkoz\u00f3t is szervezt\u00fcnk, ahol sok j\u00f3 \u00f6tlet, gondolat, terv sz\u00fcletett. Szor\u00edtsanak, hogy legal\u00e1bb olyan j\u00f3k legy\u00fcnk, ha nem m\u00e9g jobbak, mint eddig!","og_url":"https:\/\/viacarpatia.eu\/hu\/predchadzajuce-uspesne-obdobie-je-za-nami-pokracujeme-v-priprave-novych-projektov\/","og_site_name":"ViaCarpatia","article_published_time":"2023-04-24T13:49:24+00:00","article_modified_time":"2023-05-18T12:35:31+00:00","og_image":[{"width":2048,"height":1536,"url":"https:\/\/viacarpatia.eu\/wp-content\/uploads\/2023\/04\/329132374_755300589266205_8351690357100254975_n.jpg","type":"image\/jpeg"}],"author":"promiseo","twitter_card":"summary_large_image","twitter_misc":{"Szerz\u0151:":"promiseo","Becs\u00fclt olvas\u00e1si id\u0151":"1 perc"},"schema":{"@context":"https:\/\/schema.org","@graph":[{"@type":"Article","@id":"https:\/\/viacarpatia.eu\/hu\/predchadzajuce-uspesne-obdobie-je-za-nami-pokracujeme-v-priprave-novych-projektov\/#article","isPartOf":{"@id":"https:\/\/viacarpatia.eu\/hu\/predchadzajuce-uspesne-obdobie-je-za-nami-pokracujeme-v-priprave-novych-projektov\/"},"author":{"name":"promiseo","@id":"https:\/\/viacarpatia.eu\/#\/schema\/person\/ad78fca7d58f189d57a6e54af785b1af"},"headline":"A kor\u00e1bbi sikeres id\u0151szak m\u00f6g\u00f6tt\u00fcnk van, folytatjuk az \u00fajabb projektek el\u0151k\u00e9sz\u00edt\u00e9s\u00e9t.","datePublished":"2023-04-24T13:49:24+00:00","dateModified":"2023-05-18T12:35:31+00:00","mainEntityOfPage":{"@id":"https:\/\/viacarpatia.eu\/hu\/predchadzajuce-uspesne-obdobie-je-za-nami-pokracujeme-v-priprave-novych-projektov\/"},"wordCount":79,"image":{"@id":"https:\/\/viacarpatia.eu\/hu\/predchadzajuce-uspesne-obdobie-je-za-nami-pokracujeme-v-priprave-novych-projektov\/#primaryimage"},"thumbnailUrl":"https:\/\/viacarpatia.eu\/wp-content\/uploads\/2023\/04\/329132374_755300589266205_8351690357100254975_n.jpg","articleSection":["Uncategorized"],"inLanguage":"hu"},{"@type":"WebPage","@id":"https:\/\/viacarpatia.eu\/hu\/predchadzajuce-uspesne-obdobie-je-za-nami-pokracujeme-v-priprave-novych-projektov\/","url":"https:\/\/viacarpatia.eu\/hu\/predchadzajuce-uspesne-obdobie-je-za-nami-pokracujeme-v-priprave-novych-projektov\/","name":"A kor\u00e1bbi sikeres id\u0151szak m\u00f6g\u00f6tt\u00fcnk van, folytatjuk az \u00fajabb projektek el\u0151k\u00e9sz\u00edt\u00e9s\u00e9t. - ViaCarpatia","isPartOf":{"@id":"https:\/\/viacarpatia.eu\/#website"},"primaryImageOfPage":{"@id":"https:\/\/viacarpatia.eu\/hu\/predchadzajuce-uspesne-obdobie-je-za-nami-pokracujeme-v-priprave-novych-projektov\/#primaryimage"},"image":{"@id":"https:\/\/viacarpatia.eu\/hu\/predchadzajuce-uspesne-obdobie-je-za-nami-pokracujeme-v-priprave-novych-projektov\/#primaryimage"},"thumbnailUrl":"https:\/\/viacarpatia.eu\/wp-content\/uploads\/2023\/04\/329132374_755300589266205_8351690357100254975_n.jpg","datePublished":"2023-04-24T13:49:24+00:00","dateModified":"2023-05-18T12:35:31+00:00","author":{"@id":"https:\/\/viacarpatia.eu\/#\/schema\/person\/ad78fca7d58f189d57a6e54af785b1af"},"breadcrumb":{"@id":"https:\/\/viacarpatia.eu\/hu\/predchadzajuce-uspesne-obdobie-je-za-nami-pokracujeme-v-priprave-novych-projektov\/#breadcrumb"},"inLanguage":"hu","potentialAction":[{"@type":"ReadAction","target":["https:\/\/viacarpatia.eu\/hu\/predchadzajuce-uspesne-obdobie-je-za-nami-pokracujeme-v-priprave-novych-projektov\/"]}]},{"@type":"ImageObject","inLanguage":"hu","@id":"https:\/\/viacarpatia.eu\/hu\/predchadzajuce-uspesne-obdobie-je-za-nami-pokracujeme-v-priprave-novych-projektov\/#primaryimage","url":"https:\/\/viacarpatia.eu\/wp-content\/uploads\/2023\/04\/329132374_755300589266205_8351690357100254975_n.jpg","contentUrl":"https:\/\/viacarpatia.eu\/wp-content\/uploads\/2023\/04\/329132374_755300589266205_8351690357100254975_n.jpg","width":2048,"height":1536},{"@type":"BreadcrumbList","@id":"https:\/\/viacarpatia.eu\/hu\/predchadzajuce-uspesne-obdobie-je-za-nami-pokracujeme-v-priprave-novych-projektov\/#breadcrumb","itemListElement":[{"@type":"ListItem","position":1,"name":"Home","item":"https:\/\/viacarpatia.eu\/"},{"@type":"ListItem","position":2,"name":"A kor\u00e1bbi sikeres id\u0151szak m\u00f6g\u00f6tt\u00fcnk van, folytatjuk az \u00fajabb projektek el\u0151k\u00e9sz\u00edt\u00e9s\u00e9t."}]},{"@type":"WebSite","@id":"https:\/\/viacarpatia.eu\/#website","url":"https:\/\/viacarpatia.eu\/","name":"ViaCarpatia","description":"Sp\u00e1jame historick\u00e9 a kult\u00farno-jazykov\u00e9 trad\u00edcie","alternateName":"ViaCarpatia","potentialAction":[{"@type":"SearchAction","target":{"@type":"EntryPoint","urlTemplate":"https:\/\/viacarpatia.eu\/?s={search_term_string}"},"query-input":{"@type":"PropertyValueSpecification","valueRequired":true,"valueName":"search_term_string"}}],"inLanguage":"hu"},{"@type":"Person","@id":"https:\/\/viacarpatia.eu\/#\/schema\/person\/ad78fca7d58f189d57a6e54af785b1af","name":"promiseo","image":{"@type":"ImageObject","inLanguage":"hu","@id":"https:\/\/secure.gravatar.com\/avatar\/e836a21cdda7d1a602c49880145b7a9b7a76ee1acdc3df5fb44089ead12fd2b1?s=96&d=mm&r=g","url":"https:\/\/secure.gravatar.com\/avatar\/e836a21cdda7d1a602c49880145b7a9b7a76ee1acdc3df5fb44089ead12fd2b1?s=96&d=mm&r=g","contentUrl":"https:\/\/secure.gravatar.com\/avatar\/e836a21cdda7d1a602c49880145b7a9b7a76ee1acdc3df5fb44089ead12fd2b1?s=96&d=mm&r=g","caption":"promiseo"},"sameAs":["https:\/\/viacarpatia.eu"],"url":"https:\/\/viacarpatia.eu\/hu\/author\/promiseo\/"}]}},"_links":{"self":[{"href":"https:\/\/viacarpatia.eu\/hu\/wp-json\/wp\/v2\/posts\/7638","targetHints":{"allow":["GET"]}}],"collection":[{"href":"https:\/\/viacarpatia.eu\/hu\/wp-json\/wp\/v2\/posts"}],"about":[{"href":"https:\/\/viacarpatia.eu\/hu\/wp-json\/wp\/v2\/types\/post"}],"author":[{"embeddable":true,"href":"https:\/\/viacarpatia.eu\/hu\/wp-json\/wp\/v2\/users\/1"}],"replies":[{"embeddable":true,"href":"https:\/\/viacarpatia.eu\/hu\/wp-json\/wp\/v2\/comments?post=7638"}],"version-history":[{"count":1,"href":"https:\/\/viacarpatia.eu\/hu\/wp-json\/wp\/v2\/posts\/7638\/revisions"}],"predecessor-version":[{"id":7639,"href":"https:\/\/viacarpatia.eu\/hu\/wp-json\/wp\/v2\/posts\/7638\/revisions\/7639"}],"wp:featuredmedia":[{"embeddable":true,"href":"https:\/\/viacarpatia.eu\/hu\/wp-json\/wp\/v2\/media\/5213"}],"wp:attachment":[{"href":"https:\/\/viacarpatia.eu\/hu\/wp-json\/wp\/v2\/media?parent=7638"}],"wp:term":[{"taxonomy":"category","embeddable":true,"href":"https:\/\/viacarpatia.eu\/hu\/wp-json\/wp\/v2\/categories?post=7638"},{"taxonomy":"post_tag","embeddable":true,"href":"https:\/\/viacarpatia.eu\/hu\/wp-json\/wp\/v2\/tags?post=7638"}],"curies":[{"name":"wp","href":"https:\/\/api.w.org\/{rel}","templated":true}]}}