{"id":7640,"date":"2023-04-24T15:50:19","date_gmt":"2023-04-24T13:50:19","guid":{"rendered":"https:\/\/viacarpatia.eu\/harmonogram-aktivit-v-centre-aktivneho-starnutia-v-marci-2023\/"},"modified":"2023-05-18T14:35:31","modified_gmt":"2023-05-18T12:35:31","slug":"harmonogram-aktivit-v-centre-aktivneho-starnutia-v-marci-2023","status":"publish","type":"post","link":"https:\/\/viacarpatia.eu\/hu\/harmonogram-aktivit-v-centre-aktivneho-starnutia-v-marci-2023\/","title":{"rendered":"Az Akt\u00edv Id\u0151skor K\u00f6zpont m\u00e1rciusi programja"},"content":{"rendered":"<p>Kedves Akt\u00edv Id\u0151skor K\u00f6zpont l\u00e1togat\u00f3i! Kij\u00f6tt az \u00faj M\u00e1rciusi menetrend\u00fcnk. M\u00e1rciust\u00f3l kezdve angol \u00e9s sz\u00e1m\u00edt\u00e1s technikai \u00f3r\u00e1kat nyitunk az \u00fajonnan \u00e9rkez\u0151k sz\u00e1m\u00e1ra, akik eddig nem vettek r\u00e9szt ezeken a tev\u00e9kenys\u00e9geken. K\u00e9rj\u00fck, hogy a kor\u00e1bbiakhoz hasonl\u00f3an maximum 6 tev\u00e9kenys\u00e9gre jelentkezzenek. Minden egyes tev\u00e9kenys\u00e9gre e-mailben vagy telefonon kell jelentkezni. <\/p>\n<p>Amennyiben szem\u00e9lyesen szeretne valamit konzult\u00e1lni, minden nap 8:30-t\u00f3l 10:00-ig tartunk fenntartott konzult\u00e1ci\u00f3s \u00f3r\u00e1kat. K\u00f6sz\u00f6nj\u00fck sz\u00e9pen meg\u00e9rt\u00e9s\u00fcket.<\/p>\n<p><img decoding=\"async\" style=\"width: 849px; height: 600px;\" src=\"https:\/\/viacarpatia.eu\/wp-content\/uploads\/2023\/04\/CAS_Harmonogram_final_12102022-\u2013-marec.png\" alt=\"\" \/><\/p>\n","protected":false},"excerpt":{"rendered":"<p>Kedves Akt\u00edv Id\u0151skor K\u00f6zpont l\u00e1togat\u00f3i! Kij\u00f6tt az \u00faj M\u00e1rciusi menetrend\u00fcnk. M\u00e1rciust\u00f3l kezdve angol \u00e9s sz\u00e1m\u00edt\u00e1s technikai \u00f3r\u00e1kat nyitunk az \u00fajonnan \u00e9rkez\u0151k sz\u00e1m\u00e1ra, akik eddig nem vettek r\u00e9szt ezeken a tev\u00e9kenys\u00e9geken. K\u00e9rj\u00fck, hogy a kor\u00e1bbiakhoz hasonl\u00f3an maximum 6 tev\u00e9kenys\u00e9gre jelentkezzenek. Minden egyes tev\u00e9kenys\u00e9gre e-mailben vagy telefonon kell jelentkezni. Amennyiben szem\u00e9lyesen szeretne valamit konzult\u00e1lni, minden nap 8:30-t\u00f3l [&hellip;]<\/p>\n","protected":false},"author":1,"featured_media":5225,"comment_status":"closed","ping_status":"open","sticky":false,"template":"","format":"standard","meta":{"inline_featured_image":false,"footnotes":""},"categories":[3],"tags":[],"class_list":["post-7640","post","type-post","status-publish","format-standard","has-post-thumbnail","hentry","category-uncategorized-hu"],"acf":[],"yoast_head":"<!-- This site is optimized with the Yoast SEO plugin v27.5 - https:\/\/yoast.com\/product\/yoast-seo-wordpress\/ -->\n<title>Az Akt\u00edv Id\u0151skor K\u00f6zpont m\u00e1rciusi programja - ViaCarpatia<\/title>\n<meta name=\"robots\" content=\"index, follow, max-snippet:-1, max-image-preview:large, max-video-preview:-1\" \/>\n<link rel=\"canonical\" href=\"https:\/\/viacarpatia.eu\/hu\/harmonogram-aktivit-v-centre-aktivneho-starnutia-v-marci-2023\/\" \/>\n<meta property=\"og:locale\" content=\"hu_HU\" \/>\n<meta property=\"og:type\" content=\"article\" \/>\n<meta property=\"og:title\" content=\"Az Akt\u00edv Id\u0151skor K\u00f6zpont m\u00e1rciusi programja - ViaCarpatia\" \/>\n<meta property=\"og:description\" content=\"Kedves Akt\u00edv Id\u0151skor K\u00f6zpont l\u00e1togat\u00f3i! Kij\u00f6tt az \u00faj M\u00e1rciusi menetrend\u00fcnk. M\u00e1rciust\u00f3l kezdve angol \u00e9s sz\u00e1m\u00edt\u00e1s technikai \u00f3r\u00e1kat nyitunk az \u00fajonnan \u00e9rkez\u0151k sz\u00e1m\u00e1ra, akik eddig nem vettek r\u00e9szt ezeken a tev\u00e9kenys\u00e9geken. K\u00e9rj\u00fck, hogy a kor\u00e1bbiakhoz hasonl\u00f3an maximum 6 tev\u00e9kenys\u00e9gre jelentkezzenek. Minden egyes tev\u00e9kenys\u00e9gre e-mailben vagy telefonon kell jelentkezni. Amennyiben szem\u00e9lyesen szeretne valamit konzult\u00e1lni, minden nap 8:30-t\u00f3l [&hellip;]\" \/>\n<meta property=\"og:url\" content=\"https:\/\/viacarpatia.eu\/hu\/harmonogram-aktivit-v-centre-aktivneho-starnutia-v-marci-2023\/\" \/>\n<meta property=\"og:site_name\" content=\"ViaCarpatia\" \/>\n<meta property=\"article:published_time\" content=\"2023-04-24T13:50:19+00:00\" \/>\n<meta property=\"article:modified_time\" content=\"2023-05-18T12:35:31+00:00\" \/>\n<meta property=\"og:image\" content=\"https:\/\/viacarpatia.eu\/wp-content\/uploads\/2023\/04\/CAS_Harmonogram_final_12102022-\u2013-marec.png\" \/>\n\t<meta property=\"og:image:width\" content=\"2000\" \/>\n\t<meta property=\"og:image:height\" content=\"1414\" \/>\n\t<meta property=\"og:image:type\" content=\"image\/png\" \/>\n<meta name=\"author\" content=\"promiseo\" \/>\n<meta name=\"twitter:card\" content=\"summary_large_image\" \/>\n<meta name=\"twitter:label1\" content=\"Szerz\u0151:\" \/>\n\t<meta name=\"twitter:data1\" content=\"promiseo\" \/>\n\t<meta name=\"twitter:label2\" content=\"Becs\u00fclt olvas\u00e1si id\u0151\" \/>\n\t<meta name=\"twitter:data2\" content=\"1 perc\" \/>\n<script type=\"application\/ld+json\" class=\"yoast-schema-graph\">{\"@context\":\"https:\\\/\\\/schema.org\",\"@graph\":[{\"@type\":\"Article\",\"@id\":\"https:\\\/\\\/viacarpatia.eu\\\/hu\\\/harmonogram-aktivit-v-centre-aktivneho-starnutia-v-marci-2023\\\/#article\",\"isPartOf\":{\"@id\":\"https:\\\/\\\/viacarpatia.eu\\\/hu\\\/harmonogram-aktivit-v-centre-aktivneho-starnutia-v-marci-2023\\\/\"},\"author\":{\"name\":\"promiseo\",\"@id\":\"https:\\\/\\\/viacarpatia.eu\\\/#\\\/schema\\\/person\\\/ad78fca7d58f189d57a6e54af785b1af\"},\"headline\":\"Az Akt\u00edv Id\u0151skor K\u00f6zpont m\u00e1rciusi programja\",\"datePublished\":\"2023-04-24T13:50:19+00:00\",\"dateModified\":\"2023-05-18T12:35:31+00:00\",\"mainEntityOfPage\":{\"@id\":\"https:\\\/\\\/viacarpatia.eu\\\/hu\\\/harmonogram-aktivit-v-centre-aktivneho-starnutia-v-marci-2023\\\/\"},\"wordCount\":113,\"image\":{\"@id\":\"https:\\\/\\\/viacarpatia.eu\\\/hu\\\/harmonogram-aktivit-v-centre-aktivneho-starnutia-v-marci-2023\\\/#primaryimage\"},\"thumbnailUrl\":\"https:\\\/\\\/viacarpatia.eu\\\/wp-content\\\/uploads\\\/2023\\\/04\\\/CAS_Harmonogram_final_12102022-\u2013-marec.png\",\"articleSection\":[\"Uncategorized\"],\"inLanguage\":\"hu\"},{\"@type\":\"WebPage\",\"@id\":\"https:\\\/\\\/viacarpatia.eu\\\/hu\\\/harmonogram-aktivit-v-centre-aktivneho-starnutia-v-marci-2023\\\/\",\"url\":\"https:\\\/\\\/viacarpatia.eu\\\/hu\\\/harmonogram-aktivit-v-centre-aktivneho-starnutia-v-marci-2023\\\/\",\"name\":\"Az Akt\u00edv Id\u0151skor K\u00f6zpont m\u00e1rciusi programja - ViaCarpatia\",\"isPartOf\":{\"@id\":\"https:\\\/\\\/viacarpatia.eu\\\/#website\"},\"primaryImageOfPage\":{\"@id\":\"https:\\\/\\\/viacarpatia.eu\\\/hu\\\/harmonogram-aktivit-v-centre-aktivneho-starnutia-v-marci-2023\\\/#primaryimage\"},\"image\":{\"@id\":\"https:\\\/\\\/viacarpatia.eu\\\/hu\\\/harmonogram-aktivit-v-centre-aktivneho-starnutia-v-marci-2023\\\/#primaryimage\"},\"thumbnailUrl\":\"https:\\\/\\\/viacarpatia.eu\\\/wp-content\\\/uploads\\\/2023\\\/04\\\/CAS_Harmonogram_final_12102022-\u2013-marec.png\",\"datePublished\":\"2023-04-24T13:50:19+00:00\",\"dateModified\":\"2023-05-18T12:35:31+00:00\",\"author\":{\"@id\":\"https:\\\/\\\/viacarpatia.eu\\\/#\\\/schema\\\/person\\\/ad78fca7d58f189d57a6e54af785b1af\"},\"breadcrumb\":{\"@id\":\"https:\\\/\\\/viacarpatia.eu\\\/hu\\\/harmonogram-aktivit-v-centre-aktivneho-starnutia-v-marci-2023\\\/#breadcrumb\"},\"inLanguage\":\"hu\",\"potentialAction\":[{\"@type\":\"ReadAction\",\"target\":[\"https:\\\/\\\/viacarpatia.eu\\\/hu\\\/harmonogram-aktivit-v-centre-aktivneho-starnutia-v-marci-2023\\\/\"]}]},{\"@type\":\"ImageObject\",\"inLanguage\":\"hu\",\"@id\":\"https:\\\/\\\/viacarpatia.eu\\\/hu\\\/harmonogram-aktivit-v-centre-aktivneho-starnutia-v-marci-2023\\\/#primaryimage\",\"url\":\"https:\\\/\\\/viacarpatia.eu\\\/wp-content\\\/uploads\\\/2023\\\/04\\\/CAS_Harmonogram_final_12102022-\u2013-marec.png\",\"contentUrl\":\"https:\\\/\\\/viacarpatia.eu\\\/wp-content\\\/uploads\\\/2023\\\/04\\\/CAS_Harmonogram_final_12102022-\u2013-marec.png\",\"width\":2000,\"height\":1414},{\"@type\":\"BreadcrumbList\",\"@id\":\"https:\\\/\\\/viacarpatia.eu\\\/hu\\\/harmonogram-aktivit-v-centre-aktivneho-starnutia-v-marci-2023\\\/#breadcrumb\",\"itemListElement\":[{\"@type\":\"ListItem\",\"position\":1,\"name\":\"Home\",\"item\":\"https:\\\/\\\/viacarpatia.eu\\\/\"},{\"@type\":\"ListItem\",\"position\":2,\"name\":\"Az Akt\u00edv Id\u0151skor K\u00f6zpont m\u00e1rciusi programja\"}]},{\"@type\":\"WebSite\",\"@id\":\"https:\\\/\\\/viacarpatia.eu\\\/#website\",\"url\":\"https:\\\/\\\/viacarpatia.eu\\\/\",\"name\":\"ViaCarpatia\",\"description\":\"Sp\u00e1jame historick\u00e9 a kult\u00farno-jazykov\u00e9 trad\u00edcie\",\"alternateName\":\"ViaCarpatia\",\"potentialAction\":[{\"@type\":\"SearchAction\",\"target\":{\"@type\":\"EntryPoint\",\"urlTemplate\":\"https:\\\/\\\/viacarpatia.eu\\\/?s={search_term_string}\"},\"query-input\":{\"@type\":\"PropertyValueSpecification\",\"valueRequired\":true,\"valueName\":\"search_term_string\"}}],\"inLanguage\":\"hu\"},{\"@type\":\"Person\",\"@id\":\"https:\\\/\\\/viacarpatia.eu\\\/#\\\/schema\\\/person\\\/ad78fca7d58f189d57a6e54af785b1af\",\"name\":\"promiseo\",\"image\":{\"@type\":\"ImageObject\",\"inLanguage\":\"hu\",\"@id\":\"https:\\\/\\\/secure.gravatar.com\\\/avatar\\\/e836a21cdda7d1a602c49880145b7a9b7a76ee1acdc3df5fb44089ead12fd2b1?s=96&d=mm&r=g\",\"url\":\"https:\\\/\\\/secure.gravatar.com\\\/avatar\\\/e836a21cdda7d1a602c49880145b7a9b7a76ee1acdc3df5fb44089ead12fd2b1?s=96&d=mm&r=g\",\"contentUrl\":\"https:\\\/\\\/secure.gravatar.com\\\/avatar\\\/e836a21cdda7d1a602c49880145b7a9b7a76ee1acdc3df5fb44089ead12fd2b1?s=96&d=mm&r=g\",\"caption\":\"promiseo\"},\"sameAs\":[\"https:\\\/\\\/viacarpatia.eu\"],\"url\":\"https:\\\/\\\/viacarpatia.eu\\\/hu\\\/author\\\/promiseo\\\/\"}]}<\/script>\n<!-- \/ Yoast SEO plugin. -->","yoast_head_json":{"title":"Az Akt\u00edv Id\u0151skor K\u00f6zpont m\u00e1rciusi programja - ViaCarpatia","robots":{"index":"index","follow":"follow","max-snippet":"max-snippet:-1","max-image-preview":"max-image-preview:large","max-video-preview":"max-video-preview:-1"},"canonical":"https:\/\/viacarpatia.eu\/hu\/harmonogram-aktivit-v-centre-aktivneho-starnutia-v-marci-2023\/","og_locale":"hu_HU","og_type":"article","og_title":"Az Akt\u00edv Id\u0151skor K\u00f6zpont m\u00e1rciusi programja - ViaCarpatia","og_description":"Kedves Akt\u00edv Id\u0151skor K\u00f6zpont l\u00e1togat\u00f3i! Kij\u00f6tt az \u00faj M\u00e1rciusi menetrend\u00fcnk. M\u00e1rciust\u00f3l kezdve angol \u00e9s sz\u00e1m\u00edt\u00e1s technikai \u00f3r\u00e1kat nyitunk az \u00fajonnan \u00e9rkez\u0151k sz\u00e1m\u00e1ra, akik eddig nem vettek r\u00e9szt ezeken a tev\u00e9kenys\u00e9geken. K\u00e9rj\u00fck, hogy a kor\u00e1bbiakhoz hasonl\u00f3an maximum 6 tev\u00e9kenys\u00e9gre jelentkezzenek. Minden egyes tev\u00e9kenys\u00e9gre e-mailben vagy telefonon kell jelentkezni. Amennyiben szem\u00e9lyesen szeretne valamit konzult\u00e1lni, minden nap 8:30-t\u00f3l [&hellip;]","og_url":"https:\/\/viacarpatia.eu\/hu\/harmonogram-aktivit-v-centre-aktivneho-starnutia-v-marci-2023\/","og_site_name":"ViaCarpatia","article_published_time":"2023-04-24T13:50:19+00:00","article_modified_time":"2023-05-18T12:35:31+00:00","og_image":[{"width":2000,"height":1414,"url":"https:\/\/viacarpatia.eu\/wp-content\/uploads\/2023\/04\/CAS_Harmonogram_final_12102022-\u2013-marec.png","type":"image\/png"}],"author":"promiseo","twitter_card":"summary_large_image","twitter_misc":{"Szerz\u0151:":"promiseo","Becs\u00fclt olvas\u00e1si id\u0151":"1 perc"},"schema":{"@context":"https:\/\/schema.org","@graph":[{"@type":"Article","@id":"https:\/\/viacarpatia.eu\/hu\/harmonogram-aktivit-v-centre-aktivneho-starnutia-v-marci-2023\/#article","isPartOf":{"@id":"https:\/\/viacarpatia.eu\/hu\/harmonogram-aktivit-v-centre-aktivneho-starnutia-v-marci-2023\/"},"author":{"name":"promiseo","@id":"https:\/\/viacarpatia.eu\/#\/schema\/person\/ad78fca7d58f189d57a6e54af785b1af"},"headline":"Az Akt\u00edv Id\u0151skor K\u00f6zpont m\u00e1rciusi programja","datePublished":"2023-04-24T13:50:19+00:00","dateModified":"2023-05-18T12:35:31+00:00","mainEntityOfPage":{"@id":"https:\/\/viacarpatia.eu\/hu\/harmonogram-aktivit-v-centre-aktivneho-starnutia-v-marci-2023\/"},"wordCount":113,"image":{"@id":"https:\/\/viacarpatia.eu\/hu\/harmonogram-aktivit-v-centre-aktivneho-starnutia-v-marci-2023\/#primaryimage"},"thumbnailUrl":"https:\/\/viacarpatia.eu\/wp-content\/uploads\/2023\/04\/CAS_Harmonogram_final_12102022-\u2013-marec.png","articleSection":["Uncategorized"],"inLanguage":"hu"},{"@type":"WebPage","@id":"https:\/\/viacarpatia.eu\/hu\/harmonogram-aktivit-v-centre-aktivneho-starnutia-v-marci-2023\/","url":"https:\/\/viacarpatia.eu\/hu\/harmonogram-aktivit-v-centre-aktivneho-starnutia-v-marci-2023\/","name":"Az Akt\u00edv Id\u0151skor K\u00f6zpont m\u00e1rciusi programja - ViaCarpatia","isPartOf":{"@id":"https:\/\/viacarpatia.eu\/#website"},"primaryImageOfPage":{"@id":"https:\/\/viacarpatia.eu\/hu\/harmonogram-aktivit-v-centre-aktivneho-starnutia-v-marci-2023\/#primaryimage"},"image":{"@id":"https:\/\/viacarpatia.eu\/hu\/harmonogram-aktivit-v-centre-aktivneho-starnutia-v-marci-2023\/#primaryimage"},"thumbnailUrl":"https:\/\/viacarpatia.eu\/wp-content\/uploads\/2023\/04\/CAS_Harmonogram_final_12102022-\u2013-marec.png","datePublished":"2023-04-24T13:50:19+00:00","dateModified":"2023-05-18T12:35:31+00:00","author":{"@id":"https:\/\/viacarpatia.eu\/#\/schema\/person\/ad78fca7d58f189d57a6e54af785b1af"},"breadcrumb":{"@id":"https:\/\/viacarpatia.eu\/hu\/harmonogram-aktivit-v-centre-aktivneho-starnutia-v-marci-2023\/#breadcrumb"},"inLanguage":"hu","potentialAction":[{"@type":"ReadAction","target":["https:\/\/viacarpatia.eu\/hu\/harmonogram-aktivit-v-centre-aktivneho-starnutia-v-marci-2023\/"]}]},{"@type":"ImageObject","inLanguage":"hu","@id":"https:\/\/viacarpatia.eu\/hu\/harmonogram-aktivit-v-centre-aktivneho-starnutia-v-marci-2023\/#primaryimage","url":"https:\/\/viacarpatia.eu\/wp-content\/uploads\/2023\/04\/CAS_Harmonogram_final_12102022-\u2013-marec.png","contentUrl":"https:\/\/viacarpatia.eu\/wp-content\/uploads\/2023\/04\/CAS_Harmonogram_final_12102022-\u2013-marec.png","width":2000,"height":1414},{"@type":"BreadcrumbList","@id":"https:\/\/viacarpatia.eu\/hu\/harmonogram-aktivit-v-centre-aktivneho-starnutia-v-marci-2023\/#breadcrumb","itemListElement":[{"@type":"ListItem","position":1,"name":"Home","item":"https:\/\/viacarpatia.eu\/"},{"@type":"ListItem","position":2,"name":"Az Akt\u00edv Id\u0151skor K\u00f6zpont m\u00e1rciusi programja"}]},{"@type":"WebSite","@id":"https:\/\/viacarpatia.eu\/#website","url":"https:\/\/viacarpatia.eu\/","name":"ViaCarpatia","description":"Sp\u00e1jame historick\u00e9 a kult\u00farno-jazykov\u00e9 trad\u00edcie","alternateName":"ViaCarpatia","potentialAction":[{"@type":"SearchAction","target":{"@type":"EntryPoint","urlTemplate":"https:\/\/viacarpatia.eu\/?s={search_term_string}"},"query-input":{"@type":"PropertyValueSpecification","valueRequired":true,"valueName":"search_term_string"}}],"inLanguage":"hu"},{"@type":"Person","@id":"https:\/\/viacarpatia.eu\/#\/schema\/person\/ad78fca7d58f189d57a6e54af785b1af","name":"promiseo","image":{"@type":"ImageObject","inLanguage":"hu","@id":"https:\/\/secure.gravatar.com\/avatar\/e836a21cdda7d1a602c49880145b7a9b7a76ee1acdc3df5fb44089ead12fd2b1?s=96&d=mm&r=g","url":"https:\/\/secure.gravatar.com\/avatar\/e836a21cdda7d1a602c49880145b7a9b7a76ee1acdc3df5fb44089ead12fd2b1?s=96&d=mm&r=g","contentUrl":"https:\/\/secure.gravatar.com\/avatar\/e836a21cdda7d1a602c49880145b7a9b7a76ee1acdc3df5fb44089ead12fd2b1?s=96&d=mm&r=g","caption":"promiseo"},"sameAs":["https:\/\/viacarpatia.eu"],"url":"https:\/\/viacarpatia.eu\/hu\/author\/promiseo\/"}]}},"_links":{"self":[{"href":"https:\/\/viacarpatia.eu\/hu\/wp-json\/wp\/v2\/posts\/7640","targetHints":{"allow":["GET"]}}],"collection":[{"href":"https:\/\/viacarpatia.eu\/hu\/wp-json\/wp\/v2\/posts"}],"about":[{"href":"https:\/\/viacarpatia.eu\/hu\/wp-json\/wp\/v2\/types\/post"}],"author":[{"embeddable":true,"href":"https:\/\/viacarpatia.eu\/hu\/wp-json\/wp\/v2\/users\/1"}],"replies":[{"embeddable":true,"href":"https:\/\/viacarpatia.eu\/hu\/wp-json\/wp\/v2\/comments?post=7640"}],"version-history":[{"count":1,"href":"https:\/\/viacarpatia.eu\/hu\/wp-json\/wp\/v2\/posts\/7640\/revisions"}],"predecessor-version":[{"id":7641,"href":"https:\/\/viacarpatia.eu\/hu\/wp-json\/wp\/v2\/posts\/7640\/revisions\/7641"}],"wp:featuredmedia":[{"embeddable":true,"href":"https:\/\/viacarpatia.eu\/hu\/wp-json\/wp\/v2\/media\/5225"}],"wp:attachment":[{"href":"https:\/\/viacarpatia.eu\/hu\/wp-json\/wp\/v2\/media?parent=7640"}],"wp:term":[{"taxonomy":"category","embeddable":true,"href":"https:\/\/viacarpatia.eu\/hu\/wp-json\/wp\/v2\/categories?post=7640"},{"taxonomy":"post_tag","embeddable":true,"href":"https:\/\/viacarpatia.eu\/hu\/wp-json\/wp\/v2\/tags?post=7640"}],"curies":[{"name":"wp","href":"https:\/\/api.w.org\/{rel}","templated":true}]}}