{"id":7644,"date":"2023-04-24T15:53:10","date_gmt":"2023-04-24T13:53:10","guid":{"rendered":"https:\/\/viacarpatia.eu\/sutaz-young4climate-sa-zacina\/"},"modified":"2023-05-18T14:35:35","modified_gmt":"2023-05-18T12:35:35","slug":"sutaz-young4climate-sa-zacina","status":"publish","type":"post","link":"https:\/\/viacarpatia.eu\/hu\/sutaz-young4climate-sa-zacina\/","title":{"rendered":"Indul a Young4Climate verseny!"},"content":{"rendered":"<p>Az els\u0151 fordul\u00f3ban 6 iskola kapja meg a z\u00f6ld fejleszt\u00e9sek egyik\u00e9t &#8211; egy z\u00f6ld falat vagy egy es\u0151kertet. Csatlakozzon online j\u00e1t\u00e9kunkhoz, \u00e9s t\u00e1mogassa iskol\u00e1j\u00e1t. A r\u00e9sztvev\u0151 iskol\u00e1k \u00f6sszes szavaz\u00f3 di\u00e1kja lehet\u0151s\u00e9get kap arra is, hogy megm\u00e9rk\u0151zz\u00f6n egy SMART \u00f3r\u00e1\u00e9rt (miut\u00e1n teljes\u00edtette a verseny k\u00f6vetelm\u00e9nyeit).<\/p>\n<p>A j\u00e1t\u00e9k a k\u00f6vetkez\u0151 c\u00edmen \u00e9rhet\u0151 el: <a href=\"https:\/\/young4climate.sk\/\" rel=\"noopener\" target=\"_blank\">https:\/\/young4climate.sk\/<\/a><\/p>\n<p><img decoding=\"async\" alt=\"\" src=\"https:\/\/viacarpatia.eu\/wp-content\/uploads\/2023\/04\/Young4Climate_hra_obrazok.png\" style=\"width: 800px; height: 574px;\"><\/p>\n","protected":false},"excerpt":{"rendered":"<p>Az els\u0151 fordul\u00f3ban 6 iskola kapja meg a z\u00f6ld fejleszt\u00e9sek egyik\u00e9t &#8211; egy z\u00f6ld falat vagy egy es\u0151kertet. Csatlakozzon online j\u00e1t\u00e9kunkhoz, \u00e9s t\u00e1mogassa iskol\u00e1j\u00e1t. A r\u00e9sztvev\u0151 iskol\u00e1k \u00f6sszes szavaz\u00f3 di\u00e1kja lehet\u0151s\u00e9get kap arra is, hogy megm\u00e9rk\u0151zz\u00f6n egy SMART \u00f3r\u00e1\u00e9rt (miut\u00e1n teljes\u00edtette a verseny k\u00f6vetelm\u00e9nyeit). A j\u00e1t\u00e9k a k\u00f6vetkez\u0151 c\u00edmen \u00e9rhet\u0151 el: https:\/\/young4climate.sk\/<\/p>\n","protected":false},"author":1,"featured_media":5229,"comment_status":"closed","ping_status":"open","sticky":false,"template":"","format":"standard","meta":{"inline_featured_image":false,"footnotes":""},"categories":[3],"tags":[],"class_list":["post-7644","post","type-post","status-publish","format-standard","has-post-thumbnail","hentry","category-uncategorized-hu"],"acf":[],"yoast_head":"<!-- This site is optimized with the Yoast SEO plugin v27.5 - https:\/\/yoast.com\/product\/yoast-seo-wordpress\/ -->\n<title>Indul a Young4Climate verseny! - ViaCarpatia<\/title>\n<meta name=\"robots\" content=\"index, follow, max-snippet:-1, max-image-preview:large, max-video-preview:-1\" \/>\n<link rel=\"canonical\" href=\"https:\/\/viacarpatia.eu\/hu\/sutaz-young4climate-sa-zacina\/\" \/>\n<meta property=\"og:locale\" content=\"hu_HU\" \/>\n<meta property=\"og:type\" content=\"article\" \/>\n<meta property=\"og:title\" content=\"Indul a Young4Climate verseny! - ViaCarpatia\" \/>\n<meta property=\"og:description\" content=\"Az els\u0151 fordul\u00f3ban 6 iskola kapja meg a z\u00f6ld fejleszt\u00e9sek egyik\u00e9t &#8211; egy z\u00f6ld falat vagy egy es\u0151kertet. Csatlakozzon online j\u00e1t\u00e9kunkhoz, \u00e9s t\u00e1mogassa iskol\u00e1j\u00e1t. A r\u00e9sztvev\u0151 iskol\u00e1k \u00f6sszes szavaz\u00f3 di\u00e1kja lehet\u0151s\u00e9get kap arra is, hogy megm\u00e9rk\u0151zz\u00f6n egy SMART \u00f3r\u00e1\u00e9rt (miut\u00e1n teljes\u00edtette a verseny k\u00f6vetelm\u00e9nyeit). A j\u00e1t\u00e9k a k\u00f6vetkez\u0151 c\u00edmen \u00e9rhet\u0151 el: https:\/\/young4climate.sk\/\" \/>\n<meta property=\"og:url\" content=\"https:\/\/viacarpatia.eu\/hu\/sutaz-young4climate-sa-zacina\/\" \/>\n<meta property=\"og:site_name\" content=\"ViaCarpatia\" \/>\n<meta property=\"article:published_time\" content=\"2023-04-24T13:53:10+00:00\" \/>\n<meta property=\"article:modified_time\" content=\"2023-05-18T12:35:35+00:00\" \/>\n<meta property=\"og:image\" content=\"https:\/\/viacarpatia.eu\/wp-content\/uploads\/2023\/04\/Young4Climate_hra_obrazok.png\" \/>\n\t<meta property=\"og:image:width\" content=\"1536\" \/>\n\t<meta property=\"og:image:height\" content=\"1102\" \/>\n\t<meta property=\"og:image:type\" content=\"image\/png\" \/>\n<meta name=\"author\" content=\"promiseo\" \/>\n<meta name=\"twitter:card\" content=\"summary_large_image\" \/>\n<meta name=\"twitter:label1\" content=\"Szerz\u0151:\" \/>\n\t<meta name=\"twitter:data1\" content=\"promiseo\" \/>\n<script type=\"application\/ld+json\" class=\"yoast-schema-graph\">{\"@context\":\"https:\\\/\\\/schema.org\",\"@graph\":[{\"@type\":\"Article\",\"@id\":\"https:\\\/\\\/viacarpatia.eu\\\/hu\\\/sutaz-young4climate-sa-zacina\\\/#article\",\"isPartOf\":{\"@id\":\"https:\\\/\\\/viacarpatia.eu\\\/hu\\\/sutaz-young4climate-sa-zacina\\\/\"},\"author\":{\"name\":\"promiseo\",\"@id\":\"https:\\\/\\\/viacarpatia.eu\\\/#\\\/schema\\\/person\\\/ad78fca7d58f189d57a6e54af785b1af\"},\"headline\":\"Indul a Young4Climate verseny!\",\"datePublished\":\"2023-04-24T13:53:10+00:00\",\"dateModified\":\"2023-05-18T12:35:35+00:00\",\"mainEntityOfPage\":{\"@id\":\"https:\\\/\\\/viacarpatia.eu\\\/hu\\\/sutaz-young4climate-sa-zacina\\\/\"},\"wordCount\":87,\"image\":{\"@id\":\"https:\\\/\\\/viacarpatia.eu\\\/hu\\\/sutaz-young4climate-sa-zacina\\\/#primaryimage\"},\"thumbnailUrl\":\"https:\\\/\\\/viacarpatia.eu\\\/wp-content\\\/uploads\\\/2023\\\/04\\\/Young4Climate_hra_obrazok.png\",\"articleSection\":[\"Uncategorized\"],\"inLanguage\":\"hu\"},{\"@type\":\"WebPage\",\"@id\":\"https:\\\/\\\/viacarpatia.eu\\\/hu\\\/sutaz-young4climate-sa-zacina\\\/\",\"url\":\"https:\\\/\\\/viacarpatia.eu\\\/hu\\\/sutaz-young4climate-sa-zacina\\\/\",\"name\":\"Indul a Young4Climate verseny! - ViaCarpatia\",\"isPartOf\":{\"@id\":\"https:\\\/\\\/viacarpatia.eu\\\/#website\"},\"primaryImageOfPage\":{\"@id\":\"https:\\\/\\\/viacarpatia.eu\\\/hu\\\/sutaz-young4climate-sa-zacina\\\/#primaryimage\"},\"image\":{\"@id\":\"https:\\\/\\\/viacarpatia.eu\\\/hu\\\/sutaz-young4climate-sa-zacina\\\/#primaryimage\"},\"thumbnailUrl\":\"https:\\\/\\\/viacarpatia.eu\\\/wp-content\\\/uploads\\\/2023\\\/04\\\/Young4Climate_hra_obrazok.png\",\"datePublished\":\"2023-04-24T13:53:10+00:00\",\"dateModified\":\"2023-05-18T12:35:35+00:00\",\"author\":{\"@id\":\"https:\\\/\\\/viacarpatia.eu\\\/#\\\/schema\\\/person\\\/ad78fca7d58f189d57a6e54af785b1af\"},\"breadcrumb\":{\"@id\":\"https:\\\/\\\/viacarpatia.eu\\\/hu\\\/sutaz-young4climate-sa-zacina\\\/#breadcrumb\"},\"inLanguage\":\"hu\",\"potentialAction\":[{\"@type\":\"ReadAction\",\"target\":[\"https:\\\/\\\/viacarpatia.eu\\\/hu\\\/sutaz-young4climate-sa-zacina\\\/\"]}]},{\"@type\":\"ImageObject\",\"inLanguage\":\"hu\",\"@id\":\"https:\\\/\\\/viacarpatia.eu\\\/hu\\\/sutaz-young4climate-sa-zacina\\\/#primaryimage\",\"url\":\"https:\\\/\\\/viacarpatia.eu\\\/wp-content\\\/uploads\\\/2023\\\/04\\\/Young4Climate_hra_obrazok.png\",\"contentUrl\":\"https:\\\/\\\/viacarpatia.eu\\\/wp-content\\\/uploads\\\/2023\\\/04\\\/Young4Climate_hra_obrazok.png\",\"width\":1536,\"height\":1102},{\"@type\":\"BreadcrumbList\",\"@id\":\"https:\\\/\\\/viacarpatia.eu\\\/hu\\\/sutaz-young4climate-sa-zacina\\\/#breadcrumb\",\"itemListElement\":[{\"@type\":\"ListItem\",\"position\":1,\"name\":\"Home\",\"item\":\"https:\\\/\\\/viacarpatia.eu\\\/\"},{\"@type\":\"ListItem\",\"position\":2,\"name\":\"Indul a Young4Climate verseny!\"}]},{\"@type\":\"WebSite\",\"@id\":\"https:\\\/\\\/viacarpatia.eu\\\/#website\",\"url\":\"https:\\\/\\\/viacarpatia.eu\\\/\",\"name\":\"ViaCarpatia\",\"description\":\"Sp\u00e1jame historick\u00e9 a kult\u00farno-jazykov\u00e9 trad\u00edcie\",\"alternateName\":\"ViaCarpatia\",\"potentialAction\":[{\"@type\":\"SearchAction\",\"target\":{\"@type\":\"EntryPoint\",\"urlTemplate\":\"https:\\\/\\\/viacarpatia.eu\\\/?s={search_term_string}\"},\"query-input\":{\"@type\":\"PropertyValueSpecification\",\"valueRequired\":true,\"valueName\":\"search_term_string\"}}],\"inLanguage\":\"hu\"},{\"@type\":\"Person\",\"@id\":\"https:\\\/\\\/viacarpatia.eu\\\/#\\\/schema\\\/person\\\/ad78fca7d58f189d57a6e54af785b1af\",\"name\":\"promiseo\",\"image\":{\"@type\":\"ImageObject\",\"inLanguage\":\"hu\",\"@id\":\"https:\\\/\\\/secure.gravatar.com\\\/avatar\\\/e836a21cdda7d1a602c49880145b7a9b7a76ee1acdc3df5fb44089ead12fd2b1?s=96&d=mm&r=g\",\"url\":\"https:\\\/\\\/secure.gravatar.com\\\/avatar\\\/e836a21cdda7d1a602c49880145b7a9b7a76ee1acdc3df5fb44089ead12fd2b1?s=96&d=mm&r=g\",\"contentUrl\":\"https:\\\/\\\/secure.gravatar.com\\\/avatar\\\/e836a21cdda7d1a602c49880145b7a9b7a76ee1acdc3df5fb44089ead12fd2b1?s=96&d=mm&r=g\",\"caption\":\"promiseo\"},\"sameAs\":[\"https:\\\/\\\/viacarpatia.eu\"],\"url\":\"https:\\\/\\\/viacarpatia.eu\\\/hu\\\/author\\\/promiseo\\\/\"}]}<\/script>\n<!-- \/ Yoast SEO plugin. -->","yoast_head_json":{"title":"Indul a Young4Climate verseny! - ViaCarpatia","robots":{"index":"index","follow":"follow","max-snippet":"max-snippet:-1","max-image-preview":"max-image-preview:large","max-video-preview":"max-video-preview:-1"},"canonical":"https:\/\/viacarpatia.eu\/hu\/sutaz-young4climate-sa-zacina\/","og_locale":"hu_HU","og_type":"article","og_title":"Indul a Young4Climate verseny! - ViaCarpatia","og_description":"Az els\u0151 fordul\u00f3ban 6 iskola kapja meg a z\u00f6ld fejleszt\u00e9sek egyik\u00e9t &#8211; egy z\u00f6ld falat vagy egy es\u0151kertet. Csatlakozzon online j\u00e1t\u00e9kunkhoz, \u00e9s t\u00e1mogassa iskol\u00e1j\u00e1t. A r\u00e9sztvev\u0151 iskol\u00e1k \u00f6sszes szavaz\u00f3 di\u00e1kja lehet\u0151s\u00e9get kap arra is, hogy megm\u00e9rk\u0151zz\u00f6n egy SMART \u00f3r\u00e1\u00e9rt (miut\u00e1n teljes\u00edtette a verseny k\u00f6vetelm\u00e9nyeit). A j\u00e1t\u00e9k a k\u00f6vetkez\u0151 c\u00edmen \u00e9rhet\u0151 el: https:\/\/young4climate.sk\/","og_url":"https:\/\/viacarpatia.eu\/hu\/sutaz-young4climate-sa-zacina\/","og_site_name":"ViaCarpatia","article_published_time":"2023-04-24T13:53:10+00:00","article_modified_time":"2023-05-18T12:35:35+00:00","og_image":[{"width":1536,"height":1102,"url":"https:\/\/viacarpatia.eu\/wp-content\/uploads\/2023\/04\/Young4Climate_hra_obrazok.png","type":"image\/png"}],"author":"promiseo","twitter_card":"summary_large_image","twitter_misc":{"Szerz\u0151:":"promiseo"},"schema":{"@context":"https:\/\/schema.org","@graph":[{"@type":"Article","@id":"https:\/\/viacarpatia.eu\/hu\/sutaz-young4climate-sa-zacina\/#article","isPartOf":{"@id":"https:\/\/viacarpatia.eu\/hu\/sutaz-young4climate-sa-zacina\/"},"author":{"name":"promiseo","@id":"https:\/\/viacarpatia.eu\/#\/schema\/person\/ad78fca7d58f189d57a6e54af785b1af"},"headline":"Indul a Young4Climate verseny!","datePublished":"2023-04-24T13:53:10+00:00","dateModified":"2023-05-18T12:35:35+00:00","mainEntityOfPage":{"@id":"https:\/\/viacarpatia.eu\/hu\/sutaz-young4climate-sa-zacina\/"},"wordCount":87,"image":{"@id":"https:\/\/viacarpatia.eu\/hu\/sutaz-young4climate-sa-zacina\/#primaryimage"},"thumbnailUrl":"https:\/\/viacarpatia.eu\/wp-content\/uploads\/2023\/04\/Young4Climate_hra_obrazok.png","articleSection":["Uncategorized"],"inLanguage":"hu"},{"@type":"WebPage","@id":"https:\/\/viacarpatia.eu\/hu\/sutaz-young4climate-sa-zacina\/","url":"https:\/\/viacarpatia.eu\/hu\/sutaz-young4climate-sa-zacina\/","name":"Indul a Young4Climate verseny! - ViaCarpatia","isPartOf":{"@id":"https:\/\/viacarpatia.eu\/#website"},"primaryImageOfPage":{"@id":"https:\/\/viacarpatia.eu\/hu\/sutaz-young4climate-sa-zacina\/#primaryimage"},"image":{"@id":"https:\/\/viacarpatia.eu\/hu\/sutaz-young4climate-sa-zacina\/#primaryimage"},"thumbnailUrl":"https:\/\/viacarpatia.eu\/wp-content\/uploads\/2023\/04\/Young4Climate_hra_obrazok.png","datePublished":"2023-04-24T13:53:10+00:00","dateModified":"2023-05-18T12:35:35+00:00","author":{"@id":"https:\/\/viacarpatia.eu\/#\/schema\/person\/ad78fca7d58f189d57a6e54af785b1af"},"breadcrumb":{"@id":"https:\/\/viacarpatia.eu\/hu\/sutaz-young4climate-sa-zacina\/#breadcrumb"},"inLanguage":"hu","potentialAction":[{"@type":"ReadAction","target":["https:\/\/viacarpatia.eu\/hu\/sutaz-young4climate-sa-zacina\/"]}]},{"@type":"ImageObject","inLanguage":"hu","@id":"https:\/\/viacarpatia.eu\/hu\/sutaz-young4climate-sa-zacina\/#primaryimage","url":"https:\/\/viacarpatia.eu\/wp-content\/uploads\/2023\/04\/Young4Climate_hra_obrazok.png","contentUrl":"https:\/\/viacarpatia.eu\/wp-content\/uploads\/2023\/04\/Young4Climate_hra_obrazok.png","width":1536,"height":1102},{"@type":"BreadcrumbList","@id":"https:\/\/viacarpatia.eu\/hu\/sutaz-young4climate-sa-zacina\/#breadcrumb","itemListElement":[{"@type":"ListItem","position":1,"name":"Home","item":"https:\/\/viacarpatia.eu\/"},{"@type":"ListItem","position":2,"name":"Indul a Young4Climate verseny!"}]},{"@type":"WebSite","@id":"https:\/\/viacarpatia.eu\/#website","url":"https:\/\/viacarpatia.eu\/","name":"ViaCarpatia","description":"Sp\u00e1jame historick\u00e9 a kult\u00farno-jazykov\u00e9 trad\u00edcie","alternateName":"ViaCarpatia","potentialAction":[{"@type":"SearchAction","target":{"@type":"EntryPoint","urlTemplate":"https:\/\/viacarpatia.eu\/?s={search_term_string}"},"query-input":{"@type":"PropertyValueSpecification","valueRequired":true,"valueName":"search_term_string"}}],"inLanguage":"hu"},{"@type":"Person","@id":"https:\/\/viacarpatia.eu\/#\/schema\/person\/ad78fca7d58f189d57a6e54af785b1af","name":"promiseo","image":{"@type":"ImageObject","inLanguage":"hu","@id":"https:\/\/secure.gravatar.com\/avatar\/e836a21cdda7d1a602c49880145b7a9b7a76ee1acdc3df5fb44089ead12fd2b1?s=96&d=mm&r=g","url":"https:\/\/secure.gravatar.com\/avatar\/e836a21cdda7d1a602c49880145b7a9b7a76ee1acdc3df5fb44089ead12fd2b1?s=96&d=mm&r=g","contentUrl":"https:\/\/secure.gravatar.com\/avatar\/e836a21cdda7d1a602c49880145b7a9b7a76ee1acdc3df5fb44089ead12fd2b1?s=96&d=mm&r=g","caption":"promiseo"},"sameAs":["https:\/\/viacarpatia.eu"],"url":"https:\/\/viacarpatia.eu\/hu\/author\/promiseo\/"}]}},"_links":{"self":[{"href":"https:\/\/viacarpatia.eu\/hu\/wp-json\/wp\/v2\/posts\/7644","targetHints":{"allow":["GET"]}}],"collection":[{"href":"https:\/\/viacarpatia.eu\/hu\/wp-json\/wp\/v2\/posts"}],"about":[{"href":"https:\/\/viacarpatia.eu\/hu\/wp-json\/wp\/v2\/types\/post"}],"author":[{"embeddable":true,"href":"https:\/\/viacarpatia.eu\/hu\/wp-json\/wp\/v2\/users\/1"}],"replies":[{"embeddable":true,"href":"https:\/\/viacarpatia.eu\/hu\/wp-json\/wp\/v2\/comments?post=7644"}],"version-history":[{"count":1,"href":"https:\/\/viacarpatia.eu\/hu\/wp-json\/wp\/v2\/posts\/7644\/revisions"}],"predecessor-version":[{"id":7655,"href":"https:\/\/viacarpatia.eu\/hu\/wp-json\/wp\/v2\/posts\/7644\/revisions\/7655"}],"wp:featuredmedia":[{"embeddable":true,"href":"https:\/\/viacarpatia.eu\/hu\/wp-json\/wp\/v2\/media\/5229"}],"wp:attachment":[{"href":"https:\/\/viacarpatia.eu\/hu\/wp-json\/wp\/v2\/media?parent=7644"}],"wp:term":[{"taxonomy":"category","embeddable":true,"href":"https:\/\/viacarpatia.eu\/hu\/wp-json\/wp\/v2\/categories?post=7644"},{"taxonomy":"post_tag","embeddable":true,"href":"https:\/\/viacarpatia.eu\/hu\/wp-json\/wp\/v2\/tags?post=7644"}],"curies":[{"name":"wp","href":"https:\/\/api.w.org\/{rel}","templated":true}]}}