{"id":7649,"date":"2023-05-18T10:07:11","date_gmt":"2023-05-18T08:07:11","guid":{"rendered":"https:\/\/viacarpatia.eu\/kick-off-meeting-digicare4ce\/"},"modified":"2023-05-18T12:26:22","modified_gmt":"2023-05-18T10:26:22","slug":"kick-off-meeting-digicare4ce","status":"publish","type":"post","link":"https:\/\/viacarpatia.eu\/hu\/kick-off-meeting-digicare4ce\/","title":{"rendered":"Kick Off meeting DigiCare4CE"},"content":{"rendered":"<p>DigiCare4CE projekt<br \/>\nProjektcsoportunk r\u00e9szt vett a n\u00e9metorsz\u00e1gi Bad K\u00f6tztingben tartott nyit\u00f3 tal\u00e1lkoz\u00f3n. A projekt keret\u00e9ben egy nagyon \u00e9rdekes konzorcium j\u00f6tt l\u00e9tre Szlov\u00e1ki\u00e1b\u00f3l, N\u00e9metorsz\u00e1gb\u00f3l, Ausztri\u00e1b\u00f3l, Olaszorsz\u00e1gb\u00f3l, Csehorsz\u00e1gb\u00f3l, Szlov\u00e9ni\u00e1b\u00f3l \u00e9s Lengyelorsz\u00e1gb\u00f3l.<\/p>\n<p>Az els\u0151 nyit\u00f3 tal\u00e1lkoz\u00f3n szem\u00e9lyesen megismerkedt\u00fcnk a partnerekkel, \u00e9s megbesz\u00e9lt\u00fck a projekt els\u0151 feladatait.<\/p>\n<p>V\u00e1rjuk a k\u00f6z\u00f6s munk\u00e1t!<\/p>\n","protected":false},"excerpt":{"rendered":"<p>DigiCare4CE projekt Projektcsoportunk r\u00e9szt vett a n\u00e9metorsz\u00e1gi Bad K\u00f6tztingben tartott nyit\u00f3 tal\u00e1lkoz\u00f3n. A projekt keret\u00e9ben egy nagyon \u00e9rdekes konzorcium j\u00f6tt l\u00e9tre Szlov\u00e1ki\u00e1b\u00f3l, N\u00e9metorsz\u00e1gb\u00f3l, Ausztri\u00e1b\u00f3l, Olaszorsz\u00e1gb\u00f3l, Csehorsz\u00e1gb\u00f3l, Szlov\u00e9ni\u00e1b\u00f3l \u00e9s Lengyelorsz\u00e1gb\u00f3l. Az els\u0151 nyit\u00f3 tal\u00e1lkoz\u00f3n szem\u00e9lyesen megismerkedt\u00fcnk a partnerekkel, \u00e9s megbesz\u00e9lt\u00fck a projekt els\u0151 feladatait. V\u00e1rjuk a k\u00f6z\u00f6s munk\u00e1t!<\/p>\n","protected":false},"author":1,"featured_media":7382,"comment_status":"closed","ping_status":"open","sticky":false,"template":"","format":"standard","meta":{"inline_featured_image":false,"footnotes":""},"categories":[3],"tags":[],"class_list":["post-7649","post","type-post","status-publish","format-standard","has-post-thumbnail","hentry","category-uncategorized-hu"],"acf":[],"yoast_head":"<!-- This site is optimized with the Yoast SEO plugin v27.5 - https:\/\/yoast.com\/product\/yoast-seo-wordpress\/ -->\n<title>Kick Off meeting DigiCare4CE - ViaCarpatia<\/title>\n<meta name=\"robots\" content=\"index, follow, max-snippet:-1, max-image-preview:large, max-video-preview:-1\" \/>\n<link rel=\"canonical\" href=\"https:\/\/viacarpatia.eu\/hu\/kick-off-meeting-digicare4ce\/\" \/>\n<meta property=\"og:locale\" content=\"hu_HU\" \/>\n<meta property=\"og:type\" content=\"article\" \/>\n<meta property=\"og:title\" content=\"Kick Off meeting DigiCare4CE - ViaCarpatia\" \/>\n<meta property=\"og:description\" content=\"DigiCare4CE projekt Projektcsoportunk r\u00e9szt vett a n\u00e9metorsz\u00e1gi Bad K\u00f6tztingben tartott nyit\u00f3 tal\u00e1lkoz\u00f3n. A projekt keret\u00e9ben egy nagyon \u00e9rdekes konzorcium j\u00f6tt l\u00e9tre Szlov\u00e1ki\u00e1b\u00f3l, N\u00e9metorsz\u00e1gb\u00f3l, Ausztri\u00e1b\u00f3l, Olaszorsz\u00e1gb\u00f3l, Csehorsz\u00e1gb\u00f3l, Szlov\u00e9ni\u00e1b\u00f3l \u00e9s Lengyelorsz\u00e1gb\u00f3l. Az els\u0151 nyit\u00f3 tal\u00e1lkoz\u00f3n szem\u00e9lyesen megismerkedt\u00fcnk a partnerekkel, \u00e9s megbesz\u00e9lt\u00fck a projekt els\u0151 feladatait. V\u00e1rjuk a k\u00f6z\u00f6s munk\u00e1t!\" \/>\n<meta property=\"og:url\" content=\"https:\/\/viacarpatia.eu\/hu\/kick-off-meeting-digicare4ce\/\" \/>\n<meta property=\"og:site_name\" content=\"ViaCarpatia\" \/>\n<meta property=\"article:published_time\" content=\"2023-05-18T08:07:11+00:00\" \/>\n<meta property=\"article:modified_time\" content=\"2023-05-18T10:26:22+00:00\" \/>\n<meta property=\"og:image\" content=\"https:\/\/viacarpatia.eu\/wp-content\/uploads\/2023\/05\/DigiCare4CE_team_1_copyright1.jpg\" \/>\n\t<meta property=\"og:image:width\" content=\"1600\" \/>\n\t<meta property=\"og:image:height\" content=\"1067\" \/>\n\t<meta property=\"og:image:type\" content=\"image\/jpeg\" \/>\n<meta name=\"author\" content=\"promiseo\" \/>\n<meta name=\"twitter:card\" content=\"summary_large_image\" \/>\n<meta name=\"twitter:label1\" content=\"Szerz\u0151:\" \/>\n\t<meta name=\"twitter:data1\" content=\"promiseo\" \/>\n\t<meta name=\"twitter:label2\" content=\"Becs\u00fclt olvas\u00e1si id\u0151\" \/>\n\t<meta name=\"twitter:data2\" content=\"1 perc\" \/>\n<script type=\"application\/ld+json\" class=\"yoast-schema-graph\">{\"@context\":\"https:\\\/\\\/schema.org\",\"@graph\":[{\"@type\":\"Article\",\"@id\":\"https:\\\/\\\/viacarpatia.eu\\\/hu\\\/kick-off-meeting-digicare4ce\\\/#article\",\"isPartOf\":{\"@id\":\"https:\\\/\\\/viacarpatia.eu\\\/hu\\\/kick-off-meeting-digicare4ce\\\/\"},\"author\":{\"name\":\"promiseo\",\"@id\":\"https:\\\/\\\/viacarpatia.eu\\\/#\\\/schema\\\/person\\\/ad78fca7d58f189d57a6e54af785b1af\"},\"headline\":\"Kick Off meeting DigiCare4CE\",\"datePublished\":\"2023-05-18T08:07:11+00:00\",\"dateModified\":\"2023-05-18T10:26:22+00:00\",\"mainEntityOfPage\":{\"@id\":\"https:\\\/\\\/viacarpatia.eu\\\/hu\\\/kick-off-meeting-digicare4ce\\\/\"},\"wordCount\":89,\"image\":{\"@id\":\"https:\\\/\\\/viacarpatia.eu\\\/hu\\\/kick-off-meeting-digicare4ce\\\/#primaryimage\"},\"thumbnailUrl\":\"https:\\\/\\\/viacarpatia.eu\\\/wp-content\\\/uploads\\\/2023\\\/05\\\/DigiCare4CE_team_1_copyright1.jpg\",\"articleSection\":[\"Uncategorized\"],\"inLanguage\":\"hu\"},{\"@type\":\"WebPage\",\"@id\":\"https:\\\/\\\/viacarpatia.eu\\\/hu\\\/kick-off-meeting-digicare4ce\\\/\",\"url\":\"https:\\\/\\\/viacarpatia.eu\\\/hu\\\/kick-off-meeting-digicare4ce\\\/\",\"name\":\"Kick Off meeting DigiCare4CE - ViaCarpatia\",\"isPartOf\":{\"@id\":\"https:\\\/\\\/viacarpatia.eu\\\/#website\"},\"primaryImageOfPage\":{\"@id\":\"https:\\\/\\\/viacarpatia.eu\\\/hu\\\/kick-off-meeting-digicare4ce\\\/#primaryimage\"},\"image\":{\"@id\":\"https:\\\/\\\/viacarpatia.eu\\\/hu\\\/kick-off-meeting-digicare4ce\\\/#primaryimage\"},\"thumbnailUrl\":\"https:\\\/\\\/viacarpatia.eu\\\/wp-content\\\/uploads\\\/2023\\\/05\\\/DigiCare4CE_team_1_copyright1.jpg\",\"datePublished\":\"2023-05-18T08:07:11+00:00\",\"dateModified\":\"2023-05-18T10:26:22+00:00\",\"author\":{\"@id\":\"https:\\\/\\\/viacarpatia.eu\\\/#\\\/schema\\\/person\\\/ad78fca7d58f189d57a6e54af785b1af\"},\"breadcrumb\":{\"@id\":\"https:\\\/\\\/viacarpatia.eu\\\/hu\\\/kick-off-meeting-digicare4ce\\\/#breadcrumb\"},\"inLanguage\":\"hu\",\"potentialAction\":[{\"@type\":\"ReadAction\",\"target\":[\"https:\\\/\\\/viacarpatia.eu\\\/hu\\\/kick-off-meeting-digicare4ce\\\/\"]}]},{\"@type\":\"ImageObject\",\"inLanguage\":\"hu\",\"@id\":\"https:\\\/\\\/viacarpatia.eu\\\/hu\\\/kick-off-meeting-digicare4ce\\\/#primaryimage\",\"url\":\"https:\\\/\\\/viacarpatia.eu\\\/wp-content\\\/uploads\\\/2023\\\/05\\\/DigiCare4CE_team_1_copyright1.jpg\",\"contentUrl\":\"https:\\\/\\\/viacarpatia.eu\\\/wp-content\\\/uploads\\\/2023\\\/05\\\/DigiCare4CE_team_1_copyright1.jpg\",\"width\":1600,\"height\":1067},{\"@type\":\"BreadcrumbList\",\"@id\":\"https:\\\/\\\/viacarpatia.eu\\\/hu\\\/kick-off-meeting-digicare4ce\\\/#breadcrumb\",\"itemListElement\":[{\"@type\":\"ListItem\",\"position\":1,\"name\":\"Home\",\"item\":\"https:\\\/\\\/viacarpatia.eu\\\/\"},{\"@type\":\"ListItem\",\"position\":2,\"name\":\"Kick Off meeting DigiCare4CE\"}]},{\"@type\":\"WebSite\",\"@id\":\"https:\\\/\\\/viacarpatia.eu\\\/#website\",\"url\":\"https:\\\/\\\/viacarpatia.eu\\\/\",\"name\":\"ViaCarpatia\",\"description\":\"Sp\u00e1jame historick\u00e9 a kult\u00farno-jazykov\u00e9 trad\u00edcie\",\"alternateName\":\"ViaCarpatia\",\"potentialAction\":[{\"@type\":\"SearchAction\",\"target\":{\"@type\":\"EntryPoint\",\"urlTemplate\":\"https:\\\/\\\/viacarpatia.eu\\\/?s={search_term_string}\"},\"query-input\":{\"@type\":\"PropertyValueSpecification\",\"valueRequired\":true,\"valueName\":\"search_term_string\"}}],\"inLanguage\":\"hu\"},{\"@type\":\"Person\",\"@id\":\"https:\\\/\\\/viacarpatia.eu\\\/#\\\/schema\\\/person\\\/ad78fca7d58f189d57a6e54af785b1af\",\"name\":\"promiseo\",\"image\":{\"@type\":\"ImageObject\",\"inLanguage\":\"hu\",\"@id\":\"https:\\\/\\\/secure.gravatar.com\\\/avatar\\\/e836a21cdda7d1a602c49880145b7a9b7a76ee1acdc3df5fb44089ead12fd2b1?s=96&d=mm&r=g\",\"url\":\"https:\\\/\\\/secure.gravatar.com\\\/avatar\\\/e836a21cdda7d1a602c49880145b7a9b7a76ee1acdc3df5fb44089ead12fd2b1?s=96&d=mm&r=g\",\"contentUrl\":\"https:\\\/\\\/secure.gravatar.com\\\/avatar\\\/e836a21cdda7d1a602c49880145b7a9b7a76ee1acdc3df5fb44089ead12fd2b1?s=96&d=mm&r=g\",\"caption\":\"promiseo\"},\"sameAs\":[\"https:\\\/\\\/viacarpatia.eu\"],\"url\":\"https:\\\/\\\/viacarpatia.eu\\\/hu\\\/author\\\/promiseo\\\/\"}]}<\/script>\n<!-- \/ Yoast SEO plugin. -->","yoast_head_json":{"title":"Kick Off meeting DigiCare4CE - ViaCarpatia","robots":{"index":"index","follow":"follow","max-snippet":"max-snippet:-1","max-image-preview":"max-image-preview:large","max-video-preview":"max-video-preview:-1"},"canonical":"https:\/\/viacarpatia.eu\/hu\/kick-off-meeting-digicare4ce\/","og_locale":"hu_HU","og_type":"article","og_title":"Kick Off meeting DigiCare4CE - ViaCarpatia","og_description":"DigiCare4CE projekt Projektcsoportunk r\u00e9szt vett a n\u00e9metorsz\u00e1gi Bad K\u00f6tztingben tartott nyit\u00f3 tal\u00e1lkoz\u00f3n. A projekt keret\u00e9ben egy nagyon \u00e9rdekes konzorcium j\u00f6tt l\u00e9tre Szlov\u00e1ki\u00e1b\u00f3l, N\u00e9metorsz\u00e1gb\u00f3l, Ausztri\u00e1b\u00f3l, Olaszorsz\u00e1gb\u00f3l, Csehorsz\u00e1gb\u00f3l, Szlov\u00e9ni\u00e1b\u00f3l \u00e9s Lengyelorsz\u00e1gb\u00f3l. Az els\u0151 nyit\u00f3 tal\u00e1lkoz\u00f3n szem\u00e9lyesen megismerkedt\u00fcnk a partnerekkel, \u00e9s megbesz\u00e9lt\u00fck a projekt els\u0151 feladatait. V\u00e1rjuk a k\u00f6z\u00f6s munk\u00e1t!","og_url":"https:\/\/viacarpatia.eu\/hu\/kick-off-meeting-digicare4ce\/","og_site_name":"ViaCarpatia","article_published_time":"2023-05-18T08:07:11+00:00","article_modified_time":"2023-05-18T10:26:22+00:00","og_image":[{"width":1600,"height":1067,"url":"https:\/\/viacarpatia.eu\/wp-content\/uploads\/2023\/05\/DigiCare4CE_team_1_copyright1.jpg","type":"image\/jpeg"}],"author":"promiseo","twitter_card":"summary_large_image","twitter_misc":{"Szerz\u0151:":"promiseo","Becs\u00fclt olvas\u00e1si id\u0151":"1 perc"},"schema":{"@context":"https:\/\/schema.org","@graph":[{"@type":"Article","@id":"https:\/\/viacarpatia.eu\/hu\/kick-off-meeting-digicare4ce\/#article","isPartOf":{"@id":"https:\/\/viacarpatia.eu\/hu\/kick-off-meeting-digicare4ce\/"},"author":{"name":"promiseo","@id":"https:\/\/viacarpatia.eu\/#\/schema\/person\/ad78fca7d58f189d57a6e54af785b1af"},"headline":"Kick Off meeting DigiCare4CE","datePublished":"2023-05-18T08:07:11+00:00","dateModified":"2023-05-18T10:26:22+00:00","mainEntityOfPage":{"@id":"https:\/\/viacarpatia.eu\/hu\/kick-off-meeting-digicare4ce\/"},"wordCount":89,"image":{"@id":"https:\/\/viacarpatia.eu\/hu\/kick-off-meeting-digicare4ce\/#primaryimage"},"thumbnailUrl":"https:\/\/viacarpatia.eu\/wp-content\/uploads\/2023\/05\/DigiCare4CE_team_1_copyright1.jpg","articleSection":["Uncategorized"],"inLanguage":"hu"},{"@type":"WebPage","@id":"https:\/\/viacarpatia.eu\/hu\/kick-off-meeting-digicare4ce\/","url":"https:\/\/viacarpatia.eu\/hu\/kick-off-meeting-digicare4ce\/","name":"Kick Off meeting DigiCare4CE - ViaCarpatia","isPartOf":{"@id":"https:\/\/viacarpatia.eu\/#website"},"primaryImageOfPage":{"@id":"https:\/\/viacarpatia.eu\/hu\/kick-off-meeting-digicare4ce\/#primaryimage"},"image":{"@id":"https:\/\/viacarpatia.eu\/hu\/kick-off-meeting-digicare4ce\/#primaryimage"},"thumbnailUrl":"https:\/\/viacarpatia.eu\/wp-content\/uploads\/2023\/05\/DigiCare4CE_team_1_copyright1.jpg","datePublished":"2023-05-18T08:07:11+00:00","dateModified":"2023-05-18T10:26:22+00:00","author":{"@id":"https:\/\/viacarpatia.eu\/#\/schema\/person\/ad78fca7d58f189d57a6e54af785b1af"},"breadcrumb":{"@id":"https:\/\/viacarpatia.eu\/hu\/kick-off-meeting-digicare4ce\/#breadcrumb"},"inLanguage":"hu","potentialAction":[{"@type":"ReadAction","target":["https:\/\/viacarpatia.eu\/hu\/kick-off-meeting-digicare4ce\/"]}]},{"@type":"ImageObject","inLanguage":"hu","@id":"https:\/\/viacarpatia.eu\/hu\/kick-off-meeting-digicare4ce\/#primaryimage","url":"https:\/\/viacarpatia.eu\/wp-content\/uploads\/2023\/05\/DigiCare4CE_team_1_copyright1.jpg","contentUrl":"https:\/\/viacarpatia.eu\/wp-content\/uploads\/2023\/05\/DigiCare4CE_team_1_copyright1.jpg","width":1600,"height":1067},{"@type":"BreadcrumbList","@id":"https:\/\/viacarpatia.eu\/hu\/kick-off-meeting-digicare4ce\/#breadcrumb","itemListElement":[{"@type":"ListItem","position":1,"name":"Home","item":"https:\/\/viacarpatia.eu\/"},{"@type":"ListItem","position":2,"name":"Kick Off meeting DigiCare4CE"}]},{"@type":"WebSite","@id":"https:\/\/viacarpatia.eu\/#website","url":"https:\/\/viacarpatia.eu\/","name":"ViaCarpatia","description":"Sp\u00e1jame historick\u00e9 a kult\u00farno-jazykov\u00e9 trad\u00edcie","alternateName":"ViaCarpatia","potentialAction":[{"@type":"SearchAction","target":{"@type":"EntryPoint","urlTemplate":"https:\/\/viacarpatia.eu\/?s={search_term_string}"},"query-input":{"@type":"PropertyValueSpecification","valueRequired":true,"valueName":"search_term_string"}}],"inLanguage":"hu"},{"@type":"Person","@id":"https:\/\/viacarpatia.eu\/#\/schema\/person\/ad78fca7d58f189d57a6e54af785b1af","name":"promiseo","image":{"@type":"ImageObject","inLanguage":"hu","@id":"https:\/\/secure.gravatar.com\/avatar\/e836a21cdda7d1a602c49880145b7a9b7a76ee1acdc3df5fb44089ead12fd2b1?s=96&d=mm&r=g","url":"https:\/\/secure.gravatar.com\/avatar\/e836a21cdda7d1a602c49880145b7a9b7a76ee1acdc3df5fb44089ead12fd2b1?s=96&d=mm&r=g","contentUrl":"https:\/\/secure.gravatar.com\/avatar\/e836a21cdda7d1a602c49880145b7a9b7a76ee1acdc3df5fb44089ead12fd2b1?s=96&d=mm&r=g","caption":"promiseo"},"sameAs":["https:\/\/viacarpatia.eu"],"url":"https:\/\/viacarpatia.eu\/hu\/author\/promiseo\/"}]}},"_links":{"self":[{"href":"https:\/\/viacarpatia.eu\/hu\/wp-json\/wp\/v2\/posts\/7649","targetHints":{"allow":["GET"]}}],"collection":[{"href":"https:\/\/viacarpatia.eu\/hu\/wp-json\/wp\/v2\/posts"}],"about":[{"href":"https:\/\/viacarpatia.eu\/hu\/wp-json\/wp\/v2\/types\/post"}],"author":[{"embeddable":true,"href":"https:\/\/viacarpatia.eu\/hu\/wp-json\/wp\/v2\/users\/1"}],"replies":[{"embeddable":true,"href":"https:\/\/viacarpatia.eu\/hu\/wp-json\/wp\/v2\/comments?post=7649"}],"version-history":[{"count":1,"href":"https:\/\/viacarpatia.eu\/hu\/wp-json\/wp\/v2\/posts\/7649\/revisions"}],"predecessor-version":[{"id":7650,"href":"https:\/\/viacarpatia.eu\/hu\/wp-json\/wp\/v2\/posts\/7649\/revisions\/7650"}],"wp:featuredmedia":[{"embeddable":true,"href":"https:\/\/viacarpatia.eu\/hu\/wp-json\/wp\/v2\/media\/7382"}],"wp:attachment":[{"href":"https:\/\/viacarpatia.eu\/hu\/wp-json\/wp\/v2\/media?parent=7649"}],"wp:term":[{"taxonomy":"category","embeddable":true,"href":"https:\/\/viacarpatia.eu\/hu\/wp-json\/wp\/v2\/categories?post=7649"},{"taxonomy":"post_tag","embeddable":true,"href":"https:\/\/viacarpatia.eu\/hu\/wp-json\/wp\/v2\/tags?post=7649"}],"curies":[{"name":"wp","href":"https:\/\/api.w.org\/{rel}","templated":true}]}}