{"id":7900,"date":"2023-10-17T16:52:48","date_gmt":"2023-10-17T14:52:48","guid":{"rendered":"https:\/\/viacarpatia.eu\/?p=7900"},"modified":"2023-10-17T17:44:11","modified_gmt":"2023-10-17T15:44:11","slug":"info-napok","status":"publish","type":"post","link":"https:\/\/viacarpatia.eu\/hu\/info-napok\/","title":{"rendered":"INFO NAPOK a Kisprojekt Alap \u00faj felh\u00edv\u00e1s\u00e1hoz az Interreg VI-A HUSK Programon bel\u00fcl"},"content":{"rendered":"<p>A Kisprojekt Alap p\u00e1ly\u00e1zati felh\u00edv\u00e1s\u00e1n bel\u00fcl \u00e9rtes\u00edteni szeretn\u00e9nk a kedves p\u00e1ly\u00e1z\u00f3kat, hogy sz\u00fcks\u00e9g eset\u00e9n INFO NAPOKON val\u00f3 r\u00e9szv\u00e9telre is lehet\u0151s\u00e9g\u00fck ny\u00edlik. Az INFO NAPOK szem\u00e9lyesen vagy online form\u00e1ban lesznek megtartva.<br \/>\nAz INFO NAPOKRA (szem\u00e9lyesen \u00e9s online form\u00e1ban is)<a href=\"https:\/\/forms.gle\/psmwbBnDZgwPLcz49\"> itt kell regisztr\u00e1lni.<\/a><\/p>\n<ul>\n<li>\u00a0SZEM\u00c9LYESEN: regisztr\u00e1ci\u00f3ja alapj\u00e1n pontos t\u00e1j\u00e9koztat\u00e1st kap<\/li>\n<li>\u00a0ONLINE: regisztr\u00e1ci\u00f3ja alapj\u00e1n megk\u00fcldj\u00fck \u00d6nnek a linket, amellyel bejelentkezhet a kiv\u00e1lasztott online INFO NAPRA.<\/li>\n<\/ul>\n<p>Az INFO NAPOK tervezett id\u0151pontjai- kedd \u00e9s cs\u00fct\u00f6rt\u00f6k:<\/p>\n<ul>\n<li>10:00 \u00f3rakor szlov\u00e1kul<\/li>\n<li>13:00 \u00f3rakor magyarul.<\/li>\n<\/ul>\n<p>A projektek beny\u00fajt\u00e1s\u00e1hoz a p\u00e1ly\u00e1z\u00f3knak sok sikert k\u00edv\u00e1nunk!<\/p>\n","protected":false},"excerpt":{"rendered":"<p>A Kisprojekt Alap p\u00e1ly\u00e1zati felh\u00edv\u00e1s\u00e1n bel\u00fcl \u00e9rtes\u00edteni szeretn\u00e9nk a kedves p\u00e1ly\u00e1z\u00f3kat, hogy sz\u00fcks\u00e9g eset\u00e9n INFO NAPOKON val\u00f3 r\u00e9szv\u00e9telre is lehet\u0151s\u00e9g\u00fck ny\u00edlik. Az INFO NAPOK szem\u00e9lyesen vagy online form\u00e1ban lesznek megtartva. Az INFO NAPOKRA (szem\u00e9lyesen \u00e9s online form\u00e1ban is) itt kell regisztr\u00e1lni. \u00a0SZEM\u00c9LYESEN: regisztr\u00e1ci\u00f3ja alapj\u00e1n pontos t\u00e1j\u00e9koztat\u00e1st kap \u00a0ONLINE: regisztr\u00e1ci\u00f3ja alapj\u00e1n megk\u00fcldj\u00fck \u00d6nnek a linket, amellyel [&hellip;]<\/p>\n","protected":false},"author":2,"featured_media":7901,"comment_status":"closed","ping_status":"open","sticky":false,"template":"","format":"standard","meta":{"inline_featured_image":false,"footnotes":""},"categories":[3],"tags":[],"class_list":["post-7900","post","type-post","status-publish","format-standard","has-post-thumbnail","hentry","category-uncategorized-hu"],"acf":[],"yoast_head":"<!-- This site is optimized with the Yoast SEO plugin v27.5 - https:\/\/yoast.com\/product\/yoast-seo-wordpress\/ -->\n<title>INFO NAPOK a Kisprojekt Alap \u00faj felh\u00edv\u00e1s\u00e1hoz az Interreg VI-A HUSK Programon bel\u00fcl - ViaCarpatia<\/title>\n<meta name=\"robots\" content=\"index, follow, max-snippet:-1, max-image-preview:large, max-video-preview:-1\" \/>\n<link rel=\"canonical\" href=\"https:\/\/viacarpatia.eu\/hu\/info-napok\/\" \/>\n<meta property=\"og:locale\" content=\"hu_HU\" \/>\n<meta property=\"og:type\" content=\"article\" \/>\n<meta property=\"og:title\" content=\"INFO NAPOK a Kisprojekt Alap \u00faj felh\u00edv\u00e1s\u00e1hoz az Interreg VI-A HUSK Programon bel\u00fcl - ViaCarpatia\" \/>\n<meta property=\"og:description\" content=\"A Kisprojekt Alap p\u00e1ly\u00e1zati felh\u00edv\u00e1s\u00e1n bel\u00fcl \u00e9rtes\u00edteni szeretn\u00e9nk a kedves p\u00e1ly\u00e1z\u00f3kat, hogy sz\u00fcks\u00e9g eset\u00e9n INFO NAPOKON val\u00f3 r\u00e9szv\u00e9telre is lehet\u0151s\u00e9g\u00fck ny\u00edlik. Az INFO NAPOK szem\u00e9lyesen vagy online form\u00e1ban lesznek megtartva. Az INFO NAPOKRA (szem\u00e9lyesen \u00e9s online form\u00e1ban is) itt kell regisztr\u00e1lni. \u00a0SZEM\u00c9LYESEN: regisztr\u00e1ci\u00f3ja alapj\u00e1n pontos t\u00e1j\u00e9koztat\u00e1st kap \u00a0ONLINE: regisztr\u00e1ci\u00f3ja alapj\u00e1n megk\u00fcldj\u00fck \u00d6nnek a linket, amellyel [&hellip;]\" \/>\n<meta property=\"og:url\" content=\"https:\/\/viacarpatia.eu\/hu\/info-napok\/\" \/>\n<meta property=\"og:site_name\" content=\"ViaCarpatia\" \/>\n<meta property=\"article:published_time\" content=\"2023-10-17T14:52:48+00:00\" \/>\n<meta property=\"article:modified_time\" content=\"2023-10-17T15:44:11+00:00\" \/>\n<meta property=\"og:image\" content=\"https:\/\/viacarpatia.eu\/wp-content\/uploads\/2023\/10\/2-1.png\" \/>\n\t<meta property=\"og:image:width\" content=\"940\" \/>\n\t<meta property=\"og:image:height\" content=\"788\" \/>\n\t<meta property=\"og:image:type\" content=\"image\/png\" \/>\n<meta name=\"author\" content=\"viacarpatia\" \/>\n<meta name=\"twitter:card\" content=\"summary_large_image\" \/>\n<meta name=\"twitter:label1\" content=\"Szerz\u0151:\" \/>\n\t<meta name=\"twitter:data1\" content=\"viacarpatia\" \/>\n\t<meta name=\"twitter:label2\" content=\"Becs\u00fclt olvas\u00e1si id\u0151\" \/>\n\t<meta name=\"twitter:data2\" content=\"1 perc\" \/>\n<script type=\"application\/ld+json\" class=\"yoast-schema-graph\">{\"@context\":\"https:\\\/\\\/schema.org\",\"@graph\":[{\"@type\":\"Article\",\"@id\":\"https:\\\/\\\/viacarpatia.eu\\\/hu\\\/info-napok\\\/#article\",\"isPartOf\":{\"@id\":\"https:\\\/\\\/viacarpatia.eu\\\/hu\\\/info-napok\\\/\"},\"author\":{\"name\":\"viacarpatia\",\"@id\":\"https:\\\/\\\/viacarpatia.eu\\\/#\\\/schema\\\/person\\\/277ebb22abd307244031b67cd127739f\"},\"headline\":\"INFO NAPOK a Kisprojekt Alap \u00faj felh\u00edv\u00e1s\u00e1hoz az Interreg VI-A HUSK Programon bel\u00fcl\",\"datePublished\":\"2023-10-17T14:52:48+00:00\",\"dateModified\":\"2023-10-17T15:44:11+00:00\",\"mainEntityOfPage\":{\"@id\":\"https:\\\/\\\/viacarpatia.eu\\\/hu\\\/info-napok\\\/\"},\"wordCount\":149,\"image\":{\"@id\":\"https:\\\/\\\/viacarpatia.eu\\\/hu\\\/info-napok\\\/#primaryimage\"},\"thumbnailUrl\":\"https:\\\/\\\/viacarpatia.eu\\\/wp-content\\\/uploads\\\/2023\\\/10\\\/2-1.png\",\"articleSection\":[\"Uncategorized\"],\"inLanguage\":\"hu\"},{\"@type\":\"WebPage\",\"@id\":\"https:\\\/\\\/viacarpatia.eu\\\/hu\\\/info-napok\\\/\",\"url\":\"https:\\\/\\\/viacarpatia.eu\\\/hu\\\/info-napok\\\/\",\"name\":\"INFO NAPOK a Kisprojekt Alap \u00faj felh\u00edv\u00e1s\u00e1hoz az Interreg VI-A HUSK Programon bel\u00fcl - ViaCarpatia\",\"isPartOf\":{\"@id\":\"https:\\\/\\\/viacarpatia.eu\\\/#website\"},\"primaryImageOfPage\":{\"@id\":\"https:\\\/\\\/viacarpatia.eu\\\/hu\\\/info-napok\\\/#primaryimage\"},\"image\":{\"@id\":\"https:\\\/\\\/viacarpatia.eu\\\/hu\\\/info-napok\\\/#primaryimage\"},\"thumbnailUrl\":\"https:\\\/\\\/viacarpatia.eu\\\/wp-content\\\/uploads\\\/2023\\\/10\\\/2-1.png\",\"datePublished\":\"2023-10-17T14:52:48+00:00\",\"dateModified\":\"2023-10-17T15:44:11+00:00\",\"author\":{\"@id\":\"https:\\\/\\\/viacarpatia.eu\\\/#\\\/schema\\\/person\\\/277ebb22abd307244031b67cd127739f\"},\"breadcrumb\":{\"@id\":\"https:\\\/\\\/viacarpatia.eu\\\/hu\\\/info-napok\\\/#breadcrumb\"},\"inLanguage\":\"hu\",\"potentialAction\":[{\"@type\":\"ReadAction\",\"target\":[\"https:\\\/\\\/viacarpatia.eu\\\/hu\\\/info-napok\\\/\"]}]},{\"@type\":\"ImageObject\",\"inLanguage\":\"hu\",\"@id\":\"https:\\\/\\\/viacarpatia.eu\\\/hu\\\/info-napok\\\/#primaryimage\",\"url\":\"https:\\\/\\\/viacarpatia.eu\\\/wp-content\\\/uploads\\\/2023\\\/10\\\/2-1.png\",\"contentUrl\":\"https:\\\/\\\/viacarpatia.eu\\\/wp-content\\\/uploads\\\/2023\\\/10\\\/2-1.png\",\"width\":940,\"height\":788},{\"@type\":\"BreadcrumbList\",\"@id\":\"https:\\\/\\\/viacarpatia.eu\\\/hu\\\/info-napok\\\/#breadcrumb\",\"itemListElement\":[{\"@type\":\"ListItem\",\"position\":1,\"name\":\"Home\",\"item\":\"https:\\\/\\\/viacarpatia.eu\\\/\"},{\"@type\":\"ListItem\",\"position\":2,\"name\":\"INFO NAPOK a Kisprojekt Alap \u00faj felh\u00edv\u00e1s\u00e1hoz az Interreg VI-A HUSK Programon bel\u00fcl\"}]},{\"@type\":\"WebSite\",\"@id\":\"https:\\\/\\\/viacarpatia.eu\\\/#website\",\"url\":\"https:\\\/\\\/viacarpatia.eu\\\/\",\"name\":\"ViaCarpatia\",\"description\":\"Sp\u00e1jame historick\u00e9 a kult\u00farno-jazykov\u00e9 trad\u00edcie\",\"alternateName\":\"ViaCarpatia\",\"potentialAction\":[{\"@type\":\"SearchAction\",\"target\":{\"@type\":\"EntryPoint\",\"urlTemplate\":\"https:\\\/\\\/viacarpatia.eu\\\/?s={search_term_string}\"},\"query-input\":{\"@type\":\"PropertyValueSpecification\",\"valueRequired\":true,\"valueName\":\"search_term_string\"}}],\"inLanguage\":\"hu\"},{\"@type\":\"Person\",\"@id\":\"https:\\\/\\\/viacarpatia.eu\\\/#\\\/schema\\\/person\\\/277ebb22abd307244031b67cd127739f\",\"name\":\"viacarpatia\",\"image\":{\"@type\":\"ImageObject\",\"inLanguage\":\"hu\",\"@id\":\"https:\\\/\\\/secure.gravatar.com\\\/avatar\\\/bba74006701163acde19f8e575cb017e72fee5f1d026e5409c03c3812cd5ffd0?s=96&d=mm&r=g\",\"url\":\"https:\\\/\\\/secure.gravatar.com\\\/avatar\\\/bba74006701163acde19f8e575cb017e72fee5f1d026e5409c03c3812cd5ffd0?s=96&d=mm&r=g\",\"contentUrl\":\"https:\\\/\\\/secure.gravatar.com\\\/avatar\\\/bba74006701163acde19f8e575cb017e72fee5f1d026e5409c03c3812cd5ffd0?s=96&d=mm&r=g\",\"caption\":\"viacarpatia\"},\"url\":\"https:\\\/\\\/viacarpatia.eu\\\/hu\\\/author\\\/viacarpatia\\\/\"}]}<\/script>\n<!-- \/ Yoast SEO plugin. -->","yoast_head_json":{"title":"INFO NAPOK a Kisprojekt Alap \u00faj felh\u00edv\u00e1s\u00e1hoz az Interreg VI-A HUSK Programon bel\u00fcl - ViaCarpatia","robots":{"index":"index","follow":"follow","max-snippet":"max-snippet:-1","max-image-preview":"max-image-preview:large","max-video-preview":"max-video-preview:-1"},"canonical":"https:\/\/viacarpatia.eu\/hu\/info-napok\/","og_locale":"hu_HU","og_type":"article","og_title":"INFO NAPOK a Kisprojekt Alap \u00faj felh\u00edv\u00e1s\u00e1hoz az Interreg VI-A HUSK Programon bel\u00fcl - ViaCarpatia","og_description":"A Kisprojekt Alap p\u00e1ly\u00e1zati felh\u00edv\u00e1s\u00e1n bel\u00fcl \u00e9rtes\u00edteni szeretn\u00e9nk a kedves p\u00e1ly\u00e1z\u00f3kat, hogy sz\u00fcks\u00e9g eset\u00e9n INFO NAPOKON val\u00f3 r\u00e9szv\u00e9telre is lehet\u0151s\u00e9g\u00fck ny\u00edlik. Az INFO NAPOK szem\u00e9lyesen vagy online form\u00e1ban lesznek megtartva. Az INFO NAPOKRA (szem\u00e9lyesen \u00e9s online form\u00e1ban is) itt kell regisztr\u00e1lni. \u00a0SZEM\u00c9LYESEN: regisztr\u00e1ci\u00f3ja alapj\u00e1n pontos t\u00e1j\u00e9koztat\u00e1st kap \u00a0ONLINE: regisztr\u00e1ci\u00f3ja alapj\u00e1n megk\u00fcldj\u00fck \u00d6nnek a linket, amellyel [&hellip;]","og_url":"https:\/\/viacarpatia.eu\/hu\/info-napok\/","og_site_name":"ViaCarpatia","article_published_time":"2023-10-17T14:52:48+00:00","article_modified_time":"2023-10-17T15:44:11+00:00","og_image":[{"width":940,"height":788,"url":"https:\/\/viacarpatia.eu\/wp-content\/uploads\/2023\/10\/2-1.png","type":"image\/png"}],"author":"viacarpatia","twitter_card":"summary_large_image","twitter_misc":{"Szerz\u0151:":"viacarpatia","Becs\u00fclt olvas\u00e1si id\u0151":"1 perc"},"schema":{"@context":"https:\/\/schema.org","@graph":[{"@type":"Article","@id":"https:\/\/viacarpatia.eu\/hu\/info-napok\/#article","isPartOf":{"@id":"https:\/\/viacarpatia.eu\/hu\/info-napok\/"},"author":{"name":"viacarpatia","@id":"https:\/\/viacarpatia.eu\/#\/schema\/person\/277ebb22abd307244031b67cd127739f"},"headline":"INFO NAPOK a Kisprojekt Alap \u00faj felh\u00edv\u00e1s\u00e1hoz az Interreg VI-A HUSK Programon bel\u00fcl","datePublished":"2023-10-17T14:52:48+00:00","dateModified":"2023-10-17T15:44:11+00:00","mainEntityOfPage":{"@id":"https:\/\/viacarpatia.eu\/hu\/info-napok\/"},"wordCount":149,"image":{"@id":"https:\/\/viacarpatia.eu\/hu\/info-napok\/#primaryimage"},"thumbnailUrl":"https:\/\/viacarpatia.eu\/wp-content\/uploads\/2023\/10\/2-1.png","articleSection":["Uncategorized"],"inLanguage":"hu"},{"@type":"WebPage","@id":"https:\/\/viacarpatia.eu\/hu\/info-napok\/","url":"https:\/\/viacarpatia.eu\/hu\/info-napok\/","name":"INFO NAPOK a Kisprojekt Alap \u00faj felh\u00edv\u00e1s\u00e1hoz az Interreg VI-A HUSK Programon bel\u00fcl - ViaCarpatia","isPartOf":{"@id":"https:\/\/viacarpatia.eu\/#website"},"primaryImageOfPage":{"@id":"https:\/\/viacarpatia.eu\/hu\/info-napok\/#primaryimage"},"image":{"@id":"https:\/\/viacarpatia.eu\/hu\/info-napok\/#primaryimage"},"thumbnailUrl":"https:\/\/viacarpatia.eu\/wp-content\/uploads\/2023\/10\/2-1.png","datePublished":"2023-10-17T14:52:48+00:00","dateModified":"2023-10-17T15:44:11+00:00","author":{"@id":"https:\/\/viacarpatia.eu\/#\/schema\/person\/277ebb22abd307244031b67cd127739f"},"breadcrumb":{"@id":"https:\/\/viacarpatia.eu\/hu\/info-napok\/#breadcrumb"},"inLanguage":"hu","potentialAction":[{"@type":"ReadAction","target":["https:\/\/viacarpatia.eu\/hu\/info-napok\/"]}]},{"@type":"ImageObject","inLanguage":"hu","@id":"https:\/\/viacarpatia.eu\/hu\/info-napok\/#primaryimage","url":"https:\/\/viacarpatia.eu\/wp-content\/uploads\/2023\/10\/2-1.png","contentUrl":"https:\/\/viacarpatia.eu\/wp-content\/uploads\/2023\/10\/2-1.png","width":940,"height":788},{"@type":"BreadcrumbList","@id":"https:\/\/viacarpatia.eu\/hu\/info-napok\/#breadcrumb","itemListElement":[{"@type":"ListItem","position":1,"name":"Home","item":"https:\/\/viacarpatia.eu\/"},{"@type":"ListItem","position":2,"name":"INFO NAPOK a Kisprojekt Alap \u00faj felh\u00edv\u00e1s\u00e1hoz az Interreg VI-A HUSK Programon bel\u00fcl"}]},{"@type":"WebSite","@id":"https:\/\/viacarpatia.eu\/#website","url":"https:\/\/viacarpatia.eu\/","name":"ViaCarpatia","description":"Sp\u00e1jame historick\u00e9 a kult\u00farno-jazykov\u00e9 trad\u00edcie","alternateName":"ViaCarpatia","potentialAction":[{"@type":"SearchAction","target":{"@type":"EntryPoint","urlTemplate":"https:\/\/viacarpatia.eu\/?s={search_term_string}"},"query-input":{"@type":"PropertyValueSpecification","valueRequired":true,"valueName":"search_term_string"}}],"inLanguage":"hu"},{"@type":"Person","@id":"https:\/\/viacarpatia.eu\/#\/schema\/person\/277ebb22abd307244031b67cd127739f","name":"viacarpatia","image":{"@type":"ImageObject","inLanguage":"hu","@id":"https:\/\/secure.gravatar.com\/avatar\/bba74006701163acde19f8e575cb017e72fee5f1d026e5409c03c3812cd5ffd0?s=96&d=mm&r=g","url":"https:\/\/secure.gravatar.com\/avatar\/bba74006701163acde19f8e575cb017e72fee5f1d026e5409c03c3812cd5ffd0?s=96&d=mm&r=g","contentUrl":"https:\/\/secure.gravatar.com\/avatar\/bba74006701163acde19f8e575cb017e72fee5f1d026e5409c03c3812cd5ffd0?s=96&d=mm&r=g","caption":"viacarpatia"},"url":"https:\/\/viacarpatia.eu\/hu\/author\/viacarpatia\/"}]}},"_links":{"self":[{"href":"https:\/\/viacarpatia.eu\/hu\/wp-json\/wp\/v2\/posts\/7900","targetHints":{"allow":["GET"]}}],"collection":[{"href":"https:\/\/viacarpatia.eu\/hu\/wp-json\/wp\/v2\/posts"}],"about":[{"href":"https:\/\/viacarpatia.eu\/hu\/wp-json\/wp\/v2\/types\/post"}],"author":[{"embeddable":true,"href":"https:\/\/viacarpatia.eu\/hu\/wp-json\/wp\/v2\/users\/2"}],"replies":[{"embeddable":true,"href":"https:\/\/viacarpatia.eu\/hu\/wp-json\/wp\/v2\/comments?post=7900"}],"version-history":[{"count":3,"href":"https:\/\/viacarpatia.eu\/hu\/wp-json\/wp\/v2\/posts\/7900\/revisions"}],"predecessor-version":[{"id":7907,"href":"https:\/\/viacarpatia.eu\/hu\/wp-json\/wp\/v2\/posts\/7900\/revisions\/7907"}],"wp:featuredmedia":[{"embeddable":true,"href":"https:\/\/viacarpatia.eu\/hu\/wp-json\/wp\/v2\/media\/7901"}],"wp:attachment":[{"href":"https:\/\/viacarpatia.eu\/hu\/wp-json\/wp\/v2\/media?parent=7900"}],"wp:term":[{"taxonomy":"category","embeddable":true,"href":"https:\/\/viacarpatia.eu\/hu\/wp-json\/wp\/v2\/categories?post=7900"},{"taxonomy":"post_tag","embeddable":true,"href":"https:\/\/viacarpatia.eu\/hu\/wp-json\/wp\/v2\/tags?post=7900"}],"curies":[{"name":"wp","href":"https:\/\/api.w.org\/{rel}","templated":true}]}}