{"id":8042,"date":"2023-12-21T15:39:29","date_gmt":"2023-12-21T14:39:29","guid":{"rendered":"https:\/\/viacarpatia.eu\/?p=8042"},"modified":"2023-12-21T15:39:29","modified_gmt":"2023-12-21T14:39:29","slug":"karacsonyi-osszejovetel-baz-varmegyei-hivatalban","status":"publish","type":"post","link":"https:\/\/viacarpatia.eu\/hu\/karacsonyi-osszejovetel-baz-varmegyei-hivatalban\/","title":{"rendered":"Kar\u00e1csonyi \u00f6sszej\u00f6vetel BAZ V\u00e1rmegyei Hivatalban"},"content":{"rendered":"<div class=\"x11i5rnm xat24cr x1mh8g0r x1vvkbs xtlvy1s x126k92a\">\n<div dir=\"auto\">Elj\u00f6tt az \u00e9v azon id\u0151szaka, amikor meg\u00e1llhatunk, \u00e9s m\u00e1sk\u00e9pp is \u00e9lvezhetj\u00fck az egy\u00fctt t\u00f6lt\u00f6tt id\u0151t.<\/div>\n<div dir=\"auto\">Ugyanakkor megk\u00f6sz\u00f6nhetj\u00fck egym\u00e1snak a j\u00f3l v\u00e9gzett munk\u00e1t, \u00e9s apr\u00f3s\u00e1gokkal jutalmazhatjuk egym\u00e1st.<\/div>\n<div dir=\"auto\"><\/div>\n<\/div>\n<div class=\"x11i5rnm xat24cr x1mh8g0r x1vvkbs xtlvy1s x126k92a\">\n<div dir=\"auto\">K\u00f6sz\u00f6nj\u00fck a Via Carpatia EGTC eln\u00f6k\u00e9nek, @B\u00e1nn\u00e9 dr. G\u00e1l Bogl\u00e1rka a megh\u00edv\u00e1st \u00e9s a vend\u00e9gl\u00e1t\u00e1st<\/div>\n<\/div>\n","protected":false},"excerpt":{"rendered":"<p>Elj\u00f6tt az \u00e9v azon id\u0151szaka, amikor meg\u00e1llhatunk, \u00e9s m\u00e1sk\u00e9pp is \u00e9lvezhetj\u00fck az egy\u00fctt t\u00f6lt\u00f6tt id\u0151t. Ugyanakkor megk\u00f6sz\u00f6nhetj\u00fck egym\u00e1snak a j\u00f3l v\u00e9gzett munk\u00e1t, \u00e9s apr\u00f3s\u00e1gokkal jutalmazhatjuk egym\u00e1st. K\u00f6sz\u00f6nj\u00fck a Via Carpatia EGTC eln\u00f6k\u00e9nek, @B\u00e1nn\u00e9 dr. G\u00e1l Bogl\u00e1rka a megh\u00edv\u00e1st \u00e9s a vend\u00e9gl\u00e1t\u00e1st<\/p>\n","protected":false},"author":2,"featured_media":8030,"comment_status":"closed","ping_status":"open","sticky":false,"template":"","format":"standard","meta":{"inline_featured_image":false,"footnotes":""},"categories":[3],"tags":[],"class_list":["post-8042","post","type-post","status-publish","format-standard","has-post-thumbnail","hentry","category-uncategorized-hu"],"acf":[],"yoast_head":"<!-- This site is optimized with the Yoast SEO plugin v27.5 - https:\/\/yoast.com\/product\/yoast-seo-wordpress\/ -->\n<title>Kar\u00e1csonyi \u00f6sszej\u00f6vetel BAZ V\u00e1rmegyei Hivatalban - ViaCarpatia<\/title>\n<meta name=\"robots\" content=\"index, follow, max-snippet:-1, max-image-preview:large, max-video-preview:-1\" \/>\n<link rel=\"canonical\" href=\"https:\/\/viacarpatia.eu\/hu\/karacsonyi-osszejovetel-baz-varmegyei-hivatalban\/\" \/>\n<meta property=\"og:locale\" content=\"hu_HU\" \/>\n<meta property=\"og:type\" content=\"article\" \/>\n<meta property=\"og:title\" content=\"Kar\u00e1csonyi \u00f6sszej\u00f6vetel BAZ V\u00e1rmegyei Hivatalban - ViaCarpatia\" \/>\n<meta property=\"og:description\" content=\"Elj\u00f6tt az \u00e9v azon id\u0151szaka, amikor meg\u00e1llhatunk, \u00e9s m\u00e1sk\u00e9pp is \u00e9lvezhetj\u00fck az egy\u00fctt t\u00f6lt\u00f6tt id\u0151t. Ugyanakkor megk\u00f6sz\u00f6nhetj\u00fck egym\u00e1snak a j\u00f3l v\u00e9gzett munk\u00e1t, \u00e9s apr\u00f3s\u00e1gokkal jutalmazhatjuk egym\u00e1st. K\u00f6sz\u00f6nj\u00fck a Via Carpatia EGTC eln\u00f6k\u00e9nek, @B\u00e1nn\u00e9 dr. G\u00e1l Bogl\u00e1rka a megh\u00edv\u00e1st \u00e9s a vend\u00e9gl\u00e1t\u00e1st\" \/>\n<meta property=\"og:url\" content=\"https:\/\/viacarpatia.eu\/hu\/karacsonyi-osszejovetel-baz-varmegyei-hivatalban\/\" \/>\n<meta property=\"og:site_name\" content=\"ViaCarpatia\" \/>\n<meta property=\"article:published_time\" content=\"2023-12-21T14:39:29+00:00\" \/>\n<meta property=\"og:image\" content=\"https:\/\/viacarpatia.eu\/wp-content\/uploads\/2023\/12\/DSC_2504-1-scaled.jpg\" \/>\n\t<meta property=\"og:image:width\" content=\"2560\" \/>\n\t<meta property=\"og:image:height\" content=\"1707\" \/>\n\t<meta property=\"og:image:type\" content=\"image\/jpeg\" \/>\n<meta name=\"author\" content=\"viacarpatia\" \/>\n<meta name=\"twitter:card\" content=\"summary_large_image\" \/>\n<meta name=\"twitter:label1\" content=\"Szerz\u0151:\" \/>\n\t<meta name=\"twitter:data1\" content=\"viacarpatia\" \/>\n\t<meta name=\"twitter:label2\" content=\"Becs\u00fclt olvas\u00e1si id\u0151\" \/>\n\t<meta name=\"twitter:data2\" content=\"1 perc\" \/>\n<script type=\"application\/ld+json\" class=\"yoast-schema-graph\">{\"@context\":\"https:\\\/\\\/schema.org\",\"@graph\":[{\"@type\":\"Article\",\"@id\":\"https:\\\/\\\/viacarpatia.eu\\\/hu\\\/karacsonyi-osszejovetel-baz-varmegyei-hivatalban\\\/#article\",\"isPartOf\":{\"@id\":\"https:\\\/\\\/viacarpatia.eu\\\/hu\\\/karacsonyi-osszejovetel-baz-varmegyei-hivatalban\\\/\"},\"author\":{\"name\":\"viacarpatia\",\"@id\":\"https:\\\/\\\/viacarpatia.eu\\\/#\\\/schema\\\/person\\\/277ebb22abd307244031b67cd127739f\"},\"headline\":\"Kar\u00e1csonyi \u00f6sszej\u00f6vetel BAZ V\u00e1rmegyei Hivatalban\",\"datePublished\":\"2023-12-21T14:39:29+00:00\",\"mainEntityOfPage\":{\"@id\":\"https:\\\/\\\/viacarpatia.eu\\\/hu\\\/karacsonyi-osszejovetel-baz-varmegyei-hivatalban\\\/\"},\"wordCount\":82,\"image\":{\"@id\":\"https:\\\/\\\/viacarpatia.eu\\\/hu\\\/karacsonyi-osszejovetel-baz-varmegyei-hivatalban\\\/#primaryimage\"},\"thumbnailUrl\":\"https:\\\/\\\/viacarpatia.eu\\\/wp-content\\\/uploads\\\/2023\\\/12\\\/DSC_2504-1-scaled.jpg\",\"articleSection\":[\"Uncategorized\"],\"inLanguage\":\"hu\"},{\"@type\":\"WebPage\",\"@id\":\"https:\\\/\\\/viacarpatia.eu\\\/hu\\\/karacsonyi-osszejovetel-baz-varmegyei-hivatalban\\\/\",\"url\":\"https:\\\/\\\/viacarpatia.eu\\\/hu\\\/karacsonyi-osszejovetel-baz-varmegyei-hivatalban\\\/\",\"name\":\"Kar\u00e1csonyi \u00f6sszej\u00f6vetel BAZ V\u00e1rmegyei Hivatalban - ViaCarpatia\",\"isPartOf\":{\"@id\":\"https:\\\/\\\/viacarpatia.eu\\\/#website\"},\"primaryImageOfPage\":{\"@id\":\"https:\\\/\\\/viacarpatia.eu\\\/hu\\\/karacsonyi-osszejovetel-baz-varmegyei-hivatalban\\\/#primaryimage\"},\"image\":{\"@id\":\"https:\\\/\\\/viacarpatia.eu\\\/hu\\\/karacsonyi-osszejovetel-baz-varmegyei-hivatalban\\\/#primaryimage\"},\"thumbnailUrl\":\"https:\\\/\\\/viacarpatia.eu\\\/wp-content\\\/uploads\\\/2023\\\/12\\\/DSC_2504-1-scaled.jpg\",\"datePublished\":\"2023-12-21T14:39:29+00:00\",\"author\":{\"@id\":\"https:\\\/\\\/viacarpatia.eu\\\/#\\\/schema\\\/person\\\/277ebb22abd307244031b67cd127739f\"},\"breadcrumb\":{\"@id\":\"https:\\\/\\\/viacarpatia.eu\\\/hu\\\/karacsonyi-osszejovetel-baz-varmegyei-hivatalban\\\/#breadcrumb\"},\"inLanguage\":\"hu\",\"potentialAction\":[{\"@type\":\"ReadAction\",\"target\":[\"https:\\\/\\\/viacarpatia.eu\\\/hu\\\/karacsonyi-osszejovetel-baz-varmegyei-hivatalban\\\/\"]}]},{\"@type\":\"ImageObject\",\"inLanguage\":\"hu\",\"@id\":\"https:\\\/\\\/viacarpatia.eu\\\/hu\\\/karacsonyi-osszejovetel-baz-varmegyei-hivatalban\\\/#primaryimage\",\"url\":\"https:\\\/\\\/viacarpatia.eu\\\/wp-content\\\/uploads\\\/2023\\\/12\\\/DSC_2504-1-scaled.jpg\",\"contentUrl\":\"https:\\\/\\\/viacarpatia.eu\\\/wp-content\\\/uploads\\\/2023\\\/12\\\/DSC_2504-1-scaled.jpg\",\"width\":2560,\"height\":1707},{\"@type\":\"BreadcrumbList\",\"@id\":\"https:\\\/\\\/viacarpatia.eu\\\/hu\\\/karacsonyi-osszejovetel-baz-varmegyei-hivatalban\\\/#breadcrumb\",\"itemListElement\":[{\"@type\":\"ListItem\",\"position\":1,\"name\":\"Home\",\"item\":\"https:\\\/\\\/viacarpatia.eu\\\/\"},{\"@type\":\"ListItem\",\"position\":2,\"name\":\"Kar\u00e1csonyi \u00f6sszej\u00f6vetel BAZ V\u00e1rmegyei Hivatalban\"}]},{\"@type\":\"WebSite\",\"@id\":\"https:\\\/\\\/viacarpatia.eu\\\/#website\",\"url\":\"https:\\\/\\\/viacarpatia.eu\\\/\",\"name\":\"ViaCarpatia\",\"description\":\"Sp\u00e1jame historick\u00e9 a kult\u00farno-jazykov\u00e9 trad\u00edcie\",\"alternateName\":\"ViaCarpatia\",\"potentialAction\":[{\"@type\":\"SearchAction\",\"target\":{\"@type\":\"EntryPoint\",\"urlTemplate\":\"https:\\\/\\\/viacarpatia.eu\\\/?s={search_term_string}\"},\"query-input\":{\"@type\":\"PropertyValueSpecification\",\"valueRequired\":true,\"valueName\":\"search_term_string\"}}],\"inLanguage\":\"hu\"},{\"@type\":\"Person\",\"@id\":\"https:\\\/\\\/viacarpatia.eu\\\/#\\\/schema\\\/person\\\/277ebb22abd307244031b67cd127739f\",\"name\":\"viacarpatia\",\"image\":{\"@type\":\"ImageObject\",\"inLanguage\":\"hu\",\"@id\":\"https:\\\/\\\/secure.gravatar.com\\\/avatar\\\/bba74006701163acde19f8e575cb017e72fee5f1d026e5409c03c3812cd5ffd0?s=96&d=mm&r=g\",\"url\":\"https:\\\/\\\/secure.gravatar.com\\\/avatar\\\/bba74006701163acde19f8e575cb017e72fee5f1d026e5409c03c3812cd5ffd0?s=96&d=mm&r=g\",\"contentUrl\":\"https:\\\/\\\/secure.gravatar.com\\\/avatar\\\/bba74006701163acde19f8e575cb017e72fee5f1d026e5409c03c3812cd5ffd0?s=96&d=mm&r=g\",\"caption\":\"viacarpatia\"},\"url\":\"https:\\\/\\\/viacarpatia.eu\\\/hu\\\/author\\\/viacarpatia\\\/\"}]}<\/script>\n<!-- \/ Yoast SEO plugin. -->","yoast_head_json":{"title":"Kar\u00e1csonyi \u00f6sszej\u00f6vetel BAZ V\u00e1rmegyei Hivatalban - ViaCarpatia","robots":{"index":"index","follow":"follow","max-snippet":"max-snippet:-1","max-image-preview":"max-image-preview:large","max-video-preview":"max-video-preview:-1"},"canonical":"https:\/\/viacarpatia.eu\/hu\/karacsonyi-osszejovetel-baz-varmegyei-hivatalban\/","og_locale":"hu_HU","og_type":"article","og_title":"Kar\u00e1csonyi \u00f6sszej\u00f6vetel BAZ V\u00e1rmegyei Hivatalban - ViaCarpatia","og_description":"Elj\u00f6tt az \u00e9v azon id\u0151szaka, amikor meg\u00e1llhatunk, \u00e9s m\u00e1sk\u00e9pp is \u00e9lvezhetj\u00fck az egy\u00fctt t\u00f6lt\u00f6tt id\u0151t. Ugyanakkor megk\u00f6sz\u00f6nhetj\u00fck egym\u00e1snak a j\u00f3l v\u00e9gzett munk\u00e1t, \u00e9s apr\u00f3s\u00e1gokkal jutalmazhatjuk egym\u00e1st. K\u00f6sz\u00f6nj\u00fck a Via Carpatia EGTC eln\u00f6k\u00e9nek, @B\u00e1nn\u00e9 dr. G\u00e1l Bogl\u00e1rka a megh\u00edv\u00e1st \u00e9s a vend\u00e9gl\u00e1t\u00e1st","og_url":"https:\/\/viacarpatia.eu\/hu\/karacsonyi-osszejovetel-baz-varmegyei-hivatalban\/","og_site_name":"ViaCarpatia","article_published_time":"2023-12-21T14:39:29+00:00","og_image":[{"width":2560,"height":1707,"url":"https:\/\/viacarpatia.eu\/wp-content\/uploads\/2023\/12\/DSC_2504-1-scaled.jpg","type":"image\/jpeg"}],"author":"viacarpatia","twitter_card":"summary_large_image","twitter_misc":{"Szerz\u0151:":"viacarpatia","Becs\u00fclt olvas\u00e1si id\u0151":"1 perc"},"schema":{"@context":"https:\/\/schema.org","@graph":[{"@type":"Article","@id":"https:\/\/viacarpatia.eu\/hu\/karacsonyi-osszejovetel-baz-varmegyei-hivatalban\/#article","isPartOf":{"@id":"https:\/\/viacarpatia.eu\/hu\/karacsonyi-osszejovetel-baz-varmegyei-hivatalban\/"},"author":{"name":"viacarpatia","@id":"https:\/\/viacarpatia.eu\/#\/schema\/person\/277ebb22abd307244031b67cd127739f"},"headline":"Kar\u00e1csonyi \u00f6sszej\u00f6vetel BAZ V\u00e1rmegyei Hivatalban","datePublished":"2023-12-21T14:39:29+00:00","mainEntityOfPage":{"@id":"https:\/\/viacarpatia.eu\/hu\/karacsonyi-osszejovetel-baz-varmegyei-hivatalban\/"},"wordCount":82,"image":{"@id":"https:\/\/viacarpatia.eu\/hu\/karacsonyi-osszejovetel-baz-varmegyei-hivatalban\/#primaryimage"},"thumbnailUrl":"https:\/\/viacarpatia.eu\/wp-content\/uploads\/2023\/12\/DSC_2504-1-scaled.jpg","articleSection":["Uncategorized"],"inLanguage":"hu"},{"@type":"WebPage","@id":"https:\/\/viacarpatia.eu\/hu\/karacsonyi-osszejovetel-baz-varmegyei-hivatalban\/","url":"https:\/\/viacarpatia.eu\/hu\/karacsonyi-osszejovetel-baz-varmegyei-hivatalban\/","name":"Kar\u00e1csonyi \u00f6sszej\u00f6vetel BAZ V\u00e1rmegyei Hivatalban - ViaCarpatia","isPartOf":{"@id":"https:\/\/viacarpatia.eu\/#website"},"primaryImageOfPage":{"@id":"https:\/\/viacarpatia.eu\/hu\/karacsonyi-osszejovetel-baz-varmegyei-hivatalban\/#primaryimage"},"image":{"@id":"https:\/\/viacarpatia.eu\/hu\/karacsonyi-osszejovetel-baz-varmegyei-hivatalban\/#primaryimage"},"thumbnailUrl":"https:\/\/viacarpatia.eu\/wp-content\/uploads\/2023\/12\/DSC_2504-1-scaled.jpg","datePublished":"2023-12-21T14:39:29+00:00","author":{"@id":"https:\/\/viacarpatia.eu\/#\/schema\/person\/277ebb22abd307244031b67cd127739f"},"breadcrumb":{"@id":"https:\/\/viacarpatia.eu\/hu\/karacsonyi-osszejovetel-baz-varmegyei-hivatalban\/#breadcrumb"},"inLanguage":"hu","potentialAction":[{"@type":"ReadAction","target":["https:\/\/viacarpatia.eu\/hu\/karacsonyi-osszejovetel-baz-varmegyei-hivatalban\/"]}]},{"@type":"ImageObject","inLanguage":"hu","@id":"https:\/\/viacarpatia.eu\/hu\/karacsonyi-osszejovetel-baz-varmegyei-hivatalban\/#primaryimage","url":"https:\/\/viacarpatia.eu\/wp-content\/uploads\/2023\/12\/DSC_2504-1-scaled.jpg","contentUrl":"https:\/\/viacarpatia.eu\/wp-content\/uploads\/2023\/12\/DSC_2504-1-scaled.jpg","width":2560,"height":1707},{"@type":"BreadcrumbList","@id":"https:\/\/viacarpatia.eu\/hu\/karacsonyi-osszejovetel-baz-varmegyei-hivatalban\/#breadcrumb","itemListElement":[{"@type":"ListItem","position":1,"name":"Home","item":"https:\/\/viacarpatia.eu\/"},{"@type":"ListItem","position":2,"name":"Kar\u00e1csonyi \u00f6sszej\u00f6vetel BAZ V\u00e1rmegyei Hivatalban"}]},{"@type":"WebSite","@id":"https:\/\/viacarpatia.eu\/#website","url":"https:\/\/viacarpatia.eu\/","name":"ViaCarpatia","description":"Sp\u00e1jame historick\u00e9 a kult\u00farno-jazykov\u00e9 trad\u00edcie","alternateName":"ViaCarpatia","potentialAction":[{"@type":"SearchAction","target":{"@type":"EntryPoint","urlTemplate":"https:\/\/viacarpatia.eu\/?s={search_term_string}"},"query-input":{"@type":"PropertyValueSpecification","valueRequired":true,"valueName":"search_term_string"}}],"inLanguage":"hu"},{"@type":"Person","@id":"https:\/\/viacarpatia.eu\/#\/schema\/person\/277ebb22abd307244031b67cd127739f","name":"viacarpatia","image":{"@type":"ImageObject","inLanguage":"hu","@id":"https:\/\/secure.gravatar.com\/avatar\/bba74006701163acde19f8e575cb017e72fee5f1d026e5409c03c3812cd5ffd0?s=96&d=mm&r=g","url":"https:\/\/secure.gravatar.com\/avatar\/bba74006701163acde19f8e575cb017e72fee5f1d026e5409c03c3812cd5ffd0?s=96&d=mm&r=g","contentUrl":"https:\/\/secure.gravatar.com\/avatar\/bba74006701163acde19f8e575cb017e72fee5f1d026e5409c03c3812cd5ffd0?s=96&d=mm&r=g","caption":"viacarpatia"},"url":"https:\/\/viacarpatia.eu\/hu\/author\/viacarpatia\/"}]}},"_links":{"self":[{"href":"https:\/\/viacarpatia.eu\/hu\/wp-json\/wp\/v2\/posts\/8042","targetHints":{"allow":["GET"]}}],"collection":[{"href":"https:\/\/viacarpatia.eu\/hu\/wp-json\/wp\/v2\/posts"}],"about":[{"href":"https:\/\/viacarpatia.eu\/hu\/wp-json\/wp\/v2\/types\/post"}],"author":[{"embeddable":true,"href":"https:\/\/viacarpatia.eu\/hu\/wp-json\/wp\/v2\/users\/2"}],"replies":[{"embeddable":true,"href":"https:\/\/viacarpatia.eu\/hu\/wp-json\/wp\/v2\/comments?post=8042"}],"version-history":[{"count":1,"href":"https:\/\/viacarpatia.eu\/hu\/wp-json\/wp\/v2\/posts\/8042\/revisions"}],"predecessor-version":[{"id":8043,"href":"https:\/\/viacarpatia.eu\/hu\/wp-json\/wp\/v2\/posts\/8042\/revisions\/8043"}],"wp:featuredmedia":[{"embeddable":true,"href":"https:\/\/viacarpatia.eu\/hu\/wp-json\/wp\/v2\/media\/8030"}],"wp:attachment":[{"href":"https:\/\/viacarpatia.eu\/hu\/wp-json\/wp\/v2\/media?parent=8042"}],"wp:term":[{"taxonomy":"category","embeddable":true,"href":"https:\/\/viacarpatia.eu\/hu\/wp-json\/wp\/v2\/categories?post=8042"},{"taxonomy":"post_tag","embeddable":true,"href":"https:\/\/viacarpatia.eu\/hu\/wp-json\/wp\/v2\/tags?post=8042"}],"curies":[{"name":"wp","href":"https:\/\/api.w.org\/{rel}","templated":true}]}}