{"id":9002,"date":"2024-08-07T12:46:17","date_gmt":"2024-08-07T10:46:17","guid":{"rendered":"https:\/\/viacarpatia.eu\/?p=9002"},"modified":"2024-08-07T13:16:49","modified_gmt":"2024-08-07T11:16:49","slug":"digicare4ce-nyari-iskola","status":"publish","type":"post","link":"https:\/\/viacarpatia.eu\/hu\/digicare4ce-nyari-iskola\/","title":{"rendered":"DigiCare4CE &#8211; ny\u00e1ri iskola"},"content":{"rendered":"<p>Az id\u0151sek ell\u00e1t\u00e1s\u00e1nak jav\u00edt\u00e1s\u00e1t c\u00e9lz\u00f3 DigiCare4CE projekt keret\u00e9n bel\u00fcl t\u00f6bb szlov\u00e1kiai di\u00e1k r\u00e9szt vehetett ny\u00e1ri iskol\u00e1ban a n\u00e9metorsz\u00e1gi THD &#8211; Technische Hochschule Deggendorf egyetemen.<\/p>\n<p>Az UPJ\u0160 di\u00e1kjai k\u00fcl\u00f6nb\u00f6z\u0151 eur\u00f3pai orsz\u00e1gb\u00f3l \u00e9rkez\u0151 t\u00e1rsaikkal egy\u00fctt megismerkedhett\u00e9k a digit\u00e1lis t\u00e1mogat\u00e1si lehet\u0151s\u00e9geket \u00e9s azok lehets\u00e9ges alkalmaz\u00e1sait a hossz\u00fa t\u00e1v\u00fa \u00e1pol\u00e1sban.<\/p>\n<p>Az \u00faj ismeretek megszerz\u00e9se mellett a di\u00e1kok fantasztikus \u00e9lm\u00e9nyekkel t\u00e9rhettek haza.<br \/>\nK\u00f6sz\u00f6nj\u00fck partnereinknek a kiv\u00e1l\u00f3 szervez\u00e9st.<\/p>\n","protected":false},"excerpt":{"rendered":"<p>Az id\u0151sek ell\u00e1t\u00e1s\u00e1nak jav\u00edt\u00e1s\u00e1t c\u00e9lz\u00f3 DigiCare4CE projekt keret\u00e9n bel\u00fcl t\u00f6bb szlov\u00e1kiai di\u00e1k r\u00e9szt vehetett ny\u00e1ri iskol\u00e1ban a n\u00e9metorsz\u00e1gi THD &#8211; Technische Hochschule Deggendorf egyetemen. Az UPJ\u0160 di\u00e1kjai k\u00fcl\u00f6nb\u00f6z\u0151 eur\u00f3pai orsz\u00e1gb\u00f3l \u00e9rkez\u0151 t\u00e1rsaikkal egy\u00fctt megismerkedhett\u00e9k a digit\u00e1lis t\u00e1mogat\u00e1si lehet\u0151s\u00e9geket \u00e9s azok lehets\u00e9ges alkalmaz\u00e1sait a hossz\u00fa t\u00e1v\u00fa \u00e1pol\u00e1sban. Az \u00faj ismeretek megszerz\u00e9se mellett a di\u00e1kok fantasztikus \u00e9lm\u00e9nyekkel [&hellip;]<\/p>\n","protected":false},"author":2,"featured_media":8982,"comment_status":"closed","ping_status":"open","sticky":false,"template":"","format":"standard","meta":{"inline_featured_image":false,"footnotes":""},"categories":[3],"tags":[],"class_list":["post-9002","post","type-post","status-publish","format-standard","has-post-thumbnail","hentry","category-uncategorized-hu"],"acf":[],"yoast_head":"<!-- This site is optimized with the Yoast SEO plugin v27.5 - https:\/\/yoast.com\/product\/yoast-seo-wordpress\/ -->\n<title>DigiCare4CE - ny\u00e1ri iskola - ViaCarpatia<\/title>\n<meta name=\"robots\" content=\"index, follow, max-snippet:-1, max-image-preview:large, max-video-preview:-1\" \/>\n<link rel=\"canonical\" href=\"https:\/\/viacarpatia.eu\/hu\/digicare4ce-nyari-iskola\/\" \/>\n<meta property=\"og:locale\" content=\"hu_HU\" \/>\n<meta property=\"og:type\" content=\"article\" \/>\n<meta property=\"og:title\" content=\"DigiCare4CE - ny\u00e1ri iskola - ViaCarpatia\" \/>\n<meta property=\"og:description\" content=\"Az id\u0151sek ell\u00e1t\u00e1s\u00e1nak jav\u00edt\u00e1s\u00e1t c\u00e9lz\u00f3 DigiCare4CE projekt keret\u00e9n bel\u00fcl t\u00f6bb szlov\u00e1kiai di\u00e1k r\u00e9szt vehetett ny\u00e1ri iskol\u00e1ban a n\u00e9metorsz\u00e1gi THD &#8211; Technische Hochschule Deggendorf egyetemen. Az UPJ\u0160 di\u00e1kjai k\u00fcl\u00f6nb\u00f6z\u0151 eur\u00f3pai orsz\u00e1gb\u00f3l \u00e9rkez\u0151 t\u00e1rsaikkal egy\u00fctt megismerkedhett\u00e9k a digit\u00e1lis t\u00e1mogat\u00e1si lehet\u0151s\u00e9geket \u00e9s azok lehets\u00e9ges alkalmaz\u00e1sait a hossz\u00fa t\u00e1v\u00fa \u00e1pol\u00e1sban. Az \u00faj ismeretek megszerz\u00e9se mellett a di\u00e1kok fantasztikus \u00e9lm\u00e9nyekkel [&hellip;]\" \/>\n<meta property=\"og:url\" content=\"https:\/\/viacarpatia.eu\/hu\/digicare4ce-nyari-iskola\/\" \/>\n<meta property=\"og:site_name\" content=\"ViaCarpatia\" \/>\n<meta property=\"article:published_time\" content=\"2024-08-07T10:46:17+00:00\" \/>\n<meta property=\"article:modified_time\" content=\"2024-08-07T11:16:49+00:00\" \/>\n<meta property=\"og:image\" content=\"https:\/\/viacarpatia.eu\/wp-content\/uploads\/2024\/08\/received_1639398936823573-e1723021516263.jpeg\" \/>\n\t<meta property=\"og:image:width\" content=\"1536\" \/>\n\t<meta property=\"og:image:height\" content=\"2048\" \/>\n\t<meta property=\"og:image:type\" content=\"image\/jpeg\" \/>\n<meta name=\"author\" content=\"viacarpatia\" \/>\n<meta name=\"twitter:card\" content=\"summary_large_image\" \/>\n<meta name=\"twitter:label1\" content=\"Szerz\u0151:\" \/>\n\t<meta name=\"twitter:data1\" content=\"viacarpatia\" \/>\n\t<meta name=\"twitter:label2\" content=\"Becs\u00fclt olvas\u00e1si id\u0151\" \/>\n\t<meta name=\"twitter:data2\" content=\"1 perc\" \/>\n<script type=\"application\/ld+json\" class=\"yoast-schema-graph\">{\"@context\":\"https:\\\/\\\/schema.org\",\"@graph\":[{\"@type\":\"Article\",\"@id\":\"https:\\\/\\\/viacarpatia.eu\\\/hu\\\/digicare4ce-nyari-iskola\\\/#article\",\"isPartOf\":{\"@id\":\"https:\\\/\\\/viacarpatia.eu\\\/hu\\\/digicare4ce-nyari-iskola\\\/\"},\"author\":{\"name\":\"viacarpatia\",\"@id\":\"https:\\\/\\\/viacarpatia.eu\\\/#\\\/schema\\\/person\\\/277ebb22abd307244031b67cd127739f\"},\"headline\":\"DigiCare4CE &#8211; ny\u00e1ri iskola\",\"datePublished\":\"2024-08-07T10:46:17+00:00\",\"dateModified\":\"2024-08-07T11:16:49+00:00\",\"mainEntityOfPage\":{\"@id\":\"https:\\\/\\\/viacarpatia.eu\\\/hu\\\/digicare4ce-nyari-iskola\\\/\"},\"wordCount\":115,\"image\":{\"@id\":\"https:\\\/\\\/viacarpatia.eu\\\/hu\\\/digicare4ce-nyari-iskola\\\/#primaryimage\"},\"thumbnailUrl\":\"https:\\\/\\\/viacarpatia.eu\\\/wp-content\\\/uploads\\\/2024\\\/08\\\/received_1639398936823573-e1723021516263.jpeg\",\"articleSection\":[\"Uncategorized\"],\"inLanguage\":\"hu\"},{\"@type\":\"WebPage\",\"@id\":\"https:\\\/\\\/viacarpatia.eu\\\/hu\\\/digicare4ce-nyari-iskola\\\/\",\"url\":\"https:\\\/\\\/viacarpatia.eu\\\/hu\\\/digicare4ce-nyari-iskola\\\/\",\"name\":\"DigiCare4CE - ny\u00e1ri iskola - ViaCarpatia\",\"isPartOf\":{\"@id\":\"https:\\\/\\\/viacarpatia.eu\\\/#website\"},\"primaryImageOfPage\":{\"@id\":\"https:\\\/\\\/viacarpatia.eu\\\/hu\\\/digicare4ce-nyari-iskola\\\/#primaryimage\"},\"image\":{\"@id\":\"https:\\\/\\\/viacarpatia.eu\\\/hu\\\/digicare4ce-nyari-iskola\\\/#primaryimage\"},\"thumbnailUrl\":\"https:\\\/\\\/viacarpatia.eu\\\/wp-content\\\/uploads\\\/2024\\\/08\\\/received_1639398936823573-e1723021516263.jpeg\",\"datePublished\":\"2024-08-07T10:46:17+00:00\",\"dateModified\":\"2024-08-07T11:16:49+00:00\",\"author\":{\"@id\":\"https:\\\/\\\/viacarpatia.eu\\\/#\\\/schema\\\/person\\\/277ebb22abd307244031b67cd127739f\"},\"breadcrumb\":{\"@id\":\"https:\\\/\\\/viacarpatia.eu\\\/hu\\\/digicare4ce-nyari-iskola\\\/#breadcrumb\"},\"inLanguage\":\"hu\",\"potentialAction\":[{\"@type\":\"ReadAction\",\"target\":[\"https:\\\/\\\/viacarpatia.eu\\\/hu\\\/digicare4ce-nyari-iskola\\\/\"]}]},{\"@type\":\"ImageObject\",\"inLanguage\":\"hu\",\"@id\":\"https:\\\/\\\/viacarpatia.eu\\\/hu\\\/digicare4ce-nyari-iskola\\\/#primaryimage\",\"url\":\"https:\\\/\\\/viacarpatia.eu\\\/wp-content\\\/uploads\\\/2024\\\/08\\\/received_1639398936823573-e1723021516263.jpeg\",\"contentUrl\":\"https:\\\/\\\/viacarpatia.eu\\\/wp-content\\\/uploads\\\/2024\\\/08\\\/received_1639398936823573-e1723021516263.jpeg\",\"width\":1536,\"height\":2048},{\"@type\":\"BreadcrumbList\",\"@id\":\"https:\\\/\\\/viacarpatia.eu\\\/hu\\\/digicare4ce-nyari-iskola\\\/#breadcrumb\",\"itemListElement\":[{\"@type\":\"ListItem\",\"position\":1,\"name\":\"Home\",\"item\":\"https:\\\/\\\/viacarpatia.eu\\\/\"},{\"@type\":\"ListItem\",\"position\":2,\"name\":\"DigiCare4CE &#8211; ny\u00e1ri iskola\"}]},{\"@type\":\"WebSite\",\"@id\":\"https:\\\/\\\/viacarpatia.eu\\\/#website\",\"url\":\"https:\\\/\\\/viacarpatia.eu\\\/\",\"name\":\"ViaCarpatia\",\"description\":\"Sp\u00e1jame historick\u00e9 a kult\u00farno-jazykov\u00e9 trad\u00edcie\",\"alternateName\":\"ViaCarpatia\",\"potentialAction\":[{\"@type\":\"SearchAction\",\"target\":{\"@type\":\"EntryPoint\",\"urlTemplate\":\"https:\\\/\\\/viacarpatia.eu\\\/?s={search_term_string}\"},\"query-input\":{\"@type\":\"PropertyValueSpecification\",\"valueRequired\":true,\"valueName\":\"search_term_string\"}}],\"inLanguage\":\"hu\"},{\"@type\":\"Person\",\"@id\":\"https:\\\/\\\/viacarpatia.eu\\\/#\\\/schema\\\/person\\\/277ebb22abd307244031b67cd127739f\",\"name\":\"viacarpatia\",\"image\":{\"@type\":\"ImageObject\",\"inLanguage\":\"hu\",\"@id\":\"https:\\\/\\\/secure.gravatar.com\\\/avatar\\\/bba74006701163acde19f8e575cb017e72fee5f1d026e5409c03c3812cd5ffd0?s=96&d=mm&r=g\",\"url\":\"https:\\\/\\\/secure.gravatar.com\\\/avatar\\\/bba74006701163acde19f8e575cb017e72fee5f1d026e5409c03c3812cd5ffd0?s=96&d=mm&r=g\",\"contentUrl\":\"https:\\\/\\\/secure.gravatar.com\\\/avatar\\\/bba74006701163acde19f8e575cb017e72fee5f1d026e5409c03c3812cd5ffd0?s=96&d=mm&r=g\",\"caption\":\"viacarpatia\"},\"url\":\"https:\\\/\\\/viacarpatia.eu\\\/hu\\\/author\\\/viacarpatia\\\/\"}]}<\/script>\n<!-- \/ Yoast SEO plugin. -->","yoast_head_json":{"title":"DigiCare4CE - ny\u00e1ri iskola - ViaCarpatia","robots":{"index":"index","follow":"follow","max-snippet":"max-snippet:-1","max-image-preview":"max-image-preview:large","max-video-preview":"max-video-preview:-1"},"canonical":"https:\/\/viacarpatia.eu\/hu\/digicare4ce-nyari-iskola\/","og_locale":"hu_HU","og_type":"article","og_title":"DigiCare4CE - ny\u00e1ri iskola - ViaCarpatia","og_description":"Az id\u0151sek ell\u00e1t\u00e1s\u00e1nak jav\u00edt\u00e1s\u00e1t c\u00e9lz\u00f3 DigiCare4CE projekt keret\u00e9n bel\u00fcl t\u00f6bb szlov\u00e1kiai di\u00e1k r\u00e9szt vehetett ny\u00e1ri iskol\u00e1ban a n\u00e9metorsz\u00e1gi THD &#8211; Technische Hochschule Deggendorf egyetemen. Az UPJ\u0160 di\u00e1kjai k\u00fcl\u00f6nb\u00f6z\u0151 eur\u00f3pai orsz\u00e1gb\u00f3l \u00e9rkez\u0151 t\u00e1rsaikkal egy\u00fctt megismerkedhett\u00e9k a digit\u00e1lis t\u00e1mogat\u00e1si lehet\u0151s\u00e9geket \u00e9s azok lehets\u00e9ges alkalmaz\u00e1sait a hossz\u00fa t\u00e1v\u00fa \u00e1pol\u00e1sban. Az \u00faj ismeretek megszerz\u00e9se mellett a di\u00e1kok fantasztikus \u00e9lm\u00e9nyekkel [&hellip;]","og_url":"https:\/\/viacarpatia.eu\/hu\/digicare4ce-nyari-iskola\/","og_site_name":"ViaCarpatia","article_published_time":"2024-08-07T10:46:17+00:00","article_modified_time":"2024-08-07T11:16:49+00:00","og_image":[{"width":1536,"height":2048,"url":"https:\/\/viacarpatia.eu\/wp-content\/uploads\/2024\/08\/received_1639398936823573-e1723021516263.jpeg","type":"image\/jpeg"}],"author":"viacarpatia","twitter_card":"summary_large_image","twitter_misc":{"Szerz\u0151:":"viacarpatia","Becs\u00fclt olvas\u00e1si id\u0151":"1 perc"},"schema":{"@context":"https:\/\/schema.org","@graph":[{"@type":"Article","@id":"https:\/\/viacarpatia.eu\/hu\/digicare4ce-nyari-iskola\/#article","isPartOf":{"@id":"https:\/\/viacarpatia.eu\/hu\/digicare4ce-nyari-iskola\/"},"author":{"name":"viacarpatia","@id":"https:\/\/viacarpatia.eu\/#\/schema\/person\/277ebb22abd307244031b67cd127739f"},"headline":"DigiCare4CE &#8211; ny\u00e1ri iskola","datePublished":"2024-08-07T10:46:17+00:00","dateModified":"2024-08-07T11:16:49+00:00","mainEntityOfPage":{"@id":"https:\/\/viacarpatia.eu\/hu\/digicare4ce-nyari-iskola\/"},"wordCount":115,"image":{"@id":"https:\/\/viacarpatia.eu\/hu\/digicare4ce-nyari-iskola\/#primaryimage"},"thumbnailUrl":"https:\/\/viacarpatia.eu\/wp-content\/uploads\/2024\/08\/received_1639398936823573-e1723021516263.jpeg","articleSection":["Uncategorized"],"inLanguage":"hu"},{"@type":"WebPage","@id":"https:\/\/viacarpatia.eu\/hu\/digicare4ce-nyari-iskola\/","url":"https:\/\/viacarpatia.eu\/hu\/digicare4ce-nyari-iskola\/","name":"DigiCare4CE - ny\u00e1ri iskola - ViaCarpatia","isPartOf":{"@id":"https:\/\/viacarpatia.eu\/#website"},"primaryImageOfPage":{"@id":"https:\/\/viacarpatia.eu\/hu\/digicare4ce-nyari-iskola\/#primaryimage"},"image":{"@id":"https:\/\/viacarpatia.eu\/hu\/digicare4ce-nyari-iskola\/#primaryimage"},"thumbnailUrl":"https:\/\/viacarpatia.eu\/wp-content\/uploads\/2024\/08\/received_1639398936823573-e1723021516263.jpeg","datePublished":"2024-08-07T10:46:17+00:00","dateModified":"2024-08-07T11:16:49+00:00","author":{"@id":"https:\/\/viacarpatia.eu\/#\/schema\/person\/277ebb22abd307244031b67cd127739f"},"breadcrumb":{"@id":"https:\/\/viacarpatia.eu\/hu\/digicare4ce-nyari-iskola\/#breadcrumb"},"inLanguage":"hu","potentialAction":[{"@type":"ReadAction","target":["https:\/\/viacarpatia.eu\/hu\/digicare4ce-nyari-iskola\/"]}]},{"@type":"ImageObject","inLanguage":"hu","@id":"https:\/\/viacarpatia.eu\/hu\/digicare4ce-nyari-iskola\/#primaryimage","url":"https:\/\/viacarpatia.eu\/wp-content\/uploads\/2024\/08\/received_1639398936823573-e1723021516263.jpeg","contentUrl":"https:\/\/viacarpatia.eu\/wp-content\/uploads\/2024\/08\/received_1639398936823573-e1723021516263.jpeg","width":1536,"height":2048},{"@type":"BreadcrumbList","@id":"https:\/\/viacarpatia.eu\/hu\/digicare4ce-nyari-iskola\/#breadcrumb","itemListElement":[{"@type":"ListItem","position":1,"name":"Home","item":"https:\/\/viacarpatia.eu\/"},{"@type":"ListItem","position":2,"name":"DigiCare4CE &#8211; ny\u00e1ri iskola"}]},{"@type":"WebSite","@id":"https:\/\/viacarpatia.eu\/#website","url":"https:\/\/viacarpatia.eu\/","name":"ViaCarpatia","description":"Sp\u00e1jame historick\u00e9 a kult\u00farno-jazykov\u00e9 trad\u00edcie","alternateName":"ViaCarpatia","potentialAction":[{"@type":"SearchAction","target":{"@type":"EntryPoint","urlTemplate":"https:\/\/viacarpatia.eu\/?s={search_term_string}"},"query-input":{"@type":"PropertyValueSpecification","valueRequired":true,"valueName":"search_term_string"}}],"inLanguage":"hu"},{"@type":"Person","@id":"https:\/\/viacarpatia.eu\/#\/schema\/person\/277ebb22abd307244031b67cd127739f","name":"viacarpatia","image":{"@type":"ImageObject","inLanguage":"hu","@id":"https:\/\/secure.gravatar.com\/avatar\/bba74006701163acde19f8e575cb017e72fee5f1d026e5409c03c3812cd5ffd0?s=96&d=mm&r=g","url":"https:\/\/secure.gravatar.com\/avatar\/bba74006701163acde19f8e575cb017e72fee5f1d026e5409c03c3812cd5ffd0?s=96&d=mm&r=g","contentUrl":"https:\/\/secure.gravatar.com\/avatar\/bba74006701163acde19f8e575cb017e72fee5f1d026e5409c03c3812cd5ffd0?s=96&d=mm&r=g","caption":"viacarpatia"},"url":"https:\/\/viacarpatia.eu\/hu\/author\/viacarpatia\/"}]}},"_links":{"self":[{"href":"https:\/\/viacarpatia.eu\/hu\/wp-json\/wp\/v2\/posts\/9002","targetHints":{"allow":["GET"]}}],"collection":[{"href":"https:\/\/viacarpatia.eu\/hu\/wp-json\/wp\/v2\/posts"}],"about":[{"href":"https:\/\/viacarpatia.eu\/hu\/wp-json\/wp\/v2\/types\/post"}],"author":[{"embeddable":true,"href":"https:\/\/viacarpatia.eu\/hu\/wp-json\/wp\/v2\/users\/2"}],"replies":[{"embeddable":true,"href":"https:\/\/viacarpatia.eu\/hu\/wp-json\/wp\/v2\/comments?post=9002"}],"version-history":[{"count":1,"href":"https:\/\/viacarpatia.eu\/hu\/wp-json\/wp\/v2\/posts\/9002\/revisions"}],"predecessor-version":[{"id":9003,"href":"https:\/\/viacarpatia.eu\/hu\/wp-json\/wp\/v2\/posts\/9002\/revisions\/9003"}],"wp:featuredmedia":[{"embeddable":true,"href":"https:\/\/viacarpatia.eu\/hu\/wp-json\/wp\/v2\/media\/8982"}],"wp:attachment":[{"href":"https:\/\/viacarpatia.eu\/hu\/wp-json\/wp\/v2\/media?parent=9002"}],"wp:term":[{"taxonomy":"category","embeddable":true,"href":"https:\/\/viacarpatia.eu\/hu\/wp-json\/wp\/v2\/categories?post=9002"},{"taxonomy":"post_tag","embeddable":true,"href":"https:\/\/viacarpatia.eu\/hu\/wp-json\/wp\/v2\/tags?post=9002"}],"curies":[{"name":"wp","href":"https:\/\/api.w.org\/{rel}","templated":true}]}}