{"id":9567,"date":"2025-02-12T09:58:08","date_gmt":"2025-02-12T08:58:08","guid":{"rendered":"https:\/\/viacarpatia.eu\/?p=9567"},"modified":"2025-02-12T09:58:08","modified_gmt":"2025-02-12T08:58:08","slug":"a-young4climate-projekt-eredmenyei","status":"publish","type":"post","link":"https:\/\/viacarpatia.eu\/hu\/a-young4climate-projekt-eredmenyei\/","title":{"rendered":"A Young4Climate projekt eredm\u00e9nyei"},"content":{"rendered":"<p><span style=\"font-family: arial, sans-serif;\">A Norway Grants \u00e1ltal t\u00e1mogatott Young4Climate projekt nemcsak az \u00f6tlet\u00e9ben volt egyed\u00fcl\u00e1ll\u00f3, hanem abban is, hogy Kassa megy\u00e9ben 26 iskol\u00e1t akt\u00edvan bevont egy versenybe ami a \u00e9ghajlatv\u00e1ltoz\u00e1sr\u00f3l sz\u00f3l\u00f3 oktat\u00e1si j\u00e1t\u00e9k volt.<\/span><\/p>\n<p><span style=\"font-family: arial, sans-serif;\">T\u00f6bb mint 2265 di\u00e1k tanulta meg az \u00e9ghajlatv\u00e1ltoz\u00e1s hat\u00e1sait \u00e9s a megel\u0151z\u00e9s lehets\u00e9ges m\u00f3djait. A gy\u0151ztes iskol\u00e1k z\u00f6ldfalakat, es\u0151kerteket, szelekt\u00edv hullad\u00e9kgy\u0171jt\u0151ket \u00e9s elektromos komposzt\u00e1l\u00f3kat kaptak, a 7 legakt\u00edvabb j\u00e1t\u00e9kos SMART \u00f3r\u00e1kkal lett jutalmazva.<\/span><\/p>\n<p><span style=\"font-family: arial, sans-serif;\">A projektmenedzserek sz\u00e1m\u00e1ra kiv\u00e9teles lehet\u0151s\u00e9g ny\u00edlt a tapasztalatok megoszt\u00e1s\u00e1ra a norv\u00e9giai Haldenben \u00e9s Kass\u00e1n tartott tal\u00e1lkoz\u00f3kon, ut\u00f3bbi helysz\u00ednen a norv\u00e9g partnereinket vend\u00e9g\u00fcl l\u00e1ttuk, \u00e9s gazdag programmal k\u00e9sz\u00fclt\u00fcnk sz\u00e1mukra.<\/span><\/p>\n<p><span style=\"font-family: arial, sans-serif;\">H\u00e1l\u00e1sak vagyunk projektpartnereinknek \u2013 a Kassai M\u0171szaki Egyetemnek, a Smart Innovation Norway-nek, Kassa megy\u00e9nek \u00e9s a Norv\u00e9g Alap programnak \u2013, ami\u00e9rt t\u00e1mogattak minket, \u00e9s lehet\u0151v\u00e9 tett\u00e9k a projekt sikeres megval\u00f3s\u00edt\u00e1s\u00e1t.<\/span><\/p>\n<p><span style=\"font-family: arial, sans-serif;\">K\u00f6sz\u00f6nettel tartozunk az iskol\u00e1knak, tan\u00e1roknak, tanul\u00f3knak, csal\u00e1djaiknak \u00e9s minden \u00e9rintettnek az akt\u00edv r\u00e9szv\u00e9tel\u00e9rt, t\u00e1mogat\u00e1s\u00e9rt \u00e9s a projekt siker\u00e9hez val\u00f3 hozz\u00e1j\u00e1rul\u00e1s\u00e9rt.<\/span><\/p>\n<p><span style=\"font-family: arial, sans-serif;\">B\u00e1r a Young4Climate projekt most lez\u00e1rult, az \u00e9ghajlat v\u00e9delm\u00e9\u00e9rt tett er\u0151fesz\u00edt\u00e9seink nem \u00e1llnak meg.\u00a0<\/span>\u00daj kezdem\u00e9nyez\u00e9s\u00fcnk, a\u00a0<strong>#MountGreenFra<\/strong>\u00a0projekt ism\u00e9t z\u00f6ld megold\u00e1sokat hoz \u00e9s t\u00e1mogatja a k\u00f6rnyezeti oktat\u00e1st.<\/p>\n","protected":false},"excerpt":{"rendered":"<p>A Norway Grants \u00e1ltal t\u00e1mogatott Young4Climate projekt nemcsak az \u00f6tlet\u00e9ben volt egyed\u00fcl\u00e1ll\u00f3, hanem abban is, hogy Kassa megy\u00e9ben 26 iskol\u00e1t akt\u00edvan bevont egy versenybe ami a \u00e9ghajlatv\u00e1ltoz\u00e1sr\u00f3l sz\u00f3l\u00f3 oktat\u00e1si j\u00e1t\u00e9k volt. T\u00f6bb mint 2265 di\u00e1k tanulta meg az \u00e9ghajlatv\u00e1ltoz\u00e1s hat\u00e1sait \u00e9s a megel\u0151z\u00e9s lehets\u00e9ges m\u00f3djait. A gy\u0151ztes iskol\u00e1k z\u00f6ldfalakat, es\u0151kerteket, szelekt\u00edv hullad\u00e9kgy\u0171jt\u0151ket \u00e9s elektromos komposzt\u00e1l\u00f3kat [&hellip;]<\/p>\n","protected":false},"author":2,"featured_media":9562,"comment_status":"closed","ping_status":"open","sticky":false,"template":"","format":"standard","meta":{"inline_featured_image":false,"footnotes":""},"categories":[3],"tags":[],"class_list":["post-9567","post","type-post","status-publish","format-standard","has-post-thumbnail","hentry","category-uncategorized-hu"],"acf":[],"yoast_head":"<!-- This site is optimized with the Yoast SEO plugin v27.5 - https:\/\/yoast.com\/product\/yoast-seo-wordpress\/ -->\n<title>A Young4Climate projekt eredm\u00e9nyei - ViaCarpatia<\/title>\n<meta name=\"robots\" content=\"index, follow, max-snippet:-1, max-image-preview:large, max-video-preview:-1\" \/>\n<link rel=\"canonical\" href=\"https:\/\/viacarpatia.eu\/hu\/a-young4climate-projekt-eredmenyei\/\" \/>\n<meta property=\"og:locale\" content=\"hu_HU\" \/>\n<meta property=\"og:type\" content=\"article\" \/>\n<meta property=\"og:title\" content=\"A Young4Climate projekt eredm\u00e9nyei - ViaCarpatia\" \/>\n<meta property=\"og:description\" content=\"A Norway Grants \u00e1ltal t\u00e1mogatott Young4Climate projekt nemcsak az \u00f6tlet\u00e9ben volt egyed\u00fcl\u00e1ll\u00f3, hanem abban is, hogy Kassa megy\u00e9ben 26 iskol\u00e1t akt\u00edvan bevont egy versenybe ami a \u00e9ghajlatv\u00e1ltoz\u00e1sr\u00f3l sz\u00f3l\u00f3 oktat\u00e1si j\u00e1t\u00e9k volt. T\u00f6bb mint 2265 di\u00e1k tanulta meg az \u00e9ghajlatv\u00e1ltoz\u00e1s hat\u00e1sait \u00e9s a megel\u0151z\u00e9s lehets\u00e9ges m\u00f3djait. A gy\u0151ztes iskol\u00e1k z\u00f6ldfalakat, es\u0151kerteket, szelekt\u00edv hullad\u00e9kgy\u0171jt\u0151ket \u00e9s elektromos komposzt\u00e1l\u00f3kat [&hellip;]\" \/>\n<meta property=\"og:url\" content=\"https:\/\/viacarpatia.eu\/hu\/a-young4climate-projekt-eredmenyei\/\" \/>\n<meta property=\"og:site_name\" content=\"ViaCarpatia\" \/>\n<meta property=\"article:published_time\" content=\"2025-02-12T08:58:08+00:00\" \/>\n<meta property=\"og:image\" content=\"https:\/\/viacarpatia.eu\/wp-content\/uploads\/2025\/02\/Young4Climate_zaverecnakonferencia_01_april.jpg\" \/>\n\t<meta property=\"og:image:width\" content=\"2560\" \/>\n\t<meta property=\"og:image:height\" content=\"1703\" \/>\n\t<meta property=\"og:image:type\" content=\"image\/jpeg\" \/>\n<meta name=\"author\" content=\"viacarpatia\" \/>\n<meta name=\"twitter:card\" content=\"summary_large_image\" \/>\n<meta name=\"twitter:label1\" content=\"Szerz\u0151:\" \/>\n\t<meta name=\"twitter:data1\" content=\"viacarpatia\" \/>\n\t<meta name=\"twitter:label2\" content=\"Becs\u00fclt olvas\u00e1si id\u0151\" \/>\n\t<meta name=\"twitter:data2\" content=\"1 perc\" \/>\n<script type=\"application\/ld+json\" class=\"yoast-schema-graph\">{\"@context\":\"https:\\\/\\\/schema.org\",\"@graph\":[{\"@type\":\"Article\",\"@id\":\"https:\\\/\\\/viacarpatia.eu\\\/hu\\\/a-young4climate-projekt-eredmenyei\\\/#article\",\"isPartOf\":{\"@id\":\"https:\\\/\\\/viacarpatia.eu\\\/hu\\\/a-young4climate-projekt-eredmenyei\\\/\"},\"author\":{\"name\":\"viacarpatia\",\"@id\":\"https:\\\/\\\/viacarpatia.eu\\\/#\\\/schema\\\/person\\\/277ebb22abd307244031b67cd127739f\"},\"headline\":\"A Young4Climate projekt eredm\u00e9nyei\",\"datePublished\":\"2025-02-12T08:58:08+00:00\",\"mainEntityOfPage\":{\"@id\":\"https:\\\/\\\/viacarpatia.eu\\\/hu\\\/a-young4climate-projekt-eredmenyei\\\/\"},\"wordCount\":279,\"image\":{\"@id\":\"https:\\\/\\\/viacarpatia.eu\\\/hu\\\/a-young4climate-projekt-eredmenyei\\\/#primaryimage\"},\"thumbnailUrl\":\"https:\\\/\\\/viacarpatia.eu\\\/wp-content\\\/uploads\\\/2025\\\/02\\\/Young4Climate_zaverecnakonferencia_01_april.jpg\",\"articleSection\":[\"Uncategorized\"],\"inLanguage\":\"hu\"},{\"@type\":\"WebPage\",\"@id\":\"https:\\\/\\\/viacarpatia.eu\\\/hu\\\/a-young4climate-projekt-eredmenyei\\\/\",\"url\":\"https:\\\/\\\/viacarpatia.eu\\\/hu\\\/a-young4climate-projekt-eredmenyei\\\/\",\"name\":\"A Young4Climate projekt eredm\u00e9nyei - ViaCarpatia\",\"isPartOf\":{\"@id\":\"https:\\\/\\\/viacarpatia.eu\\\/#website\"},\"primaryImageOfPage\":{\"@id\":\"https:\\\/\\\/viacarpatia.eu\\\/hu\\\/a-young4climate-projekt-eredmenyei\\\/#primaryimage\"},\"image\":{\"@id\":\"https:\\\/\\\/viacarpatia.eu\\\/hu\\\/a-young4climate-projekt-eredmenyei\\\/#primaryimage\"},\"thumbnailUrl\":\"https:\\\/\\\/viacarpatia.eu\\\/wp-content\\\/uploads\\\/2025\\\/02\\\/Young4Climate_zaverecnakonferencia_01_april.jpg\",\"datePublished\":\"2025-02-12T08:58:08+00:00\",\"author\":{\"@id\":\"https:\\\/\\\/viacarpatia.eu\\\/#\\\/schema\\\/person\\\/277ebb22abd307244031b67cd127739f\"},\"breadcrumb\":{\"@id\":\"https:\\\/\\\/viacarpatia.eu\\\/hu\\\/a-young4climate-projekt-eredmenyei\\\/#breadcrumb\"},\"inLanguage\":\"hu\",\"potentialAction\":[{\"@type\":\"ReadAction\",\"target\":[\"https:\\\/\\\/viacarpatia.eu\\\/hu\\\/a-young4climate-projekt-eredmenyei\\\/\"]}]},{\"@type\":\"ImageObject\",\"inLanguage\":\"hu\",\"@id\":\"https:\\\/\\\/viacarpatia.eu\\\/hu\\\/a-young4climate-projekt-eredmenyei\\\/#primaryimage\",\"url\":\"https:\\\/\\\/viacarpatia.eu\\\/wp-content\\\/uploads\\\/2025\\\/02\\\/Young4Climate_zaverecnakonferencia_01_april.jpg\",\"contentUrl\":\"https:\\\/\\\/viacarpatia.eu\\\/wp-content\\\/uploads\\\/2025\\\/02\\\/Young4Climate_zaverecnakonferencia_01_april.jpg\",\"width\":2560,\"height\":1703},{\"@type\":\"BreadcrumbList\",\"@id\":\"https:\\\/\\\/viacarpatia.eu\\\/hu\\\/a-young4climate-projekt-eredmenyei\\\/#breadcrumb\",\"itemListElement\":[{\"@type\":\"ListItem\",\"position\":1,\"name\":\"Home\",\"item\":\"https:\\\/\\\/viacarpatia.eu\\\/\"},{\"@type\":\"ListItem\",\"position\":2,\"name\":\"A Young4Climate projekt eredm\u00e9nyei\"}]},{\"@type\":\"WebSite\",\"@id\":\"https:\\\/\\\/viacarpatia.eu\\\/#website\",\"url\":\"https:\\\/\\\/viacarpatia.eu\\\/\",\"name\":\"ViaCarpatia\",\"description\":\"Sp\u00e1jame historick\u00e9 a kult\u00farno-jazykov\u00e9 trad\u00edcie\",\"alternateName\":\"ViaCarpatia\",\"potentialAction\":[{\"@type\":\"SearchAction\",\"target\":{\"@type\":\"EntryPoint\",\"urlTemplate\":\"https:\\\/\\\/viacarpatia.eu\\\/?s={search_term_string}\"},\"query-input\":{\"@type\":\"PropertyValueSpecification\",\"valueRequired\":true,\"valueName\":\"search_term_string\"}}],\"inLanguage\":\"hu\"},{\"@type\":\"Person\",\"@id\":\"https:\\\/\\\/viacarpatia.eu\\\/#\\\/schema\\\/person\\\/277ebb22abd307244031b67cd127739f\",\"name\":\"viacarpatia\",\"image\":{\"@type\":\"ImageObject\",\"inLanguage\":\"hu\",\"@id\":\"https:\\\/\\\/secure.gravatar.com\\\/avatar\\\/bba74006701163acde19f8e575cb017e72fee5f1d026e5409c03c3812cd5ffd0?s=96&d=mm&r=g\",\"url\":\"https:\\\/\\\/secure.gravatar.com\\\/avatar\\\/bba74006701163acde19f8e575cb017e72fee5f1d026e5409c03c3812cd5ffd0?s=96&d=mm&r=g\",\"contentUrl\":\"https:\\\/\\\/secure.gravatar.com\\\/avatar\\\/bba74006701163acde19f8e575cb017e72fee5f1d026e5409c03c3812cd5ffd0?s=96&d=mm&r=g\",\"caption\":\"viacarpatia\"},\"url\":\"https:\\\/\\\/viacarpatia.eu\\\/hu\\\/author\\\/viacarpatia\\\/\"}]}<\/script>\n<!-- \/ Yoast SEO plugin. -->","yoast_head_json":{"title":"A Young4Climate projekt eredm\u00e9nyei - ViaCarpatia","robots":{"index":"index","follow":"follow","max-snippet":"max-snippet:-1","max-image-preview":"max-image-preview:large","max-video-preview":"max-video-preview:-1"},"canonical":"https:\/\/viacarpatia.eu\/hu\/a-young4climate-projekt-eredmenyei\/","og_locale":"hu_HU","og_type":"article","og_title":"A Young4Climate projekt eredm\u00e9nyei - ViaCarpatia","og_description":"A Norway Grants \u00e1ltal t\u00e1mogatott Young4Climate projekt nemcsak az \u00f6tlet\u00e9ben volt egyed\u00fcl\u00e1ll\u00f3, hanem abban is, hogy Kassa megy\u00e9ben 26 iskol\u00e1t akt\u00edvan bevont egy versenybe ami a \u00e9ghajlatv\u00e1ltoz\u00e1sr\u00f3l sz\u00f3l\u00f3 oktat\u00e1si j\u00e1t\u00e9k volt. T\u00f6bb mint 2265 di\u00e1k tanulta meg az \u00e9ghajlatv\u00e1ltoz\u00e1s hat\u00e1sait \u00e9s a megel\u0151z\u00e9s lehets\u00e9ges m\u00f3djait. A gy\u0151ztes iskol\u00e1k z\u00f6ldfalakat, es\u0151kerteket, szelekt\u00edv hullad\u00e9kgy\u0171jt\u0151ket \u00e9s elektromos komposzt\u00e1l\u00f3kat [&hellip;]","og_url":"https:\/\/viacarpatia.eu\/hu\/a-young4climate-projekt-eredmenyei\/","og_site_name":"ViaCarpatia","article_published_time":"2025-02-12T08:58:08+00:00","og_image":[{"width":2560,"height":1703,"url":"https:\/\/viacarpatia.eu\/wp-content\/uploads\/2025\/02\/Young4Climate_zaverecnakonferencia_01_april.jpg","type":"image\/jpeg"}],"author":"viacarpatia","twitter_card":"summary_large_image","twitter_misc":{"Szerz\u0151:":"viacarpatia","Becs\u00fclt olvas\u00e1si id\u0151":"1 perc"},"schema":{"@context":"https:\/\/schema.org","@graph":[{"@type":"Article","@id":"https:\/\/viacarpatia.eu\/hu\/a-young4climate-projekt-eredmenyei\/#article","isPartOf":{"@id":"https:\/\/viacarpatia.eu\/hu\/a-young4climate-projekt-eredmenyei\/"},"author":{"name":"viacarpatia","@id":"https:\/\/viacarpatia.eu\/#\/schema\/person\/277ebb22abd307244031b67cd127739f"},"headline":"A Young4Climate projekt eredm\u00e9nyei","datePublished":"2025-02-12T08:58:08+00:00","mainEntityOfPage":{"@id":"https:\/\/viacarpatia.eu\/hu\/a-young4climate-projekt-eredmenyei\/"},"wordCount":279,"image":{"@id":"https:\/\/viacarpatia.eu\/hu\/a-young4climate-projekt-eredmenyei\/#primaryimage"},"thumbnailUrl":"https:\/\/viacarpatia.eu\/wp-content\/uploads\/2025\/02\/Young4Climate_zaverecnakonferencia_01_april.jpg","articleSection":["Uncategorized"],"inLanguage":"hu"},{"@type":"WebPage","@id":"https:\/\/viacarpatia.eu\/hu\/a-young4climate-projekt-eredmenyei\/","url":"https:\/\/viacarpatia.eu\/hu\/a-young4climate-projekt-eredmenyei\/","name":"A Young4Climate projekt eredm\u00e9nyei - ViaCarpatia","isPartOf":{"@id":"https:\/\/viacarpatia.eu\/#website"},"primaryImageOfPage":{"@id":"https:\/\/viacarpatia.eu\/hu\/a-young4climate-projekt-eredmenyei\/#primaryimage"},"image":{"@id":"https:\/\/viacarpatia.eu\/hu\/a-young4climate-projekt-eredmenyei\/#primaryimage"},"thumbnailUrl":"https:\/\/viacarpatia.eu\/wp-content\/uploads\/2025\/02\/Young4Climate_zaverecnakonferencia_01_april.jpg","datePublished":"2025-02-12T08:58:08+00:00","author":{"@id":"https:\/\/viacarpatia.eu\/#\/schema\/person\/277ebb22abd307244031b67cd127739f"},"breadcrumb":{"@id":"https:\/\/viacarpatia.eu\/hu\/a-young4climate-projekt-eredmenyei\/#breadcrumb"},"inLanguage":"hu","potentialAction":[{"@type":"ReadAction","target":["https:\/\/viacarpatia.eu\/hu\/a-young4climate-projekt-eredmenyei\/"]}]},{"@type":"ImageObject","inLanguage":"hu","@id":"https:\/\/viacarpatia.eu\/hu\/a-young4climate-projekt-eredmenyei\/#primaryimage","url":"https:\/\/viacarpatia.eu\/wp-content\/uploads\/2025\/02\/Young4Climate_zaverecnakonferencia_01_april.jpg","contentUrl":"https:\/\/viacarpatia.eu\/wp-content\/uploads\/2025\/02\/Young4Climate_zaverecnakonferencia_01_april.jpg","width":2560,"height":1703},{"@type":"BreadcrumbList","@id":"https:\/\/viacarpatia.eu\/hu\/a-young4climate-projekt-eredmenyei\/#breadcrumb","itemListElement":[{"@type":"ListItem","position":1,"name":"Home","item":"https:\/\/viacarpatia.eu\/"},{"@type":"ListItem","position":2,"name":"A Young4Climate projekt eredm\u00e9nyei"}]},{"@type":"WebSite","@id":"https:\/\/viacarpatia.eu\/#website","url":"https:\/\/viacarpatia.eu\/","name":"ViaCarpatia","description":"Sp\u00e1jame historick\u00e9 a kult\u00farno-jazykov\u00e9 trad\u00edcie","alternateName":"ViaCarpatia","potentialAction":[{"@type":"SearchAction","target":{"@type":"EntryPoint","urlTemplate":"https:\/\/viacarpatia.eu\/?s={search_term_string}"},"query-input":{"@type":"PropertyValueSpecification","valueRequired":true,"valueName":"search_term_string"}}],"inLanguage":"hu"},{"@type":"Person","@id":"https:\/\/viacarpatia.eu\/#\/schema\/person\/277ebb22abd307244031b67cd127739f","name":"viacarpatia","image":{"@type":"ImageObject","inLanguage":"hu","@id":"https:\/\/secure.gravatar.com\/avatar\/bba74006701163acde19f8e575cb017e72fee5f1d026e5409c03c3812cd5ffd0?s=96&d=mm&r=g","url":"https:\/\/secure.gravatar.com\/avatar\/bba74006701163acde19f8e575cb017e72fee5f1d026e5409c03c3812cd5ffd0?s=96&d=mm&r=g","contentUrl":"https:\/\/secure.gravatar.com\/avatar\/bba74006701163acde19f8e575cb017e72fee5f1d026e5409c03c3812cd5ffd0?s=96&d=mm&r=g","caption":"viacarpatia"},"url":"https:\/\/viacarpatia.eu\/hu\/author\/viacarpatia\/"}]}},"_links":{"self":[{"href":"https:\/\/viacarpatia.eu\/hu\/wp-json\/wp\/v2\/posts\/9567","targetHints":{"allow":["GET"]}}],"collection":[{"href":"https:\/\/viacarpatia.eu\/hu\/wp-json\/wp\/v2\/posts"}],"about":[{"href":"https:\/\/viacarpatia.eu\/hu\/wp-json\/wp\/v2\/types\/post"}],"author":[{"embeddable":true,"href":"https:\/\/viacarpatia.eu\/hu\/wp-json\/wp\/v2\/users\/2"}],"replies":[{"embeddable":true,"href":"https:\/\/viacarpatia.eu\/hu\/wp-json\/wp\/v2\/comments?post=9567"}],"version-history":[{"count":1,"href":"https:\/\/viacarpatia.eu\/hu\/wp-json\/wp\/v2\/posts\/9567\/revisions"}],"predecessor-version":[{"id":9568,"href":"https:\/\/viacarpatia.eu\/hu\/wp-json\/wp\/v2\/posts\/9567\/revisions\/9568"}],"wp:featuredmedia":[{"embeddable":true,"href":"https:\/\/viacarpatia.eu\/hu\/wp-json\/wp\/v2\/media\/9562"}],"wp:attachment":[{"href":"https:\/\/viacarpatia.eu\/hu\/wp-json\/wp\/v2\/media?parent=9567"}],"wp:term":[{"taxonomy":"category","embeddable":true,"href":"https:\/\/viacarpatia.eu\/hu\/wp-json\/wp\/v2\/categories?post=9567"},{"taxonomy":"post_tag","embeddable":true,"href":"https:\/\/viacarpatia.eu\/hu\/wp-json\/wp\/v2\/tags?post=9567"}],"curies":[{"name":"wp","href":"https:\/\/api.w.org\/{rel}","templated":true}]}}