{"id":9927,"date":"2025-06-24T11:15:07","date_gmt":"2025-06-24T09:15:07","guid":{"rendered":"https:\/\/viacarpatia.eu\/?p=9927"},"modified":"2025-06-24T11:15:07","modified_gmt":"2025-06-24T09:15:07","slug":"talalkozo-a-mount-greenfra-projekt-partnereivel","status":"publish","type":"post","link":"https:\/\/viacarpatia.eu\/hu\/talalkozo-a-mount-greenfra-projekt-partnereivel\/","title":{"rendered":"Tal\u00e1lkoz\u00f3 a MOUNT GREENFRA projekt partnereivel"},"content":{"rendered":"<p>A MOUNT GREENFRA projekt partnerei \u2013 amely a Magyarorsz\u00e1g\u2013Szlov\u00e1kia Interreg Program keret\u00e9ben val\u00f3sul meg \u2013 szakmai tal\u00e1lkoz\u00f3n vettek r\u00e9szt, ahol a z\u00f6ld \u00e9s k\u00e9k infrastrukt\u00far\u00e1ba ir\u00e1nyul\u00f3 beruh\u00e1z\u00e1sok tervez\u00e9se \u00e9s \u00f6sszehangol\u00e1sa ker\u00fclt a k\u00f6z\u00e9ppontba.<\/p>\n<p>A tal\u00e1lkoz\u00f3 c\u00e9lja az volt, hogy a partnerek megossz\u00e1k tapasztalataikat a z\u00f6ld \u00e9s k\u00e9k infrastrukt\u00fara ter\u00fclet\u00e9n, valamint egyeztessenek az es\u0151v\u00edz fenntarthat\u00f3 hasznos\u00edt\u00e1s\u00e1r\u00f3l, az \u00f6kol\u00f3giai revitaliz\u00e1ci\u00f3t \u00e9s a kl\u00edmaadapt\u00e1ci\u00f3t szolg\u00e1l\u00f3 megold\u00e1sok megval\u00f3s\u00edt\u00e1s\u00e1nak konkr\u00e9t l\u00e9p\u00e9seir\u0151l a projektben r\u00e9szt vev\u0151 magyarorsz\u00e1gi \u00e9s szlov\u00e1kiai r\u00e9gi\u00f3kban. A r\u00e9sztvev\u0151k bemutatt\u00e1k saj\u00e1t megk\u00f6zel\u00edt\u00e9seiket, inspir\u00e1ci\u00f3ikat kor\u00e1bbi projektekb\u0151l, valamint azokat az el\u0151k\u00e9sz\u00fcletben l\u00e9v\u0151 tev\u00e9kenys\u00e9geket, amelyeket a MOUNT GREENFRA projekt keret\u00e9ben k\u00edv\u00e1nnak megval\u00f3s\u00edtani.<\/p>\n<p>A programot k\u00f6z\u00f6s terepl\u00e1togat\u00e1sok is sz\u00ednes\u00edtett\u00e9k, amelyek sor\u00e1n a partnerek z\u00f6ld \u00e9s k\u00e9k infrastrukt\u00far\u00e1ra vonatkoz\u00f3 gyakorlati megold\u00e1sokat tekintettek meg v\u00e1rosi \u00e9s vid\u00e9ki k\u00f6rnyezetben egyar\u00e1nt. Bemutat\u00e1sra ker\u00fcltek z\u00f6ld falak, \u00e9p\u00fcleteken elhelyezett es\u0151v\u00edzgy\u0171jt\u0151 \u00e9s -hasznos\u00edt\u00f3 rendszerek, valamint olyan helyi megold\u00e1sok, amelyek a csapad\u00e9kv\u00edz visszatart\u00e1s\u00e1t \u00e9s elvezet\u00e9s\u00e9t szolg\u00e1lj\u00e1k.<\/p>\n<p>A tal\u00e1lkoz\u00f3 fontos l\u00e9p\u00e9st jelentett a z\u00f6ld \u00e9s k\u00e9k infrastrukt\u00fara k\u00f6z\u00f6s fejleszt\u00e9s\u00e9ben \u00e9s lehet\u0151s\u00e9get teremtett a tapasztalatok megoszt\u00e1s\u00e1ra a k\u00fcl\u00f6nb\u00f6z\u0151 r\u00e9gi\u00f3k k\u00f6z\u00f6tt. <\/p>\n","protected":false},"excerpt":{"rendered":"<p>A MOUNT GREENFRA projekt partnerei \u2013 amely a Magyarorsz\u00e1g\u2013Szlov\u00e1kia Interreg Program keret\u00e9ben val\u00f3sul meg \u2013 szakmai tal\u00e1lkoz\u00f3n vettek r\u00e9szt, ahol a z\u00f6ld \u00e9s k\u00e9k infrastrukt\u00far\u00e1ba ir\u00e1nyul\u00f3 beruh\u00e1z\u00e1sok tervez\u00e9se \u00e9s \u00f6sszehangol\u00e1sa ker\u00fclt a k\u00f6z\u00e9ppontba. A tal\u00e1lkoz\u00f3 c\u00e9lja az volt, hogy a partnerek megossz\u00e1k tapasztalataikat a z\u00f6ld \u00e9s k\u00e9k infrastrukt\u00fara ter\u00fclet\u00e9n, valamint egyeztessenek az es\u0151v\u00edz fenntarthat\u00f3 hasznos\u00edt\u00e1s\u00e1r\u00f3l, [&hellip;]<\/p>\n","protected":false},"author":2,"featured_media":9921,"comment_status":"closed","ping_status":"open","sticky":false,"template":"","format":"standard","meta":{"inline_featured_image":false,"footnotes":""},"categories":[3],"tags":[],"class_list":["post-9927","post","type-post","status-publish","format-standard","has-post-thumbnail","hentry","category-uncategorized-hu"],"acf":[],"yoast_head":"<!-- This site is optimized with the Yoast SEO plugin v27.4 - https:\/\/yoast.com\/product\/yoast-seo-wordpress\/ -->\n<title>Tal\u00e1lkoz\u00f3 a MOUNT GREENFRA projekt partnereivel - ViaCarpatia<\/title>\n<meta name=\"robots\" content=\"index, follow, max-snippet:-1, max-image-preview:large, max-video-preview:-1\" \/>\n<link rel=\"canonical\" href=\"https:\/\/viacarpatia.eu\/hu\/talalkozo-a-mount-greenfra-projekt-partnereivel\/\" \/>\n<meta property=\"og:locale\" content=\"hu_HU\" \/>\n<meta property=\"og:type\" content=\"article\" \/>\n<meta property=\"og:title\" content=\"Tal\u00e1lkoz\u00f3 a MOUNT GREENFRA projekt partnereivel - ViaCarpatia\" \/>\n<meta property=\"og:description\" content=\"A MOUNT GREENFRA projekt partnerei \u2013 amely a Magyarorsz\u00e1g\u2013Szlov\u00e1kia Interreg Program keret\u00e9ben val\u00f3sul meg \u2013 szakmai tal\u00e1lkoz\u00f3n vettek r\u00e9szt, ahol a z\u00f6ld \u00e9s k\u00e9k infrastrukt\u00far\u00e1ba ir\u00e1nyul\u00f3 beruh\u00e1z\u00e1sok tervez\u00e9se \u00e9s \u00f6sszehangol\u00e1sa ker\u00fclt a k\u00f6z\u00e9ppontba. A tal\u00e1lkoz\u00f3 c\u00e9lja az volt, hogy a partnerek megossz\u00e1k tapasztalataikat a z\u00f6ld \u00e9s k\u00e9k infrastrukt\u00fara ter\u00fclet\u00e9n, valamint egyeztessenek az es\u0151v\u00edz fenntarthat\u00f3 hasznos\u00edt\u00e1s\u00e1r\u00f3l, [&hellip;]\" \/>\n<meta property=\"og:url\" content=\"https:\/\/viacarpatia.eu\/hu\/talalkozo-a-mount-greenfra-projekt-partnereivel\/\" \/>\n<meta property=\"og:site_name\" content=\"ViaCarpatia\" \/>\n<meta property=\"article:published_time\" content=\"2025-06-24T09:15:07+00:00\" \/>\n<meta property=\"og:image\" content=\"https:\/\/viacarpatia.eu\/wp-content\/uploads\/2025\/06\/IMG_0836-1-scaled.jpg\" \/>\n\t<meta property=\"og:image:width\" content=\"2560\" \/>\n\t<meta property=\"og:image:height\" content=\"1920\" \/>\n\t<meta property=\"og:image:type\" content=\"image\/jpeg\" \/>\n<meta name=\"author\" content=\"viacarpatia\" \/>\n<meta name=\"twitter:card\" content=\"summary_large_image\" \/>\n<meta name=\"twitter:label1\" content=\"Szerz\u0151:\" \/>\n\t<meta name=\"twitter:data1\" content=\"viacarpatia\" \/>\n\t<meta name=\"twitter:label2\" content=\"Becs\u00fclt olvas\u00e1si id\u0151\" \/>\n\t<meta name=\"twitter:data2\" content=\"1 perc\" \/>\n<script type=\"application\/ld+json\" class=\"yoast-schema-graph\">{\"@context\":\"https:\\\/\\\/schema.org\",\"@graph\":[{\"@type\":\"Article\",\"@id\":\"https:\\\/\\\/viacarpatia.eu\\\/hu\\\/talalkozo-a-mount-greenfra-projekt-partnereivel\\\/#article\",\"isPartOf\":{\"@id\":\"https:\\\/\\\/viacarpatia.eu\\\/hu\\\/talalkozo-a-mount-greenfra-projekt-partnereivel\\\/\"},\"author\":{\"name\":\"viacarpatia\",\"@id\":\"https:\\\/\\\/viacarpatia.eu\\\/#\\\/schema\\\/person\\\/277ebb22abd307244031b67cd127739f\"},\"headline\":\"Tal\u00e1lkoz\u00f3 a MOUNT GREENFRA projekt partnereivel\",\"datePublished\":\"2025-06-24T09:15:07+00:00\",\"mainEntityOfPage\":{\"@id\":\"https:\\\/\\\/viacarpatia.eu\\\/hu\\\/talalkozo-a-mount-greenfra-projekt-partnereivel\\\/\"},\"wordCount\":300,\"image\":{\"@id\":\"https:\\\/\\\/viacarpatia.eu\\\/hu\\\/talalkozo-a-mount-greenfra-projekt-partnereivel\\\/#primaryimage\"},\"thumbnailUrl\":\"https:\\\/\\\/viacarpatia.eu\\\/wp-content\\\/uploads\\\/2025\\\/06\\\/IMG_0836-1-scaled.jpg\",\"articleSection\":[\"Uncategorized\"],\"inLanguage\":\"hu\"},{\"@type\":\"WebPage\",\"@id\":\"https:\\\/\\\/viacarpatia.eu\\\/hu\\\/talalkozo-a-mount-greenfra-projekt-partnereivel\\\/\",\"url\":\"https:\\\/\\\/viacarpatia.eu\\\/hu\\\/talalkozo-a-mount-greenfra-projekt-partnereivel\\\/\",\"name\":\"Tal\u00e1lkoz\u00f3 a MOUNT GREENFRA projekt partnereivel - ViaCarpatia\",\"isPartOf\":{\"@id\":\"https:\\\/\\\/viacarpatia.eu\\\/#website\"},\"primaryImageOfPage\":{\"@id\":\"https:\\\/\\\/viacarpatia.eu\\\/hu\\\/talalkozo-a-mount-greenfra-projekt-partnereivel\\\/#primaryimage\"},\"image\":{\"@id\":\"https:\\\/\\\/viacarpatia.eu\\\/hu\\\/talalkozo-a-mount-greenfra-projekt-partnereivel\\\/#primaryimage\"},\"thumbnailUrl\":\"https:\\\/\\\/viacarpatia.eu\\\/wp-content\\\/uploads\\\/2025\\\/06\\\/IMG_0836-1-scaled.jpg\",\"datePublished\":\"2025-06-24T09:15:07+00:00\",\"author\":{\"@id\":\"https:\\\/\\\/viacarpatia.eu\\\/#\\\/schema\\\/person\\\/277ebb22abd307244031b67cd127739f\"},\"breadcrumb\":{\"@id\":\"https:\\\/\\\/viacarpatia.eu\\\/hu\\\/talalkozo-a-mount-greenfra-projekt-partnereivel\\\/#breadcrumb\"},\"inLanguage\":\"hu\",\"potentialAction\":[{\"@type\":\"ReadAction\",\"target\":[\"https:\\\/\\\/viacarpatia.eu\\\/hu\\\/talalkozo-a-mount-greenfra-projekt-partnereivel\\\/\"]}]},{\"@type\":\"ImageObject\",\"inLanguage\":\"hu\",\"@id\":\"https:\\\/\\\/viacarpatia.eu\\\/hu\\\/talalkozo-a-mount-greenfra-projekt-partnereivel\\\/#primaryimage\",\"url\":\"https:\\\/\\\/viacarpatia.eu\\\/wp-content\\\/uploads\\\/2025\\\/06\\\/IMG_0836-1-scaled.jpg\",\"contentUrl\":\"https:\\\/\\\/viacarpatia.eu\\\/wp-content\\\/uploads\\\/2025\\\/06\\\/IMG_0836-1-scaled.jpg\",\"width\":2560,\"height\":1920},{\"@type\":\"BreadcrumbList\",\"@id\":\"https:\\\/\\\/viacarpatia.eu\\\/hu\\\/talalkozo-a-mount-greenfra-projekt-partnereivel\\\/#breadcrumb\",\"itemListElement\":[{\"@type\":\"ListItem\",\"position\":1,\"name\":\"Home\",\"item\":\"https:\\\/\\\/viacarpatia.eu\\\/\"},{\"@type\":\"ListItem\",\"position\":2,\"name\":\"Tal\u00e1lkoz\u00f3 a MOUNT GREENFRA projekt partnereivel\"}]},{\"@type\":\"WebSite\",\"@id\":\"https:\\\/\\\/viacarpatia.eu\\\/#website\",\"url\":\"https:\\\/\\\/viacarpatia.eu\\\/\",\"name\":\"ViaCarpatia\",\"description\":\"Sp\u00e1jame historick\u00e9 a kult\u00farno-jazykov\u00e9 trad\u00edcie\",\"alternateName\":\"ViaCarpatia\",\"potentialAction\":[{\"@type\":\"SearchAction\",\"target\":{\"@type\":\"EntryPoint\",\"urlTemplate\":\"https:\\\/\\\/viacarpatia.eu\\\/?s={search_term_string}\"},\"query-input\":{\"@type\":\"PropertyValueSpecification\",\"valueRequired\":true,\"valueName\":\"search_term_string\"}}],\"inLanguage\":\"hu\"},{\"@type\":\"Person\",\"@id\":\"https:\\\/\\\/viacarpatia.eu\\\/#\\\/schema\\\/person\\\/277ebb22abd307244031b67cd127739f\",\"name\":\"viacarpatia\",\"image\":{\"@type\":\"ImageObject\",\"inLanguage\":\"hu\",\"@id\":\"https:\\\/\\\/secure.gravatar.com\\\/avatar\\\/bba74006701163acde19f8e575cb017e72fee5f1d026e5409c03c3812cd5ffd0?s=96&d=mm&r=g\",\"url\":\"https:\\\/\\\/secure.gravatar.com\\\/avatar\\\/bba74006701163acde19f8e575cb017e72fee5f1d026e5409c03c3812cd5ffd0?s=96&d=mm&r=g\",\"contentUrl\":\"https:\\\/\\\/secure.gravatar.com\\\/avatar\\\/bba74006701163acde19f8e575cb017e72fee5f1d026e5409c03c3812cd5ffd0?s=96&d=mm&r=g\",\"caption\":\"viacarpatia\"},\"url\":\"https:\\\/\\\/viacarpatia.eu\\\/hu\\\/author\\\/viacarpatia\\\/\"}]}<\/script>\n<!-- \/ Yoast SEO plugin. -->","yoast_head_json":{"title":"Tal\u00e1lkoz\u00f3 a MOUNT GREENFRA projekt partnereivel - ViaCarpatia","robots":{"index":"index","follow":"follow","max-snippet":"max-snippet:-1","max-image-preview":"max-image-preview:large","max-video-preview":"max-video-preview:-1"},"canonical":"https:\/\/viacarpatia.eu\/hu\/talalkozo-a-mount-greenfra-projekt-partnereivel\/","og_locale":"hu_HU","og_type":"article","og_title":"Tal\u00e1lkoz\u00f3 a MOUNT GREENFRA projekt partnereivel - ViaCarpatia","og_description":"A MOUNT GREENFRA projekt partnerei \u2013 amely a Magyarorsz\u00e1g\u2013Szlov\u00e1kia Interreg Program keret\u00e9ben val\u00f3sul meg \u2013 szakmai tal\u00e1lkoz\u00f3n vettek r\u00e9szt, ahol a z\u00f6ld \u00e9s k\u00e9k infrastrukt\u00far\u00e1ba ir\u00e1nyul\u00f3 beruh\u00e1z\u00e1sok tervez\u00e9se \u00e9s \u00f6sszehangol\u00e1sa ker\u00fclt a k\u00f6z\u00e9ppontba. A tal\u00e1lkoz\u00f3 c\u00e9lja az volt, hogy a partnerek megossz\u00e1k tapasztalataikat a z\u00f6ld \u00e9s k\u00e9k infrastrukt\u00fara ter\u00fclet\u00e9n, valamint egyeztessenek az es\u0151v\u00edz fenntarthat\u00f3 hasznos\u00edt\u00e1s\u00e1r\u00f3l, [&hellip;]","og_url":"https:\/\/viacarpatia.eu\/hu\/talalkozo-a-mount-greenfra-projekt-partnereivel\/","og_site_name":"ViaCarpatia","article_published_time":"2025-06-24T09:15:07+00:00","og_image":[{"width":2560,"height":1920,"url":"https:\/\/viacarpatia.eu\/wp-content\/uploads\/2025\/06\/IMG_0836-1-scaled.jpg","type":"image\/jpeg"}],"author":"viacarpatia","twitter_card":"summary_large_image","twitter_misc":{"Szerz\u0151:":"viacarpatia","Becs\u00fclt olvas\u00e1si id\u0151":"1 perc"},"schema":{"@context":"https:\/\/schema.org","@graph":[{"@type":"Article","@id":"https:\/\/viacarpatia.eu\/hu\/talalkozo-a-mount-greenfra-projekt-partnereivel\/#article","isPartOf":{"@id":"https:\/\/viacarpatia.eu\/hu\/talalkozo-a-mount-greenfra-projekt-partnereivel\/"},"author":{"name":"viacarpatia","@id":"https:\/\/viacarpatia.eu\/#\/schema\/person\/277ebb22abd307244031b67cd127739f"},"headline":"Tal\u00e1lkoz\u00f3 a MOUNT GREENFRA projekt partnereivel","datePublished":"2025-06-24T09:15:07+00:00","mainEntityOfPage":{"@id":"https:\/\/viacarpatia.eu\/hu\/talalkozo-a-mount-greenfra-projekt-partnereivel\/"},"wordCount":300,"image":{"@id":"https:\/\/viacarpatia.eu\/hu\/talalkozo-a-mount-greenfra-projekt-partnereivel\/#primaryimage"},"thumbnailUrl":"https:\/\/viacarpatia.eu\/wp-content\/uploads\/2025\/06\/IMG_0836-1-scaled.jpg","articleSection":["Uncategorized"],"inLanguage":"hu"},{"@type":"WebPage","@id":"https:\/\/viacarpatia.eu\/hu\/talalkozo-a-mount-greenfra-projekt-partnereivel\/","url":"https:\/\/viacarpatia.eu\/hu\/talalkozo-a-mount-greenfra-projekt-partnereivel\/","name":"Tal\u00e1lkoz\u00f3 a MOUNT GREENFRA projekt partnereivel - ViaCarpatia","isPartOf":{"@id":"https:\/\/viacarpatia.eu\/#website"},"primaryImageOfPage":{"@id":"https:\/\/viacarpatia.eu\/hu\/talalkozo-a-mount-greenfra-projekt-partnereivel\/#primaryimage"},"image":{"@id":"https:\/\/viacarpatia.eu\/hu\/talalkozo-a-mount-greenfra-projekt-partnereivel\/#primaryimage"},"thumbnailUrl":"https:\/\/viacarpatia.eu\/wp-content\/uploads\/2025\/06\/IMG_0836-1-scaled.jpg","datePublished":"2025-06-24T09:15:07+00:00","author":{"@id":"https:\/\/viacarpatia.eu\/#\/schema\/person\/277ebb22abd307244031b67cd127739f"},"breadcrumb":{"@id":"https:\/\/viacarpatia.eu\/hu\/talalkozo-a-mount-greenfra-projekt-partnereivel\/#breadcrumb"},"inLanguage":"hu","potentialAction":[{"@type":"ReadAction","target":["https:\/\/viacarpatia.eu\/hu\/talalkozo-a-mount-greenfra-projekt-partnereivel\/"]}]},{"@type":"ImageObject","inLanguage":"hu","@id":"https:\/\/viacarpatia.eu\/hu\/talalkozo-a-mount-greenfra-projekt-partnereivel\/#primaryimage","url":"https:\/\/viacarpatia.eu\/wp-content\/uploads\/2025\/06\/IMG_0836-1-scaled.jpg","contentUrl":"https:\/\/viacarpatia.eu\/wp-content\/uploads\/2025\/06\/IMG_0836-1-scaled.jpg","width":2560,"height":1920},{"@type":"BreadcrumbList","@id":"https:\/\/viacarpatia.eu\/hu\/talalkozo-a-mount-greenfra-projekt-partnereivel\/#breadcrumb","itemListElement":[{"@type":"ListItem","position":1,"name":"Home","item":"https:\/\/viacarpatia.eu\/"},{"@type":"ListItem","position":2,"name":"Tal\u00e1lkoz\u00f3 a MOUNT GREENFRA projekt partnereivel"}]},{"@type":"WebSite","@id":"https:\/\/viacarpatia.eu\/#website","url":"https:\/\/viacarpatia.eu\/","name":"ViaCarpatia","description":"Sp\u00e1jame historick\u00e9 a kult\u00farno-jazykov\u00e9 trad\u00edcie","alternateName":"ViaCarpatia","potentialAction":[{"@type":"SearchAction","target":{"@type":"EntryPoint","urlTemplate":"https:\/\/viacarpatia.eu\/?s={search_term_string}"},"query-input":{"@type":"PropertyValueSpecification","valueRequired":true,"valueName":"search_term_string"}}],"inLanguage":"hu"},{"@type":"Person","@id":"https:\/\/viacarpatia.eu\/#\/schema\/person\/277ebb22abd307244031b67cd127739f","name":"viacarpatia","image":{"@type":"ImageObject","inLanguage":"hu","@id":"https:\/\/secure.gravatar.com\/avatar\/bba74006701163acde19f8e575cb017e72fee5f1d026e5409c03c3812cd5ffd0?s=96&d=mm&r=g","url":"https:\/\/secure.gravatar.com\/avatar\/bba74006701163acde19f8e575cb017e72fee5f1d026e5409c03c3812cd5ffd0?s=96&d=mm&r=g","contentUrl":"https:\/\/secure.gravatar.com\/avatar\/bba74006701163acde19f8e575cb017e72fee5f1d026e5409c03c3812cd5ffd0?s=96&d=mm&r=g","caption":"viacarpatia"},"url":"https:\/\/viacarpatia.eu\/hu\/author\/viacarpatia\/"}]}},"_links":{"self":[{"href":"https:\/\/viacarpatia.eu\/hu\/wp-json\/wp\/v2\/posts\/9927","targetHints":{"allow":["GET"]}}],"collection":[{"href":"https:\/\/viacarpatia.eu\/hu\/wp-json\/wp\/v2\/posts"}],"about":[{"href":"https:\/\/viacarpatia.eu\/hu\/wp-json\/wp\/v2\/types\/post"}],"author":[{"embeddable":true,"href":"https:\/\/viacarpatia.eu\/hu\/wp-json\/wp\/v2\/users\/2"}],"replies":[{"embeddable":true,"href":"https:\/\/viacarpatia.eu\/hu\/wp-json\/wp\/v2\/comments?post=9927"}],"version-history":[{"count":1,"href":"https:\/\/viacarpatia.eu\/hu\/wp-json\/wp\/v2\/posts\/9927\/revisions"}],"predecessor-version":[{"id":9928,"href":"https:\/\/viacarpatia.eu\/hu\/wp-json\/wp\/v2\/posts\/9927\/revisions\/9928"}],"wp:featuredmedia":[{"embeddable":true,"href":"https:\/\/viacarpatia.eu\/hu\/wp-json\/wp\/v2\/media\/9921"}],"wp:attachment":[{"href":"https:\/\/viacarpatia.eu\/hu\/wp-json\/wp\/v2\/media?parent=9927"}],"wp:term":[{"taxonomy":"category","embeddable":true,"href":"https:\/\/viacarpatia.eu\/hu\/wp-json\/wp\/v2\/categories?post=9927"},{"taxonomy":"post_tag","embeddable":true,"href":"https:\/\/viacarpatia.eu\/hu\/wp-json\/wp\/v2\/tags?post=9927"}],"curies":[{"name":"wp","href":"https:\/\/api.w.org\/{rel}","templated":true}]}}